{"id":6787,"date":"2020-03-20T12:42:58","date_gmt":"2020-03-20T15:42:58","guid":{"rendered":"http:\/\/ondauno.com.ar\/?p=6787"},"modified":"2020-03-20T12:43:05","modified_gmt":"2020-03-20T15:43:05","slug":"cronograma-de-recoleccion-de-residuos-en-cuarentena","status":"publish","type":"post","link":"https:\/\/ondauno.com.ar\/index.php\/2020\/03\/20\/cronograma-de-recoleccion-de-residuos-en-cuarentena\/","title":{"rendered":"Cronograma de recolecci\u00f3n de residuos en Cuarentena"},"content":{"rendered":"<div class=\"ondau-before-content_3\" style=\"margin-top: -30px;\" id=\"ondau-968429406\"><a href=\"https:\/\/www.lps.com.ar\/\" aria-label=\"la-perse2\"><img loading=\"lazy\" decoding=\"async\" src=\"https:\/\/ondauno.com.ar\/wp-content\/uploads\/2021\/10\/la-perse2.jpg\" alt=\"\"  srcset=\"https:\/\/ondauno.com.ar\/wp-content\/uploads\/2021\/10\/la-perse2.jpg 1353w, https:\/\/ondauno.com.ar\/wp-content\/uploads\/2021\/10\/la-perse2-300x43.jpg 300w, https:\/\/ondauno.com.ar\/wp-content\/uploads\/2021\/10\/la-perse2-1024x148.jpg 1024w, https:\/\/ondauno.com.ar\/wp-content\/uploads\/2021\/10\/la-perse2-768x111.jpg 768w, https:\/\/ondauno.com.ar\/wp-content\/uploads\/2021\/10\/la-perse2-696x100.jpg 696w, https:\/\/ondauno.com.ar\/wp-content\/uploads\/2021\/10\/la-perse2-1068x154.jpg 1068w\" sizes=\"(max-width: 1353px) 100vw, 1353px\" class=\"no-lazyload\" width=\"1353\" height=\"195\"  style=\"display: inline-block;\" \/><\/a><\/div>\n<p>La Secretar\u00eda de Gesti\u00f3n Ambiental de la Municipalidad de Tres Arroyos informa a la poblaci\u00f3n que el servicio de recolecci\u00f3n de residuos domiciliarios en el Distrito en los d\u00edas venideros ser\u00e1 de la siguiente manera:<\/p>\n\n\n\n<p><br><strong>Tres Arroyos<\/strong><br><br><\/p>\n\n\n\n<p>El servicio de recolecci\u00f3n de residuos ser\u00e1 normal en d\u00edas y horarios estipulados hasta el momento.<\/p>\n\n\n\n<p><br><strong>San Francisco de Bellocq<\/strong>.<\/p>\n\n\n\n<p>Se mantendr\u00e1 el servicio de recolecci\u00f3n.&nbsp; El d\u00eda Lunes 23 el servicio ser\u00e1 en horario de tarde.<\/p>\n\n\n\n<p><br><strong>Orense y Balneario Orense<\/strong>.<\/p>\n\n\n\n<p>Servicio de&nbsp; recolecci\u00f3n ser\u00e1&nbsp; normal. El d\u00eda Lunes 23 el servicio se efectuara en horario de tarde.<\/p>\n\n\n\n<p><br><strong>Claromec\u00f3<\/strong><\/p>\n\n\n\n<p>El servicio de &nbsp;recolecci\u00f3n de residuos domiciliarios ser\u00e1 normal. El d\u00eda lunes 23 el servicio se realizara en horario de ma\u00f1ana.<\/p>\n\n\n\n<p><br><strong>Micaela Cascallares<\/strong>,&nbsp;<strong>&nbsp;Copetonas y &nbsp;Reta<\/strong><br><br>No se efect\u00faa recolecci\u00f3n el d\u00eda lunes 23, el servicio se restablecer\u00e1 el d\u00eda mi\u00e9rcoles 25.<\/p>\n","protected":false},"excerpt":{"rendered":"<p>La Secretar\u00eda de Gesti\u00f3n Ambiental de la Municipalidad de Tres Arroyos informa a la poblaci\u00f3n que el servicio de recolecci\u00f3n de residuos domiciliarios en el Distrito en los d\u00edas venideros ser\u00e1 de la siguiente manera: Tres Arroyos El servicio de recolecci\u00f3n de residuos ser\u00e1 normal en d\u00edas y horarios estipulados hasta el momento. San Francisco [&hellip;]<\/p>\n","protected":false},"author":2,"featured_media":0,"comment_status":"open","ping_status":"open","sticky":false,"template":"","format":"standard","meta":{"tdm_status":"","tdm_grid_status":"","_jetpack_memberships_contains_paid_content":false,"footnotes":"","jetpack_publicize_message":"","jetpack_publicize_feature_enabled":true,"jetpack_social_post_already_shared":false,"jetpack_social_options":{"image_generator_settings":{"template":"highway","default_image_id":0,"font":"","enabled":false},"version":2}},"categories":[2],"tags":[],"class_list":{"0":"post-6787","1":"post","2":"type-post","3":"status-publish","4":"format-standard","6":"category-locales"},"yoast_head":"<!-- This site is optimized with the Yoast SEO plugin v22.7 - https:\/\/yoast.com\/wordpress\/plugins\/seo\/ -->\n<title>Cronograma de recolecci\u00f3n de residuos en Cuarentena - 103.9 fm<\/title>\n<meta name=\"robots\" content=\"index, follow, max-snippet:-1, max-image-preview:large, max-video-preview:-1\" \/>\n<link rel=\"canonical\" href=\"https:\/\/ondauno.com.ar\/index.php\/2020\/03\/20\/cronograma-de-recoleccion-de-residuos-en-cuarentena\/\" \/>\n<meta property=\"og:locale\" content=\"es_ES\" \/>\n<meta property=\"og:type\" content=\"article\" \/>\n<meta property=\"og:title\" content=\"Cronograma de recolecci\u00f3n de residuos en Cuarentena - 103.9 fm\" \/>\n<meta property=\"og:description\" content=\"La Secretar\u00eda de Gesti\u00f3n Ambiental de la Municipalidad de Tres Arroyos informa a la poblaci\u00f3n que el servicio de recolecci\u00f3n de residuos domiciliarios en el Distrito en los d\u00edas venideros ser\u00e1 de la siguiente manera: Tres Arroyos El servicio de recolecci\u00f3n de residuos ser\u00e1 normal en d\u00edas y horarios estipulados hasta el momento. San Francisco [&hellip;]\" \/>\n<meta property=\"og:url\" content=\"https:\/\/ondauno.com.ar\/index.php\/2020\/03\/20\/cronograma-de-recoleccion-de-residuos-en-cuarentena\/\" \/>\n<meta property=\"og:site_name\" content=\"103.9 fm\" \/>\n<meta property=\"article:publisher\" content=\"https:\/\/www.facebook.com\/ondauno103.9\" \/>\n<meta property=\"article:published_time\" content=\"2020-03-20T15:42:58+00:00\" \/>\n<meta property=\"article:modified_time\" content=\"2020-03-20T15:43:05+00:00\" \/>\n<meta property=\"og:image\" content=\"https:\/\/ondauno.com.ar\/wp-content\/uploads\/2020\/03\/Recoleccion-de-residuos-1.jpg\" \/>\n\t<meta property=\"og:image:width\" content=\"800\" \/>\n\t<meta property=\"og:image:height\" content=\"534\" \/>\n\t<meta property=\"og:image:type\" content=\"image\/jpeg\" \/>\n<meta name=\"author\" content=\"fernando garcia\" \/>\n<meta name=\"twitter:card\" content=\"summary_large_image\" \/>\n<meta name=\"twitter:label1\" content=\"Escrito por\" \/>\n\t<meta name=\"twitter:data1\" content=\"fernando garcia\" \/>\n\t<meta name=\"twitter:label2\" content=\"Tiempo de lectura\" \/>\n\t<meta name=\"twitter:data2\" content=\"1 minuto\" \/>\n<script type=\"application\/ld+json\" class=\"yoast-schema-graph\">{\"@context\":\"https:\/\/schema.org\",\"@graph\":[{\"@type\":\"WebPage\",\"@id\":\"https:\/\/ondauno.com.ar\/index.php\/2020\/03\/20\/cronograma-de-recoleccion-de-residuos-en-cuarentena\/\",\"url\":\"https:\/\/ondauno.com.ar\/index.php\/2020\/03\/20\/cronograma-de-recoleccion-de-residuos-en-cuarentena\/\",\"name\":\"Cronograma de recolecci\u00f3n de residuos en Cuarentena - 103.9 fm\",\"isPartOf\":{\"@id\":\"https:\/\/ondauno.com.ar\/#website\"},\"datePublished\":\"2020-03-20T15:42:58+00:00\",\"dateModified\":\"2020-03-20T15:43:05+00:00\",\"author\":{\"@id\":\"https:\/\/ondauno.com.ar\/#\/schema\/person\/201d1b68e6c75e0fd396fe5f8af5d139\"},\"breadcrumb\":{\"@id\":\"https:\/\/ondauno.com.ar\/index.php\/2020\/03\/20\/cronograma-de-recoleccion-de-residuos-en-cuarentena\/#breadcrumb\"},\"inLanguage\":\"es-AR\",\"potentialAction\":[{\"@type\":\"ReadAction\",\"target\":[\"https:\/\/ondauno.com.ar\/index.php\/2020\/03\/20\/cronograma-de-recoleccion-de-residuos-en-cuarentena\/\"]}]},{\"@type\":\"BreadcrumbList\",\"@id\":\"https:\/\/ondauno.com.ar\/index.php\/2020\/03\/20\/cronograma-de-recoleccion-de-residuos-en-cuarentena\/#breadcrumb\",\"itemListElement\":[{\"@type\":\"ListItem\",\"position\":1,\"name\":\"Inicio\",\"item\":\"https:\/\/ondauno.com.ar\/\"},{\"@type\":\"ListItem\",\"position\":2,\"name\":\"Cronograma de recolecci\u00f3n de residuos en Cuarentena\"}]},{\"@type\":\"WebSite\",\"@id\":\"https:\/\/ondauno.com.ar\/#website\",\"url\":\"https:\/\/ondauno.com.ar\/\",\"name\":\"103.9 fm\",\"description\":\"LA PRIMERA RADIO MULTIMEDIA DE TRES ARROYOS\",\"potentialAction\":[{\"@type\":\"SearchAction\",\"target\":{\"@type\":\"EntryPoint\",\"urlTemplate\":\"https:\/\/ondauno.com.ar\/?s={search_term_string}\"},\"query-input\":\"required name=search_term_string\"}],\"inLanguage\":\"es-AR\"},{\"@type\":\"Person\",\"@id\":\"https:\/\/ondauno.com.ar\/#\/schema\/person\/201d1b68e6c75e0fd396fe5f8af5d139\",\"name\":\"fernando garcia\",\"image\":{\"@type\":\"ImageObject\",\"inLanguage\":\"es-AR\",\"@id\":\"https:\/\/ondauno.com.ar\/#\/schema\/person\/image\/\",\"url\":\"https:\/\/secure.gravatar.com\/avatar\/5f7254642ad81272e79a2e69653cfdfc?s=96&d=mm&r=g\",\"contentUrl\":\"https:\/\/secure.gravatar.com\/avatar\/5f7254642ad81272e79a2e69653cfdfc?s=96&d=mm&r=g\",\"caption\":\"fernando garcia\"},\"url\":\"https:\/\/ondauno.com.ar\/index.php\/author\/ondaunoeditor\/\"}]}<\/script>\n<!-- \/ Yoast SEO plugin. -->","yoast_head_json":{"title":"Cronograma de recolecci\u00f3n de residuos en Cuarentena - 103.9 fm","robots":{"index":"index","follow":"follow","max-snippet":"max-snippet:-1","max-image-preview":"max-image-preview:large","max-video-preview":"max-video-preview:-1"},"canonical":"https:\/\/ondauno.com.ar\/index.php\/2020\/03\/20\/cronograma-de-recoleccion-de-residuos-en-cuarentena\/","og_locale":"es_ES","og_type":"article","og_title":"Cronograma de recolecci\u00f3n de residuos en Cuarentena - 103.9 fm","og_description":"La Secretar\u00eda de Gesti\u00f3n Ambiental de la Municipalidad de Tres Arroyos informa a la poblaci\u00f3n que el servicio de recolecci\u00f3n de residuos domiciliarios en el Distrito en los d\u00edas venideros ser\u00e1 de la siguiente manera: Tres Arroyos El servicio de recolecci\u00f3n de residuos ser\u00e1 normal en d\u00edas y horarios estipulados hasta el momento. San Francisco [&hellip;]","og_url":"https:\/\/ondauno.com.ar\/index.php\/2020\/03\/20\/cronograma-de-recoleccion-de-residuos-en-cuarentena\/","og_site_name":"103.9 fm","article_publisher":"https:\/\/www.facebook.com\/ondauno103.9","article_published_time":"2020-03-20T15:42:58+00:00","article_modified_time":"2020-03-20T15:43:05+00:00","og_image":[{"width":800,"height":534,"url":"https:\/\/ondauno.com.ar\/wp-content\/uploads\/2020\/03\/Recoleccion-de-residuos-1.jpg","type":"image\/jpeg"}],"author":"fernando garcia","twitter_card":"summary_large_image","twitter_misc":{"Escrito por":"fernando garcia","Tiempo de lectura":"1 minuto"},"schema":{"@context":"https:\/\/schema.org","@graph":[{"@type":"WebPage","@id":"https:\/\/ondauno.com.ar\/index.php\/2020\/03\/20\/cronograma-de-recoleccion-de-residuos-en-cuarentena\/","url":"https:\/\/ondauno.com.ar\/index.php\/2020\/03\/20\/cronograma-de-recoleccion-de-residuos-en-cuarentena\/","name":"Cronograma de recolecci\u00f3n de residuos en Cuarentena - 103.9 fm","isPartOf":{"@id":"https:\/\/ondauno.com.ar\/#website"},"datePublished":"2020-03-20T15:42:58+00:00","dateModified":"2020-03-20T15:43:05+00:00","author":{"@id":"https:\/\/ondauno.com.ar\/#\/schema\/person\/201d1b68e6c75e0fd396fe5f8af5d139"},"breadcrumb":{"@id":"https:\/\/ondauno.com.ar\/index.php\/2020\/03\/20\/cronograma-de-recoleccion-de-residuos-en-cuarentena\/#breadcrumb"},"inLanguage":"es-AR","potentialAction":[{"@type":"ReadAction","target":["https:\/\/ondauno.com.ar\/index.php\/2020\/03\/20\/cronograma-de-recoleccion-de-residuos-en-cuarentena\/"]}]},{"@type":"BreadcrumbList","@id":"https:\/\/ondauno.com.ar\/index.php\/2020\/03\/20\/cronograma-de-recoleccion-de-residuos-en-cuarentena\/#breadcrumb","itemListElement":[{"@type":"ListItem","position":1,"name":"Inicio","item":"https:\/\/ondauno.com.ar\/"},{"@type":"ListItem","position":2,"name":"Cronograma de recolecci\u00f3n de residuos en Cuarentena"}]},{"@type":"WebSite","@id":"https:\/\/ondauno.com.ar\/#website","url":"https:\/\/ondauno.com.ar\/","name":"103.9 fm","description":"LA PRIMERA RADIO MULTIMEDIA DE TRES ARROYOS","potentialAction":[{"@type":"SearchAction","target":{"@type":"EntryPoint","urlTemplate":"https:\/\/ondauno.com.ar\/?s={search_term_string}"},"query-input":"required name=search_term_string"}],"inLanguage":"es-AR"},{"@type":"Person","@id":"https:\/\/ondauno.com.ar\/#\/schema\/person\/201d1b68e6c75e0fd396fe5f8af5d139","name":"fernando garcia","image":{"@type":"ImageObject","inLanguage":"es-AR","@id":"https:\/\/ondauno.com.ar\/#\/schema\/person\/image\/","url":"https:\/\/secure.gravatar.com\/avatar\/5f7254642ad81272e79a2e69653cfdfc?s=96&d=mm&r=g","contentUrl":"https:\/\/secure.gravatar.com\/avatar\/5f7254642ad81272e79a2e69653cfdfc?s=96&d=mm&r=g","caption":"fernando garcia"},"url":"https:\/\/ondauno.com.ar\/index.php\/author\/ondaunoeditor\/"}]}},"jetpack_publicize_connections":[],"jetpack_featured_media_url":"","jetpack_sharing_enabled":true,"_links":{"self":[{"href":"https:\/\/ondauno.com.ar\/index.php\/wp-json\/wp\/v2\/posts\/6787","targetHints":{"allow":["GET"]}}],"collection":[{"href":"https:\/\/ondauno.com.ar\/index.php\/wp-json\/wp\/v2\/posts"}],"about":[{"href":"https:\/\/ondauno.com.ar\/index.php\/wp-json\/wp\/v2\/types\/post"}],"author":[{"embeddable":true,"href":"https:\/\/ondauno.com.ar\/index.php\/wp-json\/wp\/v2\/users\/2"}],"replies":[{"embeddable":true,"href":"https:\/\/ondauno.com.ar\/index.php\/wp-json\/wp\/v2\/comments?post=6787"}],"version-history":[{"count":0,"href":"https:\/\/ondauno.com.ar\/index.php\/wp-json\/wp\/v2\/posts\/6787\/revisions"}],"wp:attachment":[{"href":"https:\/\/ondauno.com.ar\/index.php\/wp-json\/wp\/v2\/media?parent=6787"}],"wp:term":[{"taxonomy":"category","embeddable":true,"href":"https:\/\/ondauno.com.ar\/index.php\/wp-json\/wp\/v2\/categories?post=6787"},{"taxonomy":"post_tag","embeddable":true,"href":"https:\/\/ondauno.com.ar\/index.php\/wp-json\/wp\/v2\/tags?post=6787"}],"curies":[{"name":"wp","href":"https:\/\/api.w.org\/{rel}","templated":true}]}}