{"id":66695,"date":"2026-09-05T20:12:30","date_gmt":"2026-09-05T23:12:30","guid":{"rendered":"https:\/\/ondauno.com.ar\/?p=66695"},"modified":"2026-09-05T20:12:35","modified_gmt":"2026-09-05T23:12:35","slug":"schena-explico-por-que-la-oposicion-no-acompano-el-proyecto-de-viviendas-para-policias","status":"publish","type":"post","link":"https:\/\/ondauno.com.ar\/index.php\/2026\/09\/05\/schena-explico-por-que-la-oposicion-no-acompano-el-proyecto-de-viviendas-para-policias\/","title":{"rendered":"Schena explic\u00f3 por qu\u00e9 la oposici\u00f3n no acompa\u00f1\u00f3 el proyecto de viviendas para polic\u00edas"},"content":{"rendered":"<div class=\"ondau-before-content_3\" style=\"margin-top: -30px;\" id=\"ondau-432446822\"><a href=\"https:\/\/www.lps.com.ar\/\" aria-label=\"la-perse2\"><img loading=\"lazy\" decoding=\"async\" src=\"https:\/\/ondauno.com.ar\/wp-content\/uploads\/2021\/10\/la-perse2.jpg\" alt=\"\"  srcset=\"https:\/\/ondauno.com.ar\/wp-content\/uploads\/2021\/10\/la-perse2.jpg 1353w, https:\/\/ondauno.com.ar\/wp-content\/uploads\/2021\/10\/la-perse2-300x43.jpg 300w, https:\/\/ondauno.com.ar\/wp-content\/uploads\/2021\/10\/la-perse2-1024x148.jpg 1024w, https:\/\/ondauno.com.ar\/wp-content\/uploads\/2021\/10\/la-perse2-768x111.jpg 768w, https:\/\/ondauno.com.ar\/wp-content\/uploads\/2021\/10\/la-perse2-696x100.jpg 696w, https:\/\/ondauno.com.ar\/wp-content\/uploads\/2021\/10\/la-perse2-1068x154.jpg 1068w\" sizes=\"(max-width: 1353px) 100vw, 1353px\" class=\"no-lazyload\" width=\"1353\" height=\"195\"  style=\"display: inline-block;\" \/><\/a><\/div>\n<p class=\"wp-block-paragraph\">El concejal de La Libertad Avanza, Ignacio Schena, explic\u00f3 en Cosas que pasan por qu\u00e9 los bloques opositores no acompa\u00f1aron el tratamiento sobre tablas del convenio para construir 10 viviendas destinadas a polic\u00edas de Tres Arroyos.<\/p>\n\n\n\n<p class=\"wp-block-paragraph\">Schena cuestion\u00f3 el comunicado difundido por el intendente Pablo Garate y asegur\u00f3 que la oposici\u00f3n no busc\u00f3 frenar el proyecto, sino corregir una cl\u00e1usula del convenio que, seg\u00fan explic\u00f3, obligaba al Municipio a entregar las viviendas con todos los servicios.<\/p>\n\n\n\n<p class=\"wp-block-paragraph\">\u201cLo \u00fanico que quer\u00edamos era cuidar al propio Ejecutivo y cuidar el erario p\u00fablico de todos los tresarroyenses.\u201d<\/p>\n\n\n\n<p class=\"wp-block-paragraph\">El concejal se\u00f1al\u00f3 que, por ejemplo, la red cloacal no llega actualmente al sector donde se construir\u00edan las viviendas. Por eso propusieron realizar una adenda para establecer que las casas sean entregadas preparadas para conectarse a los servicios cuando estos est\u00e9n disponibles.<\/p>\n\n\n\n<p class=\"wp-block-paragraph\">\u201cEst\u00e1bamos obligando a la Municipalidad a cumplir con algo que no pod\u00eda cumplir.\u201d<\/p>\n\n\n\n<p class=\"wp-block-paragraph\">Schena aclar\u00f3 que el proyecto continuar\u00e1 siendo tratado en comisi\u00f3n y que la oposici\u00f3n est\u00e1 dispuesta a aprobarlo una vez realizadas las correcciones.<\/p>\n\n\n\n<p class=\"wp-block-paragraph\">Durante la entrevista tambi\u00e9n respald\u00f3 el anuncio del Presidente Javier Milei sobre Malvinas y consider\u00f3 que la soberan\u00eda argentina sobre las islas debe ser una causa que una a todo el arco pol\u00edtico.<\/p>\n\n\n\n<p class=\"wp-block-paragraph\">Pod\u00e9s escuchar la nota completa en el siguiente link:<\/p>\n\n\n\n<figure class=\"wp-block-embed is-type-video is-provider-youtube wp-block-embed-youtube wp-embed-aspect-16-9 wp-has-aspect-ratio\"><div class=\"wp-block-embed__wrapper\">\n<div class=\"youtube-embed\" data-video_id=\"qdSMp9bpkjw\"><iframe loading=\"lazy\" title=\"Onda Uno 103.9 en vivo\" width=\"696\" height=\"392\" data-src=\"https:\/\/www.youtube.com\/embed\/qdSMp9bpkjw?start=4&amp;feature=oembed\" frameborder=\"0\" allow=\"accelerometer; autoplay; clipboard-write; encrypted-media; gyroscope; picture-in-picture; web-share\" referrerpolicy=\"strict-origin-when-cross-origin\" allowfullscreen src=\"data:image\/gif;base64,R0lGODlhAQABAAAAACH5BAEKAAEALAAAAAABAAEAAAICTAEAOw==\" class=\"lazyload\" data-load-mode=\"1\"><\/iframe><\/div>\n<\/div><\/figure>\n","protected":false},"excerpt":{"rendered":"<p>El concejal de La Libertad Avanza, Ignacio Schena, explic\u00f3 en Cosas que pasan por qu\u00e9 los bloques opositores no acompa\u00f1aron el tratamiento sobre tablas del convenio para construir 10 viviendas destinadas a polic\u00edas de Tres Arroyos. Schena cuestion\u00f3 el comunicado difundido por el intendente Pablo Garate y asegur\u00f3 que la oposici\u00f3n no busc\u00f3 frenar el [&hellip;]<\/p>\n","protected":false},"author":1,"featured_media":66696,"comment_status":"open","ping_status":"open","sticky":false,"template":"","format":"standard","meta":{"tdm_status":"","tdm_grid_status":"","_jetpack_memberships_contains_paid_content":false,"footnotes":"","jetpack_publicize_message":"","jetpack_publicize_feature_enabled":true,"jetpack_social_post_already_shared":true,"jetpack_social_options":{"image_generator_settings":{"template":"highway","default_image_id":0,"font":"","enabled":false},"version":2}},"categories":[2],"tags":[],"class_list":["post-66695","post","type-post","status-publish","format-standard","has-post-thumbnail","category-locales"],"yoast_head":"<!-- This site is optimized with the Yoast SEO plugin v22.7 - https:\/\/yoast.com\/wordpress\/plugins\/seo\/ -->\n<title>Schena explic\u00f3 por qu\u00e9 la oposici\u00f3n no acompa\u00f1\u00f3 el proyecto de viviendas para polic\u00edas - 103.9 fm<\/title>\n<meta name=\"robots\" content=\"index, follow, max-snippet:-1, max-image-preview:large, max-video-preview:-1\" \/>\n<link rel=\"canonical\" href=\"https:\/\/ondauno.com.ar\/index.php\/2026\/09\/05\/schena-explico-por-que-la-oposicion-no-acompano-el-proyecto-de-viviendas-para-policias\/\" \/>\n<meta property=\"og:locale\" content=\"es_ES\" \/>\n<meta property=\"og:type\" content=\"article\" \/>\n<meta property=\"og:title\" content=\"Schena explic\u00f3 por qu\u00e9 la oposici\u00f3n no acompa\u00f1\u00f3 el proyecto de viviendas para polic\u00edas - 103.9 fm\" \/>\n<meta property=\"og:description\" content=\"El concejal de La Libertad Avanza, Ignacio Schena, explic\u00f3 en Cosas que pasan por qu\u00e9 los bloques opositores no acompa\u00f1aron el tratamiento sobre tablas del convenio para construir 10 viviendas destinadas a polic\u00edas de Tres Arroyos. Schena cuestion\u00f3 el comunicado difundido por el intendente Pablo Garate y asegur\u00f3 que la oposici\u00f3n no busc\u00f3 frenar el [&hellip;]\" \/>\n<meta property=\"og:url\" content=\"https:\/\/ondauno.com.ar\/index.php\/2026\/09\/05\/schena-explico-por-que-la-oposicion-no-acompano-el-proyecto-de-viviendas-para-policias\/\" \/>\n<meta property=\"og:site_name\" content=\"103.9 fm\" \/>\n<meta property=\"article:publisher\" content=\"https:\/\/www.facebook.com\/ondauno103.9\" \/>\n<meta property=\"article:published_time\" content=\"2026-09-05T23:12:30+00:00\" \/>\n<meta property=\"article:modified_time\" content=\"2026-09-05T23:12:35+00:00\" \/>\n<meta property=\"og:image\" content=\"http:\/\/ondauno.com.ar\/wp-content\/uploads\/2026\/09\/WhatsApp-Image-2026-09-05-at-19.36.17.jpeg\" \/>\n\t<meta property=\"og:image:width\" content=\"1500\" \/>\n\t<meta property=\"og:image:height\" content=\"1125\" \/>\n\t<meta property=\"og:image:type\" content=\"image\/jpeg\" \/>\n<meta name=\"author\" content=\"OndaUno\" \/>\n<meta name=\"twitter:card\" content=\"summary_large_image\" \/>\n<meta name=\"twitter:label1\" content=\"Escrito por\" \/>\n\t<meta name=\"twitter:data1\" content=\"OndaUno\" \/>\n\t<meta name=\"twitter:label2\" content=\"Tiempo de lectura\" \/>\n\t<meta name=\"twitter:data2\" content=\"2 minutos\" \/>\n<script type=\"application\/ld+json\" class=\"yoast-schema-graph\">{\"@context\":\"https:\/\/schema.org\",\"@graph\":[{\"@type\":\"WebPage\",\"@id\":\"https:\/\/ondauno.com.ar\/index.php\/2026\/09\/05\/schena-explico-por-que-la-oposicion-no-acompano-el-proyecto-de-viviendas-para-policias\/\",\"url\":\"https:\/\/ondauno.com.ar\/index.php\/2026\/09\/05\/schena-explico-por-que-la-oposicion-no-acompano-el-proyecto-de-viviendas-para-policias\/\",\"name\":\"Schena explic\u00f3 por qu\u00e9 la oposici\u00f3n no acompa\u00f1\u00f3 el proyecto de viviendas para polic\u00edas - 103.9 fm\",\"isPartOf\":{\"@id\":\"https:\/\/ondauno.com.ar\/#website\"},\"primaryImageOfPage\":{\"@id\":\"https:\/\/ondauno.com.ar\/index.php\/2026\/09\/05\/schena-explico-por-que-la-oposicion-no-acompano-el-proyecto-de-viviendas-para-policias\/#primaryimage\"},\"image\":{\"@id\":\"https:\/\/ondauno.com.ar\/index.php\/2026\/09\/05\/schena-explico-por-que-la-oposicion-no-acompano-el-proyecto-de-viviendas-para-policias\/#primaryimage\"},\"thumbnailUrl\":\"https:\/\/ondauno.com.ar\/wp-content\/uploads\/2026\/09\/WhatsApp-Image-2026-09-05-at-19.36.17.jpeg\",\"datePublished\":\"2026-09-05T23:12:30+00:00\",\"dateModified\":\"2026-09-05T23:12:35+00:00\",\"author\":{\"@id\":\"https:\/\/ondauno.com.ar\/#\/schema\/person\/7ec851ddeceb4133d7d7132dc645714e\"},\"breadcrumb\":{\"@id\":\"https:\/\/ondauno.com.ar\/index.php\/2026\/09\/05\/schena-explico-por-que-la-oposicion-no-acompano-el-proyecto-de-viviendas-para-policias\/#breadcrumb\"},\"inLanguage\":\"es-AR\",\"potentialAction\":[{\"@type\":\"ReadAction\",\"target\":[\"https:\/\/ondauno.com.ar\/index.php\/2026\/09\/05\/schena-explico-por-que-la-oposicion-no-acompano-el-proyecto-de-viviendas-para-policias\/\"]}]},{\"@type\":\"ImageObject\",\"inLanguage\":\"es-AR\",\"@id\":\"https:\/\/ondauno.com.ar\/index.php\/2026\/09\/05\/schena-explico-por-que-la-oposicion-no-acompano-el-proyecto-de-viviendas-para-policias\/#primaryimage\",\"url\":\"https:\/\/ondauno.com.ar\/wp-content\/uploads\/2026\/09\/WhatsApp-Image-2026-09-05-at-19.36.17.jpeg\",\"contentUrl\":\"https:\/\/ondauno.com.ar\/wp-content\/uploads\/2026\/09\/WhatsApp-Image-2026-09-05-at-19.36.17.jpeg\",\"width\":1500,\"height\":1125},{\"@type\":\"BreadcrumbList\",\"@id\":\"https:\/\/ondauno.com.ar\/index.php\/2026\/09\/05\/schena-explico-por-que-la-oposicion-no-acompano-el-proyecto-de-viviendas-para-policias\/#breadcrumb\",\"itemListElement\":[{\"@type\":\"ListItem\",\"position\":1,\"name\":\"Inicio\",\"item\":\"https:\/\/ondauno.com.ar\/\"},{\"@type\":\"ListItem\",\"position\":2,\"name\":\"Schena explic\u00f3 por qu\u00e9 la oposici\u00f3n no acompa\u00f1\u00f3 el proyecto de viviendas para polic\u00edas\"}]},{\"@type\":\"WebSite\",\"@id\":\"https:\/\/ondauno.com.ar\/#website\",\"url\":\"https:\/\/ondauno.com.ar\/\",\"name\":\"103.9 fm\",\"description\":\"LA PRIMERA RADIO MULTIMEDIA DE TRES ARROYOS\",\"potentialAction\":[{\"@type\":\"SearchAction\",\"target\":{\"@type\":\"EntryPoint\",\"urlTemplate\":\"https:\/\/ondauno.com.ar\/?s={search_term_string}\"},\"query-input\":\"required name=search_term_string\"}],\"inLanguage\":\"es-AR\"},{\"@type\":\"Person\",\"@id\":\"https:\/\/ondauno.com.ar\/#\/schema\/person\/7ec851ddeceb4133d7d7132dc645714e\",\"name\":\"OndaUno\",\"image\":{\"@type\":\"ImageObject\",\"inLanguage\":\"es-AR\",\"@id\":\"https:\/\/ondauno.com.ar\/#\/schema\/person\/image\/\",\"url\":\"https:\/\/secure.gravatar.com\/avatar\/ce07852b706fdc4c52eafcd1d057deb8d1afd64f0ae3f98db05c3620a77d42aa?s=96&d=mm&r=g\",\"contentUrl\":\"https:\/\/secure.gravatar.com\/avatar\/ce07852b706fdc4c52eafcd1d057deb8d1afd64f0ae3f98db05c3620a77d42aa?s=96&d=mm&r=g\",\"caption\":\"OndaUno\"},\"url\":\"https:\/\/ondauno.com.ar\/index.php\/author\/ondauno\/\"}]}<\/script>\n<!-- \/ Yoast SEO plugin. -->","yoast_head_json":{"title":"Schena explic\u00f3 por qu\u00e9 la oposici\u00f3n no acompa\u00f1\u00f3 el proyecto de viviendas para polic\u00edas - 103.9 fm","robots":{"index":"index","follow":"follow","max-snippet":"max-snippet:-1","max-image-preview":"max-image-preview:large","max-video-preview":"max-video-preview:-1"},"canonical":"https:\/\/ondauno.com.ar\/index.php\/2026\/09\/05\/schena-explico-por-que-la-oposicion-no-acompano-el-proyecto-de-viviendas-para-policias\/","og_locale":"es_ES","og_type":"article","og_title":"Schena explic\u00f3 por qu\u00e9 la oposici\u00f3n no acompa\u00f1\u00f3 el proyecto de viviendas para polic\u00edas - 103.9 fm","og_description":"El concejal de La Libertad Avanza, Ignacio Schena, explic\u00f3 en Cosas que pasan por qu\u00e9 los bloques opositores no acompa\u00f1aron el tratamiento sobre tablas del convenio para construir 10 viviendas destinadas a polic\u00edas de Tres Arroyos. Schena cuestion\u00f3 el comunicado difundido por el intendente Pablo Garate y asegur\u00f3 que la oposici\u00f3n no busc\u00f3 frenar el [&hellip;]","og_url":"https:\/\/ondauno.com.ar\/index.php\/2026\/09\/05\/schena-explico-por-que-la-oposicion-no-acompano-el-proyecto-de-viviendas-para-policias\/","og_site_name":"103.9 fm","article_publisher":"https:\/\/www.facebook.com\/ondauno103.9","article_published_time":"2026-09-05T23:12:30+00:00","article_modified_time":"2026-09-05T23:12:35+00:00","og_image":[{"width":1500,"height":1125,"url":"http:\/\/ondauno.com.ar\/wp-content\/uploads\/2026\/09\/WhatsApp-Image-2026-09-05-at-19.36.17.jpeg","type":"image\/jpeg"}],"author":"OndaUno","twitter_card":"summary_large_image","twitter_misc":{"Escrito por":"OndaUno","Tiempo de lectura":"2 minutos"},"schema":{"@context":"https:\/\/schema.org","@graph":[{"@type":"WebPage","@id":"https:\/\/ondauno.com.ar\/index.php\/2026\/09\/05\/schena-explico-por-que-la-oposicion-no-acompano-el-proyecto-de-viviendas-para-policias\/","url":"https:\/\/ondauno.com.ar\/index.php\/2026\/09\/05\/schena-explico-por-que-la-oposicion-no-acompano-el-proyecto-de-viviendas-para-policias\/","name":"Schena explic\u00f3 por qu\u00e9 la oposici\u00f3n no acompa\u00f1\u00f3 el proyecto de viviendas para polic\u00edas - 103.9 fm","isPartOf":{"@id":"https:\/\/ondauno.com.ar\/#website"},"primaryImageOfPage":{"@id":"https:\/\/ondauno.com.ar\/index.php\/2026\/09\/05\/schena-explico-por-que-la-oposicion-no-acompano-el-proyecto-de-viviendas-para-policias\/#primaryimage"},"image":{"@id":"https:\/\/ondauno.com.ar\/index.php\/2026\/09\/05\/schena-explico-por-que-la-oposicion-no-acompano-el-proyecto-de-viviendas-para-policias\/#primaryimage"},"thumbnailUrl":"https:\/\/ondauno.com.ar\/wp-content\/uploads\/2026\/09\/WhatsApp-Image-2026-09-05-at-19.36.17.jpeg","datePublished":"2026-09-05T23:12:30+00:00","dateModified":"2026-09-05T23:12:35+00:00","author":{"@id":"https:\/\/ondauno.com.ar\/#\/schema\/person\/7ec851ddeceb4133d7d7132dc645714e"},"breadcrumb":{"@id":"https:\/\/ondauno.com.ar\/index.php\/2026\/09\/05\/schena-explico-por-que-la-oposicion-no-acompano-el-proyecto-de-viviendas-para-policias\/#breadcrumb"},"inLanguage":"es-AR","potentialAction":[{"@type":"ReadAction","target":["https:\/\/ondauno.com.ar\/index.php\/2026\/09\/05\/schena-explico-por-que-la-oposicion-no-acompano-el-proyecto-de-viviendas-para-policias\/"]}]},{"@type":"ImageObject","inLanguage":"es-AR","@id":"https:\/\/ondauno.com.ar\/index.php\/2026\/09\/05\/schena-explico-por-que-la-oposicion-no-acompano-el-proyecto-de-viviendas-para-policias\/#primaryimage","url":"https:\/\/ondauno.com.ar\/wp-content\/uploads\/2026\/09\/WhatsApp-Image-2026-09-05-at-19.36.17.jpeg","contentUrl":"https:\/\/ondauno.com.ar\/wp-content\/uploads\/2026\/09\/WhatsApp-Image-2026-09-05-at-19.36.17.jpeg","width":1500,"height":1125},{"@type":"BreadcrumbList","@id":"https:\/\/ondauno.com.ar\/index.php\/2026\/09\/05\/schena-explico-por-que-la-oposicion-no-acompano-el-proyecto-de-viviendas-para-policias\/#breadcrumb","itemListElement":[{"@type":"ListItem","position":1,"name":"Inicio","item":"https:\/\/ondauno.com.ar\/"},{"@type":"ListItem","position":2,"name":"Schena explic\u00f3 por qu\u00e9 la oposici\u00f3n no acompa\u00f1\u00f3 el proyecto de viviendas para polic\u00edas"}]},{"@type":"WebSite","@id":"https:\/\/ondauno.com.ar\/#website","url":"https:\/\/ondauno.com.ar\/","name":"103.9 fm","description":"LA PRIMERA RADIO MULTIMEDIA DE TRES ARROYOS","potentialAction":[{"@type":"SearchAction","target":{"@type":"EntryPoint","urlTemplate":"https:\/\/ondauno.com.ar\/?s={search_term_string}"},"query-input":"required name=search_term_string"}],"inLanguage":"es-AR"},{"@type":"Person","@id":"https:\/\/ondauno.com.ar\/#\/schema\/person\/7ec851ddeceb4133d7d7132dc645714e","name":"OndaUno","image":{"@type":"ImageObject","inLanguage":"es-AR","@id":"https:\/\/ondauno.com.ar\/#\/schema\/person\/image\/","url":"https:\/\/secure.gravatar.com\/avatar\/ce07852b706fdc4c52eafcd1d057deb8d1afd64f0ae3f98db05c3620a77d42aa?s=96&d=mm&r=g","contentUrl":"https:\/\/secure.gravatar.com\/avatar\/ce07852b706fdc4c52eafcd1d057deb8d1afd64f0ae3f98db05c3620a77d42aa?s=96&d=mm&r=g","caption":"OndaUno"},"url":"https:\/\/ondauno.com.ar\/index.php\/author\/ondauno\/"}]}},"jetpack_publicize_connections":[],"jetpack_featured_media_url":"https:\/\/ondauno.com.ar\/wp-content\/uploads\/2026\/09\/WhatsApp-Image-2026-09-05-at-19.36.17.jpeg","jetpack_sharing_enabled":true,"_links":{"self":[{"href":"https:\/\/ondauno.com.ar\/index.php\/wp-json\/wp\/v2\/posts\/66695","targetHints":{"allow":["GET"]}}],"collection":[{"href":"https:\/\/ondauno.com.ar\/index.php\/wp-json\/wp\/v2\/posts"}],"about":[{"href":"https:\/\/ondauno.com.ar\/index.php\/wp-json\/wp\/v2\/types\/post"}],"author":[{"embeddable":true,"href":"https:\/\/ondauno.com.ar\/index.php\/wp-json\/wp\/v2\/users\/1"}],"replies":[{"embeddable":true,"href":"https:\/\/ondauno.com.ar\/index.php\/wp-json\/wp\/v2\/comments?post=66695"}],"version-history":[{"count":1,"href":"https:\/\/ondauno.com.ar\/index.php\/wp-json\/wp\/v2\/posts\/66695\/revisions"}],"predecessor-version":[{"id":66697,"href":"https:\/\/ondauno.com.ar\/index.php\/wp-json\/wp\/v2\/posts\/66695\/revisions\/66697"}],"wp:featuredmedia":[{"embeddable":true,"href":"https:\/\/ondauno.com.ar\/index.php\/wp-json\/wp\/v2\/media\/66696"}],"wp:attachment":[{"href":"https:\/\/ondauno.com.ar\/index.php\/wp-json\/wp\/v2\/media?parent=66695"}],"wp:term":[{"taxonomy":"category","embeddable":true,"href":"https:\/\/ondauno.com.ar\/index.php\/wp-json\/wp\/v2\/categories?post=66695"},{"taxonomy":"post_tag","embeddable":true,"href":"https:\/\/ondauno.com.ar\/index.php\/wp-json\/wp\/v2\/tags?post=66695"}],"curies":[{"name":"wp","href":"https:\/\/api.w.org\/{rel}","templated":true}]}}