{"id":66692,"date":"2026-09-05T20:11:04","date_gmt":"2026-09-05T23:11:04","guid":{"rendered":"https:\/\/ondauno.com.ar\/?p=66692"},"modified":"2026-09-05T20:11:09","modified_gmt":"2026-09-05T23:11:09","slug":"eduardo-blanco-anticipo-como-es-la-obra-de-campanella-que-llega-al-teatro-municipal","status":"publish","type":"post","link":"https:\/\/ondauno.com.ar\/index.php\/2026\/09\/05\/eduardo-blanco-anticipo-como-es-la-obra-de-campanella-que-llega-al-teatro-municipal\/","title":{"rendered":"Eduardo Blanco anticip\u00f3 c\u00f3mo es la obra de Campanella que llega al Teatro Municipal"},"content":{"rendered":"<div class=\"ondau-before-content_3\" style=\"margin-top: -30px;\" id=\"ondau-3345057874\"><a href=\"https:\/\/www.lps.com.ar\/\" aria-label=\"la-perse2\"><img loading=\"lazy\" decoding=\"async\" src=\"https:\/\/ondauno.com.ar\/wp-content\/uploads\/2021\/10\/la-perse2.jpg\" alt=\"\"  srcset=\"https:\/\/ondauno.com.ar\/wp-content\/uploads\/2021\/10\/la-perse2.jpg 1353w, https:\/\/ondauno.com.ar\/wp-content\/uploads\/2021\/10\/la-perse2-300x43.jpg 300w, https:\/\/ondauno.com.ar\/wp-content\/uploads\/2021\/10\/la-perse2-1024x148.jpg 1024w, https:\/\/ondauno.com.ar\/wp-content\/uploads\/2021\/10\/la-perse2-768x111.jpg 768w, https:\/\/ondauno.com.ar\/wp-content\/uploads\/2021\/10\/la-perse2-696x100.jpg 696w, https:\/\/ondauno.com.ar\/wp-content\/uploads\/2021\/10\/la-perse2-1068x154.jpg 1068w\" sizes=\"(max-width: 1353px) 100vw, 1353px\" class=\"no-lazyload\" width=\"1353\" height=\"195\"  style=\"display: inline-block;\" \/><\/a><\/div>\n<p class=\"wp-block-paragraph\"><strong><em>Eduardo Blanco habl\u00f3 en Cosas que pasan<\/em><\/strong><\/p>\n\n\n\n<p class=\"wp-block-paragraph\">El reconocido actor argentino Eduardo Blanco habl\u00f3 en Cosas que pasan y anticip\u00f3 la presentaci\u00f3n en Tres Arroyos de \u201cEmpieza con D, siete letras\u201d, obra escrita por Juan Jos\u00e9 Campanella y Cecilia Monti.<\/p>\n\n\n\n<p class=\"wp-block-paragraph\">El espect\u00e1culo llegar\u00e1 al Teatro Municipal el pr\u00f3ximo s\u00e1bado 12 y forma parte de una gira nacional que el elenco realiza luego de m\u00e1s de 400 funciones.<\/p>\n\n\n\n<p class=\"wp-block-paragraph\">\u201cEs una comedia donde el humor y la emoci\u00f3n est\u00e1n presentes, y se habla de los v\u00ednculos y de las oportunidades que se presentan en la vida.\u201d<\/p>\n\n\n\n<p class=\"wp-block-paragraph\">Blanco destac\u00f3 tambi\u00e9n la experiencia de recorrer distintos teatros del pa\u00eds y valor\u00f3 especialmente el reencuentro con el Teatro Municipal de Tres Arroyos, donde ya se hab\u00eda presentado junto a Luis Brandoni con Parque Lezama.<\/p>\n\n\n\n<p class=\"wp-block-paragraph\">Durante la entrevista record\u00f3 especialmente a Brandoni y el aprendizaje que signific\u00f3 compartir escenario durante a\u00f1os con el reconocido actor.<\/p>\n\n\n\n<p class=\"wp-block-paragraph\">\u201cTrabajar con un hombre con ese talento y con esa mirada profesional y \u00e9tica fue un aprendizaje profesional enorme y tambi\u00e9n humano.\u201d<\/p>\n\n\n\n<p class=\"wp-block-paragraph\">Blanco, Victoria Almeida, Gast\u00f3n Cocchiarale y Maru Zapata integran el elenco de la obra, que continuar\u00e1 su gira hasta mediados de octubre.<\/p>\n\n\n\n<p class=\"wp-block-paragraph\">La charla tambi\u00e9n permiti\u00f3 conocer detalles de la obra, la gira y los recuerdos de Blanco junto a Brandoni.<\/p>\n\n\n\n<p class=\"wp-block-paragraph\">Pod\u00e9s escuchar la nota completa en el siguiente link:<\/p>\n\n\n\n<figure class=\"wp-block-embed is-type-video is-provider-youtube wp-block-embed-youtube wp-embed-aspect-16-9 wp-has-aspect-ratio\"><div class=\"wp-block-embed__wrapper\">\n<div class=\"youtube-embed\" data-video_id=\"iPn_QBlMucA\"><iframe loading=\"lazy\" title=\"Onda Uno 103.9 en vivo\" width=\"696\" height=\"392\" data-src=\"https:\/\/www.youtube.com\/embed\/iPn_QBlMucA?start=4&amp;feature=oembed\" frameborder=\"0\" allow=\"accelerometer; autoplay; clipboard-write; encrypted-media; gyroscope; picture-in-picture; web-share\" referrerpolicy=\"strict-origin-when-cross-origin\" allowfullscreen src=\"data:image\/gif;base64,R0lGODlhAQABAAAAACH5BAEKAAEALAAAAAABAAEAAAICTAEAOw==\" class=\"lazyload\" data-load-mode=\"1\"><\/iframe><\/div>\n<\/div><\/figure>\n","protected":false},"excerpt":{"rendered":"<p>Eduardo Blanco habl\u00f3 en Cosas que pasan El reconocido actor argentino Eduardo Blanco habl\u00f3 en Cosas que pasan y anticip\u00f3 la presentaci\u00f3n en Tres Arroyos de \u201cEmpieza con D, siete letras\u201d, obra escrita por Juan Jos\u00e9 Campanella y Cecilia Monti. El espect\u00e1culo llegar\u00e1 al Teatro Municipal el pr\u00f3ximo s\u00e1bado 12 y forma parte de una [&hellip;]<\/p>\n","protected":false},"author":1,"featured_media":66693,"comment_status":"open","ping_status":"open","sticky":false,"template":"","format":"standard","meta":{"tdm_status":"","tdm_grid_status":"","_jetpack_memberships_contains_paid_content":false,"footnotes":"","jetpack_publicize_message":"","jetpack_publicize_feature_enabled":true,"jetpack_social_post_already_shared":true,"jetpack_social_options":{"image_generator_settings":{"template":"highway","default_image_id":0,"font":"","enabled":false},"version":2}},"categories":[28],"tags":[],"class_list":["post-66692","post","type-post","status-publish","format-standard","has-post-thumbnail","category-interes-general"],"yoast_head":"<!-- This site is optimized with the Yoast SEO plugin v22.7 - https:\/\/yoast.com\/wordpress\/plugins\/seo\/ -->\n<title>Eduardo Blanco anticip\u00f3 c\u00f3mo es la obra de Campanella que llega al Teatro Municipal - 103.9 fm<\/title>\n<meta name=\"robots\" content=\"index, follow, max-snippet:-1, max-image-preview:large, max-video-preview:-1\" \/>\n<link rel=\"canonical\" href=\"https:\/\/ondauno.com.ar\/index.php\/2026\/09\/05\/eduardo-blanco-anticipo-como-es-la-obra-de-campanella-que-llega-al-teatro-municipal\/\" \/>\n<meta property=\"og:locale\" content=\"es_ES\" \/>\n<meta property=\"og:type\" content=\"article\" \/>\n<meta property=\"og:title\" content=\"Eduardo Blanco anticip\u00f3 c\u00f3mo es la obra de Campanella que llega al Teatro Municipal - 103.9 fm\" \/>\n<meta property=\"og:description\" content=\"Eduardo Blanco habl\u00f3 en Cosas que pasan El reconocido actor argentino Eduardo Blanco habl\u00f3 en Cosas que pasan y anticip\u00f3 la presentaci\u00f3n en Tres Arroyos de \u201cEmpieza con D, siete letras\u201d, obra escrita por Juan Jos\u00e9 Campanella y Cecilia Monti. El espect\u00e1culo llegar\u00e1 al Teatro Municipal el pr\u00f3ximo s\u00e1bado 12 y forma parte de una [&hellip;]\" \/>\n<meta property=\"og:url\" content=\"https:\/\/ondauno.com.ar\/index.php\/2026\/09\/05\/eduardo-blanco-anticipo-como-es-la-obra-de-campanella-que-llega-al-teatro-municipal\/\" \/>\n<meta property=\"og:site_name\" content=\"103.9 fm\" \/>\n<meta property=\"article:publisher\" content=\"https:\/\/www.facebook.com\/ondauno103.9\" \/>\n<meta property=\"article:published_time\" content=\"2026-09-05T23:11:04+00:00\" \/>\n<meta property=\"article:modified_time\" content=\"2026-09-05T23:11:09+00:00\" \/>\n<meta property=\"og:image\" content=\"http:\/\/ondauno.com.ar\/wp-content\/uploads\/2026\/09\/WhatsApp-Image-2026-09-05-at-19.33.54.jpeg\" \/>\n\t<meta property=\"og:image:width\" content=\"1600\" \/>\n\t<meta property=\"og:image:height\" content=\"1066\" \/>\n\t<meta property=\"og:image:type\" content=\"image\/jpeg\" \/>\n<meta name=\"author\" content=\"OndaUno\" \/>\n<meta name=\"twitter:card\" content=\"summary_large_image\" \/>\n<meta name=\"twitter:label1\" content=\"Escrito por\" \/>\n\t<meta name=\"twitter:data1\" content=\"OndaUno\" \/>\n\t<meta name=\"twitter:label2\" content=\"Tiempo de lectura\" \/>\n\t<meta name=\"twitter:data2\" content=\"2 minutos\" \/>\n<script type=\"application\/ld+json\" class=\"yoast-schema-graph\">{\"@context\":\"https:\/\/schema.org\",\"@graph\":[{\"@type\":\"WebPage\",\"@id\":\"https:\/\/ondauno.com.ar\/index.php\/2026\/09\/05\/eduardo-blanco-anticipo-como-es-la-obra-de-campanella-que-llega-al-teatro-municipal\/\",\"url\":\"https:\/\/ondauno.com.ar\/index.php\/2026\/09\/05\/eduardo-blanco-anticipo-como-es-la-obra-de-campanella-que-llega-al-teatro-municipal\/\",\"name\":\"Eduardo Blanco anticip\u00f3 c\u00f3mo es la obra de Campanella que llega al Teatro Municipal - 103.9 fm\",\"isPartOf\":{\"@id\":\"https:\/\/ondauno.com.ar\/#website\"},\"primaryImageOfPage\":{\"@id\":\"https:\/\/ondauno.com.ar\/index.php\/2026\/09\/05\/eduardo-blanco-anticipo-como-es-la-obra-de-campanella-que-llega-al-teatro-municipal\/#primaryimage\"},\"image\":{\"@id\":\"https:\/\/ondauno.com.ar\/index.php\/2026\/09\/05\/eduardo-blanco-anticipo-como-es-la-obra-de-campanella-que-llega-al-teatro-municipal\/#primaryimage\"},\"thumbnailUrl\":\"https:\/\/ondauno.com.ar\/wp-content\/uploads\/2026\/09\/WhatsApp-Image-2026-09-05-at-19.33.54.jpeg\",\"datePublished\":\"2026-09-05T23:11:04+00:00\",\"dateModified\":\"2026-09-05T23:11:09+00:00\",\"author\":{\"@id\":\"https:\/\/ondauno.com.ar\/#\/schema\/person\/7ec851ddeceb4133d7d7132dc645714e\"},\"breadcrumb\":{\"@id\":\"https:\/\/ondauno.com.ar\/index.php\/2026\/09\/05\/eduardo-blanco-anticipo-como-es-la-obra-de-campanella-que-llega-al-teatro-municipal\/#breadcrumb\"},\"inLanguage\":\"es-AR\",\"potentialAction\":[{\"@type\":\"ReadAction\",\"target\":[\"https:\/\/ondauno.com.ar\/index.php\/2026\/09\/05\/eduardo-blanco-anticipo-como-es-la-obra-de-campanella-que-llega-al-teatro-municipal\/\"]}]},{\"@type\":\"ImageObject\",\"inLanguage\":\"es-AR\",\"@id\":\"https:\/\/ondauno.com.ar\/index.php\/2026\/09\/05\/eduardo-blanco-anticipo-como-es-la-obra-de-campanella-que-llega-al-teatro-municipal\/#primaryimage\",\"url\":\"https:\/\/ondauno.com.ar\/wp-content\/uploads\/2026\/09\/WhatsApp-Image-2026-09-05-at-19.33.54.jpeg\",\"contentUrl\":\"https:\/\/ondauno.com.ar\/wp-content\/uploads\/2026\/09\/WhatsApp-Image-2026-09-05-at-19.33.54.jpeg\",\"width\":1600,\"height\":1066},{\"@type\":\"BreadcrumbList\",\"@id\":\"https:\/\/ondauno.com.ar\/index.php\/2026\/09\/05\/eduardo-blanco-anticipo-como-es-la-obra-de-campanella-que-llega-al-teatro-municipal\/#breadcrumb\",\"itemListElement\":[{\"@type\":\"ListItem\",\"position\":1,\"name\":\"Inicio\",\"item\":\"https:\/\/ondauno.com.ar\/\"},{\"@type\":\"ListItem\",\"position\":2,\"name\":\"Eduardo Blanco anticip\u00f3 c\u00f3mo es la obra de Campanella que llega al Teatro Municipal\"}]},{\"@type\":\"WebSite\",\"@id\":\"https:\/\/ondauno.com.ar\/#website\",\"url\":\"https:\/\/ondauno.com.ar\/\",\"name\":\"103.9 fm\",\"description\":\"LA PRIMERA RADIO MULTIMEDIA DE TRES ARROYOS\",\"potentialAction\":[{\"@type\":\"SearchAction\",\"target\":{\"@type\":\"EntryPoint\",\"urlTemplate\":\"https:\/\/ondauno.com.ar\/?s={search_term_string}\"},\"query-input\":\"required name=search_term_string\"}],\"inLanguage\":\"es-AR\"},{\"@type\":\"Person\",\"@id\":\"https:\/\/ondauno.com.ar\/#\/schema\/person\/7ec851ddeceb4133d7d7132dc645714e\",\"name\":\"OndaUno\",\"image\":{\"@type\":\"ImageObject\",\"inLanguage\":\"es-AR\",\"@id\":\"https:\/\/ondauno.com.ar\/#\/schema\/person\/image\/\",\"url\":\"https:\/\/secure.gravatar.com\/avatar\/ce07852b706fdc4c52eafcd1d057deb8d1afd64f0ae3f98db05c3620a77d42aa?s=96&d=mm&r=g\",\"contentUrl\":\"https:\/\/secure.gravatar.com\/avatar\/ce07852b706fdc4c52eafcd1d057deb8d1afd64f0ae3f98db05c3620a77d42aa?s=96&d=mm&r=g\",\"caption\":\"OndaUno\"},\"url\":\"https:\/\/ondauno.com.ar\/index.php\/author\/ondauno\/\"}]}<\/script>\n<!-- \/ Yoast SEO plugin. -->","yoast_head_json":{"title":"Eduardo Blanco anticip\u00f3 c\u00f3mo es la obra de Campanella que llega al Teatro Municipal - 103.9 fm","robots":{"index":"index","follow":"follow","max-snippet":"max-snippet:-1","max-image-preview":"max-image-preview:large","max-video-preview":"max-video-preview:-1"},"canonical":"https:\/\/ondauno.com.ar\/index.php\/2026\/09\/05\/eduardo-blanco-anticipo-como-es-la-obra-de-campanella-que-llega-al-teatro-municipal\/","og_locale":"es_ES","og_type":"article","og_title":"Eduardo Blanco anticip\u00f3 c\u00f3mo es la obra de Campanella que llega al Teatro Municipal - 103.9 fm","og_description":"Eduardo Blanco habl\u00f3 en Cosas que pasan El reconocido actor argentino Eduardo Blanco habl\u00f3 en Cosas que pasan y anticip\u00f3 la presentaci\u00f3n en Tres Arroyos de \u201cEmpieza con D, siete letras\u201d, obra escrita por Juan Jos\u00e9 Campanella y Cecilia Monti. El espect\u00e1culo llegar\u00e1 al Teatro Municipal el pr\u00f3ximo s\u00e1bado 12 y forma parte de una [&hellip;]","og_url":"https:\/\/ondauno.com.ar\/index.php\/2026\/09\/05\/eduardo-blanco-anticipo-como-es-la-obra-de-campanella-que-llega-al-teatro-municipal\/","og_site_name":"103.9 fm","article_publisher":"https:\/\/www.facebook.com\/ondauno103.9","article_published_time":"2026-09-05T23:11:04+00:00","article_modified_time":"2026-09-05T23:11:09+00:00","og_image":[{"width":1600,"height":1066,"url":"http:\/\/ondauno.com.ar\/wp-content\/uploads\/2026\/09\/WhatsApp-Image-2026-09-05-at-19.33.54.jpeg","type":"image\/jpeg"}],"author":"OndaUno","twitter_card":"summary_large_image","twitter_misc":{"Escrito por":"OndaUno","Tiempo de lectura":"2 minutos"},"schema":{"@context":"https:\/\/schema.org","@graph":[{"@type":"WebPage","@id":"https:\/\/ondauno.com.ar\/index.php\/2026\/09\/05\/eduardo-blanco-anticipo-como-es-la-obra-de-campanella-que-llega-al-teatro-municipal\/","url":"https:\/\/ondauno.com.ar\/index.php\/2026\/09\/05\/eduardo-blanco-anticipo-como-es-la-obra-de-campanella-que-llega-al-teatro-municipal\/","name":"Eduardo Blanco anticip\u00f3 c\u00f3mo es la obra de Campanella que llega al Teatro Municipal - 103.9 fm","isPartOf":{"@id":"https:\/\/ondauno.com.ar\/#website"},"primaryImageOfPage":{"@id":"https:\/\/ondauno.com.ar\/index.php\/2026\/09\/05\/eduardo-blanco-anticipo-como-es-la-obra-de-campanella-que-llega-al-teatro-municipal\/#primaryimage"},"image":{"@id":"https:\/\/ondauno.com.ar\/index.php\/2026\/09\/05\/eduardo-blanco-anticipo-como-es-la-obra-de-campanella-que-llega-al-teatro-municipal\/#primaryimage"},"thumbnailUrl":"https:\/\/ondauno.com.ar\/wp-content\/uploads\/2026\/09\/WhatsApp-Image-2026-09-05-at-19.33.54.jpeg","datePublished":"2026-09-05T23:11:04+00:00","dateModified":"2026-09-05T23:11:09+00:00","author":{"@id":"https:\/\/ondauno.com.ar\/#\/schema\/person\/7ec851ddeceb4133d7d7132dc645714e"},"breadcrumb":{"@id":"https:\/\/ondauno.com.ar\/index.php\/2026\/09\/05\/eduardo-blanco-anticipo-como-es-la-obra-de-campanella-que-llega-al-teatro-municipal\/#breadcrumb"},"inLanguage":"es-AR","potentialAction":[{"@type":"ReadAction","target":["https:\/\/ondauno.com.ar\/index.php\/2026\/09\/05\/eduardo-blanco-anticipo-como-es-la-obra-de-campanella-que-llega-al-teatro-municipal\/"]}]},{"@type":"ImageObject","inLanguage":"es-AR","@id":"https:\/\/ondauno.com.ar\/index.php\/2026\/09\/05\/eduardo-blanco-anticipo-como-es-la-obra-de-campanella-que-llega-al-teatro-municipal\/#primaryimage","url":"https:\/\/ondauno.com.ar\/wp-content\/uploads\/2026\/09\/WhatsApp-Image-2026-09-05-at-19.33.54.jpeg","contentUrl":"https:\/\/ondauno.com.ar\/wp-content\/uploads\/2026\/09\/WhatsApp-Image-2026-09-05-at-19.33.54.jpeg","width":1600,"height":1066},{"@type":"BreadcrumbList","@id":"https:\/\/ondauno.com.ar\/index.php\/2026\/09\/05\/eduardo-blanco-anticipo-como-es-la-obra-de-campanella-que-llega-al-teatro-municipal\/#breadcrumb","itemListElement":[{"@type":"ListItem","position":1,"name":"Inicio","item":"https:\/\/ondauno.com.ar\/"},{"@type":"ListItem","position":2,"name":"Eduardo Blanco anticip\u00f3 c\u00f3mo es la obra de Campanella que llega al Teatro Municipal"}]},{"@type":"WebSite","@id":"https:\/\/ondauno.com.ar\/#website","url":"https:\/\/ondauno.com.ar\/","name":"103.9 fm","description":"LA PRIMERA RADIO MULTIMEDIA DE TRES ARROYOS","potentialAction":[{"@type":"SearchAction","target":{"@type":"EntryPoint","urlTemplate":"https:\/\/ondauno.com.ar\/?s={search_term_string}"},"query-input":"required name=search_term_string"}],"inLanguage":"es-AR"},{"@type":"Person","@id":"https:\/\/ondauno.com.ar\/#\/schema\/person\/7ec851ddeceb4133d7d7132dc645714e","name":"OndaUno","image":{"@type":"ImageObject","inLanguage":"es-AR","@id":"https:\/\/ondauno.com.ar\/#\/schema\/person\/image\/","url":"https:\/\/secure.gravatar.com\/avatar\/ce07852b706fdc4c52eafcd1d057deb8d1afd64f0ae3f98db05c3620a77d42aa?s=96&d=mm&r=g","contentUrl":"https:\/\/secure.gravatar.com\/avatar\/ce07852b706fdc4c52eafcd1d057deb8d1afd64f0ae3f98db05c3620a77d42aa?s=96&d=mm&r=g","caption":"OndaUno"},"url":"https:\/\/ondauno.com.ar\/index.php\/author\/ondauno\/"}]}},"jetpack_publicize_connections":[],"jetpack_featured_media_url":"https:\/\/ondauno.com.ar\/wp-content\/uploads\/2026\/09\/WhatsApp-Image-2026-09-05-at-19.33.54.jpeg","jetpack_sharing_enabled":true,"_links":{"self":[{"href":"https:\/\/ondauno.com.ar\/index.php\/wp-json\/wp\/v2\/posts\/66692","targetHints":{"allow":["GET"]}}],"collection":[{"href":"https:\/\/ondauno.com.ar\/index.php\/wp-json\/wp\/v2\/posts"}],"about":[{"href":"https:\/\/ondauno.com.ar\/index.php\/wp-json\/wp\/v2\/types\/post"}],"author":[{"embeddable":true,"href":"https:\/\/ondauno.com.ar\/index.php\/wp-json\/wp\/v2\/users\/1"}],"replies":[{"embeddable":true,"href":"https:\/\/ondauno.com.ar\/index.php\/wp-json\/wp\/v2\/comments?post=66692"}],"version-history":[{"count":1,"href":"https:\/\/ondauno.com.ar\/index.php\/wp-json\/wp\/v2\/posts\/66692\/revisions"}],"predecessor-version":[{"id":66694,"href":"https:\/\/ondauno.com.ar\/index.php\/wp-json\/wp\/v2\/posts\/66692\/revisions\/66694"}],"wp:featuredmedia":[{"embeddable":true,"href":"https:\/\/ondauno.com.ar\/index.php\/wp-json\/wp\/v2\/media\/66693"}],"wp:attachment":[{"href":"https:\/\/ondauno.com.ar\/index.php\/wp-json\/wp\/v2\/media?parent=66692"}],"wp:term":[{"taxonomy":"category","embeddable":true,"href":"https:\/\/ondauno.com.ar\/index.php\/wp-json\/wp\/v2\/categories?post=66692"},{"taxonomy":"post_tag","embeddable":true,"href":"https:\/\/ondauno.com.ar\/index.php\/wp-json\/wp\/v2\/tags?post=66692"}],"curies":[{"name":"wp","href":"https:\/\/api.w.org\/{rel}","templated":true}]}}