{"id":66681,"date":"2026-09-05T13:23:23","date_gmt":"2026-09-05T16:23:23","guid":{"rendered":"https:\/\/ondauno.com.ar\/?p=66681"},"modified":"2026-09-05T13:23:26","modified_gmt":"2026-09-05T16:23:26","slug":"nuevamente-aprehendido-habia-sido-liberado-horas-antes","status":"publish","type":"post","link":"https:\/\/ondauno.com.ar\/index.php\/2026\/09\/05\/nuevamente-aprehendido-habia-sido-liberado-horas-antes\/","title":{"rendered":"Nuevamente aprehendido: hab\u00eda sido liberado horas antes"},"content":{"rendered":"<div class=\"ondau-before-content_3\" style=\"margin-top: -30px;\" id=\"ondau-2778359488\"><a href=\"https:\/\/www.lps.com.ar\/\" aria-label=\"la-perse2\"><img loading=\"lazy\" decoding=\"async\" src=\"https:\/\/ondauno.com.ar\/wp-content\/uploads\/2021\/10\/la-perse2.jpg\" alt=\"\"  srcset=\"https:\/\/ondauno.com.ar\/wp-content\/uploads\/2021\/10\/la-perse2.jpg 1353w, https:\/\/ondauno.com.ar\/wp-content\/uploads\/2021\/10\/la-perse2-300x43.jpg 300w, https:\/\/ondauno.com.ar\/wp-content\/uploads\/2021\/10\/la-perse2-1024x148.jpg 1024w, https:\/\/ondauno.com.ar\/wp-content\/uploads\/2021\/10\/la-perse2-768x111.jpg 768w, https:\/\/ondauno.com.ar\/wp-content\/uploads\/2021\/10\/la-perse2-696x100.jpg 696w, https:\/\/ondauno.com.ar\/wp-content\/uploads\/2021\/10\/la-perse2-1068x154.jpg 1068w\" sizes=\"(max-width: 1353px) 100vw, 1353px\" class=\"no-lazyload\" width=\"1353\" height=\"195\"  style=\"display: inline-block;\" \/><\/a><\/div>\n<p class=\"wp-block-paragraph\">Un hombre de 31 a\u00f1os, identificado como <strong>Paulo Carrera, alias \u201cChipi\u201d<\/strong>, fue nuevamente aprehendido este viernes, pocas horas despu\u00e9s de haber recuperado la libertad tras una primera detenci\u00f3n durante la madrugada.<\/p>\n\n\n\n<p class=\"wp-block-paragraph\">Seg\u00fan inform\u00f3 la Polic\u00eda, Carrera hab\u00eda sido aprehendido alrededor de las 5:20 por <strong>resistencia a la autoridad<\/strong> y por la averiguaci\u00f3n de procedencia de herramientas que llevaba consigo. Fue liberado cerca de las 14:30 por disposici\u00f3n de la UFIJ interviniente.<\/p>\n\n\n\n<p class=\"wp-block-paragraph\">Sin embargo, alrededor de las <strong>15:50<\/strong>, un vecino alert\u00f3 al 911 tras observar a un hombre con una campera roja saltar un pared\u00f3n en la primera cuadra de calle Liniers.<\/p>\n\n\n\n<p class=\"wp-block-paragraph\">Los efectivos acudieron al lugar y constataron que se trataba de una finca deshabitada, cuya propietaria hab\u00eda fallecido recientemente. Al ingresar, encontraron la puerta principal violentada y a Carrera en el interior.<\/p>\n\n\n\n<p class=\"wp-block-paragraph\">La Polic\u00eda indic\u00f3 que de esta manera se frustr\u00f3 el presunto intento de robo. Se inici\u00f3 una causa por <strong>\u201cRobo en grado de tentativa\u201d<\/strong>, con intervenci\u00f3n de la UFIJ N.\u00ba 13 del Departamento Judicial local. Adem\u00e1s, fue secuestrada la campera roja que llevaba puesta y que hab\u00eda sido se\u00f1alada por el vecino que realiz\u00f3 el llamado al 911.<\/p>\n","protected":false},"excerpt":{"rendered":"<p>Un hombre de 31 a\u00f1os, identificado como Paulo Carrera, alias \u201cChipi\u201d, fue nuevamente aprehendido este viernes, pocas horas despu\u00e9s de haber recuperado la libertad tras una primera detenci\u00f3n durante la madrugada. Seg\u00fan inform\u00f3 la Polic\u00eda, Carrera hab\u00eda sido aprehendido alrededor de las 5:20 por resistencia a la autoridad y por la averiguaci\u00f3n de procedencia de [&hellip;]<\/p>\n","protected":false},"author":1,"featured_media":66683,"comment_status":"open","ping_status":"open","sticky":false,"template":"","format":"standard","meta":{"tdm_status":"","tdm_grid_status":"","_jetpack_memberships_contains_paid_content":false,"footnotes":"","jetpack_publicize_message":"","jetpack_publicize_feature_enabled":true,"jetpack_social_post_already_shared":true,"jetpack_social_options":{"image_generator_settings":{"template":"highway","default_image_id":0,"font":"","enabled":false},"version":2}},"categories":[29],"tags":[],"class_list":["post-66681","post","type-post","status-publish","format-standard","has-post-thumbnail","category-policiales"],"yoast_head":"<!-- This site is optimized with the Yoast SEO plugin v22.7 - https:\/\/yoast.com\/wordpress\/plugins\/seo\/ -->\n<title>Nuevamente aprehendido: hab\u00eda sido liberado horas antes - 103.9 fm<\/title>\n<meta name=\"robots\" content=\"index, follow, max-snippet:-1, max-image-preview:large, max-video-preview:-1\" \/>\n<link rel=\"canonical\" href=\"https:\/\/ondauno.com.ar\/index.php\/2026\/09\/05\/nuevamente-aprehendido-habia-sido-liberado-horas-antes\/\" \/>\n<meta property=\"og:locale\" content=\"es_ES\" \/>\n<meta property=\"og:type\" content=\"article\" \/>\n<meta property=\"og:title\" content=\"Nuevamente aprehendido: hab\u00eda sido liberado horas antes - 103.9 fm\" \/>\n<meta property=\"og:description\" content=\"Un hombre de 31 a\u00f1os, identificado como Paulo Carrera, alias \u201cChipi\u201d, fue nuevamente aprehendido este viernes, pocas horas despu\u00e9s de haber recuperado la libertad tras una primera detenci\u00f3n durante la madrugada. Seg\u00fan inform\u00f3 la Polic\u00eda, Carrera hab\u00eda sido aprehendido alrededor de las 5:20 por resistencia a la autoridad y por la averiguaci\u00f3n de procedencia de [&hellip;]\" \/>\n<meta property=\"og:url\" content=\"https:\/\/ondauno.com.ar\/index.php\/2026\/09\/05\/nuevamente-aprehendido-habia-sido-liberado-horas-antes\/\" \/>\n<meta property=\"og:site_name\" content=\"103.9 fm\" \/>\n<meta property=\"article:publisher\" content=\"https:\/\/www.facebook.com\/ondauno103.9\" \/>\n<meta property=\"article:published_time\" content=\"2026-09-05T16:23:23+00:00\" \/>\n<meta property=\"article:modified_time\" content=\"2026-09-05T16:23:26+00:00\" \/>\n<meta property=\"og:image\" content=\"http:\/\/ondauno.com.ar\/wp-content\/uploads\/2026\/09\/WhatsApp-Image-2026-09-04-at-22.11.39-1.jpeg\" \/>\n\t<meta property=\"og:image:width\" content=\"900\" \/>\n\t<meta property=\"og:image:height\" content=\"1600\" \/>\n\t<meta property=\"og:image:type\" content=\"image\/jpeg\" \/>\n<meta name=\"author\" content=\"OndaUno\" \/>\n<meta name=\"twitter:card\" content=\"summary_large_image\" \/>\n<meta name=\"twitter:label1\" content=\"Escrito por\" \/>\n\t<meta name=\"twitter:data1\" content=\"OndaUno\" \/>\n\t<meta name=\"twitter:label2\" content=\"Tiempo de lectura\" \/>\n\t<meta name=\"twitter:data2\" content=\"2 minutos\" \/>\n<script type=\"application\/ld+json\" class=\"yoast-schema-graph\">{\"@context\":\"https:\/\/schema.org\",\"@graph\":[{\"@type\":\"WebPage\",\"@id\":\"https:\/\/ondauno.com.ar\/index.php\/2026\/09\/05\/nuevamente-aprehendido-habia-sido-liberado-horas-antes\/\",\"url\":\"https:\/\/ondauno.com.ar\/index.php\/2026\/09\/05\/nuevamente-aprehendido-habia-sido-liberado-horas-antes\/\",\"name\":\"Nuevamente aprehendido: hab\u00eda sido liberado horas antes - 103.9 fm\",\"isPartOf\":{\"@id\":\"https:\/\/ondauno.com.ar\/#website\"},\"primaryImageOfPage\":{\"@id\":\"https:\/\/ondauno.com.ar\/index.php\/2026\/09\/05\/nuevamente-aprehendido-habia-sido-liberado-horas-antes\/#primaryimage\"},\"image\":{\"@id\":\"https:\/\/ondauno.com.ar\/index.php\/2026\/09\/05\/nuevamente-aprehendido-habia-sido-liberado-horas-antes\/#primaryimage\"},\"thumbnailUrl\":\"https:\/\/ondauno.com.ar\/wp-content\/uploads\/2026\/09\/WhatsApp-Image-2026-09-04-at-22.11.39-1.jpeg\",\"datePublished\":\"2026-09-05T16:23:23+00:00\",\"dateModified\":\"2026-09-05T16:23:26+00:00\",\"author\":{\"@id\":\"https:\/\/ondauno.com.ar\/#\/schema\/person\/7ec851ddeceb4133d7d7132dc645714e\"},\"breadcrumb\":{\"@id\":\"https:\/\/ondauno.com.ar\/index.php\/2026\/09\/05\/nuevamente-aprehendido-habia-sido-liberado-horas-antes\/#breadcrumb\"},\"inLanguage\":\"es-AR\",\"potentialAction\":[{\"@type\":\"ReadAction\",\"target\":[\"https:\/\/ondauno.com.ar\/index.php\/2026\/09\/05\/nuevamente-aprehendido-habia-sido-liberado-horas-antes\/\"]}]},{\"@type\":\"ImageObject\",\"inLanguage\":\"es-AR\",\"@id\":\"https:\/\/ondauno.com.ar\/index.php\/2026\/09\/05\/nuevamente-aprehendido-habia-sido-liberado-horas-antes\/#primaryimage\",\"url\":\"https:\/\/ondauno.com.ar\/wp-content\/uploads\/2026\/09\/WhatsApp-Image-2026-09-04-at-22.11.39-1.jpeg\",\"contentUrl\":\"https:\/\/ondauno.com.ar\/wp-content\/uploads\/2026\/09\/WhatsApp-Image-2026-09-04-at-22.11.39-1.jpeg\",\"width\":900,\"height\":1600},{\"@type\":\"BreadcrumbList\",\"@id\":\"https:\/\/ondauno.com.ar\/index.php\/2026\/09\/05\/nuevamente-aprehendido-habia-sido-liberado-horas-antes\/#breadcrumb\",\"itemListElement\":[{\"@type\":\"ListItem\",\"position\":1,\"name\":\"Inicio\",\"item\":\"https:\/\/ondauno.com.ar\/\"},{\"@type\":\"ListItem\",\"position\":2,\"name\":\"Nuevamente aprehendido: hab\u00eda sido liberado horas antes\"}]},{\"@type\":\"WebSite\",\"@id\":\"https:\/\/ondauno.com.ar\/#website\",\"url\":\"https:\/\/ondauno.com.ar\/\",\"name\":\"103.9 fm\",\"description\":\"LA PRIMERA RADIO MULTIMEDIA DE TRES ARROYOS\",\"potentialAction\":[{\"@type\":\"SearchAction\",\"target\":{\"@type\":\"EntryPoint\",\"urlTemplate\":\"https:\/\/ondauno.com.ar\/?s={search_term_string}\"},\"query-input\":\"required name=search_term_string\"}],\"inLanguage\":\"es-AR\"},{\"@type\":\"Person\",\"@id\":\"https:\/\/ondauno.com.ar\/#\/schema\/person\/7ec851ddeceb4133d7d7132dc645714e\",\"name\":\"OndaUno\",\"image\":{\"@type\":\"ImageObject\",\"inLanguage\":\"es-AR\",\"@id\":\"https:\/\/ondauno.com.ar\/#\/schema\/person\/image\/\",\"url\":\"https:\/\/secure.gravatar.com\/avatar\/ce07852b706fdc4c52eafcd1d057deb8d1afd64f0ae3f98db05c3620a77d42aa?s=96&d=mm&r=g\",\"contentUrl\":\"https:\/\/secure.gravatar.com\/avatar\/ce07852b706fdc4c52eafcd1d057deb8d1afd64f0ae3f98db05c3620a77d42aa?s=96&d=mm&r=g\",\"caption\":\"OndaUno\"},\"url\":\"https:\/\/ondauno.com.ar\/index.php\/author\/ondauno\/\"}]}<\/script>\n<!-- \/ Yoast SEO plugin. -->","yoast_head_json":{"title":"Nuevamente aprehendido: hab\u00eda sido liberado horas antes - 103.9 fm","robots":{"index":"index","follow":"follow","max-snippet":"max-snippet:-1","max-image-preview":"max-image-preview:large","max-video-preview":"max-video-preview:-1"},"canonical":"https:\/\/ondauno.com.ar\/index.php\/2026\/09\/05\/nuevamente-aprehendido-habia-sido-liberado-horas-antes\/","og_locale":"es_ES","og_type":"article","og_title":"Nuevamente aprehendido: hab\u00eda sido liberado horas antes - 103.9 fm","og_description":"Un hombre de 31 a\u00f1os, identificado como Paulo Carrera, alias \u201cChipi\u201d, fue nuevamente aprehendido este viernes, pocas horas despu\u00e9s de haber recuperado la libertad tras una primera detenci\u00f3n durante la madrugada. Seg\u00fan inform\u00f3 la Polic\u00eda, Carrera hab\u00eda sido aprehendido alrededor de las 5:20 por resistencia a la autoridad y por la averiguaci\u00f3n de procedencia de [&hellip;]","og_url":"https:\/\/ondauno.com.ar\/index.php\/2026\/09\/05\/nuevamente-aprehendido-habia-sido-liberado-horas-antes\/","og_site_name":"103.9 fm","article_publisher":"https:\/\/www.facebook.com\/ondauno103.9","article_published_time":"2026-09-05T16:23:23+00:00","article_modified_time":"2026-09-05T16:23:26+00:00","og_image":[{"width":900,"height":1600,"url":"http:\/\/ondauno.com.ar\/wp-content\/uploads\/2026\/09\/WhatsApp-Image-2026-09-04-at-22.11.39-1.jpeg","type":"image\/jpeg"}],"author":"OndaUno","twitter_card":"summary_large_image","twitter_misc":{"Escrito por":"OndaUno","Tiempo de lectura":"2 minutos"},"schema":{"@context":"https:\/\/schema.org","@graph":[{"@type":"WebPage","@id":"https:\/\/ondauno.com.ar\/index.php\/2026\/09\/05\/nuevamente-aprehendido-habia-sido-liberado-horas-antes\/","url":"https:\/\/ondauno.com.ar\/index.php\/2026\/09\/05\/nuevamente-aprehendido-habia-sido-liberado-horas-antes\/","name":"Nuevamente aprehendido: hab\u00eda sido liberado horas antes - 103.9 fm","isPartOf":{"@id":"https:\/\/ondauno.com.ar\/#website"},"primaryImageOfPage":{"@id":"https:\/\/ondauno.com.ar\/index.php\/2026\/09\/05\/nuevamente-aprehendido-habia-sido-liberado-horas-antes\/#primaryimage"},"image":{"@id":"https:\/\/ondauno.com.ar\/index.php\/2026\/09\/05\/nuevamente-aprehendido-habia-sido-liberado-horas-antes\/#primaryimage"},"thumbnailUrl":"https:\/\/ondauno.com.ar\/wp-content\/uploads\/2026\/09\/WhatsApp-Image-2026-09-04-at-22.11.39-1.jpeg","datePublished":"2026-09-05T16:23:23+00:00","dateModified":"2026-09-05T16:23:26+00:00","author":{"@id":"https:\/\/ondauno.com.ar\/#\/schema\/person\/7ec851ddeceb4133d7d7132dc645714e"},"breadcrumb":{"@id":"https:\/\/ondauno.com.ar\/index.php\/2026\/09\/05\/nuevamente-aprehendido-habia-sido-liberado-horas-antes\/#breadcrumb"},"inLanguage":"es-AR","potentialAction":[{"@type":"ReadAction","target":["https:\/\/ondauno.com.ar\/index.php\/2026\/09\/05\/nuevamente-aprehendido-habia-sido-liberado-horas-antes\/"]}]},{"@type":"ImageObject","inLanguage":"es-AR","@id":"https:\/\/ondauno.com.ar\/index.php\/2026\/09\/05\/nuevamente-aprehendido-habia-sido-liberado-horas-antes\/#primaryimage","url":"https:\/\/ondauno.com.ar\/wp-content\/uploads\/2026\/09\/WhatsApp-Image-2026-09-04-at-22.11.39-1.jpeg","contentUrl":"https:\/\/ondauno.com.ar\/wp-content\/uploads\/2026\/09\/WhatsApp-Image-2026-09-04-at-22.11.39-1.jpeg","width":900,"height":1600},{"@type":"BreadcrumbList","@id":"https:\/\/ondauno.com.ar\/index.php\/2026\/09\/05\/nuevamente-aprehendido-habia-sido-liberado-horas-antes\/#breadcrumb","itemListElement":[{"@type":"ListItem","position":1,"name":"Inicio","item":"https:\/\/ondauno.com.ar\/"},{"@type":"ListItem","position":2,"name":"Nuevamente aprehendido: hab\u00eda sido liberado horas antes"}]},{"@type":"WebSite","@id":"https:\/\/ondauno.com.ar\/#website","url":"https:\/\/ondauno.com.ar\/","name":"103.9 fm","description":"LA PRIMERA RADIO MULTIMEDIA DE TRES ARROYOS","potentialAction":[{"@type":"SearchAction","target":{"@type":"EntryPoint","urlTemplate":"https:\/\/ondauno.com.ar\/?s={search_term_string}"},"query-input":"required name=search_term_string"}],"inLanguage":"es-AR"},{"@type":"Person","@id":"https:\/\/ondauno.com.ar\/#\/schema\/person\/7ec851ddeceb4133d7d7132dc645714e","name":"OndaUno","image":{"@type":"ImageObject","inLanguage":"es-AR","@id":"https:\/\/ondauno.com.ar\/#\/schema\/person\/image\/","url":"https:\/\/secure.gravatar.com\/avatar\/ce07852b706fdc4c52eafcd1d057deb8d1afd64f0ae3f98db05c3620a77d42aa?s=96&d=mm&r=g","contentUrl":"https:\/\/secure.gravatar.com\/avatar\/ce07852b706fdc4c52eafcd1d057deb8d1afd64f0ae3f98db05c3620a77d42aa?s=96&d=mm&r=g","caption":"OndaUno"},"url":"https:\/\/ondauno.com.ar\/index.php\/author\/ondauno\/"}]}},"jetpack_publicize_connections":[],"jetpack_featured_media_url":"https:\/\/ondauno.com.ar\/wp-content\/uploads\/2026\/09\/WhatsApp-Image-2026-09-04-at-22.11.39-1.jpeg","jetpack_sharing_enabled":true,"_links":{"self":[{"href":"https:\/\/ondauno.com.ar\/index.php\/wp-json\/wp\/v2\/posts\/66681","targetHints":{"allow":["GET"]}}],"collection":[{"href":"https:\/\/ondauno.com.ar\/index.php\/wp-json\/wp\/v2\/posts"}],"about":[{"href":"https:\/\/ondauno.com.ar\/index.php\/wp-json\/wp\/v2\/types\/post"}],"author":[{"embeddable":true,"href":"https:\/\/ondauno.com.ar\/index.php\/wp-json\/wp\/v2\/users\/1"}],"replies":[{"embeddable":true,"href":"https:\/\/ondauno.com.ar\/index.php\/wp-json\/wp\/v2\/comments?post=66681"}],"version-history":[{"count":1,"href":"https:\/\/ondauno.com.ar\/index.php\/wp-json\/wp\/v2\/posts\/66681\/revisions"}],"predecessor-version":[{"id":66684,"href":"https:\/\/ondauno.com.ar\/index.php\/wp-json\/wp\/v2\/posts\/66681\/revisions\/66684"}],"wp:featuredmedia":[{"embeddable":true,"href":"https:\/\/ondauno.com.ar\/index.php\/wp-json\/wp\/v2\/media\/66683"}],"wp:attachment":[{"href":"https:\/\/ondauno.com.ar\/index.php\/wp-json\/wp\/v2\/media?parent=66681"}],"wp:term":[{"taxonomy":"category","embeddable":true,"href":"https:\/\/ondauno.com.ar\/index.php\/wp-json\/wp\/v2\/categories?post=66681"},{"taxonomy":"post_tag","embeddable":true,"href":"https:\/\/ondauno.com.ar\/index.php\/wp-json\/wp\/v2\/tags?post=66681"}],"curies":[{"name":"wp","href":"https:\/\/api.w.org\/{rel}","templated":true}]}}