{"id":66677,"date":"2026-09-05T13:21:06","date_gmt":"2026-09-05T16:21:06","guid":{"rendered":"https:\/\/ondauno.com.ar\/?p=66677"},"modified":"2026-09-05T13:21:10","modified_gmt":"2026-09-05T16:21:10","slug":"aprehendieron-a-un-hombre-que-llevaba-herramientas-electricas-y-ataco-a-policias","status":"publish","type":"post","link":"https:\/\/ondauno.com.ar\/index.php\/2026\/09\/05\/aprehendieron-a-un-hombre-que-llevaba-herramientas-electricas-y-ataco-a-policias\/","title":{"rendered":"Aprehendieron a un hombre que llevaba herramientas el\u00e9ctricas y atac\u00f3 a polic\u00edas"},"content":{"rendered":"<div class=\"ondau-before-content_3\" style=\"margin-top: -30px;\" id=\"ondau-2278316528\"><a href=\"https:\/\/www.lps.com.ar\/\" aria-label=\"la-perse2\"><img loading=\"lazy\" decoding=\"async\" src=\"https:\/\/ondauno.com.ar\/wp-content\/uploads\/2021\/10\/la-perse2.jpg\" alt=\"\"  srcset=\"https:\/\/ondauno.com.ar\/wp-content\/uploads\/2021\/10\/la-perse2.jpg 1353w, https:\/\/ondauno.com.ar\/wp-content\/uploads\/2021\/10\/la-perse2-300x43.jpg 300w, https:\/\/ondauno.com.ar\/wp-content\/uploads\/2021\/10\/la-perse2-1024x148.jpg 1024w, https:\/\/ondauno.com.ar\/wp-content\/uploads\/2021\/10\/la-perse2-768x111.jpg 768w, https:\/\/ondauno.com.ar\/wp-content\/uploads\/2021\/10\/la-perse2-696x100.jpg 696w, https:\/\/ondauno.com.ar\/wp-content\/uploads\/2021\/10\/la-perse2-1068x154.jpg 1068w\" sizes=\"(max-width: 1353px) 100vw, 1353px\" class=\"no-lazyload\" width=\"1353\" height=\"195\"  style=\"display: inline-block;\" \/><\/a><\/div>\n<p class=\"wp-block-paragraph\">Un hombre de 31 a\u00f1os fue aprehendido durante la madrugada del viernes en Tres Arroyos, luego de ser interceptado mientras caminaba por la v\u00eda p\u00fablica con varias herramientas el\u00e9ctricas cuya procedencia no pudo justificar.<\/p>\n\n\n\n<p class=\"wp-block-paragraph\">El procedimiento se realiz\u00f3 alrededor de las <strong>5:20<\/strong>, en calle Rep\u00fablica del L\u00edbano al 200. Seg\u00fan inform\u00f3 la Polic\u00eda, al momento de ser identificado el hombre se torn\u00f3 agresivo e intent\u00f3 agredir al personal policial.<\/p>\n\n\n\n<figure class=\"wp-block-image size-large\"><img loading=\"lazy\" decoding=\"async\" width=\"1024\" height=\"768\" data-src=\"https:\/\/ondauno.com.ar\/wp-content\/uploads\/2026\/09\/WhatsApp-Image-2026-09-04-at-08.55.46-1-1024x768.jpeg\" alt=\"\" class=\"wp-image-66679 lazyload\" data-srcset=\"https:\/\/ondauno.com.ar\/wp-content\/uploads\/2026\/09\/WhatsApp-Image-2026-09-04-at-08.55.46-1-1024x768.jpeg 1024w, https:\/\/ondauno.com.ar\/wp-content\/uploads\/2026\/09\/WhatsApp-Image-2026-09-04-at-08.55.46-1-300x225.jpeg 300w, https:\/\/ondauno.com.ar\/wp-content\/uploads\/2026\/09\/WhatsApp-Image-2026-09-04-at-08.55.46-1-768x576.jpeg 768w, https:\/\/ondauno.com.ar\/wp-content\/uploads\/2026\/09\/WhatsApp-Image-2026-09-04-at-08.55.46-1-1536x1152.jpeg 1536w, https:\/\/ondauno.com.ar\/wp-content\/uploads\/2026\/09\/WhatsApp-Image-2026-09-04-at-08.55.46-1-80x60.jpeg 80w, https:\/\/ondauno.com.ar\/wp-content\/uploads\/2026\/09\/WhatsApp-Image-2026-09-04-at-08.55.46-1-200x150.jpeg 200w, https:\/\/ondauno.com.ar\/wp-content\/uploads\/2026\/09\/WhatsApp-Image-2026-09-04-at-08.55.46-1-696x522.jpeg 696w, https:\/\/ondauno.com.ar\/wp-content\/uploads\/2026\/09\/WhatsApp-Image-2026-09-04-at-08.55.46-1-480x360.jpeg 480w, https:\/\/ondauno.com.ar\/wp-content\/uploads\/2026\/09\/WhatsApp-Image-2026-09-04-at-08.55.46-1-324x243.jpeg 324w, https:\/\/ondauno.com.ar\/wp-content\/uploads\/2026\/09\/WhatsApp-Image-2026-09-04-at-08.55.46-1-1068x801.jpeg 1068w, https:\/\/ondauno.com.ar\/wp-content\/uploads\/2026\/09\/WhatsApp-Image-2026-09-04-at-08.55.46-1-93x70.jpeg 93w, https:\/\/ondauno.com.ar\/wp-content\/uploads\/2026\/09\/WhatsApp-Image-2026-09-04-at-08.55.46-1-264x198.jpeg 264w, https:\/\/ondauno.com.ar\/wp-content\/uploads\/2026\/09\/WhatsApp-Image-2026-09-04-at-08.55.46-1-313x235.jpeg 313w, https:\/\/ondauno.com.ar\/wp-content\/uploads\/2026\/09\/WhatsApp-Image-2026-09-04-at-08.55.46-1-293x220.jpeg 293w, https:\/\/ondauno.com.ar\/wp-content\/uploads\/2026\/09\/WhatsApp-Image-2026-09-04-at-08.55.46-1-213x160.jpeg 213w, https:\/\/ondauno.com.ar\/wp-content\/uploads\/2026\/09\/WhatsApp-Image-2026-09-04-at-08.55.46-1-356x267.jpeg 356w, https:\/\/ondauno.com.ar\/wp-content\/uploads\/2026\/09\/WhatsApp-Image-2026-09-04-at-08.55.46-1-348x261.jpeg 348w, https:\/\/ondauno.com.ar\/wp-content\/uploads\/2026\/09\/WhatsApp-Image-2026-09-04-at-08.55.46-1-648x486.jpeg 648w, https:\/\/ondauno.com.ar\/wp-content\/uploads\/2026\/09\/WhatsApp-Image-2026-09-04-at-08.55.46-1-513x385.jpeg 513w, https:\/\/ondauno.com.ar\/wp-content\/uploads\/2026\/09\/WhatsApp-Image-2026-09-04-at-08.55.46-1-773x580.jpeg 773w, https:\/\/ondauno.com.ar\/wp-content\/uploads\/2026\/09\/WhatsApp-Image-2026-09-04-at-08.55.46-1.jpeg 1600w\" data-sizes=\"auto, (max-width: 1024px) 100vw, 1024px\" src=\"data:image\/gif;base64,R0lGODlhAQABAAAAACH5BAEKAAEALAAAAAABAAEAAAICTAEAOw==\" style=\"--smush-placeholder-width: 1024px; --smush-placeholder-aspect-ratio: 1024\/768;\" \/><noscript><img loading=\"lazy\" decoding=\"async\" width=\"1024\" height=\"768\" src=\"https:\/\/ondauno.com.ar\/wp-content\/uploads\/2026\/09\/WhatsApp-Image-2026-09-04-at-08.55.46-1-1024x768.jpeg\" alt=\"\" class=\"wp-image-66679\" srcset=\"https:\/\/ondauno.com.ar\/wp-content\/uploads\/2026\/09\/WhatsApp-Image-2026-09-04-at-08.55.46-1-1024x768.jpeg 1024w, https:\/\/ondauno.com.ar\/wp-content\/uploads\/2026\/09\/WhatsApp-Image-2026-09-04-at-08.55.46-1-300x225.jpeg 300w, https:\/\/ondauno.com.ar\/wp-content\/uploads\/2026\/09\/WhatsApp-Image-2026-09-04-at-08.55.46-1-768x576.jpeg 768w, https:\/\/ondauno.com.ar\/wp-content\/uploads\/2026\/09\/WhatsApp-Image-2026-09-04-at-08.55.46-1-1536x1152.jpeg 1536w, https:\/\/ondauno.com.ar\/wp-content\/uploads\/2026\/09\/WhatsApp-Image-2026-09-04-at-08.55.46-1-80x60.jpeg 80w, https:\/\/ondauno.com.ar\/wp-content\/uploads\/2026\/09\/WhatsApp-Image-2026-09-04-at-08.55.46-1-200x150.jpeg 200w, https:\/\/ondauno.com.ar\/wp-content\/uploads\/2026\/09\/WhatsApp-Image-2026-09-04-at-08.55.46-1-696x522.jpeg 696w, https:\/\/ondauno.com.ar\/wp-content\/uploads\/2026\/09\/WhatsApp-Image-2026-09-04-at-08.55.46-1-480x360.jpeg 480w, https:\/\/ondauno.com.ar\/wp-content\/uploads\/2026\/09\/WhatsApp-Image-2026-09-04-at-08.55.46-1-324x243.jpeg 324w, https:\/\/ondauno.com.ar\/wp-content\/uploads\/2026\/09\/WhatsApp-Image-2026-09-04-at-08.55.46-1-1068x801.jpeg 1068w, https:\/\/ondauno.com.ar\/wp-content\/uploads\/2026\/09\/WhatsApp-Image-2026-09-04-at-08.55.46-1-93x70.jpeg 93w, https:\/\/ondauno.com.ar\/wp-content\/uploads\/2026\/09\/WhatsApp-Image-2026-09-04-at-08.55.46-1-264x198.jpeg 264w, https:\/\/ondauno.com.ar\/wp-content\/uploads\/2026\/09\/WhatsApp-Image-2026-09-04-at-08.55.46-1-313x235.jpeg 313w, https:\/\/ondauno.com.ar\/wp-content\/uploads\/2026\/09\/WhatsApp-Image-2026-09-04-at-08.55.46-1-293x220.jpeg 293w, https:\/\/ondauno.com.ar\/wp-content\/uploads\/2026\/09\/WhatsApp-Image-2026-09-04-at-08.55.46-1-213x160.jpeg 213w, https:\/\/ondauno.com.ar\/wp-content\/uploads\/2026\/09\/WhatsApp-Image-2026-09-04-at-08.55.46-1-356x267.jpeg 356w, https:\/\/ondauno.com.ar\/wp-content\/uploads\/2026\/09\/WhatsApp-Image-2026-09-04-at-08.55.46-1-348x261.jpeg 348w, https:\/\/ondauno.com.ar\/wp-content\/uploads\/2026\/09\/WhatsApp-Image-2026-09-04-at-08.55.46-1-648x486.jpeg 648w, https:\/\/ondauno.com.ar\/wp-content\/uploads\/2026\/09\/WhatsApp-Image-2026-09-04-at-08.55.46-1-513x385.jpeg 513w, https:\/\/ondauno.com.ar\/wp-content\/uploads\/2026\/09\/WhatsApp-Image-2026-09-04-at-08.55.46-1-773x580.jpeg 773w, https:\/\/ondauno.com.ar\/wp-content\/uploads\/2026\/09\/WhatsApp-Image-2026-09-04-at-08.55.46-1.jpeg 1600w\" sizes=\"auto, (max-width: 1024px) 100vw, 1024px\" \/><\/noscript><\/figure>\n\n\n\n<p class=\"wp-block-paragraph\">Los efectivos lograron reducirlo utilizando la fuerza m\u00ednima e indispensable, sin que se produjeran mayores inconvenientes.<\/p>\n\n\n\n<p class=\"wp-block-paragraph\">Se iniciaron actuaciones por <strong>\u201cResistencia a la autoridad\u201d<\/strong> y <strong>\u201cAveriguaci\u00f3n de procedencia\u201d<\/strong> de las herramientas secuestradas, con intervenci\u00f3n de la UIFJ N.\u00ba 16 del Departamento Judicial local.<\/p>\n\n\n\n<p class=\"wp-block-paragraph\"><\/p>\n","protected":false},"excerpt":{"rendered":"<p>Un hombre de 31 a\u00f1os fue aprehendido durante la madrugada del viernes en Tres Arroyos, luego de ser interceptado mientras caminaba por la v\u00eda p\u00fablica con varias herramientas el\u00e9ctricas cuya procedencia no pudo justificar. El procedimiento se realiz\u00f3 alrededor de las 5:20, en calle Rep\u00fablica del L\u00edbano al 200. Seg\u00fan inform\u00f3 la Polic\u00eda, al momento [&hellip;]<\/p>\n","protected":false},"author":1,"featured_media":66678,"comment_status":"open","ping_status":"open","sticky":false,"template":"","format":"standard","meta":{"tdm_status":"","tdm_grid_status":"","_jetpack_memberships_contains_paid_content":false,"footnotes":"","jetpack_publicize_message":"","jetpack_publicize_feature_enabled":true,"jetpack_social_post_already_shared":true,"jetpack_social_options":{"image_generator_settings":{"template":"highway","default_image_id":0,"font":"","enabled":false},"version":2}},"categories":[29],"tags":[],"class_list":["post-66677","post","type-post","status-publish","format-standard","has-post-thumbnail","category-policiales"],"yoast_head":"<!-- This site is optimized with the Yoast SEO plugin v22.7 - https:\/\/yoast.com\/wordpress\/plugins\/seo\/ -->\n<title>Aprehendieron a un hombre que llevaba herramientas el\u00e9ctricas y atac\u00f3 a polic\u00edas - 103.9 fm<\/title>\n<meta name=\"robots\" content=\"index, follow, max-snippet:-1, max-image-preview:large, max-video-preview:-1\" \/>\n<link rel=\"canonical\" href=\"https:\/\/ondauno.com.ar\/index.php\/2026\/09\/05\/aprehendieron-a-un-hombre-que-llevaba-herramientas-electricas-y-ataco-a-policias\/\" \/>\n<meta property=\"og:locale\" content=\"es_ES\" \/>\n<meta property=\"og:type\" content=\"article\" \/>\n<meta property=\"og:title\" content=\"Aprehendieron a un hombre que llevaba herramientas el\u00e9ctricas y atac\u00f3 a polic\u00edas - 103.9 fm\" \/>\n<meta property=\"og:description\" content=\"Un hombre de 31 a\u00f1os fue aprehendido durante la madrugada del viernes en Tres Arroyos, luego de ser interceptado mientras caminaba por la v\u00eda p\u00fablica con varias herramientas el\u00e9ctricas cuya procedencia no pudo justificar. El procedimiento se realiz\u00f3 alrededor de las 5:20, en calle Rep\u00fablica del L\u00edbano al 200. Seg\u00fan inform\u00f3 la Polic\u00eda, al momento [&hellip;]\" \/>\n<meta property=\"og:url\" content=\"https:\/\/ondauno.com.ar\/index.php\/2026\/09\/05\/aprehendieron-a-un-hombre-que-llevaba-herramientas-electricas-y-ataco-a-policias\/\" \/>\n<meta property=\"og:site_name\" content=\"103.9 fm\" \/>\n<meta property=\"article:publisher\" content=\"https:\/\/www.facebook.com\/ondauno103.9\" \/>\n<meta property=\"article:published_time\" content=\"2026-09-05T16:21:06+00:00\" \/>\n<meta property=\"article:modified_time\" content=\"2026-09-05T16:21:10+00:00\" \/>\n<meta property=\"og:image\" content=\"http:\/\/ondauno.com.ar\/wp-content\/uploads\/2026\/09\/WhatsApp-Image-2026-09-04-at-08.55.46.jpeg\" \/>\n\t<meta property=\"og:image:width\" content=\"405\" \/>\n\t<meta property=\"og:image:height\" content=\"683\" \/>\n\t<meta property=\"og:image:type\" content=\"image\/jpeg\" \/>\n<meta name=\"author\" content=\"OndaUno\" \/>\n<meta name=\"twitter:card\" content=\"summary_large_image\" \/>\n<meta name=\"twitter:label1\" content=\"Escrito por\" \/>\n\t<meta name=\"twitter:data1\" content=\"OndaUno\" \/>\n\t<meta name=\"twitter:label2\" content=\"Tiempo de lectura\" \/>\n\t<meta name=\"twitter:data2\" content=\"1 minuto\" \/>\n<script type=\"application\/ld+json\" class=\"yoast-schema-graph\">{\"@context\":\"https:\/\/schema.org\",\"@graph\":[{\"@type\":\"WebPage\",\"@id\":\"https:\/\/ondauno.com.ar\/index.php\/2026\/09\/05\/aprehendieron-a-un-hombre-que-llevaba-herramientas-electricas-y-ataco-a-policias\/\",\"url\":\"https:\/\/ondauno.com.ar\/index.php\/2026\/09\/05\/aprehendieron-a-un-hombre-que-llevaba-herramientas-electricas-y-ataco-a-policias\/\",\"name\":\"Aprehendieron a un hombre que llevaba herramientas el\u00e9ctricas y atac\u00f3 a polic\u00edas - 103.9 fm\",\"isPartOf\":{\"@id\":\"https:\/\/ondauno.com.ar\/#website\"},\"primaryImageOfPage\":{\"@id\":\"https:\/\/ondauno.com.ar\/index.php\/2026\/09\/05\/aprehendieron-a-un-hombre-que-llevaba-herramientas-electricas-y-ataco-a-policias\/#primaryimage\"},\"image\":{\"@id\":\"https:\/\/ondauno.com.ar\/index.php\/2026\/09\/05\/aprehendieron-a-un-hombre-que-llevaba-herramientas-electricas-y-ataco-a-policias\/#primaryimage\"},\"thumbnailUrl\":\"https:\/\/ondauno.com.ar\/wp-content\/uploads\/2026\/09\/WhatsApp-Image-2026-09-04-at-08.55.46.jpeg\",\"datePublished\":\"2026-09-05T16:21:06+00:00\",\"dateModified\":\"2026-09-05T16:21:10+00:00\",\"author\":{\"@id\":\"https:\/\/ondauno.com.ar\/#\/schema\/person\/7ec851ddeceb4133d7d7132dc645714e\"},\"breadcrumb\":{\"@id\":\"https:\/\/ondauno.com.ar\/index.php\/2026\/09\/05\/aprehendieron-a-un-hombre-que-llevaba-herramientas-electricas-y-ataco-a-policias\/#breadcrumb\"},\"inLanguage\":\"es-AR\",\"potentialAction\":[{\"@type\":\"ReadAction\",\"target\":[\"https:\/\/ondauno.com.ar\/index.php\/2026\/09\/05\/aprehendieron-a-un-hombre-que-llevaba-herramientas-electricas-y-ataco-a-policias\/\"]}]},{\"@type\":\"ImageObject\",\"inLanguage\":\"es-AR\",\"@id\":\"https:\/\/ondauno.com.ar\/index.php\/2026\/09\/05\/aprehendieron-a-un-hombre-que-llevaba-herramientas-electricas-y-ataco-a-policias\/#primaryimage\",\"url\":\"https:\/\/ondauno.com.ar\/wp-content\/uploads\/2026\/09\/WhatsApp-Image-2026-09-04-at-08.55.46.jpeg\",\"contentUrl\":\"https:\/\/ondauno.com.ar\/wp-content\/uploads\/2026\/09\/WhatsApp-Image-2026-09-04-at-08.55.46.jpeg\",\"width\":405,\"height\":683},{\"@type\":\"BreadcrumbList\",\"@id\":\"https:\/\/ondauno.com.ar\/index.php\/2026\/09\/05\/aprehendieron-a-un-hombre-que-llevaba-herramientas-electricas-y-ataco-a-policias\/#breadcrumb\",\"itemListElement\":[{\"@type\":\"ListItem\",\"position\":1,\"name\":\"Inicio\",\"item\":\"https:\/\/ondauno.com.ar\/\"},{\"@type\":\"ListItem\",\"position\":2,\"name\":\"Aprehendieron a un hombre que llevaba herramientas el\u00e9ctricas y atac\u00f3 a polic\u00edas\"}]},{\"@type\":\"WebSite\",\"@id\":\"https:\/\/ondauno.com.ar\/#website\",\"url\":\"https:\/\/ondauno.com.ar\/\",\"name\":\"103.9 fm\",\"description\":\"LA PRIMERA RADIO MULTIMEDIA DE TRES ARROYOS\",\"potentialAction\":[{\"@type\":\"SearchAction\",\"target\":{\"@type\":\"EntryPoint\",\"urlTemplate\":\"https:\/\/ondauno.com.ar\/?s={search_term_string}\"},\"query-input\":\"required name=search_term_string\"}],\"inLanguage\":\"es-AR\"},{\"@type\":\"Person\",\"@id\":\"https:\/\/ondauno.com.ar\/#\/schema\/person\/7ec851ddeceb4133d7d7132dc645714e\",\"name\":\"OndaUno\",\"image\":{\"@type\":\"ImageObject\",\"inLanguage\":\"es-AR\",\"@id\":\"https:\/\/ondauno.com.ar\/#\/schema\/person\/image\/\",\"url\":\"https:\/\/secure.gravatar.com\/avatar\/ce07852b706fdc4c52eafcd1d057deb8d1afd64f0ae3f98db05c3620a77d42aa?s=96&d=mm&r=g\",\"contentUrl\":\"https:\/\/secure.gravatar.com\/avatar\/ce07852b706fdc4c52eafcd1d057deb8d1afd64f0ae3f98db05c3620a77d42aa?s=96&d=mm&r=g\",\"caption\":\"OndaUno\"},\"url\":\"https:\/\/ondauno.com.ar\/index.php\/author\/ondauno\/\"}]}<\/script>\n<!-- \/ Yoast SEO plugin. -->","yoast_head_json":{"title":"Aprehendieron a un hombre que llevaba herramientas el\u00e9ctricas y atac\u00f3 a polic\u00edas - 103.9 fm","robots":{"index":"index","follow":"follow","max-snippet":"max-snippet:-1","max-image-preview":"max-image-preview:large","max-video-preview":"max-video-preview:-1"},"canonical":"https:\/\/ondauno.com.ar\/index.php\/2026\/09\/05\/aprehendieron-a-un-hombre-que-llevaba-herramientas-electricas-y-ataco-a-policias\/","og_locale":"es_ES","og_type":"article","og_title":"Aprehendieron a un hombre que llevaba herramientas el\u00e9ctricas y atac\u00f3 a polic\u00edas - 103.9 fm","og_description":"Un hombre de 31 a\u00f1os fue aprehendido durante la madrugada del viernes en Tres Arroyos, luego de ser interceptado mientras caminaba por la v\u00eda p\u00fablica con varias herramientas el\u00e9ctricas cuya procedencia no pudo justificar. El procedimiento se realiz\u00f3 alrededor de las 5:20, en calle Rep\u00fablica del L\u00edbano al 200. Seg\u00fan inform\u00f3 la Polic\u00eda, al momento [&hellip;]","og_url":"https:\/\/ondauno.com.ar\/index.php\/2026\/09\/05\/aprehendieron-a-un-hombre-que-llevaba-herramientas-electricas-y-ataco-a-policias\/","og_site_name":"103.9 fm","article_publisher":"https:\/\/www.facebook.com\/ondauno103.9","article_published_time":"2026-09-05T16:21:06+00:00","article_modified_time":"2026-09-05T16:21:10+00:00","og_image":[{"width":405,"height":683,"url":"http:\/\/ondauno.com.ar\/wp-content\/uploads\/2026\/09\/WhatsApp-Image-2026-09-04-at-08.55.46.jpeg","type":"image\/jpeg"}],"author":"OndaUno","twitter_card":"summary_large_image","twitter_misc":{"Escrito por":"OndaUno","Tiempo de lectura":"1 minuto"},"schema":{"@context":"https:\/\/schema.org","@graph":[{"@type":"WebPage","@id":"https:\/\/ondauno.com.ar\/index.php\/2026\/09\/05\/aprehendieron-a-un-hombre-que-llevaba-herramientas-electricas-y-ataco-a-policias\/","url":"https:\/\/ondauno.com.ar\/index.php\/2026\/09\/05\/aprehendieron-a-un-hombre-que-llevaba-herramientas-electricas-y-ataco-a-policias\/","name":"Aprehendieron a un hombre que llevaba herramientas el\u00e9ctricas y atac\u00f3 a polic\u00edas - 103.9 fm","isPartOf":{"@id":"https:\/\/ondauno.com.ar\/#website"},"primaryImageOfPage":{"@id":"https:\/\/ondauno.com.ar\/index.php\/2026\/09\/05\/aprehendieron-a-un-hombre-que-llevaba-herramientas-electricas-y-ataco-a-policias\/#primaryimage"},"image":{"@id":"https:\/\/ondauno.com.ar\/index.php\/2026\/09\/05\/aprehendieron-a-un-hombre-que-llevaba-herramientas-electricas-y-ataco-a-policias\/#primaryimage"},"thumbnailUrl":"https:\/\/ondauno.com.ar\/wp-content\/uploads\/2026\/09\/WhatsApp-Image-2026-09-04-at-08.55.46.jpeg","datePublished":"2026-09-05T16:21:06+00:00","dateModified":"2026-09-05T16:21:10+00:00","author":{"@id":"https:\/\/ondauno.com.ar\/#\/schema\/person\/7ec851ddeceb4133d7d7132dc645714e"},"breadcrumb":{"@id":"https:\/\/ondauno.com.ar\/index.php\/2026\/09\/05\/aprehendieron-a-un-hombre-que-llevaba-herramientas-electricas-y-ataco-a-policias\/#breadcrumb"},"inLanguage":"es-AR","potentialAction":[{"@type":"ReadAction","target":["https:\/\/ondauno.com.ar\/index.php\/2026\/09\/05\/aprehendieron-a-un-hombre-que-llevaba-herramientas-electricas-y-ataco-a-policias\/"]}]},{"@type":"ImageObject","inLanguage":"es-AR","@id":"https:\/\/ondauno.com.ar\/index.php\/2026\/09\/05\/aprehendieron-a-un-hombre-que-llevaba-herramientas-electricas-y-ataco-a-policias\/#primaryimage","url":"https:\/\/ondauno.com.ar\/wp-content\/uploads\/2026\/09\/WhatsApp-Image-2026-09-04-at-08.55.46.jpeg","contentUrl":"https:\/\/ondauno.com.ar\/wp-content\/uploads\/2026\/09\/WhatsApp-Image-2026-09-04-at-08.55.46.jpeg","width":405,"height":683},{"@type":"BreadcrumbList","@id":"https:\/\/ondauno.com.ar\/index.php\/2026\/09\/05\/aprehendieron-a-un-hombre-que-llevaba-herramientas-electricas-y-ataco-a-policias\/#breadcrumb","itemListElement":[{"@type":"ListItem","position":1,"name":"Inicio","item":"https:\/\/ondauno.com.ar\/"},{"@type":"ListItem","position":2,"name":"Aprehendieron a un hombre que llevaba herramientas el\u00e9ctricas y atac\u00f3 a polic\u00edas"}]},{"@type":"WebSite","@id":"https:\/\/ondauno.com.ar\/#website","url":"https:\/\/ondauno.com.ar\/","name":"103.9 fm","description":"LA PRIMERA RADIO MULTIMEDIA DE TRES ARROYOS","potentialAction":[{"@type":"SearchAction","target":{"@type":"EntryPoint","urlTemplate":"https:\/\/ondauno.com.ar\/?s={search_term_string}"},"query-input":"required name=search_term_string"}],"inLanguage":"es-AR"},{"@type":"Person","@id":"https:\/\/ondauno.com.ar\/#\/schema\/person\/7ec851ddeceb4133d7d7132dc645714e","name":"OndaUno","image":{"@type":"ImageObject","inLanguage":"es-AR","@id":"https:\/\/ondauno.com.ar\/#\/schema\/person\/image\/","url":"https:\/\/secure.gravatar.com\/avatar\/ce07852b706fdc4c52eafcd1d057deb8d1afd64f0ae3f98db05c3620a77d42aa?s=96&d=mm&r=g","contentUrl":"https:\/\/secure.gravatar.com\/avatar\/ce07852b706fdc4c52eafcd1d057deb8d1afd64f0ae3f98db05c3620a77d42aa?s=96&d=mm&r=g","caption":"OndaUno"},"url":"https:\/\/ondauno.com.ar\/index.php\/author\/ondauno\/"}]}},"jetpack_publicize_connections":[],"jetpack_featured_media_url":"https:\/\/ondauno.com.ar\/wp-content\/uploads\/2026\/09\/WhatsApp-Image-2026-09-04-at-08.55.46.jpeg","jetpack_sharing_enabled":true,"_links":{"self":[{"href":"https:\/\/ondauno.com.ar\/index.php\/wp-json\/wp\/v2\/posts\/66677","targetHints":{"allow":["GET"]}}],"collection":[{"href":"https:\/\/ondauno.com.ar\/index.php\/wp-json\/wp\/v2\/posts"}],"about":[{"href":"https:\/\/ondauno.com.ar\/index.php\/wp-json\/wp\/v2\/types\/post"}],"author":[{"embeddable":true,"href":"https:\/\/ondauno.com.ar\/index.php\/wp-json\/wp\/v2\/users\/1"}],"replies":[{"embeddable":true,"href":"https:\/\/ondauno.com.ar\/index.php\/wp-json\/wp\/v2\/comments?post=66677"}],"version-history":[{"count":1,"href":"https:\/\/ondauno.com.ar\/index.php\/wp-json\/wp\/v2\/posts\/66677\/revisions"}],"predecessor-version":[{"id":66680,"href":"https:\/\/ondauno.com.ar\/index.php\/wp-json\/wp\/v2\/posts\/66677\/revisions\/66680"}],"wp:featuredmedia":[{"embeddable":true,"href":"https:\/\/ondauno.com.ar\/index.php\/wp-json\/wp\/v2\/media\/66678"}],"wp:attachment":[{"href":"https:\/\/ondauno.com.ar\/index.php\/wp-json\/wp\/v2\/media?parent=66677"}],"wp:term":[{"taxonomy":"category","embeddable":true,"href":"https:\/\/ondauno.com.ar\/index.php\/wp-json\/wp\/v2\/categories?post=66677"},{"taxonomy":"post_tag","embeddable":true,"href":"https:\/\/ondauno.com.ar\/index.php\/wp-json\/wp\/v2\/tags?post=66677"}],"curies":[{"name":"wp","href":"https:\/\/api.w.org\/{rel}","templated":true}]}}