{"id":66666,"date":"2026-09-03T20:45:39","date_gmt":"2026-09-03T23:45:39","guid":{"rendered":"https:\/\/ondauno.com.ar\/?p=66666"},"modified":"2026-09-03T20:45:42","modified_gmt":"2026-09-03T23:45:42","slug":"garate-cuestiono-a-la-oposicion-por-no-acompanar-el-proyecto-de-viviendas-para-policias","status":"publish","type":"post","link":"https:\/\/ondauno.com.ar\/index.php\/2026\/09\/03\/garate-cuestiono-a-la-oposicion-por-no-acompanar-el-proyecto-de-viviendas-para-policias\/","title":{"rendered":"Garate cuestion\u00f3 a la oposici\u00f3n por no acompa\u00f1ar el proyecto de viviendas para polic\u00edas"},"content":{"rendered":"<div class=\"ondau-before-content_3\" style=\"margin-top: -30px;\" id=\"ondau-3281452035\"><a href=\"https:\/\/www.lps.com.ar\/\" aria-label=\"la-perse2\"><img loading=\"lazy\" decoding=\"async\" src=\"https:\/\/ondauno.com.ar\/wp-content\/uploads\/2021\/10\/la-perse2.jpg\" alt=\"\"  srcset=\"https:\/\/ondauno.com.ar\/wp-content\/uploads\/2021\/10\/la-perse2.jpg 1353w, https:\/\/ondauno.com.ar\/wp-content\/uploads\/2021\/10\/la-perse2-300x43.jpg 300w, https:\/\/ondauno.com.ar\/wp-content\/uploads\/2021\/10\/la-perse2-1024x148.jpg 1024w, https:\/\/ondauno.com.ar\/wp-content\/uploads\/2021\/10\/la-perse2-768x111.jpg 768w, https:\/\/ondauno.com.ar\/wp-content\/uploads\/2021\/10\/la-perse2-696x100.jpg 696w, https:\/\/ondauno.com.ar\/wp-content\/uploads\/2021\/10\/la-perse2-1068x154.jpg 1068w\" sizes=\"(max-width: 1353px) 100vw, 1353px\" class=\"no-lazyload\" width=\"1353\" height=\"195\"  style=\"display: inline-block;\" \/><\/a><\/div>\n<p class=\"wp-block-paragraph\">El Intendente, mediante un comunicado, reflej\u00f3 su disconformidad con Concejales de la oposici\u00f3n por no acompa\u00f1ar el avance de 10 viviendas para polic\u00edas de Tres Arroyos<\/p>\n\n\n\n<p class=\"wp-block-paragraph\"><strong><em>Aqu\u00ed abajo el comunicado completo<\/em><\/strong><\/p>\n\n\n\n<p class=\"wp-block-paragraph\">Hoy concejales de la oposici\u00f3n siguieron metiendo palos en la rueda, en vez de priorizar a Tres Arroyos.<\/p>\n\n\n\n<p class=\"wp-block-paragraph\">Hace m\u00e1s de un a\u00f1o que venimos gestionando con la Caja de Retiros de la Polic\u00eda de la Provincia estas 10 viviendas para polic\u00edas de Tres Arroyos. En mayo de 2025 firmamos el convenio y seguimos trabajando hasta conseguir algo fundamental, los $680 millones para construirlas.<\/p>\n\n\n\n<p class=\"wp-block-paragraph\">El Municipio pone los terrenos.<br>La Caja de Polic\u00edas pone el financiamiento.<br>Y diez familias que hoy alquilan podr\u00edan tener, por fin, su casa propia.<\/p>\n\n\n\n<p class=\"wp-block-paragraph\">Parte de nuestra pol\u00edtica de Seguridad es que queremos que los Polic\u00edas tresarroyenses, trabajen y vivan ac\u00e1, en su ciudad.<\/p>\n\n\n\n<p class=\"wp-block-paragraph\">Hoy en el Concejo Deliberante se decidi\u00f3 rechazar el tratamiento que nos permit\u00eda avanzar.<\/p>\n\n\n\n<p class=\"wp-block-paragraph\">Yo me pregunto \u00bfqu\u00e9 est\u00e1n rechazando?<\/p>\n\n\n\n<p class=\"wp-block-paragraph\">No est\u00e1n rechazando un gasto del municipio.<br>No est\u00e1n rechazando dinero de los vecinos.<\/p>\n\n\n\n<p class=\"wp-block-paragraph\">Est\u00e1n rechazando que 10 familias de polic\u00edas puedan dejar de pagar un alquiler y empezar a construir su hogar definitivo. Ac\u00e1 en Tres Arroyos.<\/p>\n\n\n\n<p class=\"wp-block-paragraph\">Mientras tanto, algunos concejales cuestionan permanentemente y piden m\u00e1s seguridad, mientras reclamamos m\u00e1s polic\u00edas, m\u00e1s recursos y m\u00e1s presencia policial en nuestras calles, hoy no acompa\u00f1an una mejora en la vida de nuestros polic\u00edas y sus familias.<\/p>\n\n\n\n<p class=\"wp-block-paragraph\">Nosotros apoyamos y acompa\u00f1amos a quienes tienen la responsabilidad de cuidarnos y quienes d\u00eda a d\u00eda ponen en riesgo su vida.<\/p>\n\n\n\n<p class=\"wp-block-paragraph\">Si queremos m\u00e1s seguridad, m\u00e1s pol\u00edcias en nuestras calles, un Tres Arroyos tranquilo, lo que hicieron es un paso para atr\u00e1s.<\/p>\n\n\n\n<p class=\"wp-block-paragraph\">Podemos discutir muchas cosas. Podemos tener diferencias pol\u00edticas. Pero hay cosas que deber\u00edan estar por encima de esas diferencias.<\/p>\n\n\n\n<p class=\"wp-block-paragraph\">La seguridad est\u00e1 por encima de las diferencias.<br>La vivienda para nuestros vecinos est\u00e1 por encima de las diferencias.<\/p>\n\n\n\n<p class=\"wp-block-paragraph\">Voy a seguir gestionando para que estas viviendas se hagan.<\/p>\n","protected":false},"excerpt":{"rendered":"<p>El Intendente, mediante un comunicado, reflej\u00f3 su disconformidad con Concejales de la oposici\u00f3n por no acompa\u00f1ar el avance de 10 viviendas para polic\u00edas de Tres Arroyos Aqu\u00ed abajo el comunicado completo Hoy concejales de la oposici\u00f3n siguieron metiendo palos en la rueda, en vez de priorizar a Tres Arroyos. Hace m\u00e1s de un a\u00f1o que [&hellip;]<\/p>\n","protected":false},"author":1,"featured_media":20825,"comment_status":"open","ping_status":"open","sticky":false,"template":"","format":"standard","meta":{"tdm_status":"","tdm_grid_status":"","_jetpack_memberships_contains_paid_content":false,"footnotes":"","jetpack_publicize_message":"","jetpack_publicize_feature_enabled":true,"jetpack_social_post_already_shared":true,"jetpack_social_options":{"image_generator_settings":{"template":"highway","default_image_id":0,"font":"","enabled":false},"version":2}},"categories":[2],"tags":[],"class_list":["post-66666","post","type-post","status-publish","format-standard","has-post-thumbnail","category-locales"],"yoast_head":"<!-- This site is optimized with the Yoast SEO plugin v22.7 - https:\/\/yoast.com\/wordpress\/plugins\/seo\/ -->\n<title>Garate cuestion\u00f3 a la oposici\u00f3n por no acompa\u00f1ar el proyecto de viviendas para polic\u00edas - 103.9 fm<\/title>\n<meta name=\"robots\" content=\"index, follow, max-snippet:-1, max-image-preview:large, max-video-preview:-1\" \/>\n<link rel=\"canonical\" href=\"https:\/\/ondauno.com.ar\/index.php\/2026\/09\/03\/garate-cuestiono-a-la-oposicion-por-no-acompanar-el-proyecto-de-viviendas-para-policias\/\" \/>\n<meta property=\"og:locale\" content=\"es_ES\" \/>\n<meta property=\"og:type\" content=\"article\" \/>\n<meta property=\"og:title\" content=\"Garate cuestion\u00f3 a la oposici\u00f3n por no acompa\u00f1ar el proyecto de viviendas para polic\u00edas - 103.9 fm\" \/>\n<meta property=\"og:description\" content=\"El Intendente, mediante un comunicado, reflej\u00f3 su disconformidad con Concejales de la oposici\u00f3n por no acompa\u00f1ar el avance de 10 viviendas para polic\u00edas de Tres Arroyos Aqu\u00ed abajo el comunicado completo Hoy concejales de la oposici\u00f3n siguieron metiendo palos en la rueda, en vez de priorizar a Tres Arroyos. Hace m\u00e1s de un a\u00f1o que [&hellip;]\" \/>\n<meta property=\"og:url\" content=\"https:\/\/ondauno.com.ar\/index.php\/2026\/09\/03\/garate-cuestiono-a-la-oposicion-por-no-acompanar-el-proyecto-de-viviendas-para-policias\/\" \/>\n<meta property=\"og:site_name\" content=\"103.9 fm\" \/>\n<meta property=\"article:publisher\" content=\"https:\/\/www.facebook.com\/ondauno103.9\" \/>\n<meta property=\"article:published_time\" content=\"2026-09-03T23:45:39+00:00\" \/>\n<meta property=\"article:modified_time\" content=\"2026-09-03T23:45:42+00:00\" \/>\n<meta property=\"og:image\" content=\"http:\/\/ondauno.com.ar\/wp-content\/uploads\/2020\/12\/pablo-Garate.jpeg\" \/>\n\t<meta property=\"og:image:width\" content=\"718\" \/>\n\t<meta property=\"og:image:height\" content=\"594\" \/>\n\t<meta property=\"og:image:type\" content=\"image\/jpeg\" \/>\n<meta name=\"author\" content=\"OndaUno\" \/>\n<meta name=\"twitter:card\" content=\"summary_large_image\" \/>\n<meta name=\"twitter:label1\" content=\"Escrito por\" \/>\n\t<meta name=\"twitter:data1\" content=\"OndaUno\" \/>\n\t<meta name=\"twitter:label2\" content=\"Tiempo de lectura\" \/>\n\t<meta name=\"twitter:data2\" content=\"2 minutos\" \/>\n<script type=\"application\/ld+json\" class=\"yoast-schema-graph\">{\"@context\":\"https:\/\/schema.org\",\"@graph\":[{\"@type\":\"WebPage\",\"@id\":\"https:\/\/ondauno.com.ar\/index.php\/2026\/09\/03\/garate-cuestiono-a-la-oposicion-por-no-acompanar-el-proyecto-de-viviendas-para-policias\/\",\"url\":\"https:\/\/ondauno.com.ar\/index.php\/2026\/09\/03\/garate-cuestiono-a-la-oposicion-por-no-acompanar-el-proyecto-de-viviendas-para-policias\/\",\"name\":\"Garate cuestion\u00f3 a la oposici\u00f3n por no acompa\u00f1ar el proyecto de viviendas para polic\u00edas - 103.9 fm\",\"isPartOf\":{\"@id\":\"https:\/\/ondauno.com.ar\/#website\"},\"primaryImageOfPage\":{\"@id\":\"https:\/\/ondauno.com.ar\/index.php\/2026\/09\/03\/garate-cuestiono-a-la-oposicion-por-no-acompanar-el-proyecto-de-viviendas-para-policias\/#primaryimage\"},\"image\":{\"@id\":\"https:\/\/ondauno.com.ar\/index.php\/2026\/09\/03\/garate-cuestiono-a-la-oposicion-por-no-acompanar-el-proyecto-de-viviendas-para-policias\/#primaryimage\"},\"thumbnailUrl\":\"https:\/\/ondauno.com.ar\/wp-content\/uploads\/2020\/12\/pablo-Garate.jpeg\",\"datePublished\":\"2026-09-03T23:45:39+00:00\",\"dateModified\":\"2026-09-03T23:45:42+00:00\",\"author\":{\"@id\":\"https:\/\/ondauno.com.ar\/#\/schema\/person\/7ec851ddeceb4133d7d7132dc645714e\"},\"breadcrumb\":{\"@id\":\"https:\/\/ondauno.com.ar\/index.php\/2026\/09\/03\/garate-cuestiono-a-la-oposicion-por-no-acompanar-el-proyecto-de-viviendas-para-policias\/#breadcrumb\"},\"inLanguage\":\"es-AR\",\"potentialAction\":[{\"@type\":\"ReadAction\",\"target\":[\"https:\/\/ondauno.com.ar\/index.php\/2026\/09\/03\/garate-cuestiono-a-la-oposicion-por-no-acompanar-el-proyecto-de-viviendas-para-policias\/\"]}]},{\"@type\":\"ImageObject\",\"inLanguage\":\"es-AR\",\"@id\":\"https:\/\/ondauno.com.ar\/index.php\/2026\/09\/03\/garate-cuestiono-a-la-oposicion-por-no-acompanar-el-proyecto-de-viviendas-para-policias\/#primaryimage\",\"url\":\"https:\/\/ondauno.com.ar\/wp-content\/uploads\/2020\/12\/pablo-Garate.jpeg\",\"contentUrl\":\"https:\/\/ondauno.com.ar\/wp-content\/uploads\/2020\/12\/pablo-Garate.jpeg\",\"width\":718,\"height\":594},{\"@type\":\"BreadcrumbList\",\"@id\":\"https:\/\/ondauno.com.ar\/index.php\/2026\/09\/03\/garate-cuestiono-a-la-oposicion-por-no-acompanar-el-proyecto-de-viviendas-para-policias\/#breadcrumb\",\"itemListElement\":[{\"@type\":\"ListItem\",\"position\":1,\"name\":\"Inicio\",\"item\":\"https:\/\/ondauno.com.ar\/\"},{\"@type\":\"ListItem\",\"position\":2,\"name\":\"Garate cuestion\u00f3 a la oposici\u00f3n por no acompa\u00f1ar el proyecto de viviendas para polic\u00edas\"}]},{\"@type\":\"WebSite\",\"@id\":\"https:\/\/ondauno.com.ar\/#website\",\"url\":\"https:\/\/ondauno.com.ar\/\",\"name\":\"103.9 fm\",\"description\":\"LA PRIMERA RADIO MULTIMEDIA DE TRES ARROYOS\",\"potentialAction\":[{\"@type\":\"SearchAction\",\"target\":{\"@type\":\"EntryPoint\",\"urlTemplate\":\"https:\/\/ondauno.com.ar\/?s={search_term_string}\"},\"query-input\":\"required name=search_term_string\"}],\"inLanguage\":\"es-AR\"},{\"@type\":\"Person\",\"@id\":\"https:\/\/ondauno.com.ar\/#\/schema\/person\/7ec851ddeceb4133d7d7132dc645714e\",\"name\":\"OndaUno\",\"image\":{\"@type\":\"ImageObject\",\"inLanguage\":\"es-AR\",\"@id\":\"https:\/\/ondauno.com.ar\/#\/schema\/person\/image\/\",\"url\":\"https:\/\/secure.gravatar.com\/avatar\/ce07852b706fdc4c52eafcd1d057deb8d1afd64f0ae3f98db05c3620a77d42aa?s=96&d=mm&r=g\",\"contentUrl\":\"https:\/\/secure.gravatar.com\/avatar\/ce07852b706fdc4c52eafcd1d057deb8d1afd64f0ae3f98db05c3620a77d42aa?s=96&d=mm&r=g\",\"caption\":\"OndaUno\"},\"url\":\"https:\/\/ondauno.com.ar\/index.php\/author\/ondauno\/\"}]}<\/script>\n<!-- \/ Yoast SEO plugin. -->","yoast_head_json":{"title":"Garate cuestion\u00f3 a la oposici\u00f3n por no acompa\u00f1ar el proyecto de viviendas para polic\u00edas - 103.9 fm","robots":{"index":"index","follow":"follow","max-snippet":"max-snippet:-1","max-image-preview":"max-image-preview:large","max-video-preview":"max-video-preview:-1"},"canonical":"https:\/\/ondauno.com.ar\/index.php\/2026\/09\/03\/garate-cuestiono-a-la-oposicion-por-no-acompanar-el-proyecto-de-viviendas-para-policias\/","og_locale":"es_ES","og_type":"article","og_title":"Garate cuestion\u00f3 a la oposici\u00f3n por no acompa\u00f1ar el proyecto de viviendas para polic\u00edas - 103.9 fm","og_description":"El Intendente, mediante un comunicado, reflej\u00f3 su disconformidad con Concejales de la oposici\u00f3n por no acompa\u00f1ar el avance de 10 viviendas para polic\u00edas de Tres Arroyos Aqu\u00ed abajo el comunicado completo Hoy concejales de la oposici\u00f3n siguieron metiendo palos en la rueda, en vez de priorizar a Tres Arroyos. Hace m\u00e1s de un a\u00f1o que [&hellip;]","og_url":"https:\/\/ondauno.com.ar\/index.php\/2026\/09\/03\/garate-cuestiono-a-la-oposicion-por-no-acompanar-el-proyecto-de-viviendas-para-policias\/","og_site_name":"103.9 fm","article_publisher":"https:\/\/www.facebook.com\/ondauno103.9","article_published_time":"2026-09-03T23:45:39+00:00","article_modified_time":"2026-09-03T23:45:42+00:00","og_image":[{"width":718,"height":594,"url":"http:\/\/ondauno.com.ar\/wp-content\/uploads\/2020\/12\/pablo-Garate.jpeg","type":"image\/jpeg"}],"author":"OndaUno","twitter_card":"summary_large_image","twitter_misc":{"Escrito por":"OndaUno","Tiempo de lectura":"2 minutos"},"schema":{"@context":"https:\/\/schema.org","@graph":[{"@type":"WebPage","@id":"https:\/\/ondauno.com.ar\/index.php\/2026\/09\/03\/garate-cuestiono-a-la-oposicion-por-no-acompanar-el-proyecto-de-viviendas-para-policias\/","url":"https:\/\/ondauno.com.ar\/index.php\/2026\/09\/03\/garate-cuestiono-a-la-oposicion-por-no-acompanar-el-proyecto-de-viviendas-para-policias\/","name":"Garate cuestion\u00f3 a la oposici\u00f3n por no acompa\u00f1ar el proyecto de viviendas para polic\u00edas - 103.9 fm","isPartOf":{"@id":"https:\/\/ondauno.com.ar\/#website"},"primaryImageOfPage":{"@id":"https:\/\/ondauno.com.ar\/index.php\/2026\/09\/03\/garate-cuestiono-a-la-oposicion-por-no-acompanar-el-proyecto-de-viviendas-para-policias\/#primaryimage"},"image":{"@id":"https:\/\/ondauno.com.ar\/index.php\/2026\/09\/03\/garate-cuestiono-a-la-oposicion-por-no-acompanar-el-proyecto-de-viviendas-para-policias\/#primaryimage"},"thumbnailUrl":"https:\/\/ondauno.com.ar\/wp-content\/uploads\/2020\/12\/pablo-Garate.jpeg","datePublished":"2026-09-03T23:45:39+00:00","dateModified":"2026-09-03T23:45:42+00:00","author":{"@id":"https:\/\/ondauno.com.ar\/#\/schema\/person\/7ec851ddeceb4133d7d7132dc645714e"},"breadcrumb":{"@id":"https:\/\/ondauno.com.ar\/index.php\/2026\/09\/03\/garate-cuestiono-a-la-oposicion-por-no-acompanar-el-proyecto-de-viviendas-para-policias\/#breadcrumb"},"inLanguage":"es-AR","potentialAction":[{"@type":"ReadAction","target":["https:\/\/ondauno.com.ar\/index.php\/2026\/09\/03\/garate-cuestiono-a-la-oposicion-por-no-acompanar-el-proyecto-de-viviendas-para-policias\/"]}]},{"@type":"ImageObject","inLanguage":"es-AR","@id":"https:\/\/ondauno.com.ar\/index.php\/2026\/09\/03\/garate-cuestiono-a-la-oposicion-por-no-acompanar-el-proyecto-de-viviendas-para-policias\/#primaryimage","url":"https:\/\/ondauno.com.ar\/wp-content\/uploads\/2020\/12\/pablo-Garate.jpeg","contentUrl":"https:\/\/ondauno.com.ar\/wp-content\/uploads\/2020\/12\/pablo-Garate.jpeg","width":718,"height":594},{"@type":"BreadcrumbList","@id":"https:\/\/ondauno.com.ar\/index.php\/2026\/09\/03\/garate-cuestiono-a-la-oposicion-por-no-acompanar-el-proyecto-de-viviendas-para-policias\/#breadcrumb","itemListElement":[{"@type":"ListItem","position":1,"name":"Inicio","item":"https:\/\/ondauno.com.ar\/"},{"@type":"ListItem","position":2,"name":"Garate cuestion\u00f3 a la oposici\u00f3n por no acompa\u00f1ar el proyecto de viviendas para polic\u00edas"}]},{"@type":"WebSite","@id":"https:\/\/ondauno.com.ar\/#website","url":"https:\/\/ondauno.com.ar\/","name":"103.9 fm","description":"LA PRIMERA RADIO MULTIMEDIA DE TRES ARROYOS","potentialAction":[{"@type":"SearchAction","target":{"@type":"EntryPoint","urlTemplate":"https:\/\/ondauno.com.ar\/?s={search_term_string}"},"query-input":"required name=search_term_string"}],"inLanguage":"es-AR"},{"@type":"Person","@id":"https:\/\/ondauno.com.ar\/#\/schema\/person\/7ec851ddeceb4133d7d7132dc645714e","name":"OndaUno","image":{"@type":"ImageObject","inLanguage":"es-AR","@id":"https:\/\/ondauno.com.ar\/#\/schema\/person\/image\/","url":"https:\/\/secure.gravatar.com\/avatar\/ce07852b706fdc4c52eafcd1d057deb8d1afd64f0ae3f98db05c3620a77d42aa?s=96&d=mm&r=g","contentUrl":"https:\/\/secure.gravatar.com\/avatar\/ce07852b706fdc4c52eafcd1d057deb8d1afd64f0ae3f98db05c3620a77d42aa?s=96&d=mm&r=g","caption":"OndaUno"},"url":"https:\/\/ondauno.com.ar\/index.php\/author\/ondauno\/"}]}},"jetpack_publicize_connections":[],"jetpack_featured_media_url":"https:\/\/ondauno.com.ar\/wp-content\/uploads\/2020\/12\/pablo-Garate.jpeg","jetpack_sharing_enabled":true,"_links":{"self":[{"href":"https:\/\/ondauno.com.ar\/index.php\/wp-json\/wp\/v2\/posts\/66666","targetHints":{"allow":["GET"]}}],"collection":[{"href":"https:\/\/ondauno.com.ar\/index.php\/wp-json\/wp\/v2\/posts"}],"about":[{"href":"https:\/\/ondauno.com.ar\/index.php\/wp-json\/wp\/v2\/types\/post"}],"author":[{"embeddable":true,"href":"https:\/\/ondauno.com.ar\/index.php\/wp-json\/wp\/v2\/users\/1"}],"replies":[{"embeddable":true,"href":"https:\/\/ondauno.com.ar\/index.php\/wp-json\/wp\/v2\/comments?post=66666"}],"version-history":[{"count":1,"href":"https:\/\/ondauno.com.ar\/index.php\/wp-json\/wp\/v2\/posts\/66666\/revisions"}],"predecessor-version":[{"id":66667,"href":"https:\/\/ondauno.com.ar\/index.php\/wp-json\/wp\/v2\/posts\/66666\/revisions\/66667"}],"wp:featuredmedia":[{"embeddable":true,"href":"https:\/\/ondauno.com.ar\/index.php\/wp-json\/wp\/v2\/media\/20825"}],"wp:attachment":[{"href":"https:\/\/ondauno.com.ar\/index.php\/wp-json\/wp\/v2\/media?parent=66666"}],"wp:term":[{"taxonomy":"category","embeddable":true,"href":"https:\/\/ondauno.com.ar\/index.php\/wp-json\/wp\/v2\/categories?post=66666"},{"taxonomy":"post_tag","embeddable":true,"href":"https:\/\/ondauno.com.ar\/index.php\/wp-json\/wp\/v2\/tags?post=66666"}],"curies":[{"name":"wp","href":"https:\/\/api.w.org\/{rel}","templated":true}]}}