{"id":66660,"date":"2026-09-03T19:50:00","date_gmt":"2026-09-03T22:50:00","guid":{"rendered":"https:\/\/ondauno.com.ar\/?p=66660"},"modified":"2026-09-03T19:58:49","modified_gmt":"2026-09-03T22:58:49","slug":"aviso-a-la-comunidad-actividad-programada-de-los-servicios-de-emergencia","status":"publish","type":"post","link":"https:\/\/ondauno.com.ar\/index.php\/2026\/09\/03\/aviso-a-la-comunidad-actividad-programada-de-los-servicios-de-emergencia\/","title":{"rendered":"Aviso a la comunidad: actividad programada de los servicios de emergencia"},"content":{"rendered":"<div class=\"ondau-before-content_3\" style=\"margin-top: -30px;\" id=\"ondau-1534970152\"><a href=\"https:\/\/www.lps.com.ar\/\" aria-label=\"la-perse2\"><img loading=\"lazy\" decoding=\"async\" src=\"https:\/\/ondauno.com.ar\/wp-content\/uploads\/2021\/10\/la-perse2.jpg\" alt=\"\"  srcset=\"https:\/\/ondauno.com.ar\/wp-content\/uploads\/2021\/10\/la-perse2.jpg 1353w, https:\/\/ondauno.com.ar\/wp-content\/uploads\/2021\/10\/la-perse2-300x43.jpg 300w, https:\/\/ondauno.com.ar\/wp-content\/uploads\/2021\/10\/la-perse2-1024x148.jpg 1024w, https:\/\/ondauno.com.ar\/wp-content\/uploads\/2021\/10\/la-perse2-768x111.jpg 768w, https:\/\/ondauno.com.ar\/wp-content\/uploads\/2021\/10\/la-perse2-696x100.jpg 696w, https:\/\/ondauno.com.ar\/wp-content\/uploads\/2021\/10\/la-perse2-1068x154.jpg 1068w\" sizes=\"(max-width: 1353px) 100vw, 1353px\" class=\"no-lazyload\" width=\"1353\" height=\"195\"  style=\"display: inline-block;\" \/><\/a><\/div>\n<p class=\"wp-block-paragraph\">Se informa a los medios de comunicaci\u00f3n y a la comunidad que ma\u00f1ana, durante la media ma\u00f1ana, se realizar\u00e1 una capacitaci\u00f3n programada en la que participar\u00e1n los distintos servicios de emergencia.<\/p>\n\n\n\n<p class=\"wp-block-paragraph\">Esta actividad tiene como objetivo mejorar los tiempos de respuesta, fortalecer la coordinaci\u00f3n entre los equipos intervinientes y optimizar los procedimientos ante posibles situaciones de emergencia.<\/p>\n\n\n\n<p class=\"wp-block-paragraph\">Durante su desarrollo podr\u00e1 observarse movimiento de veh\u00edculos y personal de los diferentes servicios. Por este motivo, solicitamos a los vecinos que no se alarmen: no se trata de una emergencia real, sino de un procedimiento previamente planificado y controlado.<\/p>\n\n\n\n<p class=\"wp-block-paragraph\">Estas instancias de capacitaci\u00f3n son fundamentales para garantizar una respuesta m\u00e1s r\u00e1pida, organizada y eficiente ante cualquier situaci\u00f3n que pueda requerir la intervenci\u00f3n de los equipos de emergencia.<\/p>\n","protected":false},"excerpt":{"rendered":"<p>Se informa a los medios de comunicaci\u00f3n y a la comunidad que ma\u00f1ana, durante la media ma\u00f1ana, se realizar\u00e1 una capacitaci\u00f3n programada en la que participar\u00e1n los distintos servicios de emergencia. Esta actividad tiene como objetivo mejorar los tiempos de respuesta, fortalecer la coordinaci\u00f3n entre los equipos intervinientes y optimizar los procedimientos ante posibles situaciones [&hellip;]<\/p>\n","protected":false},"author":1,"featured_media":27123,"comment_status":"open","ping_status":"open","sticky":false,"template":"","format":"standard","meta":{"tdm_status":"","tdm_grid_status":"","_jetpack_memberships_contains_paid_content":false,"footnotes":"","jetpack_publicize_message":"","jetpack_publicize_feature_enabled":true,"jetpack_social_post_already_shared":true,"jetpack_social_options":{"image_generator_settings":{"template":"highway","default_image_id":0,"font":"","enabled":false},"version":2}},"categories":[2],"tags":[],"class_list":["post-66660","post","type-post","status-publish","format-standard","has-post-thumbnail","category-locales"],"yoast_head":"<!-- This site is optimized with the Yoast SEO plugin v22.7 - https:\/\/yoast.com\/wordpress\/plugins\/seo\/ -->\n<title>Aviso a la comunidad: actividad programada de los servicios de emergencia - 103.9 fm<\/title>\n<meta name=\"robots\" content=\"index, follow, max-snippet:-1, max-image-preview:large, max-video-preview:-1\" \/>\n<link rel=\"canonical\" href=\"https:\/\/ondauno.com.ar\/index.php\/2026\/09\/03\/aviso-a-la-comunidad-actividad-programada-de-los-servicios-de-emergencia\/\" \/>\n<meta property=\"og:locale\" content=\"es_ES\" \/>\n<meta property=\"og:type\" content=\"article\" \/>\n<meta property=\"og:title\" content=\"Aviso a la comunidad: actividad programada de los servicios de emergencia - 103.9 fm\" \/>\n<meta property=\"og:description\" content=\"Se informa a los medios de comunicaci\u00f3n y a la comunidad que ma\u00f1ana, durante la media ma\u00f1ana, se realizar\u00e1 una capacitaci\u00f3n programada en la que participar\u00e1n los distintos servicios de emergencia. Esta actividad tiene como objetivo mejorar los tiempos de respuesta, fortalecer la coordinaci\u00f3n entre los equipos intervinientes y optimizar los procedimientos ante posibles situaciones [&hellip;]\" \/>\n<meta property=\"og:url\" content=\"https:\/\/ondauno.com.ar\/index.php\/2026\/09\/03\/aviso-a-la-comunidad-actividad-programada-de-los-servicios-de-emergencia\/\" \/>\n<meta property=\"og:site_name\" content=\"103.9 fm\" \/>\n<meta property=\"article:publisher\" content=\"https:\/\/www.facebook.com\/ondauno103.9\" \/>\n<meta property=\"article:published_time\" content=\"2026-09-03T22:50:00+00:00\" \/>\n<meta property=\"article:modified_time\" content=\"2026-09-03T22:58:49+00:00\" \/>\n<meta property=\"og:image\" content=\"http:\/\/ondauno.com.ar\/wp-content\/uploads\/2021\/07\/Poli-noche-2.jpg\" \/>\n\t<meta property=\"og:image:width\" content=\"300\" \/>\n\t<meta property=\"og:image:height\" content=\"168\" \/>\n\t<meta property=\"og:image:type\" content=\"image\/jpeg\" \/>\n<meta name=\"author\" content=\"OndaUno\" \/>\n<meta name=\"twitter:card\" content=\"summary_large_image\" \/>\n<meta name=\"twitter:label1\" content=\"Escrito por\" \/>\n\t<meta name=\"twitter:data1\" content=\"OndaUno\" \/>\n\t<meta name=\"twitter:label2\" content=\"Tiempo de lectura\" \/>\n\t<meta name=\"twitter:data2\" content=\"1 minuto\" \/>\n<script type=\"application\/ld+json\" class=\"yoast-schema-graph\">{\"@context\":\"https:\/\/schema.org\",\"@graph\":[{\"@type\":\"WebPage\",\"@id\":\"https:\/\/ondauno.com.ar\/index.php\/2026\/09\/03\/aviso-a-la-comunidad-actividad-programada-de-los-servicios-de-emergencia\/\",\"url\":\"https:\/\/ondauno.com.ar\/index.php\/2026\/09\/03\/aviso-a-la-comunidad-actividad-programada-de-los-servicios-de-emergencia\/\",\"name\":\"Aviso a la comunidad: actividad programada de los servicios de emergencia - 103.9 fm\",\"isPartOf\":{\"@id\":\"https:\/\/ondauno.com.ar\/#website\"},\"primaryImageOfPage\":{\"@id\":\"https:\/\/ondauno.com.ar\/index.php\/2026\/09\/03\/aviso-a-la-comunidad-actividad-programada-de-los-servicios-de-emergencia\/#primaryimage\"},\"image\":{\"@id\":\"https:\/\/ondauno.com.ar\/index.php\/2026\/09\/03\/aviso-a-la-comunidad-actividad-programada-de-los-servicios-de-emergencia\/#primaryimage\"},\"thumbnailUrl\":\"https:\/\/ondauno.com.ar\/wp-content\/uploads\/2021\/07\/Poli-noche-2.jpg\",\"datePublished\":\"2026-09-03T22:50:00+00:00\",\"dateModified\":\"2026-09-03T22:58:49+00:00\",\"author\":{\"@id\":\"https:\/\/ondauno.com.ar\/#\/schema\/person\/7ec851ddeceb4133d7d7132dc645714e\"},\"breadcrumb\":{\"@id\":\"https:\/\/ondauno.com.ar\/index.php\/2026\/09\/03\/aviso-a-la-comunidad-actividad-programada-de-los-servicios-de-emergencia\/#breadcrumb\"},\"inLanguage\":\"es-AR\",\"potentialAction\":[{\"@type\":\"ReadAction\",\"target\":[\"https:\/\/ondauno.com.ar\/index.php\/2026\/09\/03\/aviso-a-la-comunidad-actividad-programada-de-los-servicios-de-emergencia\/\"]}]},{\"@type\":\"ImageObject\",\"inLanguage\":\"es-AR\",\"@id\":\"https:\/\/ondauno.com.ar\/index.php\/2026\/09\/03\/aviso-a-la-comunidad-actividad-programada-de-los-servicios-de-emergencia\/#primaryimage\",\"url\":\"https:\/\/ondauno.com.ar\/wp-content\/uploads\/2021\/07\/Poli-noche-2.jpg\",\"contentUrl\":\"https:\/\/ondauno.com.ar\/wp-content\/uploads\/2021\/07\/Poli-noche-2.jpg\",\"width\":300,\"height\":168},{\"@type\":\"BreadcrumbList\",\"@id\":\"https:\/\/ondauno.com.ar\/index.php\/2026\/09\/03\/aviso-a-la-comunidad-actividad-programada-de-los-servicios-de-emergencia\/#breadcrumb\",\"itemListElement\":[{\"@type\":\"ListItem\",\"position\":1,\"name\":\"Inicio\",\"item\":\"https:\/\/ondauno.com.ar\/\"},{\"@type\":\"ListItem\",\"position\":2,\"name\":\"Aviso a la comunidad: actividad programada de los servicios de emergencia\"}]},{\"@type\":\"WebSite\",\"@id\":\"https:\/\/ondauno.com.ar\/#website\",\"url\":\"https:\/\/ondauno.com.ar\/\",\"name\":\"103.9 fm\",\"description\":\"LA PRIMERA RADIO MULTIMEDIA DE TRES ARROYOS\",\"potentialAction\":[{\"@type\":\"SearchAction\",\"target\":{\"@type\":\"EntryPoint\",\"urlTemplate\":\"https:\/\/ondauno.com.ar\/?s={search_term_string}\"},\"query-input\":\"required name=search_term_string\"}],\"inLanguage\":\"es-AR\"},{\"@type\":\"Person\",\"@id\":\"https:\/\/ondauno.com.ar\/#\/schema\/person\/7ec851ddeceb4133d7d7132dc645714e\",\"name\":\"OndaUno\",\"image\":{\"@type\":\"ImageObject\",\"inLanguage\":\"es-AR\",\"@id\":\"https:\/\/ondauno.com.ar\/#\/schema\/person\/image\/\",\"url\":\"https:\/\/secure.gravatar.com\/avatar\/ce07852b706fdc4c52eafcd1d057deb8d1afd64f0ae3f98db05c3620a77d42aa?s=96&d=mm&r=g\",\"contentUrl\":\"https:\/\/secure.gravatar.com\/avatar\/ce07852b706fdc4c52eafcd1d057deb8d1afd64f0ae3f98db05c3620a77d42aa?s=96&d=mm&r=g\",\"caption\":\"OndaUno\"},\"url\":\"https:\/\/ondauno.com.ar\/index.php\/author\/ondauno\/\"}]}<\/script>\n<!-- \/ Yoast SEO plugin. -->","yoast_head_json":{"title":"Aviso a la comunidad: actividad programada de los servicios de emergencia - 103.9 fm","robots":{"index":"index","follow":"follow","max-snippet":"max-snippet:-1","max-image-preview":"max-image-preview:large","max-video-preview":"max-video-preview:-1"},"canonical":"https:\/\/ondauno.com.ar\/index.php\/2026\/09\/03\/aviso-a-la-comunidad-actividad-programada-de-los-servicios-de-emergencia\/","og_locale":"es_ES","og_type":"article","og_title":"Aviso a la comunidad: actividad programada de los servicios de emergencia - 103.9 fm","og_description":"Se informa a los medios de comunicaci\u00f3n y a la comunidad que ma\u00f1ana, durante la media ma\u00f1ana, se realizar\u00e1 una capacitaci\u00f3n programada en la que participar\u00e1n los distintos servicios de emergencia. Esta actividad tiene como objetivo mejorar los tiempos de respuesta, fortalecer la coordinaci\u00f3n entre los equipos intervinientes y optimizar los procedimientos ante posibles situaciones [&hellip;]","og_url":"https:\/\/ondauno.com.ar\/index.php\/2026\/09\/03\/aviso-a-la-comunidad-actividad-programada-de-los-servicios-de-emergencia\/","og_site_name":"103.9 fm","article_publisher":"https:\/\/www.facebook.com\/ondauno103.9","article_published_time":"2026-09-03T22:50:00+00:00","article_modified_time":"2026-09-03T22:58:49+00:00","og_image":[{"width":300,"height":168,"url":"http:\/\/ondauno.com.ar\/wp-content\/uploads\/2021\/07\/Poli-noche-2.jpg","type":"image\/jpeg"}],"author":"OndaUno","twitter_card":"summary_large_image","twitter_misc":{"Escrito por":"OndaUno","Tiempo de lectura":"1 minuto"},"schema":{"@context":"https:\/\/schema.org","@graph":[{"@type":"WebPage","@id":"https:\/\/ondauno.com.ar\/index.php\/2026\/09\/03\/aviso-a-la-comunidad-actividad-programada-de-los-servicios-de-emergencia\/","url":"https:\/\/ondauno.com.ar\/index.php\/2026\/09\/03\/aviso-a-la-comunidad-actividad-programada-de-los-servicios-de-emergencia\/","name":"Aviso a la comunidad: actividad programada de los servicios de emergencia - 103.9 fm","isPartOf":{"@id":"https:\/\/ondauno.com.ar\/#website"},"primaryImageOfPage":{"@id":"https:\/\/ondauno.com.ar\/index.php\/2026\/09\/03\/aviso-a-la-comunidad-actividad-programada-de-los-servicios-de-emergencia\/#primaryimage"},"image":{"@id":"https:\/\/ondauno.com.ar\/index.php\/2026\/09\/03\/aviso-a-la-comunidad-actividad-programada-de-los-servicios-de-emergencia\/#primaryimage"},"thumbnailUrl":"https:\/\/ondauno.com.ar\/wp-content\/uploads\/2021\/07\/Poli-noche-2.jpg","datePublished":"2026-09-03T22:50:00+00:00","dateModified":"2026-09-03T22:58:49+00:00","author":{"@id":"https:\/\/ondauno.com.ar\/#\/schema\/person\/7ec851ddeceb4133d7d7132dc645714e"},"breadcrumb":{"@id":"https:\/\/ondauno.com.ar\/index.php\/2026\/09\/03\/aviso-a-la-comunidad-actividad-programada-de-los-servicios-de-emergencia\/#breadcrumb"},"inLanguage":"es-AR","potentialAction":[{"@type":"ReadAction","target":["https:\/\/ondauno.com.ar\/index.php\/2026\/09\/03\/aviso-a-la-comunidad-actividad-programada-de-los-servicios-de-emergencia\/"]}]},{"@type":"ImageObject","inLanguage":"es-AR","@id":"https:\/\/ondauno.com.ar\/index.php\/2026\/09\/03\/aviso-a-la-comunidad-actividad-programada-de-los-servicios-de-emergencia\/#primaryimage","url":"https:\/\/ondauno.com.ar\/wp-content\/uploads\/2021\/07\/Poli-noche-2.jpg","contentUrl":"https:\/\/ondauno.com.ar\/wp-content\/uploads\/2021\/07\/Poli-noche-2.jpg","width":300,"height":168},{"@type":"BreadcrumbList","@id":"https:\/\/ondauno.com.ar\/index.php\/2026\/09\/03\/aviso-a-la-comunidad-actividad-programada-de-los-servicios-de-emergencia\/#breadcrumb","itemListElement":[{"@type":"ListItem","position":1,"name":"Inicio","item":"https:\/\/ondauno.com.ar\/"},{"@type":"ListItem","position":2,"name":"Aviso a la comunidad: actividad programada de los servicios de emergencia"}]},{"@type":"WebSite","@id":"https:\/\/ondauno.com.ar\/#website","url":"https:\/\/ondauno.com.ar\/","name":"103.9 fm","description":"LA PRIMERA RADIO MULTIMEDIA DE TRES ARROYOS","potentialAction":[{"@type":"SearchAction","target":{"@type":"EntryPoint","urlTemplate":"https:\/\/ondauno.com.ar\/?s={search_term_string}"},"query-input":"required name=search_term_string"}],"inLanguage":"es-AR"},{"@type":"Person","@id":"https:\/\/ondauno.com.ar\/#\/schema\/person\/7ec851ddeceb4133d7d7132dc645714e","name":"OndaUno","image":{"@type":"ImageObject","inLanguage":"es-AR","@id":"https:\/\/ondauno.com.ar\/#\/schema\/person\/image\/","url":"https:\/\/secure.gravatar.com\/avatar\/ce07852b706fdc4c52eafcd1d057deb8d1afd64f0ae3f98db05c3620a77d42aa?s=96&d=mm&r=g","contentUrl":"https:\/\/secure.gravatar.com\/avatar\/ce07852b706fdc4c52eafcd1d057deb8d1afd64f0ae3f98db05c3620a77d42aa?s=96&d=mm&r=g","caption":"OndaUno"},"url":"https:\/\/ondauno.com.ar\/index.php\/author\/ondauno\/"}]}},"jetpack_publicize_connections":[],"jetpack_featured_media_url":"https:\/\/ondauno.com.ar\/wp-content\/uploads\/2021\/07\/Poli-noche-2.jpg","jetpack_sharing_enabled":true,"_links":{"self":[{"href":"https:\/\/ondauno.com.ar\/index.php\/wp-json\/wp\/v2\/posts\/66660","targetHints":{"allow":["GET"]}}],"collection":[{"href":"https:\/\/ondauno.com.ar\/index.php\/wp-json\/wp\/v2\/posts"}],"about":[{"href":"https:\/\/ondauno.com.ar\/index.php\/wp-json\/wp\/v2\/types\/post"}],"author":[{"embeddable":true,"href":"https:\/\/ondauno.com.ar\/index.php\/wp-json\/wp\/v2\/users\/1"}],"replies":[{"embeddable":true,"href":"https:\/\/ondauno.com.ar\/index.php\/wp-json\/wp\/v2\/comments?post=66660"}],"version-history":[{"count":1,"href":"https:\/\/ondauno.com.ar\/index.php\/wp-json\/wp\/v2\/posts\/66660\/revisions"}],"predecessor-version":[{"id":66662,"href":"https:\/\/ondauno.com.ar\/index.php\/wp-json\/wp\/v2\/posts\/66660\/revisions\/66662"}],"wp:featuredmedia":[{"embeddable":true,"href":"https:\/\/ondauno.com.ar\/index.php\/wp-json\/wp\/v2\/media\/27123"}],"wp:attachment":[{"href":"https:\/\/ondauno.com.ar\/index.php\/wp-json\/wp\/v2\/media?parent=66660"}],"wp:term":[{"taxonomy":"category","embeddable":true,"href":"https:\/\/ondauno.com.ar\/index.php\/wp-json\/wp\/v2\/categories?post=66660"},{"taxonomy":"post_tag","embeddable":true,"href":"https:\/\/ondauno.com.ar\/index.php\/wp-json\/wp\/v2\/tags?post=66660"}],"curies":[{"name":"wp","href":"https:\/\/api.w.org\/{rel}","templated":true}]}}