{"id":66657,"date":"2026-09-03T19:42:51","date_gmt":"2026-09-03T22:42:51","guid":{"rendered":"https:\/\/ondauno.com.ar\/?p=66657"},"modified":"2026-09-03T19:42:54","modified_gmt":"2026-09-03T22:42:54","slug":"celta-el-exconcejal-radical-raul-ali-uso-la-banca-ciudadana","status":"publish","type":"post","link":"https:\/\/ondauno.com.ar\/index.php\/2026\/09\/03\/celta-el-exconcejal-radical-raul-ali-uso-la-banca-ciudadana\/","title":{"rendered":"Celta: el exconcejal radical Ra\u00fal Al\u00ed uso la Banca Ciudadana"},"content":{"rendered":"<div class=\"ondau-before-content_3\" style=\"margin-top: -30px;\" id=\"ondau-2390427710\"><a href=\"https:\/\/www.lps.com.ar\/\" aria-label=\"la-perse2\"><img loading=\"lazy\" decoding=\"async\" src=\"https:\/\/ondauno.com.ar\/wp-content\/uploads\/2021\/10\/la-perse2.jpg\" alt=\"\"  srcset=\"https:\/\/ondauno.com.ar\/wp-content\/uploads\/2021\/10\/la-perse2.jpg 1353w, https:\/\/ondauno.com.ar\/wp-content\/uploads\/2021\/10\/la-perse2-300x43.jpg 300w, https:\/\/ondauno.com.ar\/wp-content\/uploads\/2021\/10\/la-perse2-1024x148.jpg 1024w, https:\/\/ondauno.com.ar\/wp-content\/uploads\/2021\/10\/la-perse2-768x111.jpg 768w, https:\/\/ondauno.com.ar\/wp-content\/uploads\/2021\/10\/la-perse2-696x100.jpg 696w, https:\/\/ondauno.com.ar\/wp-content\/uploads\/2021\/10\/la-perse2-1068x154.jpg 1068w\" sizes=\"(max-width: 1353px) 100vw, 1353px\" class=\"no-lazyload\" width=\"1353\" height=\"195\"  style=\"display: inline-block;\" \/><\/a><\/div>\n<p class=\"wp-block-paragraph\">Esta ma\u00f1ana se llev\u00f3 adelante la 13\u00aa. Sesi\u00f3n Ordinaria del Honorable Concejo Deliberante de Tres Arroyos, correspondiente al Per\u00edodo Legislativo del a\u00f1o 2026.<br>Antes de comenzar el orden del d\u00eda, el Dr. Ra\u00fal Al\u00ed hizo uso de la Banca Ciudadana y present\u00f3 un proyecto para reglamentar el control del servicio el\u00e9ctrico brindado por CELTA a trav\u00e9s de veedores designados por el Departamento Ejecutivo.<br>Comenzando la sesi\u00f3n, de los despachos de la Comisi\u00f3n de Turismo, Cultura y Deportes, se aprobaron el llamado a licitaci\u00f3n p\u00fablica para la concesi\u00f3n de la UTF N\u00b09 de Reta y la reglamentaci\u00f3n para la Preservaci\u00f3n del Patrimonio Material e Inmaterial del Partido de Tres Arroyos, la cual modifica la Ordenanza vigente en la materia.<br>De los despachos de la Comisi\u00f3n de Legislaci\u00f3n, Interpretaci\u00f3n y Acuerdos, se aprob\u00f3 la adjudicaci\u00f3n al \u00fanico oferente que se present\u00f3 de la Licitaci\u00f3n Privada N\u00b0 3\/2026 del Servicio de lavander\u00eda del Centro Municipal de Salud por los meses de agosto a octubre\/2026.; tambi\u00e9n se aprob\u00f3 la solicitud de licencia de la Conejal Mar\u00eda Noelia Garc\u00eda.<br>Por fuera del orden del d\u00eda, el Bloque de Concejales de Fuerza Patria solicit\u00f3 tratar sobre tablas el Proyecto de Ordenanza para ratificar el convenio firmado entre la Caja de Retiros, Jubilaciones y Prensiones de las Polic\u00edas de la Provincia de Buenos Aires y la Municipalidad de Tres Arroyos para la construcci\u00f3n de 10 viviendas destinadas a personal policial. La moci\u00f3n cont\u00f3 con el rechazo de los Bloques de Concejales del Movimiento Vecinal y la Alianza La Libertad Avanza, por lo que no alcanz\u00f3 los 2\/3 de votos necesarios para habilitar el tratamiento. De esta manera, el expediente continuar\u00e1 en debate dentro de la Comisi\u00f3n de Legislaci\u00f3n, Interpretaci\u00f3n y Acuerdos.<\/p>\n\n\n\n<p class=\"wp-block-paragraph\">ASUNTOS ENTRADOS<br>Integridad Distrito Tres Arroyos elev\u00f3 dos proyectos de comunicaci\u00f3n:<br>-Solicitando informe sobre adhesi\u00f3n a Programas Provinciales, planificaci\u00f3n operativa y equipamiento e insumos de Defensa Civil, aprobado por mayor\u00eda.<br>-Solicitando informe sobre el estado del nivel de napas fre\u00e1ticas, estaciones de bombeo e Infraestructura, capacidad y operatividad de la red cloacal del Partido de Tres Arroyos, aprobado por mayor\u00eda.<br>El Bloque de Concejales Alianza La Libertad Avanza elev\u00f3 cinco proyectos de comunicaci\u00f3n:<br>-Solicitando se arbitren las medidas necesarias para la actualizaci\u00f3n integral, publicaci\u00f3n y visibilizaci\u00f3n del Organigrama oficial en la p\u00e1gina web de la Municipalidad de Tres Arroyos, aprobado por mayor\u00eda.<br>-Solicitando que se establezca la publicaci\u00f3n y actualizaci\u00f3n mensual, en el sitio web del Municipio, de la informaci\u00f3n vinculada con recursos percibidos y su utilizaci\u00f3n en el marco del Fondo de Financiamiento Educativo Provincial, aprobado por mayor\u00eda.<br>-Solicitando informe al Consejo Escolar de Tres Arroyos, en relaci\u00f3n con el Fallo del Honorable Tribunal de Cuentas de la Pcia., de Bs.As, que fue enviado a comisi\u00f3n.<br>-Solicitando que se desvincule la existencia de deuda a impuestos, tasas, contribuciones y dem\u00e1s obligaciones municipales para la obtenci\u00f3n y\/o renovaci\u00f3n de la Licencia Nacional de Conducir, que tambi\u00e9n se envi\u00f3 a comisi\u00f3n.<br>-Solicitando se solucione la problem\u00e1tica generada por la presencia de animales sueltos en el Camino de Cintura e\/Belgrano y la Ruta 3, aprobado por mayor\u00eda.<\/p>\n\n\n\n<p class=\"wp-block-paragraph\">Nuevos Aires elev\u00f3 un pedido de informe sobre el motivo por el cual no se han iniciado las obras de tendido el\u00e9ctrico y red de agua para los 48 lotes y correspondiente al Programa &#8220;Un lote para mi familia&#8221; en la localidad de Claromec\u00f3, aprobado por mayor\u00eda.<br>Coalici\u00f3n C\u00edvica ARI elev\u00f3 dos proyectos de comunicaci\u00f3n:<br>-Solicitando se arbitren los medios necesarios para garantizar la presencia f\u00edsica de personal de enfermer\u00eda en el CAPS de Copetonas, durante las 24 horas, todos los d\u00edas, aprobado por mayor\u00eda.<br>-Solicitando el mantenimiento del desag\u00fce pluvial en el sector lindante al l\u00edmite del Camping Mart\u00edn Reta, aprobado por unanimidad.<\/p>\n\n\n\n<p class=\"wp-block-paragraph\">El Bloque de Concejales de Fuerza Patria elev\u00f3 un Proyecto de Resoluci\u00f3n repudiando las medidas impulsadas por el Gobierno Nacional que pudieran derivar en el cierre, reducci\u00f3n o reemplazo de la sucursal de Correo Argentino de la localidad de Orense, aprobado por mayor\u00eda.<\/p>\n\n\n\n<p class=\"wp-block-paragraph\">El Bloque de Concejales de Movimiento Vecinal elev\u00f3 tres proyectos de comunicaci\u00f3n:<br>-Solicitando de manera formal al Consejo de Administraci\u00f3n de la Cooperativa y Servicios P\u00fablicos de Tres Arroyos (CELTA), un informe sobre la situaci\u00f3n financiera y patrimonial, cambios directivos y acciones judiciales, aprobado por mayor\u00eda.<br>-Solicitando informe sobre el estado actual del parque de maquinarias, veh\u00edculos, recurso humano y equipamiento municipal, destinado a la atenci\u00f3n de situaciones de emergencia y contingencia clim\u00e1tica, aprobado por mayor\u00eda.<br>-Solicitando informe sobre el plan de trabajo para la limpieza y mantenimiento del cauce de los arroyos, especialmente el tramo Avda. Belgrano hasta el puente Roca, aprobado por mayor\u00eda.<\/p>\n","protected":false},"excerpt":{"rendered":"<p>Esta ma\u00f1ana se llev\u00f3 adelante la 13\u00aa. Sesi\u00f3n Ordinaria del Honorable Concejo Deliberante de Tres Arroyos, correspondiente al Per\u00edodo Legislativo del a\u00f1o 2026.Antes de comenzar el orden del d\u00eda, el Dr. Ra\u00fal Al\u00ed hizo uso de la Banca Ciudadana y present\u00f3 un proyecto para reglamentar el control del servicio el\u00e9ctrico brindado por CELTA a trav\u00e9s [&hellip;]<\/p>\n","protected":false},"author":1,"featured_media":66658,"comment_status":"open","ping_status":"open","sticky":false,"template":"","format":"standard","meta":{"tdm_status":"","tdm_grid_status":"","_jetpack_memberships_contains_paid_content":false,"footnotes":"","jetpack_publicize_message":"","jetpack_publicize_feature_enabled":true,"jetpack_social_post_already_shared":true,"jetpack_social_options":{"image_generator_settings":{"template":"highway","default_image_id":0,"font":"","enabled":false},"version":2}},"categories":[2],"tags":[],"class_list":["post-66657","post","type-post","status-publish","format-standard","has-post-thumbnail","category-locales"],"yoast_head":"<!-- This site is optimized with the Yoast SEO plugin v22.7 - https:\/\/yoast.com\/wordpress\/plugins\/seo\/ -->\n<title>Celta: el exconcejal radical Ra\u00fal Al\u00ed uso la Banca Ciudadana - 103.9 fm<\/title>\n<meta name=\"robots\" content=\"index, follow, max-snippet:-1, max-image-preview:large, max-video-preview:-1\" \/>\n<link rel=\"canonical\" href=\"https:\/\/ondauno.com.ar\/index.php\/2026\/09\/03\/celta-el-exconcejal-radical-raul-ali-uso-la-banca-ciudadana\/\" \/>\n<meta property=\"og:locale\" content=\"es_ES\" \/>\n<meta property=\"og:type\" content=\"article\" \/>\n<meta property=\"og:title\" content=\"Celta: el exconcejal radical Ra\u00fal Al\u00ed uso la Banca Ciudadana - 103.9 fm\" \/>\n<meta property=\"og:description\" content=\"Esta ma\u00f1ana se llev\u00f3 adelante la 13\u00aa. Sesi\u00f3n Ordinaria del Honorable Concejo Deliberante de Tres Arroyos, correspondiente al Per\u00edodo Legislativo del a\u00f1o 2026.Antes de comenzar el orden del d\u00eda, el Dr. Ra\u00fal Al\u00ed hizo uso de la Banca Ciudadana y present\u00f3 un proyecto para reglamentar el control del servicio el\u00e9ctrico brindado por CELTA a trav\u00e9s [&hellip;]\" \/>\n<meta property=\"og:url\" content=\"https:\/\/ondauno.com.ar\/index.php\/2026\/09\/03\/celta-el-exconcejal-radical-raul-ali-uso-la-banca-ciudadana\/\" \/>\n<meta property=\"og:site_name\" content=\"103.9 fm\" \/>\n<meta property=\"article:publisher\" content=\"https:\/\/www.facebook.com\/ondauno103.9\" \/>\n<meta property=\"article:published_time\" content=\"2026-09-03T22:42:51+00:00\" \/>\n<meta property=\"article:modified_time\" content=\"2026-09-03T22:42:54+00:00\" \/>\n<meta property=\"og:image\" content=\"http:\/\/ondauno.com.ar\/wp-content\/uploads\/2026\/09\/WhatsApp-Image-2026-09-03-at-16.05.54.jpeg\" \/>\n\t<meta property=\"og:image:width\" content=\"1280\" \/>\n\t<meta property=\"og:image:height\" content=\"720\" \/>\n\t<meta property=\"og:image:type\" content=\"image\/jpeg\" \/>\n<meta name=\"author\" content=\"OndaUno\" \/>\n<meta name=\"twitter:card\" content=\"summary_large_image\" \/>\n<meta name=\"twitter:label1\" content=\"Escrito por\" \/>\n\t<meta name=\"twitter:data1\" content=\"OndaUno\" \/>\n\t<meta name=\"twitter:label2\" content=\"Tiempo de lectura\" \/>\n\t<meta name=\"twitter:data2\" content=\"4 minutos\" \/>\n<script type=\"application\/ld+json\" class=\"yoast-schema-graph\">{\"@context\":\"https:\/\/schema.org\",\"@graph\":[{\"@type\":\"WebPage\",\"@id\":\"https:\/\/ondauno.com.ar\/index.php\/2026\/09\/03\/celta-el-exconcejal-radical-raul-ali-uso-la-banca-ciudadana\/\",\"url\":\"https:\/\/ondauno.com.ar\/index.php\/2026\/09\/03\/celta-el-exconcejal-radical-raul-ali-uso-la-banca-ciudadana\/\",\"name\":\"Celta: el exconcejal radical Ra\u00fal Al\u00ed uso la Banca Ciudadana - 103.9 fm\",\"isPartOf\":{\"@id\":\"https:\/\/ondauno.com.ar\/#website\"},\"primaryImageOfPage\":{\"@id\":\"https:\/\/ondauno.com.ar\/index.php\/2026\/09\/03\/celta-el-exconcejal-radical-raul-ali-uso-la-banca-ciudadana\/#primaryimage\"},\"image\":{\"@id\":\"https:\/\/ondauno.com.ar\/index.php\/2026\/09\/03\/celta-el-exconcejal-radical-raul-ali-uso-la-banca-ciudadana\/#primaryimage\"},\"thumbnailUrl\":\"https:\/\/ondauno.com.ar\/wp-content\/uploads\/2026\/09\/WhatsApp-Image-2026-09-03-at-16.05.54.jpeg\",\"datePublished\":\"2026-09-03T22:42:51+00:00\",\"dateModified\":\"2026-09-03T22:42:54+00:00\",\"author\":{\"@id\":\"https:\/\/ondauno.com.ar\/#\/schema\/person\/7ec851ddeceb4133d7d7132dc645714e\"},\"breadcrumb\":{\"@id\":\"https:\/\/ondauno.com.ar\/index.php\/2026\/09\/03\/celta-el-exconcejal-radical-raul-ali-uso-la-banca-ciudadana\/#breadcrumb\"},\"inLanguage\":\"es-AR\",\"potentialAction\":[{\"@type\":\"ReadAction\",\"target\":[\"https:\/\/ondauno.com.ar\/index.php\/2026\/09\/03\/celta-el-exconcejal-radical-raul-ali-uso-la-banca-ciudadana\/\"]}]},{\"@type\":\"ImageObject\",\"inLanguage\":\"es-AR\",\"@id\":\"https:\/\/ondauno.com.ar\/index.php\/2026\/09\/03\/celta-el-exconcejal-radical-raul-ali-uso-la-banca-ciudadana\/#primaryimage\",\"url\":\"https:\/\/ondauno.com.ar\/wp-content\/uploads\/2026\/09\/WhatsApp-Image-2026-09-03-at-16.05.54.jpeg\",\"contentUrl\":\"https:\/\/ondauno.com.ar\/wp-content\/uploads\/2026\/09\/WhatsApp-Image-2026-09-03-at-16.05.54.jpeg\",\"width\":1280,\"height\":720},{\"@type\":\"BreadcrumbList\",\"@id\":\"https:\/\/ondauno.com.ar\/index.php\/2026\/09\/03\/celta-el-exconcejal-radical-raul-ali-uso-la-banca-ciudadana\/#breadcrumb\",\"itemListElement\":[{\"@type\":\"ListItem\",\"position\":1,\"name\":\"Inicio\",\"item\":\"https:\/\/ondauno.com.ar\/\"},{\"@type\":\"ListItem\",\"position\":2,\"name\":\"Celta: el exconcejal radical Ra\u00fal Al\u00ed uso la Banca Ciudadana\"}]},{\"@type\":\"WebSite\",\"@id\":\"https:\/\/ondauno.com.ar\/#website\",\"url\":\"https:\/\/ondauno.com.ar\/\",\"name\":\"103.9 fm\",\"description\":\"LA PRIMERA RADIO MULTIMEDIA DE TRES ARROYOS\",\"potentialAction\":[{\"@type\":\"SearchAction\",\"target\":{\"@type\":\"EntryPoint\",\"urlTemplate\":\"https:\/\/ondauno.com.ar\/?s={search_term_string}\"},\"query-input\":\"required name=search_term_string\"}],\"inLanguage\":\"es-AR\"},{\"@type\":\"Person\",\"@id\":\"https:\/\/ondauno.com.ar\/#\/schema\/person\/7ec851ddeceb4133d7d7132dc645714e\",\"name\":\"OndaUno\",\"image\":{\"@type\":\"ImageObject\",\"inLanguage\":\"es-AR\",\"@id\":\"https:\/\/ondauno.com.ar\/#\/schema\/person\/image\/\",\"url\":\"https:\/\/secure.gravatar.com\/avatar\/ce07852b706fdc4c52eafcd1d057deb8d1afd64f0ae3f98db05c3620a77d42aa?s=96&d=mm&r=g\",\"contentUrl\":\"https:\/\/secure.gravatar.com\/avatar\/ce07852b706fdc4c52eafcd1d057deb8d1afd64f0ae3f98db05c3620a77d42aa?s=96&d=mm&r=g\",\"caption\":\"OndaUno\"},\"url\":\"https:\/\/ondauno.com.ar\/index.php\/author\/ondauno\/\"}]}<\/script>\n<!-- \/ Yoast SEO plugin. -->","yoast_head_json":{"title":"Celta: el exconcejal radical Ra\u00fal Al\u00ed uso la Banca Ciudadana - 103.9 fm","robots":{"index":"index","follow":"follow","max-snippet":"max-snippet:-1","max-image-preview":"max-image-preview:large","max-video-preview":"max-video-preview:-1"},"canonical":"https:\/\/ondauno.com.ar\/index.php\/2026\/09\/03\/celta-el-exconcejal-radical-raul-ali-uso-la-banca-ciudadana\/","og_locale":"es_ES","og_type":"article","og_title":"Celta: el exconcejal radical Ra\u00fal Al\u00ed uso la Banca Ciudadana - 103.9 fm","og_description":"Esta ma\u00f1ana se llev\u00f3 adelante la 13\u00aa. Sesi\u00f3n Ordinaria del Honorable Concejo Deliberante de Tres Arroyos, correspondiente al Per\u00edodo Legislativo del a\u00f1o 2026.Antes de comenzar el orden del d\u00eda, el Dr. Ra\u00fal Al\u00ed hizo uso de la Banca Ciudadana y present\u00f3 un proyecto para reglamentar el control del servicio el\u00e9ctrico brindado por CELTA a trav\u00e9s [&hellip;]","og_url":"https:\/\/ondauno.com.ar\/index.php\/2026\/09\/03\/celta-el-exconcejal-radical-raul-ali-uso-la-banca-ciudadana\/","og_site_name":"103.9 fm","article_publisher":"https:\/\/www.facebook.com\/ondauno103.9","article_published_time":"2026-09-03T22:42:51+00:00","article_modified_time":"2026-09-03T22:42:54+00:00","og_image":[{"width":1280,"height":720,"url":"http:\/\/ondauno.com.ar\/wp-content\/uploads\/2026\/09\/WhatsApp-Image-2026-09-03-at-16.05.54.jpeg","type":"image\/jpeg"}],"author":"OndaUno","twitter_card":"summary_large_image","twitter_misc":{"Escrito por":"OndaUno","Tiempo de lectura":"4 minutos"},"schema":{"@context":"https:\/\/schema.org","@graph":[{"@type":"WebPage","@id":"https:\/\/ondauno.com.ar\/index.php\/2026\/09\/03\/celta-el-exconcejal-radical-raul-ali-uso-la-banca-ciudadana\/","url":"https:\/\/ondauno.com.ar\/index.php\/2026\/09\/03\/celta-el-exconcejal-radical-raul-ali-uso-la-banca-ciudadana\/","name":"Celta: el exconcejal radical Ra\u00fal Al\u00ed uso la Banca Ciudadana - 103.9 fm","isPartOf":{"@id":"https:\/\/ondauno.com.ar\/#website"},"primaryImageOfPage":{"@id":"https:\/\/ondauno.com.ar\/index.php\/2026\/09\/03\/celta-el-exconcejal-radical-raul-ali-uso-la-banca-ciudadana\/#primaryimage"},"image":{"@id":"https:\/\/ondauno.com.ar\/index.php\/2026\/09\/03\/celta-el-exconcejal-radical-raul-ali-uso-la-banca-ciudadana\/#primaryimage"},"thumbnailUrl":"https:\/\/ondauno.com.ar\/wp-content\/uploads\/2026\/09\/WhatsApp-Image-2026-09-03-at-16.05.54.jpeg","datePublished":"2026-09-03T22:42:51+00:00","dateModified":"2026-09-03T22:42:54+00:00","author":{"@id":"https:\/\/ondauno.com.ar\/#\/schema\/person\/7ec851ddeceb4133d7d7132dc645714e"},"breadcrumb":{"@id":"https:\/\/ondauno.com.ar\/index.php\/2026\/09\/03\/celta-el-exconcejal-radical-raul-ali-uso-la-banca-ciudadana\/#breadcrumb"},"inLanguage":"es-AR","potentialAction":[{"@type":"ReadAction","target":["https:\/\/ondauno.com.ar\/index.php\/2026\/09\/03\/celta-el-exconcejal-radical-raul-ali-uso-la-banca-ciudadana\/"]}]},{"@type":"ImageObject","inLanguage":"es-AR","@id":"https:\/\/ondauno.com.ar\/index.php\/2026\/09\/03\/celta-el-exconcejal-radical-raul-ali-uso-la-banca-ciudadana\/#primaryimage","url":"https:\/\/ondauno.com.ar\/wp-content\/uploads\/2026\/09\/WhatsApp-Image-2026-09-03-at-16.05.54.jpeg","contentUrl":"https:\/\/ondauno.com.ar\/wp-content\/uploads\/2026\/09\/WhatsApp-Image-2026-09-03-at-16.05.54.jpeg","width":1280,"height":720},{"@type":"BreadcrumbList","@id":"https:\/\/ondauno.com.ar\/index.php\/2026\/09\/03\/celta-el-exconcejal-radical-raul-ali-uso-la-banca-ciudadana\/#breadcrumb","itemListElement":[{"@type":"ListItem","position":1,"name":"Inicio","item":"https:\/\/ondauno.com.ar\/"},{"@type":"ListItem","position":2,"name":"Celta: el exconcejal radical Ra\u00fal Al\u00ed uso la Banca Ciudadana"}]},{"@type":"WebSite","@id":"https:\/\/ondauno.com.ar\/#website","url":"https:\/\/ondauno.com.ar\/","name":"103.9 fm","description":"LA PRIMERA RADIO MULTIMEDIA DE TRES ARROYOS","potentialAction":[{"@type":"SearchAction","target":{"@type":"EntryPoint","urlTemplate":"https:\/\/ondauno.com.ar\/?s={search_term_string}"},"query-input":"required name=search_term_string"}],"inLanguage":"es-AR"},{"@type":"Person","@id":"https:\/\/ondauno.com.ar\/#\/schema\/person\/7ec851ddeceb4133d7d7132dc645714e","name":"OndaUno","image":{"@type":"ImageObject","inLanguage":"es-AR","@id":"https:\/\/ondauno.com.ar\/#\/schema\/person\/image\/","url":"https:\/\/secure.gravatar.com\/avatar\/ce07852b706fdc4c52eafcd1d057deb8d1afd64f0ae3f98db05c3620a77d42aa?s=96&d=mm&r=g","contentUrl":"https:\/\/secure.gravatar.com\/avatar\/ce07852b706fdc4c52eafcd1d057deb8d1afd64f0ae3f98db05c3620a77d42aa?s=96&d=mm&r=g","caption":"OndaUno"},"url":"https:\/\/ondauno.com.ar\/index.php\/author\/ondauno\/"}]}},"jetpack_publicize_connections":[],"jetpack_featured_media_url":"https:\/\/ondauno.com.ar\/wp-content\/uploads\/2026\/09\/WhatsApp-Image-2026-09-03-at-16.05.54.jpeg","jetpack_sharing_enabled":true,"_links":{"self":[{"href":"https:\/\/ondauno.com.ar\/index.php\/wp-json\/wp\/v2\/posts\/66657","targetHints":{"allow":["GET"]}}],"collection":[{"href":"https:\/\/ondauno.com.ar\/index.php\/wp-json\/wp\/v2\/posts"}],"about":[{"href":"https:\/\/ondauno.com.ar\/index.php\/wp-json\/wp\/v2\/types\/post"}],"author":[{"embeddable":true,"href":"https:\/\/ondauno.com.ar\/index.php\/wp-json\/wp\/v2\/users\/1"}],"replies":[{"embeddable":true,"href":"https:\/\/ondauno.com.ar\/index.php\/wp-json\/wp\/v2\/comments?post=66657"}],"version-history":[{"count":1,"href":"https:\/\/ondauno.com.ar\/index.php\/wp-json\/wp\/v2\/posts\/66657\/revisions"}],"predecessor-version":[{"id":66659,"href":"https:\/\/ondauno.com.ar\/index.php\/wp-json\/wp\/v2\/posts\/66657\/revisions\/66659"}],"wp:featuredmedia":[{"embeddable":true,"href":"https:\/\/ondauno.com.ar\/index.php\/wp-json\/wp\/v2\/media\/66658"}],"wp:attachment":[{"href":"https:\/\/ondauno.com.ar\/index.php\/wp-json\/wp\/v2\/media?parent=66657"}],"wp:term":[{"taxonomy":"category","embeddable":true,"href":"https:\/\/ondauno.com.ar\/index.php\/wp-json\/wp\/v2\/categories?post=66657"},{"taxonomy":"post_tag","embeddable":true,"href":"https:\/\/ondauno.com.ar\/index.php\/wp-json\/wp\/v2\/tags?post=66657"}],"curies":[{"name":"wp","href":"https:\/\/api.w.org\/{rel}","templated":true}]}}