{"id":66655,"date":"2026-09-03T19:40:38","date_gmt":"2026-09-03T22:40:38","guid":{"rendered":"https:\/\/ondauno.com.ar\/?p=66655"},"modified":"2026-09-03T19:40:41","modified_gmt":"2026-09-03T22:40:41","slug":"vizzolini-un-consejo-que-le-doy-a-los-chicos-es-no-sumarse-al-grupo-si-lo-que-hacen-esta-mal","status":"publish","type":"post","link":"https:\/\/ondauno.com.ar\/index.php\/2026\/09\/03\/vizzolini-un-consejo-que-le-doy-a-los-chicos-es-no-sumarse-al-grupo-si-lo-que-hacen-esta-mal\/","title":{"rendered":"Vizzolini: &#8220;Un consejo que le doy a los chicos es no sumarse al grupo si lo que hacen est\u00e1 mal&#8221;"},"content":{"rendered":"<div class=\"ondau-before-content_3\" style=\"margin-top: -30px;\" id=\"ondau-851950320\"><a href=\"https:\/\/www.lps.com.ar\/\" aria-label=\"la-perse2\"><img loading=\"lazy\" decoding=\"async\" src=\"https:\/\/ondauno.com.ar\/wp-content\/uploads\/2021\/10\/la-perse2.jpg\" alt=\"\"  srcset=\"https:\/\/ondauno.com.ar\/wp-content\/uploads\/2021\/10\/la-perse2.jpg 1353w, https:\/\/ondauno.com.ar\/wp-content\/uploads\/2021\/10\/la-perse2-300x43.jpg 300w, https:\/\/ondauno.com.ar\/wp-content\/uploads\/2021\/10\/la-perse2-1024x148.jpg 1024w, https:\/\/ondauno.com.ar\/wp-content\/uploads\/2021\/10\/la-perse2-768x111.jpg 768w, https:\/\/ondauno.com.ar\/wp-content\/uploads\/2021\/10\/la-perse2-696x100.jpg 696w, https:\/\/ondauno.com.ar\/wp-content\/uploads\/2021\/10\/la-perse2-1068x154.jpg 1068w\" sizes=\"(max-width: 1353px) 100vw, 1353px\" class=\"no-lazyload\" width=\"1353\" height=\"195\"  style=\"display: inline-block;\" \/><\/a><\/div>\n<p class=\"wp-block-paragraph\">En Cosas que Pasan la fiscal del Fuero de Menores, Marina Vizzolini, habl\u00f3 de la entrada en vigencia de la nueva ley que baja la edad de imputabilidad a los 14 a\u00f1os.<br>La fiscal detall\u00f3 c\u00f3mo se prepara la justicia ante este cambio que abarca todo tipo de delitos del C\u00f3digo Penal.<\/p>\n\n\n\n<p class=\"wp-block-paragraph\">Vizzolini advirti\u00f3 que muchas conductas consideradas menores por los j\u00f3venes ahora conllevan responsabilidad penal y antecedentes: &#8220;Un menor de 14 a\u00f1os puede entrar en un proceso penal por un delito de da\u00f1o que antes consideraba una broma&#8221;.<\/p>\n\n\n\n<p class=\"wp-block-paragraph\">&#8220;Hoy la ley comienza con los mismos recursos que tenemos; no contamos con el tipo de centros especializados que propone para ponerse en marcha globalmente.&#8221;<\/p>\n\n\n\n<p class=\"wp-block-paragraph\">Respecto a la falta de infraestructura especializada en la provincia de Buenos Aires, la fiscal explic\u00f3 que el encarcelamiento se mantendr\u00e1 como \u00faltimo recurso para casos graves. Sin embargo, lanz\u00f3 un mensaje directo hacia la juventud para evitar que conductas impulsivas afecten su futuro: &#8220;Un consejo que le doy a los chicos es no sumarse al grupo si lo que hacen est\u00e1 mal, porque esto hoy queda como un antecedente penal&#8221;.<\/p>\n\n\n\n<p class=\"wp-block-paragraph\">\u00bfQu\u00e9 pasar\u00e1 con los menores aprehendidos por delitos graves y a d\u00f3nde ser\u00e1n trasladados en la regi\u00f3n?<\/p>\n\n\n\n<p class=\"wp-block-paragraph\">Pod\u00e9s escuchar la nota completa en el siguiente link:<\/p>\n\n\n\n<figure class=\"wp-block-embed is-type-video is-provider-youtube wp-block-embed-youtube wp-embed-aspect-16-9 wp-has-aspect-ratio\"><div class=\"wp-block-embed__wrapper\">\n<div class=\"youtube-embed\" data-video_id=\"zzsdYvx2fNc\"><iframe loading=\"lazy\" title=\"Onda Uno 103.9 en vivo\" width=\"696\" height=\"392\" data-src=\"https:\/\/www.youtube.com\/embed\/zzsdYvx2fNc?start=2&amp;feature=oembed\" frameborder=\"0\" allow=\"accelerometer; autoplay; clipboard-write; encrypted-media; gyroscope; picture-in-picture; web-share\" referrerpolicy=\"strict-origin-when-cross-origin\" allowfullscreen src=\"data:image\/gif;base64,R0lGODlhAQABAAAAACH5BAEKAAEALAAAAAABAAEAAAICTAEAOw==\" class=\"lazyload\" data-load-mode=\"1\"><\/iframe><\/div>\n<\/div><\/figure>\n","protected":false},"excerpt":{"rendered":"<p>En Cosas que Pasan la fiscal del Fuero de Menores, Marina Vizzolini, habl\u00f3 de la entrada en vigencia de la nueva ley que baja la edad de imputabilidad a los 14 a\u00f1os.La fiscal detall\u00f3 c\u00f3mo se prepara la justicia ante este cambio que abarca todo tipo de delitos del C\u00f3digo Penal. Vizzolini advirti\u00f3 que muchas [&hellip;]<\/p>\n","protected":false},"author":1,"featured_media":64288,"comment_status":"open","ping_status":"open","sticky":false,"template":"","format":"standard","meta":{"tdm_status":"","tdm_grid_status":"","_jetpack_memberships_contains_paid_content":false,"footnotes":"","jetpack_publicize_message":"","jetpack_publicize_feature_enabled":true,"jetpack_social_post_already_shared":true,"jetpack_social_options":{"image_generator_settings":{"template":"highway","default_image_id":0,"font":"","enabled":false},"version":2}},"categories":[2],"tags":[],"class_list":["post-66655","post","type-post","status-publish","format-standard","has-post-thumbnail","category-locales"],"yoast_head":"<!-- This site is optimized with the Yoast SEO plugin v22.7 - https:\/\/yoast.com\/wordpress\/plugins\/seo\/ -->\n<title>Vizzolini: &quot;Un consejo que le doy a los chicos es no sumarse al grupo si lo que hacen est\u00e1 mal&quot; - 103.9 fm<\/title>\n<meta name=\"robots\" content=\"index, follow, max-snippet:-1, max-image-preview:large, max-video-preview:-1\" \/>\n<link rel=\"canonical\" href=\"https:\/\/ondauno.com.ar\/index.php\/2026\/09\/03\/vizzolini-un-consejo-que-le-doy-a-los-chicos-es-no-sumarse-al-grupo-si-lo-que-hacen-esta-mal\/\" \/>\n<meta property=\"og:locale\" content=\"es_ES\" \/>\n<meta property=\"og:type\" content=\"article\" \/>\n<meta property=\"og:title\" content=\"Vizzolini: &quot;Un consejo que le doy a los chicos es no sumarse al grupo si lo que hacen est\u00e1 mal&quot; - 103.9 fm\" \/>\n<meta property=\"og:description\" content=\"En Cosas que Pasan la fiscal del Fuero de Menores, Marina Vizzolini, habl\u00f3 de la entrada en vigencia de la nueva ley que baja la edad de imputabilidad a los 14 a\u00f1os.La fiscal detall\u00f3 c\u00f3mo se prepara la justicia ante este cambio que abarca todo tipo de delitos del C\u00f3digo Penal. Vizzolini advirti\u00f3 que muchas [&hellip;]\" \/>\n<meta property=\"og:url\" content=\"https:\/\/ondauno.com.ar\/index.php\/2026\/09\/03\/vizzolini-un-consejo-que-le-doy-a-los-chicos-es-no-sumarse-al-grupo-si-lo-que-hacen-esta-mal\/\" \/>\n<meta property=\"og:site_name\" content=\"103.9 fm\" \/>\n<meta property=\"article:publisher\" content=\"https:\/\/www.facebook.com\/ondauno103.9\" \/>\n<meta property=\"article:published_time\" content=\"2026-09-03T22:40:38+00:00\" \/>\n<meta property=\"article:modified_time\" content=\"2026-09-03T22:40:41+00:00\" \/>\n<meta property=\"og:image\" content=\"http:\/\/ondauno.com.ar\/wp-content\/uploads\/2026\/04\/WhatsApp-Image-2026-04-21-at-12.08.40.jpeg\" \/>\n\t<meta property=\"og:image:width\" content=\"1200\" \/>\n\t<meta property=\"og:image:height\" content=\"1600\" \/>\n\t<meta property=\"og:image:type\" content=\"image\/jpeg\" \/>\n<meta name=\"author\" content=\"OndaUno\" \/>\n<meta name=\"twitter:card\" content=\"summary_large_image\" \/>\n<meta name=\"twitter:label1\" content=\"Escrito por\" \/>\n\t<meta name=\"twitter:data1\" content=\"OndaUno\" \/>\n\t<meta name=\"twitter:label2\" content=\"Tiempo de lectura\" \/>\n\t<meta name=\"twitter:data2\" content=\"2 minutos\" \/>\n<script type=\"application\/ld+json\" class=\"yoast-schema-graph\">{\"@context\":\"https:\/\/schema.org\",\"@graph\":[{\"@type\":\"WebPage\",\"@id\":\"https:\/\/ondauno.com.ar\/index.php\/2026\/09\/03\/vizzolini-un-consejo-que-le-doy-a-los-chicos-es-no-sumarse-al-grupo-si-lo-que-hacen-esta-mal\/\",\"url\":\"https:\/\/ondauno.com.ar\/index.php\/2026\/09\/03\/vizzolini-un-consejo-que-le-doy-a-los-chicos-es-no-sumarse-al-grupo-si-lo-que-hacen-esta-mal\/\",\"name\":\"Vizzolini: \\\"Un consejo que le doy a los chicos es no sumarse al grupo si lo que hacen est\u00e1 mal\\\" - 103.9 fm\",\"isPartOf\":{\"@id\":\"https:\/\/ondauno.com.ar\/#website\"},\"primaryImageOfPage\":{\"@id\":\"https:\/\/ondauno.com.ar\/index.php\/2026\/09\/03\/vizzolini-un-consejo-que-le-doy-a-los-chicos-es-no-sumarse-al-grupo-si-lo-que-hacen-esta-mal\/#primaryimage\"},\"image\":{\"@id\":\"https:\/\/ondauno.com.ar\/index.php\/2026\/09\/03\/vizzolini-un-consejo-que-le-doy-a-los-chicos-es-no-sumarse-al-grupo-si-lo-que-hacen-esta-mal\/#primaryimage\"},\"thumbnailUrl\":\"https:\/\/ondauno.com.ar\/wp-content\/uploads\/2026\/04\/WhatsApp-Image-2026-04-21-at-12.08.40.jpeg\",\"datePublished\":\"2026-09-03T22:40:38+00:00\",\"dateModified\":\"2026-09-03T22:40:41+00:00\",\"author\":{\"@id\":\"https:\/\/ondauno.com.ar\/#\/schema\/person\/7ec851ddeceb4133d7d7132dc645714e\"},\"breadcrumb\":{\"@id\":\"https:\/\/ondauno.com.ar\/index.php\/2026\/09\/03\/vizzolini-un-consejo-que-le-doy-a-los-chicos-es-no-sumarse-al-grupo-si-lo-que-hacen-esta-mal\/#breadcrumb\"},\"inLanguage\":\"es-AR\",\"potentialAction\":[{\"@type\":\"ReadAction\",\"target\":[\"https:\/\/ondauno.com.ar\/index.php\/2026\/09\/03\/vizzolini-un-consejo-que-le-doy-a-los-chicos-es-no-sumarse-al-grupo-si-lo-que-hacen-esta-mal\/\"]}]},{\"@type\":\"ImageObject\",\"inLanguage\":\"es-AR\",\"@id\":\"https:\/\/ondauno.com.ar\/index.php\/2026\/09\/03\/vizzolini-un-consejo-que-le-doy-a-los-chicos-es-no-sumarse-al-grupo-si-lo-que-hacen-esta-mal\/#primaryimage\",\"url\":\"https:\/\/ondauno.com.ar\/wp-content\/uploads\/2026\/04\/WhatsApp-Image-2026-04-21-at-12.08.40.jpeg\",\"contentUrl\":\"https:\/\/ondauno.com.ar\/wp-content\/uploads\/2026\/04\/WhatsApp-Image-2026-04-21-at-12.08.40.jpeg\",\"width\":1200,\"height\":1600},{\"@type\":\"BreadcrumbList\",\"@id\":\"https:\/\/ondauno.com.ar\/index.php\/2026\/09\/03\/vizzolini-un-consejo-que-le-doy-a-los-chicos-es-no-sumarse-al-grupo-si-lo-que-hacen-esta-mal\/#breadcrumb\",\"itemListElement\":[{\"@type\":\"ListItem\",\"position\":1,\"name\":\"Inicio\",\"item\":\"https:\/\/ondauno.com.ar\/\"},{\"@type\":\"ListItem\",\"position\":2,\"name\":\"Vizzolini: &#8220;Un consejo que le doy a los chicos es no sumarse al grupo si lo que hacen est\u00e1 mal&#8221;\"}]},{\"@type\":\"WebSite\",\"@id\":\"https:\/\/ondauno.com.ar\/#website\",\"url\":\"https:\/\/ondauno.com.ar\/\",\"name\":\"103.9 fm\",\"description\":\"LA PRIMERA RADIO MULTIMEDIA DE TRES ARROYOS\",\"potentialAction\":[{\"@type\":\"SearchAction\",\"target\":{\"@type\":\"EntryPoint\",\"urlTemplate\":\"https:\/\/ondauno.com.ar\/?s={search_term_string}\"},\"query-input\":\"required name=search_term_string\"}],\"inLanguage\":\"es-AR\"},{\"@type\":\"Person\",\"@id\":\"https:\/\/ondauno.com.ar\/#\/schema\/person\/7ec851ddeceb4133d7d7132dc645714e\",\"name\":\"OndaUno\",\"image\":{\"@type\":\"ImageObject\",\"inLanguage\":\"es-AR\",\"@id\":\"https:\/\/ondauno.com.ar\/#\/schema\/person\/image\/\",\"url\":\"https:\/\/secure.gravatar.com\/avatar\/ce07852b706fdc4c52eafcd1d057deb8d1afd64f0ae3f98db05c3620a77d42aa?s=96&d=mm&r=g\",\"contentUrl\":\"https:\/\/secure.gravatar.com\/avatar\/ce07852b706fdc4c52eafcd1d057deb8d1afd64f0ae3f98db05c3620a77d42aa?s=96&d=mm&r=g\",\"caption\":\"OndaUno\"},\"url\":\"https:\/\/ondauno.com.ar\/index.php\/author\/ondauno\/\"}]}<\/script>\n<!-- \/ Yoast SEO plugin. -->","yoast_head_json":{"title":"Vizzolini: \"Un consejo que le doy a los chicos es no sumarse al grupo si lo que hacen est\u00e1 mal\" - 103.9 fm","robots":{"index":"index","follow":"follow","max-snippet":"max-snippet:-1","max-image-preview":"max-image-preview:large","max-video-preview":"max-video-preview:-1"},"canonical":"https:\/\/ondauno.com.ar\/index.php\/2026\/09\/03\/vizzolini-un-consejo-que-le-doy-a-los-chicos-es-no-sumarse-al-grupo-si-lo-que-hacen-esta-mal\/","og_locale":"es_ES","og_type":"article","og_title":"Vizzolini: \"Un consejo que le doy a los chicos es no sumarse al grupo si lo que hacen est\u00e1 mal\" - 103.9 fm","og_description":"En Cosas que Pasan la fiscal del Fuero de Menores, Marina Vizzolini, habl\u00f3 de la entrada en vigencia de la nueva ley que baja la edad de imputabilidad a los 14 a\u00f1os.La fiscal detall\u00f3 c\u00f3mo se prepara la justicia ante este cambio que abarca todo tipo de delitos del C\u00f3digo Penal. Vizzolini advirti\u00f3 que muchas [&hellip;]","og_url":"https:\/\/ondauno.com.ar\/index.php\/2026\/09\/03\/vizzolini-un-consejo-que-le-doy-a-los-chicos-es-no-sumarse-al-grupo-si-lo-que-hacen-esta-mal\/","og_site_name":"103.9 fm","article_publisher":"https:\/\/www.facebook.com\/ondauno103.9","article_published_time":"2026-09-03T22:40:38+00:00","article_modified_time":"2026-09-03T22:40:41+00:00","og_image":[{"width":1200,"height":1600,"url":"http:\/\/ondauno.com.ar\/wp-content\/uploads\/2026\/04\/WhatsApp-Image-2026-04-21-at-12.08.40.jpeg","type":"image\/jpeg"}],"author":"OndaUno","twitter_card":"summary_large_image","twitter_misc":{"Escrito por":"OndaUno","Tiempo de lectura":"2 minutos"},"schema":{"@context":"https:\/\/schema.org","@graph":[{"@type":"WebPage","@id":"https:\/\/ondauno.com.ar\/index.php\/2026\/09\/03\/vizzolini-un-consejo-que-le-doy-a-los-chicos-es-no-sumarse-al-grupo-si-lo-que-hacen-esta-mal\/","url":"https:\/\/ondauno.com.ar\/index.php\/2026\/09\/03\/vizzolini-un-consejo-que-le-doy-a-los-chicos-es-no-sumarse-al-grupo-si-lo-que-hacen-esta-mal\/","name":"Vizzolini: \"Un consejo que le doy a los chicos es no sumarse al grupo si lo que hacen est\u00e1 mal\" - 103.9 fm","isPartOf":{"@id":"https:\/\/ondauno.com.ar\/#website"},"primaryImageOfPage":{"@id":"https:\/\/ondauno.com.ar\/index.php\/2026\/09\/03\/vizzolini-un-consejo-que-le-doy-a-los-chicos-es-no-sumarse-al-grupo-si-lo-que-hacen-esta-mal\/#primaryimage"},"image":{"@id":"https:\/\/ondauno.com.ar\/index.php\/2026\/09\/03\/vizzolini-un-consejo-que-le-doy-a-los-chicos-es-no-sumarse-al-grupo-si-lo-que-hacen-esta-mal\/#primaryimage"},"thumbnailUrl":"https:\/\/ondauno.com.ar\/wp-content\/uploads\/2026\/04\/WhatsApp-Image-2026-04-21-at-12.08.40.jpeg","datePublished":"2026-09-03T22:40:38+00:00","dateModified":"2026-09-03T22:40:41+00:00","author":{"@id":"https:\/\/ondauno.com.ar\/#\/schema\/person\/7ec851ddeceb4133d7d7132dc645714e"},"breadcrumb":{"@id":"https:\/\/ondauno.com.ar\/index.php\/2026\/09\/03\/vizzolini-un-consejo-que-le-doy-a-los-chicos-es-no-sumarse-al-grupo-si-lo-que-hacen-esta-mal\/#breadcrumb"},"inLanguage":"es-AR","potentialAction":[{"@type":"ReadAction","target":["https:\/\/ondauno.com.ar\/index.php\/2026\/09\/03\/vizzolini-un-consejo-que-le-doy-a-los-chicos-es-no-sumarse-al-grupo-si-lo-que-hacen-esta-mal\/"]}]},{"@type":"ImageObject","inLanguage":"es-AR","@id":"https:\/\/ondauno.com.ar\/index.php\/2026\/09\/03\/vizzolini-un-consejo-que-le-doy-a-los-chicos-es-no-sumarse-al-grupo-si-lo-que-hacen-esta-mal\/#primaryimage","url":"https:\/\/ondauno.com.ar\/wp-content\/uploads\/2026\/04\/WhatsApp-Image-2026-04-21-at-12.08.40.jpeg","contentUrl":"https:\/\/ondauno.com.ar\/wp-content\/uploads\/2026\/04\/WhatsApp-Image-2026-04-21-at-12.08.40.jpeg","width":1200,"height":1600},{"@type":"BreadcrumbList","@id":"https:\/\/ondauno.com.ar\/index.php\/2026\/09\/03\/vizzolini-un-consejo-que-le-doy-a-los-chicos-es-no-sumarse-al-grupo-si-lo-que-hacen-esta-mal\/#breadcrumb","itemListElement":[{"@type":"ListItem","position":1,"name":"Inicio","item":"https:\/\/ondauno.com.ar\/"},{"@type":"ListItem","position":2,"name":"Vizzolini: &#8220;Un consejo que le doy a los chicos es no sumarse al grupo si lo que hacen est\u00e1 mal&#8221;"}]},{"@type":"WebSite","@id":"https:\/\/ondauno.com.ar\/#website","url":"https:\/\/ondauno.com.ar\/","name":"103.9 fm","description":"LA PRIMERA RADIO MULTIMEDIA DE TRES ARROYOS","potentialAction":[{"@type":"SearchAction","target":{"@type":"EntryPoint","urlTemplate":"https:\/\/ondauno.com.ar\/?s={search_term_string}"},"query-input":"required name=search_term_string"}],"inLanguage":"es-AR"},{"@type":"Person","@id":"https:\/\/ondauno.com.ar\/#\/schema\/person\/7ec851ddeceb4133d7d7132dc645714e","name":"OndaUno","image":{"@type":"ImageObject","inLanguage":"es-AR","@id":"https:\/\/ondauno.com.ar\/#\/schema\/person\/image\/","url":"https:\/\/secure.gravatar.com\/avatar\/ce07852b706fdc4c52eafcd1d057deb8d1afd64f0ae3f98db05c3620a77d42aa?s=96&d=mm&r=g","contentUrl":"https:\/\/secure.gravatar.com\/avatar\/ce07852b706fdc4c52eafcd1d057deb8d1afd64f0ae3f98db05c3620a77d42aa?s=96&d=mm&r=g","caption":"OndaUno"},"url":"https:\/\/ondauno.com.ar\/index.php\/author\/ondauno\/"}]}},"jetpack_publicize_connections":[],"jetpack_featured_media_url":"https:\/\/ondauno.com.ar\/wp-content\/uploads\/2026\/04\/WhatsApp-Image-2026-04-21-at-12.08.40.jpeg","jetpack_sharing_enabled":true,"_links":{"self":[{"href":"https:\/\/ondauno.com.ar\/index.php\/wp-json\/wp\/v2\/posts\/66655","targetHints":{"allow":["GET"]}}],"collection":[{"href":"https:\/\/ondauno.com.ar\/index.php\/wp-json\/wp\/v2\/posts"}],"about":[{"href":"https:\/\/ondauno.com.ar\/index.php\/wp-json\/wp\/v2\/types\/post"}],"author":[{"embeddable":true,"href":"https:\/\/ondauno.com.ar\/index.php\/wp-json\/wp\/v2\/users\/1"}],"replies":[{"embeddable":true,"href":"https:\/\/ondauno.com.ar\/index.php\/wp-json\/wp\/v2\/comments?post=66655"}],"version-history":[{"count":1,"href":"https:\/\/ondauno.com.ar\/index.php\/wp-json\/wp\/v2\/posts\/66655\/revisions"}],"predecessor-version":[{"id":66656,"href":"https:\/\/ondauno.com.ar\/index.php\/wp-json\/wp\/v2\/posts\/66655\/revisions\/66656"}],"wp:featuredmedia":[{"embeddable":true,"href":"https:\/\/ondauno.com.ar\/index.php\/wp-json\/wp\/v2\/media\/64288"}],"wp:attachment":[{"href":"https:\/\/ondauno.com.ar\/index.php\/wp-json\/wp\/v2\/media?parent=66655"}],"wp:term":[{"taxonomy":"category","embeddable":true,"href":"https:\/\/ondauno.com.ar\/index.php\/wp-json\/wp\/v2\/categories?post=66655"},{"taxonomy":"post_tag","embeddable":true,"href":"https:\/\/ondauno.com.ar\/index.php\/wp-json\/wp\/v2\/tags?post=66655"}],"curies":[{"name":"wp","href":"https:\/\/api.w.org\/{rel}","templated":true}]}}