{"id":66650,"date":"2026-09-03T19:33:05","date_gmt":"2026-09-03T22:33:05","guid":{"rendered":"https:\/\/ondauno.com.ar\/?p=66650"},"modified":"2026-09-03T19:35:18","modified_gmt":"2026-09-03T22:35:18","slug":"el-nino-en-dorrego-se-preparan-para-mitigar-el-impacto-de-posibles-inundaciones","status":"publish","type":"post","link":"https:\/\/ondauno.com.ar\/index.php\/2026\/09\/03\/el-nino-en-dorrego-se-preparan-para-mitigar-el-impacto-de-posibles-inundaciones\/","title":{"rendered":"El Ni\u00f1o: en Dorrego se preparan para mitigar el impacto de posibles inundaciones"},"content":{"rendered":"<div class=\"ondau-before-content_3\" style=\"margin-top: -30px;\" id=\"ondau-2277200754\"><a href=\"https:\/\/www.lps.com.ar\/\" aria-label=\"la-perse2\"><img loading=\"lazy\" decoding=\"async\" src=\"https:\/\/ondauno.com.ar\/wp-content\/uploads\/2021\/10\/la-perse2.jpg\" alt=\"\"  srcset=\"https:\/\/ondauno.com.ar\/wp-content\/uploads\/2021\/10\/la-perse2.jpg 1353w, https:\/\/ondauno.com.ar\/wp-content\/uploads\/2021\/10\/la-perse2-300x43.jpg 300w, https:\/\/ondauno.com.ar\/wp-content\/uploads\/2021\/10\/la-perse2-1024x148.jpg 1024w, https:\/\/ondauno.com.ar\/wp-content\/uploads\/2021\/10\/la-perse2-768x111.jpg 768w, https:\/\/ondauno.com.ar\/wp-content\/uploads\/2021\/10\/la-perse2-696x100.jpg 696w, https:\/\/ondauno.com.ar\/wp-content\/uploads\/2021\/10\/la-perse2-1068x154.jpg 1068w\" sizes=\"(max-width: 1353px) 100vw, 1353px\" class=\"no-lazyload\" width=\"1353\" height=\"195\"  style=\"display: inline-block;\" \/><\/a><\/div>\n<p class=\"wp-block-paragraph\">El municipio de Coronel Dorrego encabez\u00f3 una reuni\u00f3n clave con funcionarios, delegados, bomberos y personal de salud para coordinar medidas preventivas frente al fen\u00f3meno clim\u00e1tico del Ni\u00f1o. Durante el encuentro en Cosas que Pasan, el delegado de Oriente, Patricio Bertone, brind\u00f3 detalles sobre las tareas de infraestructura que ya se est\u00e1n ejecutando en la zona.<\/p>\n\n\n\n<p class=\"wp-block-paragraph\">Entre las principales acciones, destaca el uso de maquinaria hidr\u00e1ulica aportada por la provincia para la limpieza de canales y el arreglo de alcantarillados. Incluso, miembros de la comunidad sobrevolaron la zona en avi\u00f3n para detectar las \u00e1reas prioritarias.<\/p>\n\n\n\n<p class=\"wp-block-paragraph\">Uno de los puntos de mayor preocupaci\u00f3n es la villa balnearia de Marisol, donde el cauce del r\u00edo suele colisionar con las altas mareas del mar. Sobre el respeto que genera este escenario en la poblaci\u00f3n, Bertone fue contundente: &#8220;No s\u00e9 si la palabra es temor, pero s\u00ed respeto, y tomar precauciones&#8221;.<\/p>\n\n\n\n<p class=\"wp-block-paragraph\">&#8220;Trat\u00f3 de abarcarse a todos los miembros de la sociedad que estar\u00edan incluidos en caso de que ocurriese un fen\u00f3meno clim\u00e1tico.&#8221;<\/p>\n\n\n\n<p class=\"wp-block-paragraph\">A pesar de que los pron\u00f3sticos apuntan a un incremento de precipitaciones hacia fin de a\u00f1o, la comuna ya alista recursos de asistencia. Adem\u00e1s, Bertone dej\u00f3 un mensaje para mantener la alerta en toda la regi\u00f3n: &#8220;Por las dudas hay que estar prevenidos y tomar ciertos recaudos&#8221;.<\/p>\n\n\n\n<p class=\"wp-block-paragraph\">\u00bfC\u00f3mo afectar\u00e1 el agua proveniente del r\u00edo Quequ\u00e9n y qu\u00e9 zonas corren mayor riesgo de corte?<\/p>\n\n\n\n<p class=\"wp-block-paragraph\">Pod\u00e9s escuchar la nota completa en el siguiente link:<\/p>\n\n\n\n<figure class=\"wp-block-embed is-type-video is-provider-youtube wp-block-embed-youtube wp-embed-aspect-16-9 wp-has-aspect-ratio\"><div class=\"wp-block-embed__wrapper\">\n<div class=\"youtube-embed\" data-video_id=\"HnM7tBoqMlg\"><iframe loading=\"lazy\" title=\"Onda Uno 103.9 en vivo\" width=\"696\" height=\"392\" data-src=\"https:\/\/www.youtube.com\/embed\/HnM7tBoqMlg?feature=oembed&#038;enablejsapi=1\" frameborder=\"0\" allow=\"accelerometer; autoplay; clipboard-write; encrypted-media; gyroscope; picture-in-picture; web-share\" referrerpolicy=\"strict-origin-when-cross-origin\" allowfullscreen src=\"data:image\/gif;base64,R0lGODlhAQABAAAAACH5BAEKAAEALAAAAAABAAEAAAICTAEAOw==\" class=\"lazyload\" data-load-mode=\"1\"><\/iframe><\/div>\n<\/div><\/figure>\n","protected":false},"excerpt":{"rendered":"<p>El municipio de Coronel Dorrego encabez\u00f3 una reuni\u00f3n clave con funcionarios, delegados, bomberos y personal de salud para coordinar medidas preventivas frente al fen\u00f3meno clim\u00e1tico del Ni\u00f1o. Durante el encuentro en Cosas que Pasan, el delegado de Oriente, Patricio Bertone, brind\u00f3 detalles sobre las tareas de infraestructura que ya se est\u00e1n ejecutando en la zona. [&hellip;]<\/p>\n","protected":false},"author":1,"featured_media":66654,"comment_status":"open","ping_status":"open","sticky":false,"template":"","format":"standard","meta":{"tdm_status":"","tdm_grid_status":"","_jetpack_memberships_contains_paid_content":false,"footnotes":"","jetpack_publicize_message":"","jetpack_publicize_feature_enabled":true,"jetpack_social_post_already_shared":true,"jetpack_social_options":{"image_generator_settings":{"template":"highway","default_image_id":0,"font":"","enabled":false},"version":2}},"categories":[35],"tags":[],"class_list":["post-66650","post","type-post","status-publish","format-standard","has-post-thumbnail","category-regionales"],"yoast_head":"<!-- This site is optimized with the Yoast SEO plugin v22.7 - https:\/\/yoast.com\/wordpress\/plugins\/seo\/ -->\n<title>El Ni\u00f1o: en Dorrego se preparan para mitigar el impacto de posibles inundaciones - 103.9 fm<\/title>\n<meta name=\"robots\" content=\"index, follow, max-snippet:-1, max-image-preview:large, max-video-preview:-1\" \/>\n<link rel=\"canonical\" href=\"https:\/\/ondauno.com.ar\/index.php\/2026\/09\/03\/el-nino-en-dorrego-se-preparan-para-mitigar-el-impacto-de-posibles-inundaciones\/\" \/>\n<meta property=\"og:locale\" content=\"es_ES\" \/>\n<meta property=\"og:type\" content=\"article\" \/>\n<meta property=\"og:title\" content=\"El Ni\u00f1o: en Dorrego se preparan para mitigar el impacto de posibles inundaciones - 103.9 fm\" \/>\n<meta property=\"og:description\" content=\"El municipio de Coronel Dorrego encabez\u00f3 una reuni\u00f3n clave con funcionarios, delegados, bomberos y personal de salud para coordinar medidas preventivas frente al fen\u00f3meno clim\u00e1tico del Ni\u00f1o. Durante el encuentro en Cosas que Pasan, el delegado de Oriente, Patricio Bertone, brind\u00f3 detalles sobre las tareas de infraestructura que ya se est\u00e1n ejecutando en la zona. [&hellip;]\" \/>\n<meta property=\"og:url\" content=\"https:\/\/ondauno.com.ar\/index.php\/2026\/09\/03\/el-nino-en-dorrego-se-preparan-para-mitigar-el-impacto-de-posibles-inundaciones\/\" \/>\n<meta property=\"og:site_name\" content=\"103.9 fm\" \/>\n<meta property=\"article:publisher\" content=\"https:\/\/www.facebook.com\/ondauno103.9\" \/>\n<meta property=\"article:published_time\" content=\"2026-09-03T22:33:05+00:00\" \/>\n<meta property=\"article:modified_time\" content=\"2026-09-03T22:35:18+00:00\" \/>\n<meta property=\"og:image\" content=\"http:\/\/ondauno.com.ar\/wp-content\/uploads\/2026\/09\/WhatsApp-Image-2026-09-03-at-12.43.08.jpeg\" \/>\n\t<meta property=\"og:image:width\" content=\"1600\" \/>\n\t<meta property=\"og:image:height\" content=\"737\" \/>\n\t<meta property=\"og:image:type\" content=\"image\/jpeg\" \/>\n<meta name=\"author\" content=\"OndaUno\" \/>\n<meta name=\"twitter:card\" content=\"summary_large_image\" \/>\n<meta name=\"twitter:label1\" content=\"Escrito por\" \/>\n\t<meta name=\"twitter:data1\" content=\"OndaUno\" \/>\n\t<meta name=\"twitter:label2\" content=\"Tiempo de lectura\" \/>\n\t<meta name=\"twitter:data2\" content=\"2 minutos\" \/>\n<script type=\"application\/ld+json\" class=\"yoast-schema-graph\">{\"@context\":\"https:\/\/schema.org\",\"@graph\":[{\"@type\":\"WebPage\",\"@id\":\"https:\/\/ondauno.com.ar\/index.php\/2026\/09\/03\/el-nino-en-dorrego-se-preparan-para-mitigar-el-impacto-de-posibles-inundaciones\/\",\"url\":\"https:\/\/ondauno.com.ar\/index.php\/2026\/09\/03\/el-nino-en-dorrego-se-preparan-para-mitigar-el-impacto-de-posibles-inundaciones\/\",\"name\":\"El Ni\u00f1o: en Dorrego se preparan para mitigar el impacto de posibles inundaciones - 103.9 fm\",\"isPartOf\":{\"@id\":\"https:\/\/ondauno.com.ar\/#website\"},\"primaryImageOfPage\":{\"@id\":\"https:\/\/ondauno.com.ar\/index.php\/2026\/09\/03\/el-nino-en-dorrego-se-preparan-para-mitigar-el-impacto-de-posibles-inundaciones\/#primaryimage\"},\"image\":{\"@id\":\"https:\/\/ondauno.com.ar\/index.php\/2026\/09\/03\/el-nino-en-dorrego-se-preparan-para-mitigar-el-impacto-de-posibles-inundaciones\/#primaryimage\"},\"thumbnailUrl\":\"https:\/\/ondauno.com.ar\/wp-content\/uploads\/2026\/09\/WhatsApp-Image-2026-09-03-at-12.43.08.jpeg\",\"datePublished\":\"2026-09-03T22:33:05+00:00\",\"dateModified\":\"2026-09-03T22:35:18+00:00\",\"author\":{\"@id\":\"https:\/\/ondauno.com.ar\/#\/schema\/person\/7ec851ddeceb4133d7d7132dc645714e\"},\"breadcrumb\":{\"@id\":\"https:\/\/ondauno.com.ar\/index.php\/2026\/09\/03\/el-nino-en-dorrego-se-preparan-para-mitigar-el-impacto-de-posibles-inundaciones\/#breadcrumb\"},\"inLanguage\":\"es-AR\",\"potentialAction\":[{\"@type\":\"ReadAction\",\"target\":[\"https:\/\/ondauno.com.ar\/index.php\/2026\/09\/03\/el-nino-en-dorrego-se-preparan-para-mitigar-el-impacto-de-posibles-inundaciones\/\"]}]},{\"@type\":\"ImageObject\",\"inLanguage\":\"es-AR\",\"@id\":\"https:\/\/ondauno.com.ar\/index.php\/2026\/09\/03\/el-nino-en-dorrego-se-preparan-para-mitigar-el-impacto-de-posibles-inundaciones\/#primaryimage\",\"url\":\"https:\/\/ondauno.com.ar\/wp-content\/uploads\/2026\/09\/WhatsApp-Image-2026-09-03-at-12.43.08.jpeg\",\"contentUrl\":\"https:\/\/ondauno.com.ar\/wp-content\/uploads\/2026\/09\/WhatsApp-Image-2026-09-03-at-12.43.08.jpeg\",\"width\":1600,\"height\":737},{\"@type\":\"BreadcrumbList\",\"@id\":\"https:\/\/ondauno.com.ar\/index.php\/2026\/09\/03\/el-nino-en-dorrego-se-preparan-para-mitigar-el-impacto-de-posibles-inundaciones\/#breadcrumb\",\"itemListElement\":[{\"@type\":\"ListItem\",\"position\":1,\"name\":\"Inicio\",\"item\":\"https:\/\/ondauno.com.ar\/\"},{\"@type\":\"ListItem\",\"position\":2,\"name\":\"El Ni\u00f1o: en Dorrego se preparan para mitigar el impacto de posibles inundaciones\"}]},{\"@type\":\"WebSite\",\"@id\":\"https:\/\/ondauno.com.ar\/#website\",\"url\":\"https:\/\/ondauno.com.ar\/\",\"name\":\"103.9 fm\",\"description\":\"LA PRIMERA RADIO MULTIMEDIA DE TRES ARROYOS\",\"potentialAction\":[{\"@type\":\"SearchAction\",\"target\":{\"@type\":\"EntryPoint\",\"urlTemplate\":\"https:\/\/ondauno.com.ar\/?s={search_term_string}\"},\"query-input\":\"required name=search_term_string\"}],\"inLanguage\":\"es-AR\"},{\"@type\":\"Person\",\"@id\":\"https:\/\/ondauno.com.ar\/#\/schema\/person\/7ec851ddeceb4133d7d7132dc645714e\",\"name\":\"OndaUno\",\"image\":{\"@type\":\"ImageObject\",\"inLanguage\":\"es-AR\",\"@id\":\"https:\/\/ondauno.com.ar\/#\/schema\/person\/image\/\",\"url\":\"https:\/\/secure.gravatar.com\/avatar\/ce07852b706fdc4c52eafcd1d057deb8d1afd64f0ae3f98db05c3620a77d42aa?s=96&d=mm&r=g\",\"contentUrl\":\"https:\/\/secure.gravatar.com\/avatar\/ce07852b706fdc4c52eafcd1d057deb8d1afd64f0ae3f98db05c3620a77d42aa?s=96&d=mm&r=g\",\"caption\":\"OndaUno\"},\"url\":\"https:\/\/ondauno.com.ar\/index.php\/author\/ondauno\/\"}]}<\/script>\n<!-- \/ Yoast SEO plugin. -->","yoast_head_json":{"title":"El Ni\u00f1o: en Dorrego se preparan para mitigar el impacto de posibles inundaciones - 103.9 fm","robots":{"index":"index","follow":"follow","max-snippet":"max-snippet:-1","max-image-preview":"max-image-preview:large","max-video-preview":"max-video-preview:-1"},"canonical":"https:\/\/ondauno.com.ar\/index.php\/2026\/09\/03\/el-nino-en-dorrego-se-preparan-para-mitigar-el-impacto-de-posibles-inundaciones\/","og_locale":"es_ES","og_type":"article","og_title":"El Ni\u00f1o: en Dorrego se preparan para mitigar el impacto de posibles inundaciones - 103.9 fm","og_description":"El municipio de Coronel Dorrego encabez\u00f3 una reuni\u00f3n clave con funcionarios, delegados, bomberos y personal de salud para coordinar medidas preventivas frente al fen\u00f3meno clim\u00e1tico del Ni\u00f1o. Durante el encuentro en Cosas que Pasan, el delegado de Oriente, Patricio Bertone, brind\u00f3 detalles sobre las tareas de infraestructura que ya se est\u00e1n ejecutando en la zona. [&hellip;]","og_url":"https:\/\/ondauno.com.ar\/index.php\/2026\/09\/03\/el-nino-en-dorrego-se-preparan-para-mitigar-el-impacto-de-posibles-inundaciones\/","og_site_name":"103.9 fm","article_publisher":"https:\/\/www.facebook.com\/ondauno103.9","article_published_time":"2026-09-03T22:33:05+00:00","article_modified_time":"2026-09-03T22:35:18+00:00","og_image":[{"width":1600,"height":737,"url":"http:\/\/ondauno.com.ar\/wp-content\/uploads\/2026\/09\/WhatsApp-Image-2026-09-03-at-12.43.08.jpeg","type":"image\/jpeg"}],"author":"OndaUno","twitter_card":"summary_large_image","twitter_misc":{"Escrito por":"OndaUno","Tiempo de lectura":"2 minutos"},"schema":{"@context":"https:\/\/schema.org","@graph":[{"@type":"WebPage","@id":"https:\/\/ondauno.com.ar\/index.php\/2026\/09\/03\/el-nino-en-dorrego-se-preparan-para-mitigar-el-impacto-de-posibles-inundaciones\/","url":"https:\/\/ondauno.com.ar\/index.php\/2026\/09\/03\/el-nino-en-dorrego-se-preparan-para-mitigar-el-impacto-de-posibles-inundaciones\/","name":"El Ni\u00f1o: en Dorrego se preparan para mitigar el impacto de posibles inundaciones - 103.9 fm","isPartOf":{"@id":"https:\/\/ondauno.com.ar\/#website"},"primaryImageOfPage":{"@id":"https:\/\/ondauno.com.ar\/index.php\/2026\/09\/03\/el-nino-en-dorrego-se-preparan-para-mitigar-el-impacto-de-posibles-inundaciones\/#primaryimage"},"image":{"@id":"https:\/\/ondauno.com.ar\/index.php\/2026\/09\/03\/el-nino-en-dorrego-se-preparan-para-mitigar-el-impacto-de-posibles-inundaciones\/#primaryimage"},"thumbnailUrl":"https:\/\/ondauno.com.ar\/wp-content\/uploads\/2026\/09\/WhatsApp-Image-2026-09-03-at-12.43.08.jpeg","datePublished":"2026-09-03T22:33:05+00:00","dateModified":"2026-09-03T22:35:18+00:00","author":{"@id":"https:\/\/ondauno.com.ar\/#\/schema\/person\/7ec851ddeceb4133d7d7132dc645714e"},"breadcrumb":{"@id":"https:\/\/ondauno.com.ar\/index.php\/2026\/09\/03\/el-nino-en-dorrego-se-preparan-para-mitigar-el-impacto-de-posibles-inundaciones\/#breadcrumb"},"inLanguage":"es-AR","potentialAction":[{"@type":"ReadAction","target":["https:\/\/ondauno.com.ar\/index.php\/2026\/09\/03\/el-nino-en-dorrego-se-preparan-para-mitigar-el-impacto-de-posibles-inundaciones\/"]}]},{"@type":"ImageObject","inLanguage":"es-AR","@id":"https:\/\/ondauno.com.ar\/index.php\/2026\/09\/03\/el-nino-en-dorrego-se-preparan-para-mitigar-el-impacto-de-posibles-inundaciones\/#primaryimage","url":"https:\/\/ondauno.com.ar\/wp-content\/uploads\/2026\/09\/WhatsApp-Image-2026-09-03-at-12.43.08.jpeg","contentUrl":"https:\/\/ondauno.com.ar\/wp-content\/uploads\/2026\/09\/WhatsApp-Image-2026-09-03-at-12.43.08.jpeg","width":1600,"height":737},{"@type":"BreadcrumbList","@id":"https:\/\/ondauno.com.ar\/index.php\/2026\/09\/03\/el-nino-en-dorrego-se-preparan-para-mitigar-el-impacto-de-posibles-inundaciones\/#breadcrumb","itemListElement":[{"@type":"ListItem","position":1,"name":"Inicio","item":"https:\/\/ondauno.com.ar\/"},{"@type":"ListItem","position":2,"name":"El Ni\u00f1o: en Dorrego se preparan para mitigar el impacto de posibles inundaciones"}]},{"@type":"WebSite","@id":"https:\/\/ondauno.com.ar\/#website","url":"https:\/\/ondauno.com.ar\/","name":"103.9 fm","description":"LA PRIMERA RADIO MULTIMEDIA DE TRES ARROYOS","potentialAction":[{"@type":"SearchAction","target":{"@type":"EntryPoint","urlTemplate":"https:\/\/ondauno.com.ar\/?s={search_term_string}"},"query-input":"required name=search_term_string"}],"inLanguage":"es-AR"},{"@type":"Person","@id":"https:\/\/ondauno.com.ar\/#\/schema\/person\/7ec851ddeceb4133d7d7132dc645714e","name":"OndaUno","image":{"@type":"ImageObject","inLanguage":"es-AR","@id":"https:\/\/ondauno.com.ar\/#\/schema\/person\/image\/","url":"https:\/\/secure.gravatar.com\/avatar\/ce07852b706fdc4c52eafcd1d057deb8d1afd64f0ae3f98db05c3620a77d42aa?s=96&d=mm&r=g","contentUrl":"https:\/\/secure.gravatar.com\/avatar\/ce07852b706fdc4c52eafcd1d057deb8d1afd64f0ae3f98db05c3620a77d42aa?s=96&d=mm&r=g","caption":"OndaUno"},"url":"https:\/\/ondauno.com.ar\/index.php\/author\/ondauno\/"}]}},"jetpack_publicize_connections":[],"jetpack_featured_media_url":"https:\/\/ondauno.com.ar\/wp-content\/uploads\/2026\/09\/WhatsApp-Image-2026-09-03-at-12.43.08.jpeg","jetpack_sharing_enabled":true,"_links":{"self":[{"href":"https:\/\/ondauno.com.ar\/index.php\/wp-json\/wp\/v2\/posts\/66650","targetHints":{"allow":["GET"]}}],"collection":[{"href":"https:\/\/ondauno.com.ar\/index.php\/wp-json\/wp\/v2\/posts"}],"about":[{"href":"https:\/\/ondauno.com.ar\/index.php\/wp-json\/wp\/v2\/types\/post"}],"author":[{"embeddable":true,"href":"https:\/\/ondauno.com.ar\/index.php\/wp-json\/wp\/v2\/users\/1"}],"replies":[{"embeddable":true,"href":"https:\/\/ondauno.com.ar\/index.php\/wp-json\/wp\/v2\/comments?post=66650"}],"version-history":[{"count":1,"href":"https:\/\/ondauno.com.ar\/index.php\/wp-json\/wp\/v2\/posts\/66650\/revisions"}],"predecessor-version":[{"id":66653,"href":"https:\/\/ondauno.com.ar\/index.php\/wp-json\/wp\/v2\/posts\/66650\/revisions\/66653"}],"wp:featuredmedia":[{"embeddable":true,"href":"https:\/\/ondauno.com.ar\/index.php\/wp-json\/wp\/v2\/media\/66654"}],"wp:attachment":[{"href":"https:\/\/ondauno.com.ar\/index.php\/wp-json\/wp\/v2\/media?parent=66650"}],"wp:term":[{"taxonomy":"category","embeddable":true,"href":"https:\/\/ondauno.com.ar\/index.php\/wp-json\/wp\/v2\/categories?post=66650"},{"taxonomy":"post_tag","embeddable":true,"href":"https:\/\/ondauno.com.ar\/index.php\/wp-json\/wp\/v2\/tags?post=66650"}],"curies":[{"name":"wp","href":"https:\/\/api.w.org\/{rel}","templated":true}]}}