{"id":66640,"date":"2026-09-02T20:01:20","date_gmt":"2026-09-02T23:01:20","guid":{"rendered":"https:\/\/ondauno.com.ar\/?p=66640"},"modified":"2026-09-02T20:01:24","modified_gmt":"2026-09-02T23:01:24","slug":"un-aviso-por-un-vehiculo-sospechoso-permitio-recuperar-un-auto-robado","status":"publish","type":"post","link":"https:\/\/ondauno.com.ar\/index.php\/2026\/09\/02\/un-aviso-por-un-vehiculo-sospechoso-permitio-recuperar-un-auto-robado\/","title":{"rendered":"Un aviso por un veh\u00edculo sospechoso permiti\u00f3 recuperar un auto robado"},"content":{"rendered":"<div class=\"ondau-before-content_3\" style=\"margin-top: -30px;\" id=\"ondau-1130967382\"><a href=\"https:\/\/www.lps.com.ar\/\" aria-label=\"la-perse2\"><img loading=\"lazy\" decoding=\"async\" src=\"https:\/\/ondauno.com.ar\/wp-content\/uploads\/2021\/10\/la-perse2.jpg\" alt=\"\"  srcset=\"https:\/\/ondauno.com.ar\/wp-content\/uploads\/2021\/10\/la-perse2.jpg 1353w, https:\/\/ondauno.com.ar\/wp-content\/uploads\/2021\/10\/la-perse2-300x43.jpg 300w, https:\/\/ondauno.com.ar\/wp-content\/uploads\/2021\/10\/la-perse2-1024x148.jpg 1024w, https:\/\/ondauno.com.ar\/wp-content\/uploads\/2021\/10\/la-perse2-768x111.jpg 768w, https:\/\/ondauno.com.ar\/wp-content\/uploads\/2021\/10\/la-perse2-696x100.jpg 696w, https:\/\/ondauno.com.ar\/wp-content\/uploads\/2021\/10\/la-perse2-1068x154.jpg 1068w\" sizes=\"(max-width: 1353px) 100vw, 1353px\" class=\"no-lazyload\" width=\"1353\" height=\"195\"  style=\"display: inline-block;\" \/><\/a><\/div>\n<p class=\"wp-block-paragraph\">La Secretar\u00eda de Seguridad de la Municipalidad de Tres Arroyos informa que, a partir de un aviso recibido sobre la presencia de un veh\u00edculo sospechoso, el Centro de Operaciones inici\u00f3 su seguimiento mediante las c\u00e1maras de monitoreo.<\/p>\n\n\n\n<p class=\"wp-block-paragraph\">Una de las c\u00e1maras utilizadas para realizar el seguimiento fue instalada recientemente, lo que permiti\u00f3 localizar el Volkswagen Polo y dar aviso inmediato a la Polic\u00eda para coordinar su interceptaci\u00f3n junto con personal de Tr\u00e1nsito.<br>Durante el procedimiento se constat\u00f3 que el veh\u00edculo ten\u00eda un pedido activo de secuestro por robo en la ciudad de Mar del Plata y que era conducido por una persona menor de edad. El autom\u00f3vil qued\u00f3 a disposici\u00f3n de las autoridades correspondientes y se iniciaron las actuaciones legales pertinentes.<br>En el marco de los controles tambi\u00e9n fue secuestrado un Volkswagen Bora por falta de la documentaci\u00f3n obligatoria.<\/p>\n\n\n\n<p class=\"wp-block-paragraph\">Como resultado total del operativo:<\/p>\n\n\n\n<p class=\"wp-block-paragraph\">Se labraron 31 infracciones.<br>Se secuestraron cinco motos.<br>Se secuestraron tres autom\u00f3viles.<br>Se retuvieron cinco licencias de conducir.<br>Desde la Secretar\u00eda de Seguridad se destaca la importancia de la colaboraci\u00f3n ciudadana, la incorporaci\u00f3n de nuevas herramientas de monitoreo y el trabajo coordinado entre el Centro de Operaciones, la Polic\u00eda y el personal de Tr\u00e1nsito para brindar respuestas concretas y fortalecer la seguridad de la comunidad.<\/p>\n","protected":false},"excerpt":{"rendered":"<p>La Secretar\u00eda de Seguridad de la Municipalidad de Tres Arroyos informa que, a partir de un aviso recibido sobre la presencia de un veh\u00edculo sospechoso, el Centro de Operaciones inici\u00f3 su seguimiento mediante las c\u00e1maras de monitoreo. Una de las c\u00e1maras utilizadas para realizar el seguimiento fue instalada recientemente, lo que permiti\u00f3 localizar el Volkswagen [&hellip;]<\/p>\n","protected":false},"author":1,"featured_media":66641,"comment_status":"open","ping_status":"open","sticky":false,"template":"","format":"standard","meta":{"tdm_status":"","tdm_grid_status":"","_jetpack_memberships_contains_paid_content":false,"footnotes":"","jetpack_publicize_message":"","jetpack_publicize_feature_enabled":true,"jetpack_social_post_already_shared":true,"jetpack_social_options":{"image_generator_settings":{"template":"highway","default_image_id":0,"font":"","enabled":false},"version":2}},"categories":[29],"tags":[],"class_list":["post-66640","post","type-post","status-publish","format-standard","has-post-thumbnail","category-policiales"],"yoast_head":"<!-- This site is optimized with the Yoast SEO plugin v22.7 - https:\/\/yoast.com\/wordpress\/plugins\/seo\/ -->\n<title>Un aviso por un veh\u00edculo sospechoso permiti\u00f3 recuperar un auto robado - 103.9 fm<\/title>\n<meta name=\"robots\" content=\"index, follow, max-snippet:-1, max-image-preview:large, max-video-preview:-1\" \/>\n<link rel=\"canonical\" href=\"https:\/\/ondauno.com.ar\/index.php\/2026\/09\/02\/un-aviso-por-un-vehiculo-sospechoso-permitio-recuperar-un-auto-robado\/\" \/>\n<meta property=\"og:locale\" content=\"es_ES\" \/>\n<meta property=\"og:type\" content=\"article\" \/>\n<meta property=\"og:title\" content=\"Un aviso por un veh\u00edculo sospechoso permiti\u00f3 recuperar un auto robado - 103.9 fm\" \/>\n<meta property=\"og:description\" content=\"La Secretar\u00eda de Seguridad de la Municipalidad de Tres Arroyos informa que, a partir de un aviso recibido sobre la presencia de un veh\u00edculo sospechoso, el Centro de Operaciones inici\u00f3 su seguimiento mediante las c\u00e1maras de monitoreo. Una de las c\u00e1maras utilizadas para realizar el seguimiento fue instalada recientemente, lo que permiti\u00f3 localizar el Volkswagen [&hellip;]\" \/>\n<meta property=\"og:url\" content=\"https:\/\/ondauno.com.ar\/index.php\/2026\/09\/02\/un-aviso-por-un-vehiculo-sospechoso-permitio-recuperar-un-auto-robado\/\" \/>\n<meta property=\"og:site_name\" content=\"103.9 fm\" \/>\n<meta property=\"article:publisher\" content=\"https:\/\/www.facebook.com\/ondauno103.9\" \/>\n<meta property=\"article:published_time\" content=\"2026-09-02T23:01:20+00:00\" \/>\n<meta property=\"article:modified_time\" content=\"2026-09-02T23:01:24+00:00\" \/>\n<meta property=\"og:image\" content=\"http:\/\/ondauno.com.ar\/wp-content\/uploads\/2026\/09\/WhatsApp-Image-2026-09-02-at-08.37.10-1.jpeg\" \/>\n\t<meta property=\"og:image:width\" content=\"1600\" \/>\n\t<meta property=\"og:image:height\" content=\"1200\" \/>\n\t<meta property=\"og:image:type\" content=\"image\/jpeg\" \/>\n<meta name=\"author\" content=\"OndaUno\" \/>\n<meta name=\"twitter:card\" content=\"summary_large_image\" \/>\n<meta name=\"twitter:label1\" content=\"Escrito por\" \/>\n\t<meta name=\"twitter:data1\" content=\"OndaUno\" \/>\n\t<meta name=\"twitter:label2\" content=\"Tiempo de lectura\" \/>\n\t<meta name=\"twitter:data2\" content=\"2 minutos\" \/>\n<script type=\"application\/ld+json\" class=\"yoast-schema-graph\">{\"@context\":\"https:\/\/schema.org\",\"@graph\":[{\"@type\":\"WebPage\",\"@id\":\"https:\/\/ondauno.com.ar\/index.php\/2026\/09\/02\/un-aviso-por-un-vehiculo-sospechoso-permitio-recuperar-un-auto-robado\/\",\"url\":\"https:\/\/ondauno.com.ar\/index.php\/2026\/09\/02\/un-aviso-por-un-vehiculo-sospechoso-permitio-recuperar-un-auto-robado\/\",\"name\":\"Un aviso por un veh\u00edculo sospechoso permiti\u00f3 recuperar un auto robado - 103.9 fm\",\"isPartOf\":{\"@id\":\"https:\/\/ondauno.com.ar\/#website\"},\"primaryImageOfPage\":{\"@id\":\"https:\/\/ondauno.com.ar\/index.php\/2026\/09\/02\/un-aviso-por-un-vehiculo-sospechoso-permitio-recuperar-un-auto-robado\/#primaryimage\"},\"image\":{\"@id\":\"https:\/\/ondauno.com.ar\/index.php\/2026\/09\/02\/un-aviso-por-un-vehiculo-sospechoso-permitio-recuperar-un-auto-robado\/#primaryimage\"},\"thumbnailUrl\":\"https:\/\/ondauno.com.ar\/wp-content\/uploads\/2026\/09\/WhatsApp-Image-2026-09-02-at-08.37.10-1.jpeg\",\"datePublished\":\"2026-09-02T23:01:20+00:00\",\"dateModified\":\"2026-09-02T23:01:24+00:00\",\"author\":{\"@id\":\"https:\/\/ondauno.com.ar\/#\/schema\/person\/7ec851ddeceb4133d7d7132dc645714e\"},\"breadcrumb\":{\"@id\":\"https:\/\/ondauno.com.ar\/index.php\/2026\/09\/02\/un-aviso-por-un-vehiculo-sospechoso-permitio-recuperar-un-auto-robado\/#breadcrumb\"},\"inLanguage\":\"es-AR\",\"potentialAction\":[{\"@type\":\"ReadAction\",\"target\":[\"https:\/\/ondauno.com.ar\/index.php\/2026\/09\/02\/un-aviso-por-un-vehiculo-sospechoso-permitio-recuperar-un-auto-robado\/\"]}]},{\"@type\":\"ImageObject\",\"inLanguage\":\"es-AR\",\"@id\":\"https:\/\/ondauno.com.ar\/index.php\/2026\/09\/02\/un-aviso-por-un-vehiculo-sospechoso-permitio-recuperar-un-auto-robado\/#primaryimage\",\"url\":\"https:\/\/ondauno.com.ar\/wp-content\/uploads\/2026\/09\/WhatsApp-Image-2026-09-02-at-08.37.10-1.jpeg\",\"contentUrl\":\"https:\/\/ondauno.com.ar\/wp-content\/uploads\/2026\/09\/WhatsApp-Image-2026-09-02-at-08.37.10-1.jpeg\",\"width\":1600,\"height\":1200},{\"@type\":\"BreadcrumbList\",\"@id\":\"https:\/\/ondauno.com.ar\/index.php\/2026\/09\/02\/un-aviso-por-un-vehiculo-sospechoso-permitio-recuperar-un-auto-robado\/#breadcrumb\",\"itemListElement\":[{\"@type\":\"ListItem\",\"position\":1,\"name\":\"Inicio\",\"item\":\"https:\/\/ondauno.com.ar\/\"},{\"@type\":\"ListItem\",\"position\":2,\"name\":\"Un aviso por un veh\u00edculo sospechoso permiti\u00f3 recuperar un auto robado\"}]},{\"@type\":\"WebSite\",\"@id\":\"https:\/\/ondauno.com.ar\/#website\",\"url\":\"https:\/\/ondauno.com.ar\/\",\"name\":\"103.9 fm\",\"description\":\"LA PRIMERA RADIO MULTIMEDIA DE TRES ARROYOS\",\"potentialAction\":[{\"@type\":\"SearchAction\",\"target\":{\"@type\":\"EntryPoint\",\"urlTemplate\":\"https:\/\/ondauno.com.ar\/?s={search_term_string}\"},\"query-input\":\"required name=search_term_string\"}],\"inLanguage\":\"es-AR\"},{\"@type\":\"Person\",\"@id\":\"https:\/\/ondauno.com.ar\/#\/schema\/person\/7ec851ddeceb4133d7d7132dc645714e\",\"name\":\"OndaUno\",\"image\":{\"@type\":\"ImageObject\",\"inLanguage\":\"es-AR\",\"@id\":\"https:\/\/ondauno.com.ar\/#\/schema\/person\/image\/\",\"url\":\"https:\/\/secure.gravatar.com\/avatar\/ce07852b706fdc4c52eafcd1d057deb8d1afd64f0ae3f98db05c3620a77d42aa?s=96&d=mm&r=g\",\"contentUrl\":\"https:\/\/secure.gravatar.com\/avatar\/ce07852b706fdc4c52eafcd1d057deb8d1afd64f0ae3f98db05c3620a77d42aa?s=96&d=mm&r=g\",\"caption\":\"OndaUno\"},\"url\":\"https:\/\/ondauno.com.ar\/index.php\/author\/ondauno\/\"}]}<\/script>\n<!-- \/ Yoast SEO plugin. -->","yoast_head_json":{"title":"Un aviso por un veh\u00edculo sospechoso permiti\u00f3 recuperar un auto robado - 103.9 fm","robots":{"index":"index","follow":"follow","max-snippet":"max-snippet:-1","max-image-preview":"max-image-preview:large","max-video-preview":"max-video-preview:-1"},"canonical":"https:\/\/ondauno.com.ar\/index.php\/2026\/09\/02\/un-aviso-por-un-vehiculo-sospechoso-permitio-recuperar-un-auto-robado\/","og_locale":"es_ES","og_type":"article","og_title":"Un aviso por un veh\u00edculo sospechoso permiti\u00f3 recuperar un auto robado - 103.9 fm","og_description":"La Secretar\u00eda de Seguridad de la Municipalidad de Tres Arroyos informa que, a partir de un aviso recibido sobre la presencia de un veh\u00edculo sospechoso, el Centro de Operaciones inici\u00f3 su seguimiento mediante las c\u00e1maras de monitoreo. Una de las c\u00e1maras utilizadas para realizar el seguimiento fue instalada recientemente, lo que permiti\u00f3 localizar el Volkswagen [&hellip;]","og_url":"https:\/\/ondauno.com.ar\/index.php\/2026\/09\/02\/un-aviso-por-un-vehiculo-sospechoso-permitio-recuperar-un-auto-robado\/","og_site_name":"103.9 fm","article_publisher":"https:\/\/www.facebook.com\/ondauno103.9","article_published_time":"2026-09-02T23:01:20+00:00","article_modified_time":"2026-09-02T23:01:24+00:00","og_image":[{"width":1600,"height":1200,"url":"http:\/\/ondauno.com.ar\/wp-content\/uploads\/2026\/09\/WhatsApp-Image-2026-09-02-at-08.37.10-1.jpeg","type":"image\/jpeg"}],"author":"OndaUno","twitter_card":"summary_large_image","twitter_misc":{"Escrito por":"OndaUno","Tiempo de lectura":"2 minutos"},"schema":{"@context":"https:\/\/schema.org","@graph":[{"@type":"WebPage","@id":"https:\/\/ondauno.com.ar\/index.php\/2026\/09\/02\/un-aviso-por-un-vehiculo-sospechoso-permitio-recuperar-un-auto-robado\/","url":"https:\/\/ondauno.com.ar\/index.php\/2026\/09\/02\/un-aviso-por-un-vehiculo-sospechoso-permitio-recuperar-un-auto-robado\/","name":"Un aviso por un veh\u00edculo sospechoso permiti\u00f3 recuperar un auto robado - 103.9 fm","isPartOf":{"@id":"https:\/\/ondauno.com.ar\/#website"},"primaryImageOfPage":{"@id":"https:\/\/ondauno.com.ar\/index.php\/2026\/09\/02\/un-aviso-por-un-vehiculo-sospechoso-permitio-recuperar-un-auto-robado\/#primaryimage"},"image":{"@id":"https:\/\/ondauno.com.ar\/index.php\/2026\/09\/02\/un-aviso-por-un-vehiculo-sospechoso-permitio-recuperar-un-auto-robado\/#primaryimage"},"thumbnailUrl":"https:\/\/ondauno.com.ar\/wp-content\/uploads\/2026\/09\/WhatsApp-Image-2026-09-02-at-08.37.10-1.jpeg","datePublished":"2026-09-02T23:01:20+00:00","dateModified":"2026-09-02T23:01:24+00:00","author":{"@id":"https:\/\/ondauno.com.ar\/#\/schema\/person\/7ec851ddeceb4133d7d7132dc645714e"},"breadcrumb":{"@id":"https:\/\/ondauno.com.ar\/index.php\/2026\/09\/02\/un-aviso-por-un-vehiculo-sospechoso-permitio-recuperar-un-auto-robado\/#breadcrumb"},"inLanguage":"es-AR","potentialAction":[{"@type":"ReadAction","target":["https:\/\/ondauno.com.ar\/index.php\/2026\/09\/02\/un-aviso-por-un-vehiculo-sospechoso-permitio-recuperar-un-auto-robado\/"]}]},{"@type":"ImageObject","inLanguage":"es-AR","@id":"https:\/\/ondauno.com.ar\/index.php\/2026\/09\/02\/un-aviso-por-un-vehiculo-sospechoso-permitio-recuperar-un-auto-robado\/#primaryimage","url":"https:\/\/ondauno.com.ar\/wp-content\/uploads\/2026\/09\/WhatsApp-Image-2026-09-02-at-08.37.10-1.jpeg","contentUrl":"https:\/\/ondauno.com.ar\/wp-content\/uploads\/2026\/09\/WhatsApp-Image-2026-09-02-at-08.37.10-1.jpeg","width":1600,"height":1200},{"@type":"BreadcrumbList","@id":"https:\/\/ondauno.com.ar\/index.php\/2026\/09\/02\/un-aviso-por-un-vehiculo-sospechoso-permitio-recuperar-un-auto-robado\/#breadcrumb","itemListElement":[{"@type":"ListItem","position":1,"name":"Inicio","item":"https:\/\/ondauno.com.ar\/"},{"@type":"ListItem","position":2,"name":"Un aviso por un veh\u00edculo sospechoso permiti\u00f3 recuperar un auto robado"}]},{"@type":"WebSite","@id":"https:\/\/ondauno.com.ar\/#website","url":"https:\/\/ondauno.com.ar\/","name":"103.9 fm","description":"LA PRIMERA RADIO MULTIMEDIA DE TRES ARROYOS","potentialAction":[{"@type":"SearchAction","target":{"@type":"EntryPoint","urlTemplate":"https:\/\/ondauno.com.ar\/?s={search_term_string}"},"query-input":"required name=search_term_string"}],"inLanguage":"es-AR"},{"@type":"Person","@id":"https:\/\/ondauno.com.ar\/#\/schema\/person\/7ec851ddeceb4133d7d7132dc645714e","name":"OndaUno","image":{"@type":"ImageObject","inLanguage":"es-AR","@id":"https:\/\/ondauno.com.ar\/#\/schema\/person\/image\/","url":"https:\/\/secure.gravatar.com\/avatar\/ce07852b706fdc4c52eafcd1d057deb8d1afd64f0ae3f98db05c3620a77d42aa?s=96&d=mm&r=g","contentUrl":"https:\/\/secure.gravatar.com\/avatar\/ce07852b706fdc4c52eafcd1d057deb8d1afd64f0ae3f98db05c3620a77d42aa?s=96&d=mm&r=g","caption":"OndaUno"},"url":"https:\/\/ondauno.com.ar\/index.php\/author\/ondauno\/"}]}},"jetpack_publicize_connections":[],"jetpack_featured_media_url":"https:\/\/ondauno.com.ar\/wp-content\/uploads\/2026\/09\/WhatsApp-Image-2026-09-02-at-08.37.10-1.jpeg","jetpack_sharing_enabled":true,"_links":{"self":[{"href":"https:\/\/ondauno.com.ar\/index.php\/wp-json\/wp\/v2\/posts\/66640","targetHints":{"allow":["GET"]}}],"collection":[{"href":"https:\/\/ondauno.com.ar\/index.php\/wp-json\/wp\/v2\/posts"}],"about":[{"href":"https:\/\/ondauno.com.ar\/index.php\/wp-json\/wp\/v2\/types\/post"}],"author":[{"embeddable":true,"href":"https:\/\/ondauno.com.ar\/index.php\/wp-json\/wp\/v2\/users\/1"}],"replies":[{"embeddable":true,"href":"https:\/\/ondauno.com.ar\/index.php\/wp-json\/wp\/v2\/comments?post=66640"}],"version-history":[{"count":1,"href":"https:\/\/ondauno.com.ar\/index.php\/wp-json\/wp\/v2\/posts\/66640\/revisions"}],"predecessor-version":[{"id":66642,"href":"https:\/\/ondauno.com.ar\/index.php\/wp-json\/wp\/v2\/posts\/66640\/revisions\/66642"}],"wp:featuredmedia":[{"embeddable":true,"href":"https:\/\/ondauno.com.ar\/index.php\/wp-json\/wp\/v2\/media\/66641"}],"wp:attachment":[{"href":"https:\/\/ondauno.com.ar\/index.php\/wp-json\/wp\/v2\/media?parent=66640"}],"wp:term":[{"taxonomy":"category","embeddable":true,"href":"https:\/\/ondauno.com.ar\/index.php\/wp-json\/wp\/v2\/categories?post=66640"},{"taxonomy":"post_tag","embeddable":true,"href":"https:\/\/ondauno.com.ar\/index.php\/wp-json\/wp\/v2\/tags?post=66640"}],"curies":[{"name":"wp","href":"https:\/\/api.w.org\/{rel}","templated":true}]}}