{"id":66636,"date":"2026-09-02T19:55:40","date_gmt":"2026-09-02T22:55:40","guid":{"rendered":"https:\/\/ondauno.com.ar\/?p=66636"},"modified":"2026-09-02T19:55:51","modified_gmt":"2026-09-02T22:55:51","slug":"recuperan-en-tres-arroyos-un-automovil-robado-en-mar-del-plata","status":"publish","type":"post","link":"https:\/\/ondauno.com.ar\/index.php\/2026\/09\/02\/recuperan-en-tres-arroyos-un-automovil-robado-en-mar-del-plata\/","title":{"rendered":"Recuperan en Tres Arroyos un autom\u00f3vil robado en Mar del Plata"},"content":{"rendered":"<div class=\"ondau-before-content_3\" style=\"margin-top: -30px;\" id=\"ondau-1640071121\"><a href=\"https:\/\/www.lps.com.ar\/\" aria-label=\"la-perse2\"><img loading=\"lazy\" decoding=\"async\" src=\"https:\/\/ondauno.com.ar\/wp-content\/uploads\/2021\/10\/la-perse2.jpg\" alt=\"\"  srcset=\"https:\/\/ondauno.com.ar\/wp-content\/uploads\/2021\/10\/la-perse2.jpg 1353w, https:\/\/ondauno.com.ar\/wp-content\/uploads\/2021\/10\/la-perse2-300x43.jpg 300w, https:\/\/ondauno.com.ar\/wp-content\/uploads\/2021\/10\/la-perse2-1024x148.jpg 1024w, https:\/\/ondauno.com.ar\/wp-content\/uploads\/2021\/10\/la-perse2-768x111.jpg 768w, https:\/\/ondauno.com.ar\/wp-content\/uploads\/2021\/10\/la-perse2-696x100.jpg 696w, https:\/\/ondauno.com.ar\/wp-content\/uploads\/2021\/10\/la-perse2-1068x154.jpg 1068w\" sizes=\"(max-width: 1353px) 100vw, 1353px\" class=\"no-lazyload\" width=\"1353\" height=\"195\"  style=\"display: inline-block;\" \/><\/a><\/div>\n<p class=\"wp-block-paragraph\">Un autom\u00f3vil que ten\u00eda un pedido de secuestro activo por un <strong>robo ocurrido en Mar del Plata<\/strong> fue recuperado este martes en Tres Arroyos.<\/p>\n\n\n\n<p class=\"wp-block-paragraph\">El procedimiento se inici\u00f3 alrededor de las <strong>19:15<\/strong>, cuando personal del Centro de Operaciones Municipal (COM) inform\u00f3 sobre la presencia de un Volkswagen Polo gris que hab\u00eda sido se\u00f1alado como sospechoso por personal de Tr\u00e1nsito.<\/p>\n\n\n\n<p class=\"wp-block-paragraph\">El veh\u00edculo fue interceptado en <strong>Avenida Libertad al 2500<\/strong> por efectivos de la Estaci\u00f3n de Polic\u00eda de Seguridad Comunal, junto al Escuadr\u00f3n de Caballer\u00eda local. El autom\u00f3vil era conducido por un <strong>menor de 17 a\u00f1os<\/strong>.<\/p>\n\n\n\n<p class=\"wp-block-paragraph\">Si bien la patente colocada no registraba impedimentos, al verificar los n\u00fameros de motor y chasis se estableci\u00f3 que el rodado ten\u00eda un <strong>pedido de secuestro activo desde el 19 de marzo de 2025<\/strong>, solicitado por la Comisar\u00eda General Pueyrred\u00f3n Segunda de Mar del Plata, en una causa por robo automotor.<\/p>\n\n\n\n<p class=\"wp-block-paragraph\">El menor fue aprehendido y posteriormente restituido a sus progenitores, mientras que se iniciaron actuaciones por <strong>encubrimiento<\/strong>, con intervenci\u00f3n de la UFIJ N.\u00ba 4 del Fuero de Responsabilidad Penal Juvenil del Departamento Judicial de Bah\u00eda Blanca.<\/p>\n","protected":false},"excerpt":{"rendered":"<p>Un autom\u00f3vil que ten\u00eda un pedido de secuestro activo por un robo ocurrido en Mar del Plata fue recuperado este martes en Tres Arroyos. El procedimiento se inici\u00f3 alrededor de las 19:15, cuando personal del Centro de Operaciones Municipal (COM) inform\u00f3 sobre la presencia de un Volkswagen Polo gris que hab\u00eda sido se\u00f1alado como sospechoso [&hellip;]<\/p>\n","protected":false},"author":1,"featured_media":66637,"comment_status":"open","ping_status":"open","sticky":false,"template":"","format":"standard","meta":{"tdm_status":"","tdm_grid_status":"","_jetpack_memberships_contains_paid_content":false,"footnotes":"","jetpack_publicize_message":"","jetpack_publicize_feature_enabled":true,"jetpack_social_post_already_shared":true,"jetpack_social_options":{"image_generator_settings":{"template":"highway","default_image_id":0,"font":"","enabled":false},"version":2}},"categories":[29],"tags":[],"class_list":["post-66636","post","type-post","status-publish","format-standard","has-post-thumbnail","category-policiales"],"yoast_head":"<!-- This site is optimized with the Yoast SEO plugin v22.7 - https:\/\/yoast.com\/wordpress\/plugins\/seo\/ -->\n<title>Recuperan en Tres Arroyos un autom\u00f3vil robado en Mar del Plata - 103.9 fm<\/title>\n<meta name=\"robots\" content=\"index, follow, max-snippet:-1, max-image-preview:large, max-video-preview:-1\" \/>\n<link rel=\"canonical\" href=\"https:\/\/ondauno.com.ar\/index.php\/2026\/09\/02\/recuperan-en-tres-arroyos-un-automovil-robado-en-mar-del-plata\/\" \/>\n<meta property=\"og:locale\" content=\"es_ES\" \/>\n<meta property=\"og:type\" content=\"article\" \/>\n<meta property=\"og:title\" content=\"Recuperan en Tres Arroyos un autom\u00f3vil robado en Mar del Plata - 103.9 fm\" \/>\n<meta property=\"og:description\" content=\"Un autom\u00f3vil que ten\u00eda un pedido de secuestro activo por un robo ocurrido en Mar del Plata fue recuperado este martes en Tres Arroyos. El procedimiento se inici\u00f3 alrededor de las 19:15, cuando personal del Centro de Operaciones Municipal (COM) inform\u00f3 sobre la presencia de un Volkswagen Polo gris que hab\u00eda sido se\u00f1alado como sospechoso [&hellip;]\" \/>\n<meta property=\"og:url\" content=\"https:\/\/ondauno.com.ar\/index.php\/2026\/09\/02\/recuperan-en-tres-arroyos-un-automovil-robado-en-mar-del-plata\/\" \/>\n<meta property=\"og:site_name\" content=\"103.9 fm\" \/>\n<meta property=\"article:publisher\" content=\"https:\/\/www.facebook.com\/ondauno103.9\" \/>\n<meta property=\"article:published_time\" content=\"2026-09-02T22:55:40+00:00\" \/>\n<meta property=\"article:modified_time\" content=\"2026-09-02T22:55:51+00:00\" \/>\n<meta property=\"og:image\" content=\"http:\/\/ondauno.com.ar\/wp-content\/uploads\/2026\/09\/WhatsApp-Image-2026-09-02-at-09.58.10.jpeg\" \/>\n\t<meta property=\"og:image:width\" content=\"1080\" \/>\n\t<meta property=\"og:image:height\" content=\"888\" \/>\n\t<meta property=\"og:image:type\" content=\"image\/jpeg\" \/>\n<meta name=\"author\" content=\"OndaUno\" \/>\n<meta name=\"twitter:card\" content=\"summary_large_image\" \/>\n<meta name=\"twitter:label1\" content=\"Escrito por\" \/>\n\t<meta name=\"twitter:data1\" content=\"OndaUno\" \/>\n\t<meta name=\"twitter:label2\" content=\"Tiempo de lectura\" \/>\n\t<meta name=\"twitter:data2\" content=\"2 minutos\" \/>\n<script type=\"application\/ld+json\" class=\"yoast-schema-graph\">{\"@context\":\"https:\/\/schema.org\",\"@graph\":[{\"@type\":\"WebPage\",\"@id\":\"https:\/\/ondauno.com.ar\/index.php\/2026\/09\/02\/recuperan-en-tres-arroyos-un-automovil-robado-en-mar-del-plata\/\",\"url\":\"https:\/\/ondauno.com.ar\/index.php\/2026\/09\/02\/recuperan-en-tres-arroyos-un-automovil-robado-en-mar-del-plata\/\",\"name\":\"Recuperan en Tres Arroyos un autom\u00f3vil robado en Mar del Plata - 103.9 fm\",\"isPartOf\":{\"@id\":\"https:\/\/ondauno.com.ar\/#website\"},\"primaryImageOfPage\":{\"@id\":\"https:\/\/ondauno.com.ar\/index.php\/2026\/09\/02\/recuperan-en-tres-arroyos-un-automovil-robado-en-mar-del-plata\/#primaryimage\"},\"image\":{\"@id\":\"https:\/\/ondauno.com.ar\/index.php\/2026\/09\/02\/recuperan-en-tres-arroyos-un-automovil-robado-en-mar-del-plata\/#primaryimage\"},\"thumbnailUrl\":\"https:\/\/ondauno.com.ar\/wp-content\/uploads\/2026\/09\/WhatsApp-Image-2026-09-02-at-09.58.10.jpeg\",\"datePublished\":\"2026-09-02T22:55:40+00:00\",\"dateModified\":\"2026-09-02T22:55:51+00:00\",\"author\":{\"@id\":\"https:\/\/ondauno.com.ar\/#\/schema\/person\/7ec851ddeceb4133d7d7132dc645714e\"},\"breadcrumb\":{\"@id\":\"https:\/\/ondauno.com.ar\/index.php\/2026\/09\/02\/recuperan-en-tres-arroyos-un-automovil-robado-en-mar-del-plata\/#breadcrumb\"},\"inLanguage\":\"es-AR\",\"potentialAction\":[{\"@type\":\"ReadAction\",\"target\":[\"https:\/\/ondauno.com.ar\/index.php\/2026\/09\/02\/recuperan-en-tres-arroyos-un-automovil-robado-en-mar-del-plata\/\"]}]},{\"@type\":\"ImageObject\",\"inLanguage\":\"es-AR\",\"@id\":\"https:\/\/ondauno.com.ar\/index.php\/2026\/09\/02\/recuperan-en-tres-arroyos-un-automovil-robado-en-mar-del-plata\/#primaryimage\",\"url\":\"https:\/\/ondauno.com.ar\/wp-content\/uploads\/2026\/09\/WhatsApp-Image-2026-09-02-at-09.58.10.jpeg\",\"contentUrl\":\"https:\/\/ondauno.com.ar\/wp-content\/uploads\/2026\/09\/WhatsApp-Image-2026-09-02-at-09.58.10.jpeg\",\"width\":1080,\"height\":888},{\"@type\":\"BreadcrumbList\",\"@id\":\"https:\/\/ondauno.com.ar\/index.php\/2026\/09\/02\/recuperan-en-tres-arroyos-un-automovil-robado-en-mar-del-plata\/#breadcrumb\",\"itemListElement\":[{\"@type\":\"ListItem\",\"position\":1,\"name\":\"Inicio\",\"item\":\"https:\/\/ondauno.com.ar\/\"},{\"@type\":\"ListItem\",\"position\":2,\"name\":\"Recuperan en Tres Arroyos un autom\u00f3vil robado en Mar del Plata\"}]},{\"@type\":\"WebSite\",\"@id\":\"https:\/\/ondauno.com.ar\/#website\",\"url\":\"https:\/\/ondauno.com.ar\/\",\"name\":\"103.9 fm\",\"description\":\"LA PRIMERA RADIO MULTIMEDIA DE TRES ARROYOS\",\"potentialAction\":[{\"@type\":\"SearchAction\",\"target\":{\"@type\":\"EntryPoint\",\"urlTemplate\":\"https:\/\/ondauno.com.ar\/?s={search_term_string}\"},\"query-input\":\"required name=search_term_string\"}],\"inLanguage\":\"es-AR\"},{\"@type\":\"Person\",\"@id\":\"https:\/\/ondauno.com.ar\/#\/schema\/person\/7ec851ddeceb4133d7d7132dc645714e\",\"name\":\"OndaUno\",\"image\":{\"@type\":\"ImageObject\",\"inLanguage\":\"es-AR\",\"@id\":\"https:\/\/ondauno.com.ar\/#\/schema\/person\/image\/\",\"url\":\"https:\/\/secure.gravatar.com\/avatar\/ce07852b706fdc4c52eafcd1d057deb8d1afd64f0ae3f98db05c3620a77d42aa?s=96&d=mm&r=g\",\"contentUrl\":\"https:\/\/secure.gravatar.com\/avatar\/ce07852b706fdc4c52eafcd1d057deb8d1afd64f0ae3f98db05c3620a77d42aa?s=96&d=mm&r=g\",\"caption\":\"OndaUno\"},\"url\":\"https:\/\/ondauno.com.ar\/index.php\/author\/ondauno\/\"}]}<\/script>\n<!-- \/ Yoast SEO plugin. -->","yoast_head_json":{"title":"Recuperan en Tres Arroyos un autom\u00f3vil robado en Mar del Plata - 103.9 fm","robots":{"index":"index","follow":"follow","max-snippet":"max-snippet:-1","max-image-preview":"max-image-preview:large","max-video-preview":"max-video-preview:-1"},"canonical":"https:\/\/ondauno.com.ar\/index.php\/2026\/09\/02\/recuperan-en-tres-arroyos-un-automovil-robado-en-mar-del-plata\/","og_locale":"es_ES","og_type":"article","og_title":"Recuperan en Tres Arroyos un autom\u00f3vil robado en Mar del Plata - 103.9 fm","og_description":"Un autom\u00f3vil que ten\u00eda un pedido de secuestro activo por un robo ocurrido en Mar del Plata fue recuperado este martes en Tres Arroyos. El procedimiento se inici\u00f3 alrededor de las 19:15, cuando personal del Centro de Operaciones Municipal (COM) inform\u00f3 sobre la presencia de un Volkswagen Polo gris que hab\u00eda sido se\u00f1alado como sospechoso [&hellip;]","og_url":"https:\/\/ondauno.com.ar\/index.php\/2026\/09\/02\/recuperan-en-tres-arroyos-un-automovil-robado-en-mar-del-plata\/","og_site_name":"103.9 fm","article_publisher":"https:\/\/www.facebook.com\/ondauno103.9","article_published_time":"2026-09-02T22:55:40+00:00","article_modified_time":"2026-09-02T22:55:51+00:00","og_image":[{"width":1080,"height":888,"url":"http:\/\/ondauno.com.ar\/wp-content\/uploads\/2026\/09\/WhatsApp-Image-2026-09-02-at-09.58.10.jpeg","type":"image\/jpeg"}],"author":"OndaUno","twitter_card":"summary_large_image","twitter_misc":{"Escrito por":"OndaUno","Tiempo de lectura":"2 minutos"},"schema":{"@context":"https:\/\/schema.org","@graph":[{"@type":"WebPage","@id":"https:\/\/ondauno.com.ar\/index.php\/2026\/09\/02\/recuperan-en-tres-arroyos-un-automovil-robado-en-mar-del-plata\/","url":"https:\/\/ondauno.com.ar\/index.php\/2026\/09\/02\/recuperan-en-tres-arroyos-un-automovil-robado-en-mar-del-plata\/","name":"Recuperan en Tres Arroyos un autom\u00f3vil robado en Mar del Plata - 103.9 fm","isPartOf":{"@id":"https:\/\/ondauno.com.ar\/#website"},"primaryImageOfPage":{"@id":"https:\/\/ondauno.com.ar\/index.php\/2026\/09\/02\/recuperan-en-tres-arroyos-un-automovil-robado-en-mar-del-plata\/#primaryimage"},"image":{"@id":"https:\/\/ondauno.com.ar\/index.php\/2026\/09\/02\/recuperan-en-tres-arroyos-un-automovil-robado-en-mar-del-plata\/#primaryimage"},"thumbnailUrl":"https:\/\/ondauno.com.ar\/wp-content\/uploads\/2026\/09\/WhatsApp-Image-2026-09-02-at-09.58.10.jpeg","datePublished":"2026-09-02T22:55:40+00:00","dateModified":"2026-09-02T22:55:51+00:00","author":{"@id":"https:\/\/ondauno.com.ar\/#\/schema\/person\/7ec851ddeceb4133d7d7132dc645714e"},"breadcrumb":{"@id":"https:\/\/ondauno.com.ar\/index.php\/2026\/09\/02\/recuperan-en-tres-arroyos-un-automovil-robado-en-mar-del-plata\/#breadcrumb"},"inLanguage":"es-AR","potentialAction":[{"@type":"ReadAction","target":["https:\/\/ondauno.com.ar\/index.php\/2026\/09\/02\/recuperan-en-tres-arroyos-un-automovil-robado-en-mar-del-plata\/"]}]},{"@type":"ImageObject","inLanguage":"es-AR","@id":"https:\/\/ondauno.com.ar\/index.php\/2026\/09\/02\/recuperan-en-tres-arroyos-un-automovil-robado-en-mar-del-plata\/#primaryimage","url":"https:\/\/ondauno.com.ar\/wp-content\/uploads\/2026\/09\/WhatsApp-Image-2026-09-02-at-09.58.10.jpeg","contentUrl":"https:\/\/ondauno.com.ar\/wp-content\/uploads\/2026\/09\/WhatsApp-Image-2026-09-02-at-09.58.10.jpeg","width":1080,"height":888},{"@type":"BreadcrumbList","@id":"https:\/\/ondauno.com.ar\/index.php\/2026\/09\/02\/recuperan-en-tres-arroyos-un-automovil-robado-en-mar-del-plata\/#breadcrumb","itemListElement":[{"@type":"ListItem","position":1,"name":"Inicio","item":"https:\/\/ondauno.com.ar\/"},{"@type":"ListItem","position":2,"name":"Recuperan en Tres Arroyos un autom\u00f3vil robado en Mar del Plata"}]},{"@type":"WebSite","@id":"https:\/\/ondauno.com.ar\/#website","url":"https:\/\/ondauno.com.ar\/","name":"103.9 fm","description":"LA PRIMERA RADIO MULTIMEDIA DE TRES ARROYOS","potentialAction":[{"@type":"SearchAction","target":{"@type":"EntryPoint","urlTemplate":"https:\/\/ondauno.com.ar\/?s={search_term_string}"},"query-input":"required name=search_term_string"}],"inLanguage":"es-AR"},{"@type":"Person","@id":"https:\/\/ondauno.com.ar\/#\/schema\/person\/7ec851ddeceb4133d7d7132dc645714e","name":"OndaUno","image":{"@type":"ImageObject","inLanguage":"es-AR","@id":"https:\/\/ondauno.com.ar\/#\/schema\/person\/image\/","url":"https:\/\/secure.gravatar.com\/avatar\/ce07852b706fdc4c52eafcd1d057deb8d1afd64f0ae3f98db05c3620a77d42aa?s=96&d=mm&r=g","contentUrl":"https:\/\/secure.gravatar.com\/avatar\/ce07852b706fdc4c52eafcd1d057deb8d1afd64f0ae3f98db05c3620a77d42aa?s=96&d=mm&r=g","caption":"OndaUno"},"url":"https:\/\/ondauno.com.ar\/index.php\/author\/ondauno\/"}]}},"jetpack_publicize_connections":[],"jetpack_featured_media_url":"https:\/\/ondauno.com.ar\/wp-content\/uploads\/2026\/09\/WhatsApp-Image-2026-09-02-at-09.58.10.jpeg","jetpack_sharing_enabled":true,"_links":{"self":[{"href":"https:\/\/ondauno.com.ar\/index.php\/wp-json\/wp\/v2\/posts\/66636","targetHints":{"allow":["GET"]}}],"collection":[{"href":"https:\/\/ondauno.com.ar\/index.php\/wp-json\/wp\/v2\/posts"}],"about":[{"href":"https:\/\/ondauno.com.ar\/index.php\/wp-json\/wp\/v2\/types\/post"}],"author":[{"embeddable":true,"href":"https:\/\/ondauno.com.ar\/index.php\/wp-json\/wp\/v2\/users\/1"}],"replies":[{"embeddable":true,"href":"https:\/\/ondauno.com.ar\/index.php\/wp-json\/wp\/v2\/comments?post=66636"}],"version-history":[{"count":1,"href":"https:\/\/ondauno.com.ar\/index.php\/wp-json\/wp\/v2\/posts\/66636\/revisions"}],"predecessor-version":[{"id":66638,"href":"https:\/\/ondauno.com.ar\/index.php\/wp-json\/wp\/v2\/posts\/66636\/revisions\/66638"}],"wp:featuredmedia":[{"embeddable":true,"href":"https:\/\/ondauno.com.ar\/index.php\/wp-json\/wp\/v2\/media\/66637"}],"wp:attachment":[{"href":"https:\/\/ondauno.com.ar\/index.php\/wp-json\/wp\/v2\/media?parent=66636"}],"wp:term":[{"taxonomy":"category","embeddable":true,"href":"https:\/\/ondauno.com.ar\/index.php\/wp-json\/wp\/v2\/categories?post=66636"},{"taxonomy":"post_tag","embeddable":true,"href":"https:\/\/ondauno.com.ar\/index.php\/wp-json\/wp\/v2\/tags?post=66636"}],"curies":[{"name":"wp","href":"https:\/\/api.w.org\/{rel}","templated":true}]}}