{"id":66633,"date":"2026-09-02T19:45:08","date_gmt":"2026-09-02T22:45:08","guid":{"rendered":"https:\/\/ondauno.com.ar\/?p=66633"},"modified":"2026-09-02T19:45:12","modified_gmt":"2026-09-02T22:45:12","slug":"consejo-escolar-admiten-el-error-administrativo-pero-afirman-que-nunca-falto-el-dinero","status":"publish","type":"post","link":"https:\/\/ondauno.com.ar\/index.php\/2026\/09\/02\/consejo-escolar-admiten-el-error-administrativo-pero-afirman-que-nunca-falto-el-dinero\/","title":{"rendered":"Consejo Escolar: admiten el error administrativo pero afirman que \u201cnunca falto el dinero\u201d"},"content":{"rendered":"<div class=\"ondau-before-content_3\" style=\"margin-top: -30px;\" id=\"ondau-2322132215\"><a href=\"https:\/\/www.lps.com.ar\/\" aria-label=\"la-perse2\"><img loading=\"lazy\" decoding=\"async\" src=\"https:\/\/ondauno.com.ar\/wp-content\/uploads\/2021\/10\/la-perse2.jpg\" alt=\"\"  srcset=\"https:\/\/ondauno.com.ar\/wp-content\/uploads\/2021\/10\/la-perse2.jpg 1353w, https:\/\/ondauno.com.ar\/wp-content\/uploads\/2021\/10\/la-perse2-300x43.jpg 300w, https:\/\/ondauno.com.ar\/wp-content\/uploads\/2021\/10\/la-perse2-1024x148.jpg 1024w, https:\/\/ondauno.com.ar\/wp-content\/uploads\/2021\/10\/la-perse2-768x111.jpg 768w, https:\/\/ondauno.com.ar\/wp-content\/uploads\/2021\/10\/la-perse2-696x100.jpg 696w, https:\/\/ondauno.com.ar\/wp-content\/uploads\/2021\/10\/la-perse2-1068x154.jpg 1068w\" sizes=\"(max-width: 1353px) 100vw, 1353px\" class=\"no-lazyload\" width=\"1353\" height=\"195\"  style=\"display: inline-block;\" \/><\/a><\/div>\n<p class=\"has-small-font-size wp-block-paragraph\"><em>Cristian Lagrecca y Gabriela Garc\u00eda en Cosas que pasan<\/em><\/p>\n\n\n\n<p class=\"wp-block-paragraph\">La vicepresidenta del Consejo Escolar, Gabriela Garc\u00eda, y el presidente del organismo, Cristian Lagrecca, se refirieron a las observaciones y sanciones realizadas por el Tribunal de Cuentas sobre el ejercicio 2024 y remarcaron que se trata de irregularidades administrativas y documentales, no de dinero faltante.<\/p>\n\n\n\n<p class=\"wp-block-paragraph\">Garc\u00eda explic\u00f3 que el Tribunal de Cuentas aprob\u00f3 el ejercicio 2024, aunque sancion\u00f3 al cuerpo de consejeros por errores en un proceso de contrataci\u00f3n realizado bajo la modalidad de emergencia. \u201cEl balance del 2024 es aprobado. Hay un error en el proceso de contrataci\u00f3n, por eso somos todos sancionados\u201d, se\u00f1al\u00f3.<\/p>\n\n\n\n<p class=\"wp-block-paragraph\">Seg\u00fan explicaron, la contrataci\u00f3n directa se realiz\u00f3 para garantizar la continuidad del Servicio Alimentario Escolar, pero no se cumplieron todos los pasos administrativos requeridos, entre ellos la publicaci\u00f3n correspondiente. \u201cFirmamos en confianza, tendr\u00edamos que habernos asesorado m\u00e1s, pero bueno, lo hicimos y ahora estamos pagando las consecuencias\u201d, reconoci\u00f3 Garc\u00eda.<\/p>\n\n\n\n<p class=\"wp-block-paragraph\"><br>Respecto de la observaci\u00f3n por unos 21 millones de pesos, Lagrecca aclar\u00f3 que ese monto est\u00e1 vinculado a documentaci\u00f3n respaldatoria que presenta irregularidades, principalmente remitos sin los sellos o firmas correspondientes. \u201cNunca falt\u00f3 el dinero\u201d, afirm\u00f3, y remarc\u00f3 que la mercader\u00eda fue efectivamente entregada a las instituciones educativas.<\/p>\n\n\n\n<p class=\"wp-block-paragraph\"><br>Los funcionarios indicaron que ya comenzaron a reunir las firmas y sellos faltantes en las escuelas de Tres Arroyos y las localidades, adem\u00e1s de completar otra documentaci\u00f3n solicitada por el Tribunal. De acuerdo con lo explicado, si estas observaciones son subsanadas dentro del plazo otorgado, el monto observado podr\u00e1 quedar salvado.<br>En otro tramo de la entrevista, Garc\u00eda y Lagrecca cuestionaron las de<\/p>\n\n\n\n<p class=\"wp-block-paragraph\">claraciones del exconsejero escolar Lucas Britez, quien hab\u00eda se\u00f1alado irregularidades en la gesti\u00f3n. Ambos rechazaron especialmente que se haya planteado que se hab\u00edan \u201csacado\u201d 21 millones de pesos de la comida de los chicos y anunciaron que iniciaron acciones legales por las expresiones realizadas en redes sociales.<\/p>\n\n\n\n<p class=\"wp-block-paragraph\"><br>Tambi\u00e9n defendieron la contrataci\u00f3n de uno de los proveedores cuestionados p\u00fablicamente y aseguraron que las empresas ya trabajaban desde hac\u00eda a\u00f1os con el Consejo Escolar.<\/p>\n\n\n\n<p class=\"wp-block-paragraph\"><br>En el cierre destacaron la situaci\u00f3n actual del Servicio Alimentario Escolar y se\u00f1alaron que se busca mejorar la calidad de las comidas, incluyendo una milanesa los viernes, adem\u00e1s de avanzar con nuevos procesos de licitaci\u00f3n para ampliar la participaci\u00f3n de proveedores.<\/p>\n\n\n\n<p class=\"wp-block-paragraph\"><br>Pod\u00e9s escuchar la nota completa en el siguiente link:<\/p>\n\n\n\n<figure class=\"wp-block-embed is-type-video is-provider-youtube wp-block-embed-youtube wp-embed-aspect-16-9 wp-has-aspect-ratio\"><div class=\"wp-block-embed__wrapper\">\n<div class=\"youtube-embed\" data-video_id=\"ClzPII-mVf0\"><iframe loading=\"lazy\" title=\"Onda Uno 103.9 en vivo\" width=\"696\" height=\"392\" data-src=\"https:\/\/www.youtube.com\/embed\/ClzPII-mVf0?start=24&amp;feature=oembed\" frameborder=\"0\" allow=\"accelerometer; autoplay; clipboard-write; encrypted-media; gyroscope; picture-in-picture; web-share\" referrerpolicy=\"strict-origin-when-cross-origin\" allowfullscreen src=\"data:image\/gif;base64,R0lGODlhAQABAAAAACH5BAEKAAEALAAAAAABAAEAAAICTAEAOw==\" class=\"lazyload\" data-load-mode=\"1\"><\/iframe><\/div>\n<\/div><\/figure>\n","protected":false},"excerpt":{"rendered":"<p>Cristian Lagrecca y Gabriela Garc\u00eda en Cosas que pasan La vicepresidenta del Consejo Escolar, Gabriela Garc\u00eda, y el presidente del organismo, Cristian Lagrecca, se refirieron a las observaciones y sanciones realizadas por el Tribunal de Cuentas sobre el ejercicio 2024 y remarcaron que se trata de irregularidades administrativas y documentales, no de dinero faltante. Garc\u00eda [&hellip;]<\/p>\n","protected":false},"author":1,"featured_media":66634,"comment_status":"open","ping_status":"open","sticky":false,"template":"","format":"standard","meta":{"tdm_status":"","tdm_grid_status":"","_jetpack_memberships_contains_paid_content":false,"footnotes":"","jetpack_publicize_message":"","jetpack_publicize_feature_enabled":true,"jetpack_social_post_already_shared":true,"jetpack_social_options":{"image_generator_settings":{"template":"highway","default_image_id":0,"font":"","enabled":false},"version":2}},"categories":[2],"tags":[],"class_list":["post-66633","post","type-post","status-publish","format-standard","has-post-thumbnail","category-locales"],"yoast_head":"<!-- This site is optimized with the Yoast SEO plugin v22.7 - https:\/\/yoast.com\/wordpress\/plugins\/seo\/ -->\n<title>Consejo Escolar: admiten el error administrativo pero afirman que \u201cnunca falto el dinero\u201d - 103.9 fm<\/title>\n<meta name=\"robots\" content=\"index, follow, max-snippet:-1, max-image-preview:large, max-video-preview:-1\" \/>\n<link rel=\"canonical\" href=\"https:\/\/ondauno.com.ar\/index.php\/2026\/09\/02\/consejo-escolar-admiten-el-error-administrativo-pero-afirman-que-nunca-falto-el-dinero\/\" \/>\n<meta property=\"og:locale\" content=\"es_ES\" \/>\n<meta property=\"og:type\" content=\"article\" \/>\n<meta property=\"og:title\" content=\"Consejo Escolar: admiten el error administrativo pero afirman que \u201cnunca falto el dinero\u201d - 103.9 fm\" \/>\n<meta property=\"og:description\" content=\"Cristian Lagrecca y Gabriela Garc\u00eda en Cosas que pasan La vicepresidenta del Consejo Escolar, Gabriela Garc\u00eda, y el presidente del organismo, Cristian Lagrecca, se refirieron a las observaciones y sanciones realizadas por el Tribunal de Cuentas sobre el ejercicio 2024 y remarcaron que se trata de irregularidades administrativas y documentales, no de dinero faltante. Garc\u00eda [&hellip;]\" \/>\n<meta property=\"og:url\" content=\"https:\/\/ondauno.com.ar\/index.php\/2026\/09\/02\/consejo-escolar-admiten-el-error-administrativo-pero-afirman-que-nunca-falto-el-dinero\/\" \/>\n<meta property=\"og:site_name\" content=\"103.9 fm\" \/>\n<meta property=\"article:publisher\" content=\"https:\/\/www.facebook.com\/ondauno103.9\" \/>\n<meta property=\"article:published_time\" content=\"2026-09-02T22:45:08+00:00\" \/>\n<meta property=\"article:modified_time\" content=\"2026-09-02T22:45:12+00:00\" \/>\n<meta property=\"og:image\" content=\"http:\/\/ondauno.com.ar\/wp-content\/uploads\/2026\/09\/WhatsApp-Image-2026-09-02-at-18.29.33.jpeg\" \/>\n\t<meta property=\"og:image:width\" content=\"1600\" \/>\n\t<meta property=\"og:image:height\" content=\"1204\" \/>\n\t<meta property=\"og:image:type\" content=\"image\/jpeg\" \/>\n<meta name=\"author\" content=\"OndaUno\" \/>\n<meta name=\"twitter:card\" content=\"summary_large_image\" \/>\n<meta name=\"twitter:label1\" content=\"Escrito por\" \/>\n\t<meta name=\"twitter:data1\" content=\"OndaUno\" \/>\n\t<meta name=\"twitter:label2\" content=\"Tiempo de lectura\" \/>\n\t<meta name=\"twitter:data2\" content=\"2 minutos\" \/>\n<script type=\"application\/ld+json\" class=\"yoast-schema-graph\">{\"@context\":\"https:\/\/schema.org\",\"@graph\":[{\"@type\":\"WebPage\",\"@id\":\"https:\/\/ondauno.com.ar\/index.php\/2026\/09\/02\/consejo-escolar-admiten-el-error-administrativo-pero-afirman-que-nunca-falto-el-dinero\/\",\"url\":\"https:\/\/ondauno.com.ar\/index.php\/2026\/09\/02\/consejo-escolar-admiten-el-error-administrativo-pero-afirman-que-nunca-falto-el-dinero\/\",\"name\":\"Consejo Escolar: admiten el error administrativo pero afirman que \u201cnunca falto el dinero\u201d - 103.9 fm\",\"isPartOf\":{\"@id\":\"https:\/\/ondauno.com.ar\/#website\"},\"primaryImageOfPage\":{\"@id\":\"https:\/\/ondauno.com.ar\/index.php\/2026\/09\/02\/consejo-escolar-admiten-el-error-administrativo-pero-afirman-que-nunca-falto-el-dinero\/#primaryimage\"},\"image\":{\"@id\":\"https:\/\/ondauno.com.ar\/index.php\/2026\/09\/02\/consejo-escolar-admiten-el-error-administrativo-pero-afirman-que-nunca-falto-el-dinero\/#primaryimage\"},\"thumbnailUrl\":\"https:\/\/ondauno.com.ar\/wp-content\/uploads\/2026\/09\/WhatsApp-Image-2026-09-02-at-18.29.33.jpeg\",\"datePublished\":\"2026-09-02T22:45:08+00:00\",\"dateModified\":\"2026-09-02T22:45:12+00:00\",\"author\":{\"@id\":\"https:\/\/ondauno.com.ar\/#\/schema\/person\/7ec851ddeceb4133d7d7132dc645714e\"},\"breadcrumb\":{\"@id\":\"https:\/\/ondauno.com.ar\/index.php\/2026\/09\/02\/consejo-escolar-admiten-el-error-administrativo-pero-afirman-que-nunca-falto-el-dinero\/#breadcrumb\"},\"inLanguage\":\"es-AR\",\"potentialAction\":[{\"@type\":\"ReadAction\",\"target\":[\"https:\/\/ondauno.com.ar\/index.php\/2026\/09\/02\/consejo-escolar-admiten-el-error-administrativo-pero-afirman-que-nunca-falto-el-dinero\/\"]}]},{\"@type\":\"ImageObject\",\"inLanguage\":\"es-AR\",\"@id\":\"https:\/\/ondauno.com.ar\/index.php\/2026\/09\/02\/consejo-escolar-admiten-el-error-administrativo-pero-afirman-que-nunca-falto-el-dinero\/#primaryimage\",\"url\":\"https:\/\/ondauno.com.ar\/wp-content\/uploads\/2026\/09\/WhatsApp-Image-2026-09-02-at-18.29.33.jpeg\",\"contentUrl\":\"https:\/\/ondauno.com.ar\/wp-content\/uploads\/2026\/09\/WhatsApp-Image-2026-09-02-at-18.29.33.jpeg\",\"width\":1600,\"height\":1204},{\"@type\":\"BreadcrumbList\",\"@id\":\"https:\/\/ondauno.com.ar\/index.php\/2026\/09\/02\/consejo-escolar-admiten-el-error-administrativo-pero-afirman-que-nunca-falto-el-dinero\/#breadcrumb\",\"itemListElement\":[{\"@type\":\"ListItem\",\"position\":1,\"name\":\"Inicio\",\"item\":\"https:\/\/ondauno.com.ar\/\"},{\"@type\":\"ListItem\",\"position\":2,\"name\":\"Consejo Escolar: admiten el error administrativo pero afirman que \u201cnunca falto el dinero\u201d\"}]},{\"@type\":\"WebSite\",\"@id\":\"https:\/\/ondauno.com.ar\/#website\",\"url\":\"https:\/\/ondauno.com.ar\/\",\"name\":\"103.9 fm\",\"description\":\"LA PRIMERA RADIO MULTIMEDIA DE TRES ARROYOS\",\"potentialAction\":[{\"@type\":\"SearchAction\",\"target\":{\"@type\":\"EntryPoint\",\"urlTemplate\":\"https:\/\/ondauno.com.ar\/?s={search_term_string}\"},\"query-input\":\"required name=search_term_string\"}],\"inLanguage\":\"es-AR\"},{\"@type\":\"Person\",\"@id\":\"https:\/\/ondauno.com.ar\/#\/schema\/person\/7ec851ddeceb4133d7d7132dc645714e\",\"name\":\"OndaUno\",\"image\":{\"@type\":\"ImageObject\",\"inLanguage\":\"es-AR\",\"@id\":\"https:\/\/ondauno.com.ar\/#\/schema\/person\/image\/\",\"url\":\"https:\/\/secure.gravatar.com\/avatar\/ce07852b706fdc4c52eafcd1d057deb8d1afd64f0ae3f98db05c3620a77d42aa?s=96&d=mm&r=g\",\"contentUrl\":\"https:\/\/secure.gravatar.com\/avatar\/ce07852b706fdc4c52eafcd1d057deb8d1afd64f0ae3f98db05c3620a77d42aa?s=96&d=mm&r=g\",\"caption\":\"OndaUno\"},\"url\":\"https:\/\/ondauno.com.ar\/index.php\/author\/ondauno\/\"}]}<\/script>\n<!-- \/ Yoast SEO plugin. -->","yoast_head_json":{"title":"Consejo Escolar: admiten el error administrativo pero afirman que \u201cnunca falto el dinero\u201d - 103.9 fm","robots":{"index":"index","follow":"follow","max-snippet":"max-snippet:-1","max-image-preview":"max-image-preview:large","max-video-preview":"max-video-preview:-1"},"canonical":"https:\/\/ondauno.com.ar\/index.php\/2026\/09\/02\/consejo-escolar-admiten-el-error-administrativo-pero-afirman-que-nunca-falto-el-dinero\/","og_locale":"es_ES","og_type":"article","og_title":"Consejo Escolar: admiten el error administrativo pero afirman que \u201cnunca falto el dinero\u201d - 103.9 fm","og_description":"Cristian Lagrecca y Gabriela Garc\u00eda en Cosas que pasan La vicepresidenta del Consejo Escolar, Gabriela Garc\u00eda, y el presidente del organismo, Cristian Lagrecca, se refirieron a las observaciones y sanciones realizadas por el Tribunal de Cuentas sobre el ejercicio 2024 y remarcaron que se trata de irregularidades administrativas y documentales, no de dinero faltante. Garc\u00eda [&hellip;]","og_url":"https:\/\/ondauno.com.ar\/index.php\/2026\/09\/02\/consejo-escolar-admiten-el-error-administrativo-pero-afirman-que-nunca-falto-el-dinero\/","og_site_name":"103.9 fm","article_publisher":"https:\/\/www.facebook.com\/ondauno103.9","article_published_time":"2026-09-02T22:45:08+00:00","article_modified_time":"2026-09-02T22:45:12+00:00","og_image":[{"width":1600,"height":1204,"url":"http:\/\/ondauno.com.ar\/wp-content\/uploads\/2026\/09\/WhatsApp-Image-2026-09-02-at-18.29.33.jpeg","type":"image\/jpeg"}],"author":"OndaUno","twitter_card":"summary_large_image","twitter_misc":{"Escrito por":"OndaUno","Tiempo de lectura":"2 minutos"},"schema":{"@context":"https:\/\/schema.org","@graph":[{"@type":"WebPage","@id":"https:\/\/ondauno.com.ar\/index.php\/2026\/09\/02\/consejo-escolar-admiten-el-error-administrativo-pero-afirman-que-nunca-falto-el-dinero\/","url":"https:\/\/ondauno.com.ar\/index.php\/2026\/09\/02\/consejo-escolar-admiten-el-error-administrativo-pero-afirman-que-nunca-falto-el-dinero\/","name":"Consejo Escolar: admiten el error administrativo pero afirman que \u201cnunca falto el dinero\u201d - 103.9 fm","isPartOf":{"@id":"https:\/\/ondauno.com.ar\/#website"},"primaryImageOfPage":{"@id":"https:\/\/ondauno.com.ar\/index.php\/2026\/09\/02\/consejo-escolar-admiten-el-error-administrativo-pero-afirman-que-nunca-falto-el-dinero\/#primaryimage"},"image":{"@id":"https:\/\/ondauno.com.ar\/index.php\/2026\/09\/02\/consejo-escolar-admiten-el-error-administrativo-pero-afirman-que-nunca-falto-el-dinero\/#primaryimage"},"thumbnailUrl":"https:\/\/ondauno.com.ar\/wp-content\/uploads\/2026\/09\/WhatsApp-Image-2026-09-02-at-18.29.33.jpeg","datePublished":"2026-09-02T22:45:08+00:00","dateModified":"2026-09-02T22:45:12+00:00","author":{"@id":"https:\/\/ondauno.com.ar\/#\/schema\/person\/7ec851ddeceb4133d7d7132dc645714e"},"breadcrumb":{"@id":"https:\/\/ondauno.com.ar\/index.php\/2026\/09\/02\/consejo-escolar-admiten-el-error-administrativo-pero-afirman-que-nunca-falto-el-dinero\/#breadcrumb"},"inLanguage":"es-AR","potentialAction":[{"@type":"ReadAction","target":["https:\/\/ondauno.com.ar\/index.php\/2026\/09\/02\/consejo-escolar-admiten-el-error-administrativo-pero-afirman-que-nunca-falto-el-dinero\/"]}]},{"@type":"ImageObject","inLanguage":"es-AR","@id":"https:\/\/ondauno.com.ar\/index.php\/2026\/09\/02\/consejo-escolar-admiten-el-error-administrativo-pero-afirman-que-nunca-falto-el-dinero\/#primaryimage","url":"https:\/\/ondauno.com.ar\/wp-content\/uploads\/2026\/09\/WhatsApp-Image-2026-09-02-at-18.29.33.jpeg","contentUrl":"https:\/\/ondauno.com.ar\/wp-content\/uploads\/2026\/09\/WhatsApp-Image-2026-09-02-at-18.29.33.jpeg","width":1600,"height":1204},{"@type":"BreadcrumbList","@id":"https:\/\/ondauno.com.ar\/index.php\/2026\/09\/02\/consejo-escolar-admiten-el-error-administrativo-pero-afirman-que-nunca-falto-el-dinero\/#breadcrumb","itemListElement":[{"@type":"ListItem","position":1,"name":"Inicio","item":"https:\/\/ondauno.com.ar\/"},{"@type":"ListItem","position":2,"name":"Consejo Escolar: admiten el error administrativo pero afirman que \u201cnunca falto el dinero\u201d"}]},{"@type":"WebSite","@id":"https:\/\/ondauno.com.ar\/#website","url":"https:\/\/ondauno.com.ar\/","name":"103.9 fm","description":"LA PRIMERA RADIO MULTIMEDIA DE TRES ARROYOS","potentialAction":[{"@type":"SearchAction","target":{"@type":"EntryPoint","urlTemplate":"https:\/\/ondauno.com.ar\/?s={search_term_string}"},"query-input":"required name=search_term_string"}],"inLanguage":"es-AR"},{"@type":"Person","@id":"https:\/\/ondauno.com.ar\/#\/schema\/person\/7ec851ddeceb4133d7d7132dc645714e","name":"OndaUno","image":{"@type":"ImageObject","inLanguage":"es-AR","@id":"https:\/\/ondauno.com.ar\/#\/schema\/person\/image\/","url":"https:\/\/secure.gravatar.com\/avatar\/ce07852b706fdc4c52eafcd1d057deb8d1afd64f0ae3f98db05c3620a77d42aa?s=96&d=mm&r=g","contentUrl":"https:\/\/secure.gravatar.com\/avatar\/ce07852b706fdc4c52eafcd1d057deb8d1afd64f0ae3f98db05c3620a77d42aa?s=96&d=mm&r=g","caption":"OndaUno"},"url":"https:\/\/ondauno.com.ar\/index.php\/author\/ondauno\/"}]}},"jetpack_publicize_connections":[],"jetpack_featured_media_url":"https:\/\/ondauno.com.ar\/wp-content\/uploads\/2026\/09\/WhatsApp-Image-2026-09-02-at-18.29.33.jpeg","jetpack_sharing_enabled":true,"_links":{"self":[{"href":"https:\/\/ondauno.com.ar\/index.php\/wp-json\/wp\/v2\/posts\/66633","targetHints":{"allow":["GET"]}}],"collection":[{"href":"https:\/\/ondauno.com.ar\/index.php\/wp-json\/wp\/v2\/posts"}],"about":[{"href":"https:\/\/ondauno.com.ar\/index.php\/wp-json\/wp\/v2\/types\/post"}],"author":[{"embeddable":true,"href":"https:\/\/ondauno.com.ar\/index.php\/wp-json\/wp\/v2\/users\/1"}],"replies":[{"embeddable":true,"href":"https:\/\/ondauno.com.ar\/index.php\/wp-json\/wp\/v2\/comments?post=66633"}],"version-history":[{"count":1,"href":"https:\/\/ondauno.com.ar\/index.php\/wp-json\/wp\/v2\/posts\/66633\/revisions"}],"predecessor-version":[{"id":66635,"href":"https:\/\/ondauno.com.ar\/index.php\/wp-json\/wp\/v2\/posts\/66633\/revisions\/66635"}],"wp:featuredmedia":[{"embeddable":true,"href":"https:\/\/ondauno.com.ar\/index.php\/wp-json\/wp\/v2\/media\/66634"}],"wp:attachment":[{"href":"https:\/\/ondauno.com.ar\/index.php\/wp-json\/wp\/v2\/media?parent=66633"}],"wp:term":[{"taxonomy":"category","embeddable":true,"href":"https:\/\/ondauno.com.ar\/index.php\/wp-json\/wp\/v2\/categories?post=66633"},{"taxonomy":"post_tag","embeddable":true,"href":"https:\/\/ondauno.com.ar\/index.php\/wp-json\/wp\/v2\/tags?post=66633"}],"curies":[{"name":"wp","href":"https:\/\/api.w.org\/{rel}","templated":true}]}}