{"id":66629,"date":"2026-09-02T19:33:13","date_gmt":"2026-09-02T22:33:13","guid":{"rendered":"https:\/\/ondauno.com.ar\/?p=66629"},"modified":"2026-09-02T19:33:17","modified_gmt":"2026-09-02T22:33:17","slug":"saavedra-dijo-que-la-celta-no-informo-los-motivos-de-las-desvinculaciones-y-propuso-un-veedor","status":"publish","type":"post","link":"https:\/\/ondauno.com.ar\/index.php\/2026\/09\/02\/saavedra-dijo-que-la-celta-no-informo-los-motivos-de-las-desvinculaciones-y-propuso-un-veedor\/","title":{"rendered":"Saavedra dijo que la CELTA no inform\u00f3 los motivos de las desvinculaciones, y propuso un veedor"},"content":{"rendered":"<div class=\"ondau-before-content_3\" style=\"margin-top: -30px;\" id=\"ondau-968181371\"><a href=\"https:\/\/www.lps.com.ar\/\" aria-label=\"la-perse2\"><img loading=\"lazy\" decoding=\"async\" src=\"https:\/\/ondauno.com.ar\/wp-content\/uploads\/2021\/10\/la-perse2.jpg\" alt=\"\"  srcset=\"https:\/\/ondauno.com.ar\/wp-content\/uploads\/2021\/10\/la-perse2.jpg 1353w, https:\/\/ondauno.com.ar\/wp-content\/uploads\/2021\/10\/la-perse2-300x43.jpg 300w, https:\/\/ondauno.com.ar\/wp-content\/uploads\/2021\/10\/la-perse2-1024x148.jpg 1024w, https:\/\/ondauno.com.ar\/wp-content\/uploads\/2021\/10\/la-perse2-768x111.jpg 768w, https:\/\/ondauno.com.ar\/wp-content\/uploads\/2021\/10\/la-perse2-696x100.jpg 696w, https:\/\/ondauno.com.ar\/wp-content\/uploads\/2021\/10\/la-perse2-1068x154.jpg 1068w\" sizes=\"(max-width: 1353px) 100vw, 1353px\" class=\"no-lazyload\" width=\"1353\" height=\"195\"  style=\"display: inline-block;\" \/><\/a><\/div>\n<p class=\"wp-block-paragraph\">La concejal del Movimiento Vecinal, Mar\u00eda Saavedra, habl\u00f3 en \u201cCosas que pasan\u201d y volvi\u00f3 a reclamar informaci\u00f3n sobre la situaci\u00f3n de CELTA y las recientes desvinculaciones de personal.<\/p>\n\n\n\n<p class=\"wp-block-paragraph\">Saavedra consider\u00f3 que la respuesta de la cooperativa al pedido de informes \u201ctodav\u00eda no da por contestado el real problema\u201d, ya que no explica los motivos de las desvinculaciones de trabajadores que ten\u00edan varios a\u00f1os dentro de la instituci\u00f3n.<\/p>\n\n\n\n<p class=\"wp-block-paragraph\">\u201cLa gente necesita saber qu\u00e9 fue lo que sucedi\u00f3 y, sobre todo, que no vuelva a pasar.\u201d<\/p>\n\n\n\n<p class=\"wp-block-paragraph\">La concejal insisti\u00f3 en la posibilidad de que el Municipio designe un veedor para conocer en profundidad la situaci\u00f3n administrativa y econ\u00f3mica de la cooperativa. \u201cCreo que hoy, como municipio, el organismo de control que puede ejercer permitir\u00eda poner un veedor\u201d, afirm\u00f3.<\/p>\n\n\n\n<p class=\"wp-block-paragraph\">Tambi\u00e9n destac\u00f3 que el intendente Pablo Garate acompa\u00f1\u00f3 el pedido de informaci\u00f3n realizado desde el Concejo Deliberante y mencion\u00f3 la intervenci\u00f3n que podr\u00eda tener el organismo provincial de control de cooperativas.<br>Por otra parte, confirm\u00f3 que habr\u00e1 una banca ciudadana durante la pr\u00f3xima sesi\u00f3n del Concejo Deliberante para abordar el tema. Seg\u00fan indic\u00f3, ser\u00e1 utilizada por el abogado Al\u00ed, exconcejal y dirigente radical.<\/p>\n\n\n\n<p class=\"wp-block-paragraph\">La situaci\u00f3n de CELTA, la deuda con CAMMESA y la posibilidad de una auditor\u00eda o veedur\u00eda fueron algunos de los temas abordados durante la entrevista.<\/p>\n\n\n\n<p class=\"wp-block-paragraph\">Pod\u00e9s escuchar la nota completa en el siguiente link:<\/p>\n\n\n\n<figure class=\"wp-block-embed is-type-video is-provider-youtube wp-block-embed-youtube wp-embed-aspect-16-9 wp-has-aspect-ratio\"><div class=\"wp-block-embed__wrapper\">\n<div class=\"youtube-embed\" data-video_id=\"Uqf3jhMRGnA\"><iframe loading=\"lazy\" title=\"Onda Uno 103.9 en vivo\" width=\"696\" height=\"392\" data-src=\"https:\/\/www.youtube.com\/embed\/Uqf3jhMRGnA?start=37&amp;feature=oembed\" frameborder=\"0\" allow=\"accelerometer; autoplay; clipboard-write; encrypted-media; gyroscope; picture-in-picture; web-share\" referrerpolicy=\"strict-origin-when-cross-origin\" allowfullscreen src=\"data:image\/gif;base64,R0lGODlhAQABAAAAACH5BAEKAAEALAAAAAABAAEAAAICTAEAOw==\" class=\"lazyload\" data-load-mode=\"1\"><\/iframe><\/div>\n<\/div><\/figure>\n","protected":false},"excerpt":{"rendered":"<p>La concejal del Movimiento Vecinal, Mar\u00eda Saavedra, habl\u00f3 en \u201cCosas que pasan\u201d y volvi\u00f3 a reclamar informaci\u00f3n sobre la situaci\u00f3n de CELTA y las recientes desvinculaciones de personal. Saavedra consider\u00f3 que la respuesta de la cooperativa al pedido de informes \u201ctodav\u00eda no da por contestado el real problema\u201d, ya que no explica los motivos de [&hellip;]<\/p>\n","protected":false},"author":1,"featured_media":60255,"comment_status":"open","ping_status":"open","sticky":false,"template":"","format":"standard","meta":{"tdm_status":"","tdm_grid_status":"","_jetpack_memberships_contains_paid_content":false,"footnotes":"","jetpack_publicize_message":"","jetpack_publicize_feature_enabled":true,"jetpack_social_post_already_shared":true,"jetpack_social_options":{"image_generator_settings":{"template":"highway","default_image_id":0,"font":"","enabled":false},"version":2}},"categories":[2],"tags":[],"class_list":["post-66629","post","type-post","status-publish","format-standard","has-post-thumbnail","category-locales"],"yoast_head":"<!-- This site is optimized with the Yoast SEO plugin v22.7 - https:\/\/yoast.com\/wordpress\/plugins\/seo\/ -->\n<title>Saavedra dijo que la CELTA no inform\u00f3 los motivos de las desvinculaciones, y propuso un veedor - 103.9 fm<\/title>\n<meta name=\"robots\" content=\"index, follow, max-snippet:-1, max-image-preview:large, max-video-preview:-1\" \/>\n<link rel=\"canonical\" href=\"https:\/\/ondauno.com.ar\/index.php\/2026\/09\/02\/saavedra-dijo-que-la-celta-no-informo-los-motivos-de-las-desvinculaciones-y-propuso-un-veedor\/\" \/>\n<meta property=\"og:locale\" content=\"es_ES\" \/>\n<meta property=\"og:type\" content=\"article\" \/>\n<meta property=\"og:title\" content=\"Saavedra dijo que la CELTA no inform\u00f3 los motivos de las desvinculaciones, y propuso un veedor - 103.9 fm\" \/>\n<meta property=\"og:description\" content=\"La concejal del Movimiento Vecinal, Mar\u00eda Saavedra, habl\u00f3 en \u201cCosas que pasan\u201d y volvi\u00f3 a reclamar informaci\u00f3n sobre la situaci\u00f3n de CELTA y las recientes desvinculaciones de personal. Saavedra consider\u00f3 que la respuesta de la cooperativa al pedido de informes \u201ctodav\u00eda no da por contestado el real problema\u201d, ya que no explica los motivos de [&hellip;]\" \/>\n<meta property=\"og:url\" content=\"https:\/\/ondauno.com.ar\/index.php\/2026\/09\/02\/saavedra-dijo-que-la-celta-no-informo-los-motivos-de-las-desvinculaciones-y-propuso-un-veedor\/\" \/>\n<meta property=\"og:site_name\" content=\"103.9 fm\" \/>\n<meta property=\"article:publisher\" content=\"https:\/\/www.facebook.com\/ondauno103.9\" \/>\n<meta property=\"article:published_time\" content=\"2026-09-02T22:33:13+00:00\" \/>\n<meta property=\"article:modified_time\" content=\"2026-09-02T22:33:17+00:00\" \/>\n<meta property=\"og:image\" content=\"http:\/\/ondauno.com.ar\/wp-content\/uploads\/2025\/09\/WhatsApp-Image-2025-09-16-at-12.15.16.jpeg\" \/>\n\t<meta property=\"og:image:width\" content=\"1600\" \/>\n\t<meta property=\"og:image:height\" content=\"1204\" \/>\n\t<meta property=\"og:image:type\" content=\"image\/jpeg\" \/>\n<meta name=\"author\" content=\"OndaUno\" \/>\n<meta name=\"twitter:card\" content=\"summary_large_image\" \/>\n<meta name=\"twitter:label1\" content=\"Escrito por\" \/>\n\t<meta name=\"twitter:data1\" content=\"OndaUno\" \/>\n\t<meta name=\"twitter:label2\" content=\"Tiempo de lectura\" \/>\n\t<meta name=\"twitter:data2\" content=\"2 minutos\" \/>\n<script type=\"application\/ld+json\" class=\"yoast-schema-graph\">{\"@context\":\"https:\/\/schema.org\",\"@graph\":[{\"@type\":\"WebPage\",\"@id\":\"https:\/\/ondauno.com.ar\/index.php\/2026\/09\/02\/saavedra-dijo-que-la-celta-no-informo-los-motivos-de-las-desvinculaciones-y-propuso-un-veedor\/\",\"url\":\"https:\/\/ondauno.com.ar\/index.php\/2026\/09\/02\/saavedra-dijo-que-la-celta-no-informo-los-motivos-de-las-desvinculaciones-y-propuso-un-veedor\/\",\"name\":\"Saavedra dijo que la CELTA no inform\u00f3 los motivos de las desvinculaciones, y propuso un veedor - 103.9 fm\",\"isPartOf\":{\"@id\":\"https:\/\/ondauno.com.ar\/#website\"},\"primaryImageOfPage\":{\"@id\":\"https:\/\/ondauno.com.ar\/index.php\/2026\/09\/02\/saavedra-dijo-que-la-celta-no-informo-los-motivos-de-las-desvinculaciones-y-propuso-un-veedor\/#primaryimage\"},\"image\":{\"@id\":\"https:\/\/ondauno.com.ar\/index.php\/2026\/09\/02\/saavedra-dijo-que-la-celta-no-informo-los-motivos-de-las-desvinculaciones-y-propuso-un-veedor\/#primaryimage\"},\"thumbnailUrl\":\"https:\/\/ondauno.com.ar\/wp-content\/uploads\/2025\/09\/WhatsApp-Image-2025-09-16-at-12.15.16.jpeg\",\"datePublished\":\"2026-09-02T22:33:13+00:00\",\"dateModified\":\"2026-09-02T22:33:17+00:00\",\"author\":{\"@id\":\"https:\/\/ondauno.com.ar\/#\/schema\/person\/7ec851ddeceb4133d7d7132dc645714e\"},\"breadcrumb\":{\"@id\":\"https:\/\/ondauno.com.ar\/index.php\/2026\/09\/02\/saavedra-dijo-que-la-celta-no-informo-los-motivos-de-las-desvinculaciones-y-propuso-un-veedor\/#breadcrumb\"},\"inLanguage\":\"es-AR\",\"potentialAction\":[{\"@type\":\"ReadAction\",\"target\":[\"https:\/\/ondauno.com.ar\/index.php\/2026\/09\/02\/saavedra-dijo-que-la-celta-no-informo-los-motivos-de-las-desvinculaciones-y-propuso-un-veedor\/\"]}]},{\"@type\":\"ImageObject\",\"inLanguage\":\"es-AR\",\"@id\":\"https:\/\/ondauno.com.ar\/index.php\/2026\/09\/02\/saavedra-dijo-que-la-celta-no-informo-los-motivos-de-las-desvinculaciones-y-propuso-un-veedor\/#primaryimage\",\"url\":\"https:\/\/ondauno.com.ar\/wp-content\/uploads\/2025\/09\/WhatsApp-Image-2025-09-16-at-12.15.16.jpeg\",\"contentUrl\":\"https:\/\/ondauno.com.ar\/wp-content\/uploads\/2025\/09\/WhatsApp-Image-2025-09-16-at-12.15.16.jpeg\",\"width\":1600,\"height\":1204},{\"@type\":\"BreadcrumbList\",\"@id\":\"https:\/\/ondauno.com.ar\/index.php\/2026\/09\/02\/saavedra-dijo-que-la-celta-no-informo-los-motivos-de-las-desvinculaciones-y-propuso-un-veedor\/#breadcrumb\",\"itemListElement\":[{\"@type\":\"ListItem\",\"position\":1,\"name\":\"Inicio\",\"item\":\"https:\/\/ondauno.com.ar\/\"},{\"@type\":\"ListItem\",\"position\":2,\"name\":\"Saavedra dijo que la CELTA no inform\u00f3 los motivos de las desvinculaciones, y propuso un veedor\"}]},{\"@type\":\"WebSite\",\"@id\":\"https:\/\/ondauno.com.ar\/#website\",\"url\":\"https:\/\/ondauno.com.ar\/\",\"name\":\"103.9 fm\",\"description\":\"LA PRIMERA RADIO MULTIMEDIA DE TRES ARROYOS\",\"potentialAction\":[{\"@type\":\"SearchAction\",\"target\":{\"@type\":\"EntryPoint\",\"urlTemplate\":\"https:\/\/ondauno.com.ar\/?s={search_term_string}\"},\"query-input\":\"required name=search_term_string\"}],\"inLanguage\":\"es-AR\"},{\"@type\":\"Person\",\"@id\":\"https:\/\/ondauno.com.ar\/#\/schema\/person\/7ec851ddeceb4133d7d7132dc645714e\",\"name\":\"OndaUno\",\"image\":{\"@type\":\"ImageObject\",\"inLanguage\":\"es-AR\",\"@id\":\"https:\/\/ondauno.com.ar\/#\/schema\/person\/image\/\",\"url\":\"https:\/\/secure.gravatar.com\/avatar\/ce07852b706fdc4c52eafcd1d057deb8d1afd64f0ae3f98db05c3620a77d42aa?s=96&d=mm&r=g\",\"contentUrl\":\"https:\/\/secure.gravatar.com\/avatar\/ce07852b706fdc4c52eafcd1d057deb8d1afd64f0ae3f98db05c3620a77d42aa?s=96&d=mm&r=g\",\"caption\":\"OndaUno\"},\"url\":\"https:\/\/ondauno.com.ar\/index.php\/author\/ondauno\/\"}]}<\/script>\n<!-- \/ Yoast SEO plugin. -->","yoast_head_json":{"title":"Saavedra dijo que la CELTA no inform\u00f3 los motivos de las desvinculaciones, y propuso un veedor - 103.9 fm","robots":{"index":"index","follow":"follow","max-snippet":"max-snippet:-1","max-image-preview":"max-image-preview:large","max-video-preview":"max-video-preview:-1"},"canonical":"https:\/\/ondauno.com.ar\/index.php\/2026\/09\/02\/saavedra-dijo-que-la-celta-no-informo-los-motivos-de-las-desvinculaciones-y-propuso-un-veedor\/","og_locale":"es_ES","og_type":"article","og_title":"Saavedra dijo que la CELTA no inform\u00f3 los motivos de las desvinculaciones, y propuso un veedor - 103.9 fm","og_description":"La concejal del Movimiento Vecinal, Mar\u00eda Saavedra, habl\u00f3 en \u201cCosas que pasan\u201d y volvi\u00f3 a reclamar informaci\u00f3n sobre la situaci\u00f3n de CELTA y las recientes desvinculaciones de personal. Saavedra consider\u00f3 que la respuesta de la cooperativa al pedido de informes \u201ctodav\u00eda no da por contestado el real problema\u201d, ya que no explica los motivos de [&hellip;]","og_url":"https:\/\/ondauno.com.ar\/index.php\/2026\/09\/02\/saavedra-dijo-que-la-celta-no-informo-los-motivos-de-las-desvinculaciones-y-propuso-un-veedor\/","og_site_name":"103.9 fm","article_publisher":"https:\/\/www.facebook.com\/ondauno103.9","article_published_time":"2026-09-02T22:33:13+00:00","article_modified_time":"2026-09-02T22:33:17+00:00","og_image":[{"width":1600,"height":1204,"url":"http:\/\/ondauno.com.ar\/wp-content\/uploads\/2025\/09\/WhatsApp-Image-2025-09-16-at-12.15.16.jpeg","type":"image\/jpeg"}],"author":"OndaUno","twitter_card":"summary_large_image","twitter_misc":{"Escrito por":"OndaUno","Tiempo de lectura":"2 minutos"},"schema":{"@context":"https:\/\/schema.org","@graph":[{"@type":"WebPage","@id":"https:\/\/ondauno.com.ar\/index.php\/2026\/09\/02\/saavedra-dijo-que-la-celta-no-informo-los-motivos-de-las-desvinculaciones-y-propuso-un-veedor\/","url":"https:\/\/ondauno.com.ar\/index.php\/2026\/09\/02\/saavedra-dijo-que-la-celta-no-informo-los-motivos-de-las-desvinculaciones-y-propuso-un-veedor\/","name":"Saavedra dijo que la CELTA no inform\u00f3 los motivos de las desvinculaciones, y propuso un veedor - 103.9 fm","isPartOf":{"@id":"https:\/\/ondauno.com.ar\/#website"},"primaryImageOfPage":{"@id":"https:\/\/ondauno.com.ar\/index.php\/2026\/09\/02\/saavedra-dijo-que-la-celta-no-informo-los-motivos-de-las-desvinculaciones-y-propuso-un-veedor\/#primaryimage"},"image":{"@id":"https:\/\/ondauno.com.ar\/index.php\/2026\/09\/02\/saavedra-dijo-que-la-celta-no-informo-los-motivos-de-las-desvinculaciones-y-propuso-un-veedor\/#primaryimage"},"thumbnailUrl":"https:\/\/ondauno.com.ar\/wp-content\/uploads\/2025\/09\/WhatsApp-Image-2025-09-16-at-12.15.16.jpeg","datePublished":"2026-09-02T22:33:13+00:00","dateModified":"2026-09-02T22:33:17+00:00","author":{"@id":"https:\/\/ondauno.com.ar\/#\/schema\/person\/7ec851ddeceb4133d7d7132dc645714e"},"breadcrumb":{"@id":"https:\/\/ondauno.com.ar\/index.php\/2026\/09\/02\/saavedra-dijo-que-la-celta-no-informo-los-motivos-de-las-desvinculaciones-y-propuso-un-veedor\/#breadcrumb"},"inLanguage":"es-AR","potentialAction":[{"@type":"ReadAction","target":["https:\/\/ondauno.com.ar\/index.php\/2026\/09\/02\/saavedra-dijo-que-la-celta-no-informo-los-motivos-de-las-desvinculaciones-y-propuso-un-veedor\/"]}]},{"@type":"ImageObject","inLanguage":"es-AR","@id":"https:\/\/ondauno.com.ar\/index.php\/2026\/09\/02\/saavedra-dijo-que-la-celta-no-informo-los-motivos-de-las-desvinculaciones-y-propuso-un-veedor\/#primaryimage","url":"https:\/\/ondauno.com.ar\/wp-content\/uploads\/2025\/09\/WhatsApp-Image-2025-09-16-at-12.15.16.jpeg","contentUrl":"https:\/\/ondauno.com.ar\/wp-content\/uploads\/2025\/09\/WhatsApp-Image-2025-09-16-at-12.15.16.jpeg","width":1600,"height":1204},{"@type":"BreadcrumbList","@id":"https:\/\/ondauno.com.ar\/index.php\/2026\/09\/02\/saavedra-dijo-que-la-celta-no-informo-los-motivos-de-las-desvinculaciones-y-propuso-un-veedor\/#breadcrumb","itemListElement":[{"@type":"ListItem","position":1,"name":"Inicio","item":"https:\/\/ondauno.com.ar\/"},{"@type":"ListItem","position":2,"name":"Saavedra dijo que la CELTA no inform\u00f3 los motivos de las desvinculaciones, y propuso un veedor"}]},{"@type":"WebSite","@id":"https:\/\/ondauno.com.ar\/#website","url":"https:\/\/ondauno.com.ar\/","name":"103.9 fm","description":"LA PRIMERA RADIO MULTIMEDIA DE TRES ARROYOS","potentialAction":[{"@type":"SearchAction","target":{"@type":"EntryPoint","urlTemplate":"https:\/\/ondauno.com.ar\/?s={search_term_string}"},"query-input":"required name=search_term_string"}],"inLanguage":"es-AR"},{"@type":"Person","@id":"https:\/\/ondauno.com.ar\/#\/schema\/person\/7ec851ddeceb4133d7d7132dc645714e","name":"OndaUno","image":{"@type":"ImageObject","inLanguage":"es-AR","@id":"https:\/\/ondauno.com.ar\/#\/schema\/person\/image\/","url":"https:\/\/secure.gravatar.com\/avatar\/ce07852b706fdc4c52eafcd1d057deb8d1afd64f0ae3f98db05c3620a77d42aa?s=96&d=mm&r=g","contentUrl":"https:\/\/secure.gravatar.com\/avatar\/ce07852b706fdc4c52eafcd1d057deb8d1afd64f0ae3f98db05c3620a77d42aa?s=96&d=mm&r=g","caption":"OndaUno"},"url":"https:\/\/ondauno.com.ar\/index.php\/author\/ondauno\/"}]}},"jetpack_publicize_connections":[],"jetpack_featured_media_url":"https:\/\/ondauno.com.ar\/wp-content\/uploads\/2025\/09\/WhatsApp-Image-2025-09-16-at-12.15.16.jpeg","jetpack_sharing_enabled":true,"_links":{"self":[{"href":"https:\/\/ondauno.com.ar\/index.php\/wp-json\/wp\/v2\/posts\/66629","targetHints":{"allow":["GET"]}}],"collection":[{"href":"https:\/\/ondauno.com.ar\/index.php\/wp-json\/wp\/v2\/posts"}],"about":[{"href":"https:\/\/ondauno.com.ar\/index.php\/wp-json\/wp\/v2\/types\/post"}],"author":[{"embeddable":true,"href":"https:\/\/ondauno.com.ar\/index.php\/wp-json\/wp\/v2\/users\/1"}],"replies":[{"embeddable":true,"href":"https:\/\/ondauno.com.ar\/index.php\/wp-json\/wp\/v2\/comments?post=66629"}],"version-history":[{"count":1,"href":"https:\/\/ondauno.com.ar\/index.php\/wp-json\/wp\/v2\/posts\/66629\/revisions"}],"predecessor-version":[{"id":66630,"href":"https:\/\/ondauno.com.ar\/index.php\/wp-json\/wp\/v2\/posts\/66629\/revisions\/66630"}],"wp:featuredmedia":[{"embeddable":true,"href":"https:\/\/ondauno.com.ar\/index.php\/wp-json\/wp\/v2\/media\/60255"}],"wp:attachment":[{"href":"https:\/\/ondauno.com.ar\/index.php\/wp-json\/wp\/v2\/media?parent=66629"}],"wp:term":[{"taxonomy":"category","embeddable":true,"href":"https:\/\/ondauno.com.ar\/index.php\/wp-json\/wp\/v2\/categories?post=66629"},{"taxonomy":"post_tag","embeddable":true,"href":"https:\/\/ondauno.com.ar\/index.php\/wp-json\/wp\/v2\/tags?post=66629"}],"curies":[{"name":"wp","href":"https:\/\/api.w.org\/{rel}","templated":true}]}}