{"id":66627,"date":"2026-09-02T19:29:19","date_gmt":"2026-09-02T22:29:19","guid":{"rendered":"https:\/\/ondauno.com.ar\/?p=66627"},"modified":"2026-09-02T19:29:23","modified_gmt":"2026-09-02T22:29:23","slug":"garate-conto-que-cammesa-le-informo-hace-dos-meses-sobre-la-deuda-de-celta","status":"publish","type":"post","link":"https:\/\/ondauno.com.ar\/index.php\/2026\/09\/02\/garate-conto-que-cammesa-le-informo-hace-dos-meses-sobre-la-deuda-de-celta\/","title":{"rendered":"Garate cont\u00f3 que CAMMESA le inform\u00f3 hace dos meses sobre la deuda de CELTA"},"content":{"rendered":"<div class=\"ondau-before-content_3\" style=\"margin-top: -30px;\" id=\"ondau-1260455899\"><a href=\"https:\/\/www.lps.com.ar\/\" aria-label=\"la-perse2\"><img loading=\"lazy\" decoding=\"async\" src=\"https:\/\/ondauno.com.ar\/wp-content\/uploads\/2021\/10\/la-perse2.jpg\" alt=\"\"  srcset=\"https:\/\/ondauno.com.ar\/wp-content\/uploads\/2021\/10\/la-perse2.jpg 1353w, https:\/\/ondauno.com.ar\/wp-content\/uploads\/2021\/10\/la-perse2-300x43.jpg 300w, https:\/\/ondauno.com.ar\/wp-content\/uploads\/2021\/10\/la-perse2-1024x148.jpg 1024w, https:\/\/ondauno.com.ar\/wp-content\/uploads\/2021\/10\/la-perse2-768x111.jpg 768w, https:\/\/ondauno.com.ar\/wp-content\/uploads\/2021\/10\/la-perse2-696x100.jpg 696w, https:\/\/ondauno.com.ar\/wp-content\/uploads\/2021\/10\/la-perse2-1068x154.jpg 1068w\" sizes=\"(max-width: 1353px) 100vw, 1353px\" class=\"no-lazyload\" width=\"1353\" height=\"195\"  style=\"display: inline-block;\" \/><\/a><\/div>\n<p class=\"wp-block-paragraph\">El intendente de Tres Arroyos, Pablo Garate, habl\u00f3 en \u201cCosas que pasan\u201d sobre distintos temas de actualidad del distrito.<\/p>\n\n\n\n<p class=\"wp-block-paragraph\">Al referirse a la situaci\u00f3n de CELTA y su deuda con CAMMESA, Garate explic\u00f3 que la cooperativa respondi\u00f3 al pedido de informes realizado por el Municipio y el Concejo Deliberante. Sobre la continuidad de los servicios, asegur\u00f3: \u201cNo est\u00e1 en riesgo el servicio el\u00e9ctrico ni el alumbrado p\u00fablico\u201d. Hizo la aclaraci\u00f3n porque la compa\u00f1\u00eda que se encargada de operar el mercado el\u00e9ctrico le inform\u00f3 dos meses atr\u00e1s sobre la deuda que a\u00fan mantiene \u2013e intenta negociar- la cooperativa el\u00e9ctrica local. Tambi\u00e9n habl\u00f3 sobre el tenor del informe que la CELTA dio como respuesta.<\/p>\n\n\n\n<p class=\"wp-block-paragraph\">Tambi\u00e9n destac\u00f3 el presente del Parque Industrial, donde actualmente existen 12 pedidos de compra de lotes y varias empresas avanzan con importantes ampliaciones. \u201cLa verdad que el Parque Industrial hoy est\u00e1 en un franco crecimiento\u201d, sostuvo.<\/p>\n\n\n\n<p class=\"wp-block-paragraph\"><br>En materia de seguridad, confirm\u00f3 una pr\u00f3xima reuni\u00f3n con el ministro de Seguridad bonaerense y adelant\u00f3 que plantear\u00e1 distintas necesidades para Tres Arroyos, entre ellas mayor presencia policial y recursos.<\/p>\n\n\n\n<p class=\"wp-block-paragraph\"><br>Adem\u00e1s defendi\u00f3 el trabajo conjunto entre el Municipio y la Polic\u00eda y destac\u00f3 el funcionamiento de Ojos en Alerta. \u201cCuando vemos nuevas modalidades delictivas tratamos de dar respuestas\u201d, afirm\u00f3.<\/p>\n\n\n\n<p class=\"wp-block-paragraph\"><br>Durante la entrevista Garate tambi\u00e9n habl\u00f3 sobre las obras en el Parque Industrial, la generaci\u00f3n de empleo, el patrullaje, las c\u00e1maras de seguridad, la situaci\u00f3n de Cascallares y los proyectos de viviendas para personal policial.<\/p>\n\n\n\n<p class=\"wp-block-paragraph\">Una entrevista con definiciones sobre temas centrales para Tres Arroyos.<\/p>\n\n\n\n<p class=\"wp-block-paragraph\">Pod\u00e9s escuchar la nota completa en el siguiente link:<\/p>\n\n\n\n<figure class=\"wp-block-embed is-type-video is-provider-youtube wp-block-embed-youtube wp-embed-aspect-16-9 wp-has-aspect-ratio\"><div class=\"wp-block-embed__wrapper\">\n<div class=\"youtube-embed\" data-video_id=\"gwkD-bTHkXc\"><iframe loading=\"lazy\" title=\"Onda Uno 103.9 en vivo\" width=\"696\" height=\"392\" data-src=\"https:\/\/www.youtube.com\/embed\/gwkD-bTHkXc?start=5&amp;feature=oembed\" frameborder=\"0\" allow=\"accelerometer; autoplay; clipboard-write; encrypted-media; gyroscope; picture-in-picture; web-share\" referrerpolicy=\"strict-origin-when-cross-origin\" allowfullscreen src=\"data:image\/gif;base64,R0lGODlhAQABAAAAACH5BAEKAAEALAAAAAABAAEAAAICTAEAOw==\" class=\"lazyload\" data-load-mode=\"1\"><\/iframe><\/div>\n<\/div><\/figure>\n","protected":false},"excerpt":{"rendered":"<p>El intendente de Tres Arroyos, Pablo Garate, habl\u00f3 en \u201cCosas que pasan\u201d sobre distintos temas de actualidad del distrito. Al referirse a la situaci\u00f3n de CELTA y su deuda con CAMMESA, Garate explic\u00f3 que la cooperativa respondi\u00f3 al pedido de informes realizado por el Municipio y el Concejo Deliberante. Sobre la continuidad de los servicios, [&hellip;]<\/p>\n","protected":false},"author":1,"featured_media":40905,"comment_status":"open","ping_status":"open","sticky":false,"template":"","format":"standard","meta":{"tdm_status":"","tdm_grid_status":"","_jetpack_memberships_contains_paid_content":false,"footnotes":"","jetpack_publicize_message":"","jetpack_publicize_feature_enabled":true,"jetpack_social_post_already_shared":true,"jetpack_social_options":{"image_generator_settings":{"template":"highway","default_image_id":0,"font":"","enabled":false},"version":2}},"categories":[2],"tags":[],"class_list":["post-66627","post","type-post","status-publish","format-standard","has-post-thumbnail","category-locales"],"yoast_head":"<!-- This site is optimized with the Yoast SEO plugin v22.7 - https:\/\/yoast.com\/wordpress\/plugins\/seo\/ -->\n<title>Garate cont\u00f3 que CAMMESA le inform\u00f3 hace dos meses sobre la deuda de CELTA - 103.9 fm<\/title>\n<meta name=\"robots\" content=\"index, follow, max-snippet:-1, max-image-preview:large, max-video-preview:-1\" \/>\n<link rel=\"canonical\" href=\"https:\/\/ondauno.com.ar\/index.php\/2026\/09\/02\/garate-conto-que-cammesa-le-informo-hace-dos-meses-sobre-la-deuda-de-celta\/\" \/>\n<meta property=\"og:locale\" content=\"es_ES\" \/>\n<meta property=\"og:type\" content=\"article\" \/>\n<meta property=\"og:title\" content=\"Garate cont\u00f3 que CAMMESA le inform\u00f3 hace dos meses sobre la deuda de CELTA - 103.9 fm\" \/>\n<meta property=\"og:description\" content=\"El intendente de Tres Arroyos, Pablo Garate, habl\u00f3 en \u201cCosas que pasan\u201d sobre distintos temas de actualidad del distrito. Al referirse a la situaci\u00f3n de CELTA y su deuda con CAMMESA, Garate explic\u00f3 que la cooperativa respondi\u00f3 al pedido de informes realizado por el Municipio y el Concejo Deliberante. Sobre la continuidad de los servicios, [&hellip;]\" \/>\n<meta property=\"og:url\" content=\"https:\/\/ondauno.com.ar\/index.php\/2026\/09\/02\/garate-conto-que-cammesa-le-informo-hace-dos-meses-sobre-la-deuda-de-celta\/\" \/>\n<meta property=\"og:site_name\" content=\"103.9 fm\" \/>\n<meta property=\"article:publisher\" content=\"https:\/\/www.facebook.com\/ondauno103.9\" \/>\n<meta property=\"article:published_time\" content=\"2026-09-02T22:29:19+00:00\" \/>\n<meta property=\"article:modified_time\" content=\"2026-09-02T22:29:23+00:00\" \/>\n<meta property=\"og:image\" content=\"http:\/\/ondauno.com.ar\/wp-content\/uploads\/2023\/05\/Pablo-garate.jpeg\" \/>\n\t<meta property=\"og:image:width\" content=\"1600\" \/>\n\t<meta property=\"og:image:height\" content=\"1200\" \/>\n\t<meta property=\"og:image:type\" content=\"image\/jpeg\" \/>\n<meta name=\"author\" content=\"OndaUno\" \/>\n<meta name=\"twitter:card\" content=\"summary_large_image\" \/>\n<meta name=\"twitter:label1\" content=\"Escrito por\" \/>\n\t<meta name=\"twitter:data1\" content=\"OndaUno\" \/>\n\t<meta name=\"twitter:label2\" content=\"Tiempo de lectura\" \/>\n\t<meta name=\"twitter:data2\" content=\"2 minutos\" \/>\n<script type=\"application\/ld+json\" class=\"yoast-schema-graph\">{\"@context\":\"https:\/\/schema.org\",\"@graph\":[{\"@type\":\"WebPage\",\"@id\":\"https:\/\/ondauno.com.ar\/index.php\/2026\/09\/02\/garate-conto-que-cammesa-le-informo-hace-dos-meses-sobre-la-deuda-de-celta\/\",\"url\":\"https:\/\/ondauno.com.ar\/index.php\/2026\/09\/02\/garate-conto-que-cammesa-le-informo-hace-dos-meses-sobre-la-deuda-de-celta\/\",\"name\":\"Garate cont\u00f3 que CAMMESA le inform\u00f3 hace dos meses sobre la deuda de CELTA - 103.9 fm\",\"isPartOf\":{\"@id\":\"https:\/\/ondauno.com.ar\/#website\"},\"primaryImageOfPage\":{\"@id\":\"https:\/\/ondauno.com.ar\/index.php\/2026\/09\/02\/garate-conto-que-cammesa-le-informo-hace-dos-meses-sobre-la-deuda-de-celta\/#primaryimage\"},\"image\":{\"@id\":\"https:\/\/ondauno.com.ar\/index.php\/2026\/09\/02\/garate-conto-que-cammesa-le-informo-hace-dos-meses-sobre-la-deuda-de-celta\/#primaryimage\"},\"thumbnailUrl\":\"https:\/\/ondauno.com.ar\/wp-content\/uploads\/2023\/05\/Pablo-garate.jpeg\",\"datePublished\":\"2026-09-02T22:29:19+00:00\",\"dateModified\":\"2026-09-02T22:29:23+00:00\",\"author\":{\"@id\":\"https:\/\/ondauno.com.ar\/#\/schema\/person\/7ec851ddeceb4133d7d7132dc645714e\"},\"breadcrumb\":{\"@id\":\"https:\/\/ondauno.com.ar\/index.php\/2026\/09\/02\/garate-conto-que-cammesa-le-informo-hace-dos-meses-sobre-la-deuda-de-celta\/#breadcrumb\"},\"inLanguage\":\"es-AR\",\"potentialAction\":[{\"@type\":\"ReadAction\",\"target\":[\"https:\/\/ondauno.com.ar\/index.php\/2026\/09\/02\/garate-conto-que-cammesa-le-informo-hace-dos-meses-sobre-la-deuda-de-celta\/\"]}]},{\"@type\":\"ImageObject\",\"inLanguage\":\"es-AR\",\"@id\":\"https:\/\/ondauno.com.ar\/index.php\/2026\/09\/02\/garate-conto-que-cammesa-le-informo-hace-dos-meses-sobre-la-deuda-de-celta\/#primaryimage\",\"url\":\"https:\/\/ondauno.com.ar\/wp-content\/uploads\/2023\/05\/Pablo-garate.jpeg\",\"contentUrl\":\"https:\/\/ondauno.com.ar\/wp-content\/uploads\/2023\/05\/Pablo-garate.jpeg\",\"width\":1600,\"height\":1200},{\"@type\":\"BreadcrumbList\",\"@id\":\"https:\/\/ondauno.com.ar\/index.php\/2026\/09\/02\/garate-conto-que-cammesa-le-informo-hace-dos-meses-sobre-la-deuda-de-celta\/#breadcrumb\",\"itemListElement\":[{\"@type\":\"ListItem\",\"position\":1,\"name\":\"Inicio\",\"item\":\"https:\/\/ondauno.com.ar\/\"},{\"@type\":\"ListItem\",\"position\":2,\"name\":\"Garate cont\u00f3 que CAMMESA le inform\u00f3 hace dos meses sobre la deuda de CELTA\"}]},{\"@type\":\"WebSite\",\"@id\":\"https:\/\/ondauno.com.ar\/#website\",\"url\":\"https:\/\/ondauno.com.ar\/\",\"name\":\"103.9 fm\",\"description\":\"LA PRIMERA RADIO MULTIMEDIA DE TRES ARROYOS\",\"potentialAction\":[{\"@type\":\"SearchAction\",\"target\":{\"@type\":\"EntryPoint\",\"urlTemplate\":\"https:\/\/ondauno.com.ar\/?s={search_term_string}\"},\"query-input\":\"required name=search_term_string\"}],\"inLanguage\":\"es-AR\"},{\"@type\":\"Person\",\"@id\":\"https:\/\/ondauno.com.ar\/#\/schema\/person\/7ec851ddeceb4133d7d7132dc645714e\",\"name\":\"OndaUno\",\"image\":{\"@type\":\"ImageObject\",\"inLanguage\":\"es-AR\",\"@id\":\"https:\/\/ondauno.com.ar\/#\/schema\/person\/image\/\",\"url\":\"https:\/\/secure.gravatar.com\/avatar\/ce07852b706fdc4c52eafcd1d057deb8d1afd64f0ae3f98db05c3620a77d42aa?s=96&d=mm&r=g\",\"contentUrl\":\"https:\/\/secure.gravatar.com\/avatar\/ce07852b706fdc4c52eafcd1d057deb8d1afd64f0ae3f98db05c3620a77d42aa?s=96&d=mm&r=g\",\"caption\":\"OndaUno\"},\"url\":\"https:\/\/ondauno.com.ar\/index.php\/author\/ondauno\/\"}]}<\/script>\n<!-- \/ Yoast SEO plugin. -->","yoast_head_json":{"title":"Garate cont\u00f3 que CAMMESA le inform\u00f3 hace dos meses sobre la deuda de CELTA - 103.9 fm","robots":{"index":"index","follow":"follow","max-snippet":"max-snippet:-1","max-image-preview":"max-image-preview:large","max-video-preview":"max-video-preview:-1"},"canonical":"https:\/\/ondauno.com.ar\/index.php\/2026\/09\/02\/garate-conto-que-cammesa-le-informo-hace-dos-meses-sobre-la-deuda-de-celta\/","og_locale":"es_ES","og_type":"article","og_title":"Garate cont\u00f3 que CAMMESA le inform\u00f3 hace dos meses sobre la deuda de CELTA - 103.9 fm","og_description":"El intendente de Tres Arroyos, Pablo Garate, habl\u00f3 en \u201cCosas que pasan\u201d sobre distintos temas de actualidad del distrito. Al referirse a la situaci\u00f3n de CELTA y su deuda con CAMMESA, Garate explic\u00f3 que la cooperativa respondi\u00f3 al pedido de informes realizado por el Municipio y el Concejo Deliberante. Sobre la continuidad de los servicios, [&hellip;]","og_url":"https:\/\/ondauno.com.ar\/index.php\/2026\/09\/02\/garate-conto-que-cammesa-le-informo-hace-dos-meses-sobre-la-deuda-de-celta\/","og_site_name":"103.9 fm","article_publisher":"https:\/\/www.facebook.com\/ondauno103.9","article_published_time":"2026-09-02T22:29:19+00:00","article_modified_time":"2026-09-02T22:29:23+00:00","og_image":[{"width":1600,"height":1200,"url":"http:\/\/ondauno.com.ar\/wp-content\/uploads\/2023\/05\/Pablo-garate.jpeg","type":"image\/jpeg"}],"author":"OndaUno","twitter_card":"summary_large_image","twitter_misc":{"Escrito por":"OndaUno","Tiempo de lectura":"2 minutos"},"schema":{"@context":"https:\/\/schema.org","@graph":[{"@type":"WebPage","@id":"https:\/\/ondauno.com.ar\/index.php\/2026\/09\/02\/garate-conto-que-cammesa-le-informo-hace-dos-meses-sobre-la-deuda-de-celta\/","url":"https:\/\/ondauno.com.ar\/index.php\/2026\/09\/02\/garate-conto-que-cammesa-le-informo-hace-dos-meses-sobre-la-deuda-de-celta\/","name":"Garate cont\u00f3 que CAMMESA le inform\u00f3 hace dos meses sobre la deuda de CELTA - 103.9 fm","isPartOf":{"@id":"https:\/\/ondauno.com.ar\/#website"},"primaryImageOfPage":{"@id":"https:\/\/ondauno.com.ar\/index.php\/2026\/09\/02\/garate-conto-que-cammesa-le-informo-hace-dos-meses-sobre-la-deuda-de-celta\/#primaryimage"},"image":{"@id":"https:\/\/ondauno.com.ar\/index.php\/2026\/09\/02\/garate-conto-que-cammesa-le-informo-hace-dos-meses-sobre-la-deuda-de-celta\/#primaryimage"},"thumbnailUrl":"https:\/\/ondauno.com.ar\/wp-content\/uploads\/2023\/05\/Pablo-garate.jpeg","datePublished":"2026-09-02T22:29:19+00:00","dateModified":"2026-09-02T22:29:23+00:00","author":{"@id":"https:\/\/ondauno.com.ar\/#\/schema\/person\/7ec851ddeceb4133d7d7132dc645714e"},"breadcrumb":{"@id":"https:\/\/ondauno.com.ar\/index.php\/2026\/09\/02\/garate-conto-que-cammesa-le-informo-hace-dos-meses-sobre-la-deuda-de-celta\/#breadcrumb"},"inLanguage":"es-AR","potentialAction":[{"@type":"ReadAction","target":["https:\/\/ondauno.com.ar\/index.php\/2026\/09\/02\/garate-conto-que-cammesa-le-informo-hace-dos-meses-sobre-la-deuda-de-celta\/"]}]},{"@type":"ImageObject","inLanguage":"es-AR","@id":"https:\/\/ondauno.com.ar\/index.php\/2026\/09\/02\/garate-conto-que-cammesa-le-informo-hace-dos-meses-sobre-la-deuda-de-celta\/#primaryimage","url":"https:\/\/ondauno.com.ar\/wp-content\/uploads\/2023\/05\/Pablo-garate.jpeg","contentUrl":"https:\/\/ondauno.com.ar\/wp-content\/uploads\/2023\/05\/Pablo-garate.jpeg","width":1600,"height":1200},{"@type":"BreadcrumbList","@id":"https:\/\/ondauno.com.ar\/index.php\/2026\/09\/02\/garate-conto-que-cammesa-le-informo-hace-dos-meses-sobre-la-deuda-de-celta\/#breadcrumb","itemListElement":[{"@type":"ListItem","position":1,"name":"Inicio","item":"https:\/\/ondauno.com.ar\/"},{"@type":"ListItem","position":2,"name":"Garate cont\u00f3 que CAMMESA le inform\u00f3 hace dos meses sobre la deuda de CELTA"}]},{"@type":"WebSite","@id":"https:\/\/ondauno.com.ar\/#website","url":"https:\/\/ondauno.com.ar\/","name":"103.9 fm","description":"LA PRIMERA RADIO MULTIMEDIA DE TRES ARROYOS","potentialAction":[{"@type":"SearchAction","target":{"@type":"EntryPoint","urlTemplate":"https:\/\/ondauno.com.ar\/?s={search_term_string}"},"query-input":"required name=search_term_string"}],"inLanguage":"es-AR"},{"@type":"Person","@id":"https:\/\/ondauno.com.ar\/#\/schema\/person\/7ec851ddeceb4133d7d7132dc645714e","name":"OndaUno","image":{"@type":"ImageObject","inLanguage":"es-AR","@id":"https:\/\/ondauno.com.ar\/#\/schema\/person\/image\/","url":"https:\/\/secure.gravatar.com\/avatar\/ce07852b706fdc4c52eafcd1d057deb8d1afd64f0ae3f98db05c3620a77d42aa?s=96&d=mm&r=g","contentUrl":"https:\/\/secure.gravatar.com\/avatar\/ce07852b706fdc4c52eafcd1d057deb8d1afd64f0ae3f98db05c3620a77d42aa?s=96&d=mm&r=g","caption":"OndaUno"},"url":"https:\/\/ondauno.com.ar\/index.php\/author\/ondauno\/"}]}},"jetpack_publicize_connections":[],"jetpack_featured_media_url":"https:\/\/ondauno.com.ar\/wp-content\/uploads\/2023\/05\/Pablo-garate.jpeg","jetpack_sharing_enabled":true,"_links":{"self":[{"href":"https:\/\/ondauno.com.ar\/index.php\/wp-json\/wp\/v2\/posts\/66627","targetHints":{"allow":["GET"]}}],"collection":[{"href":"https:\/\/ondauno.com.ar\/index.php\/wp-json\/wp\/v2\/posts"}],"about":[{"href":"https:\/\/ondauno.com.ar\/index.php\/wp-json\/wp\/v2\/types\/post"}],"author":[{"embeddable":true,"href":"https:\/\/ondauno.com.ar\/index.php\/wp-json\/wp\/v2\/users\/1"}],"replies":[{"embeddable":true,"href":"https:\/\/ondauno.com.ar\/index.php\/wp-json\/wp\/v2\/comments?post=66627"}],"version-history":[{"count":1,"href":"https:\/\/ondauno.com.ar\/index.php\/wp-json\/wp\/v2\/posts\/66627\/revisions"}],"predecessor-version":[{"id":66628,"href":"https:\/\/ondauno.com.ar\/index.php\/wp-json\/wp\/v2\/posts\/66627\/revisions\/66628"}],"wp:featuredmedia":[{"embeddable":true,"href":"https:\/\/ondauno.com.ar\/index.php\/wp-json\/wp\/v2\/media\/40905"}],"wp:attachment":[{"href":"https:\/\/ondauno.com.ar\/index.php\/wp-json\/wp\/v2\/media?parent=66627"}],"wp:term":[{"taxonomy":"category","embeddable":true,"href":"https:\/\/ondauno.com.ar\/index.php\/wp-json\/wp\/v2\/categories?post=66627"},{"taxonomy":"post_tag","embeddable":true,"href":"https:\/\/ondauno.com.ar\/index.php\/wp-json\/wp\/v2\/tags?post=66627"}],"curies":[{"name":"wp","href":"https:\/\/api.w.org\/{rel}","templated":true}]}}