{"id":66617,"date":"2026-09-01T23:37:01","date_gmt":"2026-09-02T02:37:01","guid":{"rendered":"https:\/\/ondauno.com.ar\/?p=66617"},"modified":"2026-09-01T23:37:53","modified_gmt":"2026-09-02T02:37:53","slug":"celta-respondio-las-inquietudes-planteadas-por-concejales-y-el-ejecutivo-municipal","status":"publish","type":"post","link":"https:\/\/ondauno.com.ar\/index.php\/2026\/09\/01\/celta-respondio-las-inquietudes-planteadas-por-concejales-y-el-ejecutivo-municipal\/","title":{"rendered":"CELTA respondi\u00f3 las inquietudes planteadas por concejales y el Ejecutivo Municipal"},"content":{"rendered":"<div class=\"ondau-before-content_3\" style=\"margin-top: -30px;\" id=\"ondau-4177423001\"><a href=\"https:\/\/www.lps.com.ar\/\" aria-label=\"la-perse2\"><img loading=\"lazy\" decoding=\"async\" src=\"https:\/\/ondauno.com.ar\/wp-content\/uploads\/2021\/10\/la-perse2.jpg\" alt=\"\"  srcset=\"https:\/\/ondauno.com.ar\/wp-content\/uploads\/2021\/10\/la-perse2.jpg 1353w, https:\/\/ondauno.com.ar\/wp-content\/uploads\/2021\/10\/la-perse2-300x43.jpg 300w, https:\/\/ondauno.com.ar\/wp-content\/uploads\/2021\/10\/la-perse2-1024x148.jpg 1024w, https:\/\/ondauno.com.ar\/wp-content\/uploads\/2021\/10\/la-perse2-768x111.jpg 768w, https:\/\/ondauno.com.ar\/wp-content\/uploads\/2021\/10\/la-perse2-696x100.jpg 696w, https:\/\/ondauno.com.ar\/wp-content\/uploads\/2021\/10\/la-perse2-1068x154.jpg 1068w\" sizes=\"(max-width: 1353px) 100vw, 1353px\" class=\"no-lazyload\" width=\"1353\" height=\"195\"  style=\"display: inline-block;\" \/><\/a><\/div>\n<p><br><br>CELTA remiti\u00f3 este martes una respuesta formal al pedido de informaci\u00f3n presentado por el Concejo Deliberante de Tres Arroyos, al que posteriormente adhiri\u00f3 el Departamento Ejecutivo Municipal, referido a la situaci\u00f3n financiera de la Cooperativa, recientes decisiones institucionales y laborales y la eventual existencia de acciones judiciales.<br><br>En la nota, firmada por el presidente de CELTA, Rub\u00e9n Oscar Prado, y la secretaria, Griselda Eva Campano, la Cooperativa transmiti\u00f3 en primer t\u00e9rmino tranquilidad a la comunidad y se\u00f1al\u00f3 que la prestaci\u00f3n de todos sus servicios se desarrolla con normalidad y que su continuidad no se encuentra comprometida.<br><br>Respecto de la situaci\u00f3n econ\u00f3mico-financiera, CELTA inform\u00f3 que la Memoria y el Balance correspondientes al ejercicio cerrado el 30 de junio de 2025, aprobados por la Asamblea General Ordinaria del 31 de octubre de ese a\u00f1o, se encuentran a disposici\u00f3n del Departamento Ejecutivo Municipal en su car\u00e1cter de poder concedente. El ejercicio cerrado el 30 de junio de 2026, en tanto, ser\u00e1 puesto a consideraci\u00f3n de la pr\u00f3xima Asamblea.<br><br>Asimismo, indic\u00f3 que la Cooperativa se encuentra trabajando activamente en su ordenamiento y mantiene negociaciones avanzadas con CAMMESA para regularizar las obligaciones existentes, en un contexto que alcanza tambi\u00e9n a numerosas distribuidoras el\u00e9ctricas del pa\u00eds.<br><br>En relaci\u00f3n con las recientes decisiones laborales y profesionales, CELTA precis\u00f3 que se circunscribieron a las desvinculaciones de Gustavo Rodera y Marcelo Echegoyen y a la finalizaci\u00f3n de las contrataciones profesionales de los asesores legales Jos\u00e9 Mar\u00eda Pogliano y Ferm\u00edn Ira\u00edzoz Liarte. Las tareas fueron reasignadas y se encuentra garantizada la continuidad administrativa, jur\u00eddica y operativa de la Cooperativa.<br>Sobre el Consejo de Administraci\u00f3n, se inform\u00f3 que, tras la renuncia de Vanesa Echegoyen a la Vicepresidencia, dicho cargo pas\u00f3 a ser desempe\u00f1ado por Valeria D\u2019Annunzio. Asimismo, ante la renuncia del consejero Roberto Aranegui, su lugar fue ocupado por Patricia Mart\u00ednez Barone. En ambos casos se trata de integrantes del propio Consejo de Administraci\u00f3n, cuya reorganizaci\u00f3n se realiz\u00f3 de acuerdo con los mecanismos previstos por el Estatuto Social. De esta manera, el Consejo se encuentra debidamente integrado y en pleno ejercicio de sus funciones.<br><br>Finalmente, CELTA inform\u00f3 que a la fecha no ha sido notificada de acciones judiciales vinculadas con los recientes acontecimientos o con las decisiones adoptadas por el Consejo de Administraci\u00f3n.<br>La Cooperativa ratific\u00f3 que continuar\u00e1 adoptando las medidas necesarias para garantizar la prestaci\u00f3n de sus servicios y el cumplimiento de las obligaciones emergentes de la concesi\u00f3n, tal como lo ha hecho hist\u00f3ricamente.<br><br>#celta #comunicadooficial #cooperativael\u00e9ctrica #tresarroyos<\/p>\n","protected":false},"excerpt":{"rendered":"<p>CELTA remiti\u00f3 este martes una respuesta formal al pedido de informaci\u00f3n presentado por el Concejo Deliberante de Tres Arroyos, al que posteriormente adhiri\u00f3 el Departamento Ejecutivo Municipal, referido a la situaci\u00f3n financiera de la Cooperativa, recientes decisiones institucionales y laborales y la eventual existencia de acciones judiciales. En la nota, firmada por el presidente de [&hellip;]<\/p>\n","protected":false},"author":1,"featured_media":66514,"comment_status":"open","ping_status":"open","sticky":false,"template":"","format":"standard","meta":{"tdm_status":"","tdm_grid_status":"","_jetpack_memberships_contains_paid_content":false,"footnotes":""},"categories":[2],"tags":[],"class_list":{"0":"post-66617","1":"post","2":"type-post","3":"status-publish","4":"format-standard","5":"has-post-thumbnail","7":"category-locales"},"yoast_head":"<!-- This site is optimized with the Yoast SEO plugin v22.7 - https:\/\/yoast.com\/wordpress\/plugins\/seo\/ -->\n<title>CELTA respondi\u00f3 las inquietudes planteadas por concejales y el Ejecutivo Municipal - 103.9 fm<\/title>\n<meta name=\"robots\" content=\"index, follow, max-snippet:-1, max-image-preview:large, max-video-preview:-1\" \/>\n<link rel=\"canonical\" href=\"https:\/\/ondauno.com.ar\/index.php\/2026\/09\/01\/celta-respondio-las-inquietudes-planteadas-por-concejales-y-el-ejecutivo-municipal\/\" \/>\n<meta property=\"og:locale\" content=\"es_ES\" \/>\n<meta property=\"og:type\" content=\"article\" \/>\n<meta property=\"og:title\" content=\"CELTA respondi\u00f3 las inquietudes planteadas por concejales y el Ejecutivo Municipal - 103.9 fm\" \/>\n<meta property=\"og:description\" content=\"CELTA remiti\u00f3 este martes una respuesta formal al pedido de informaci\u00f3n presentado por el Concejo Deliberante de Tres Arroyos, al que posteriormente adhiri\u00f3 el Departamento Ejecutivo Municipal, referido a la situaci\u00f3n financiera de la Cooperativa, recientes decisiones institucionales y laborales y la eventual existencia de acciones judiciales. En la nota, firmada por el presidente de [&hellip;]\" \/>\n<meta property=\"og:url\" content=\"https:\/\/ondauno.com.ar\/index.php\/2026\/09\/01\/celta-respondio-las-inquietudes-planteadas-por-concejales-y-el-ejecutivo-municipal\/\" \/>\n<meta property=\"og:site_name\" content=\"103.9 fm\" \/>\n<meta property=\"article:publisher\" content=\"https:\/\/www.facebook.com\/ondauno103.9\" \/>\n<meta property=\"article:published_time\" content=\"2026-09-02T02:37:01+00:00\" \/>\n<meta property=\"article:modified_time\" content=\"2026-09-02T02:37:53+00:00\" \/>\n<meta property=\"og:image\" content=\"https:\/\/ondauno.com.ar\/wp-content\/uploads\/2026\/08\/images-21.jpg\" \/>\n\t<meta property=\"og:image:width\" content=\"540\" \/>\n\t<meta property=\"og:image:height\" content=\"500\" \/>\n\t<meta property=\"og:image:type\" content=\"image\/jpeg\" \/>\n<meta name=\"author\" content=\"OndaUno\" \/>\n<meta name=\"twitter:card\" content=\"summary_large_image\" \/>\n<meta name=\"twitter:label1\" content=\"Escrito por\" \/>\n\t<meta name=\"twitter:data1\" content=\"OndaUno\" \/>\n\t<meta name=\"twitter:label2\" content=\"Tiempo de lectura\" \/>\n\t<meta name=\"twitter:data2\" content=\"2 minutos\" \/>\n<script type=\"application\/ld+json\" class=\"yoast-schema-graph\">{\"@context\":\"https:\/\/schema.org\",\"@graph\":[{\"@type\":\"WebPage\",\"@id\":\"https:\/\/ondauno.com.ar\/index.php\/2026\/09\/01\/celta-respondio-las-inquietudes-planteadas-por-concejales-y-el-ejecutivo-municipal\/\",\"url\":\"https:\/\/ondauno.com.ar\/index.php\/2026\/09\/01\/celta-respondio-las-inquietudes-planteadas-por-concejales-y-el-ejecutivo-municipal\/\",\"name\":\"CELTA respondi\u00f3 las inquietudes planteadas por concejales y el Ejecutivo Municipal - 103.9 fm\",\"isPartOf\":{\"@id\":\"https:\/\/ondauno.com.ar\/#website\"},\"primaryImageOfPage\":{\"@id\":\"https:\/\/ondauno.com.ar\/index.php\/2026\/09\/01\/celta-respondio-las-inquietudes-planteadas-por-concejales-y-el-ejecutivo-municipal\/#primaryimage\"},\"image\":{\"@id\":\"https:\/\/ondauno.com.ar\/index.php\/2026\/09\/01\/celta-respondio-las-inquietudes-planteadas-por-concejales-y-el-ejecutivo-municipal\/#primaryimage\"},\"thumbnailUrl\":\"https:\/\/ondauno.com.ar\/wp-content\/uploads\/2026\/08\/images-21.jpg\",\"datePublished\":\"2026-09-02T02:37:01+00:00\",\"dateModified\":\"2026-09-02T02:37:53+00:00\",\"author\":{\"@id\":\"https:\/\/ondauno.com.ar\/#\/schema\/person\/7ec851ddeceb4133d7d7132dc645714e\"},\"breadcrumb\":{\"@id\":\"https:\/\/ondauno.com.ar\/index.php\/2026\/09\/01\/celta-respondio-las-inquietudes-planteadas-por-concejales-y-el-ejecutivo-municipal\/#breadcrumb\"},\"inLanguage\":\"es-AR\",\"potentialAction\":[{\"@type\":\"ReadAction\",\"target\":[\"https:\/\/ondauno.com.ar\/index.php\/2026\/09\/01\/celta-respondio-las-inquietudes-planteadas-por-concejales-y-el-ejecutivo-municipal\/\"]}]},{\"@type\":\"ImageObject\",\"inLanguage\":\"es-AR\",\"@id\":\"https:\/\/ondauno.com.ar\/index.php\/2026\/09\/01\/celta-respondio-las-inquietudes-planteadas-por-concejales-y-el-ejecutivo-municipal\/#primaryimage\",\"url\":\"https:\/\/ondauno.com.ar\/wp-content\/uploads\/2026\/08\/images-21.jpg\",\"contentUrl\":\"https:\/\/ondauno.com.ar\/wp-content\/uploads\/2026\/08\/images-21.jpg\",\"width\":540,\"height\":500},{\"@type\":\"BreadcrumbList\",\"@id\":\"https:\/\/ondauno.com.ar\/index.php\/2026\/09\/01\/celta-respondio-las-inquietudes-planteadas-por-concejales-y-el-ejecutivo-municipal\/#breadcrumb\",\"itemListElement\":[{\"@type\":\"ListItem\",\"position\":1,\"name\":\"Inicio\",\"item\":\"https:\/\/ondauno.com.ar\/\"},{\"@type\":\"ListItem\",\"position\":2,\"name\":\"CELTA respondi\u00f3 las inquietudes planteadas por concejales y el Ejecutivo Municipal\"}]},{\"@type\":\"WebSite\",\"@id\":\"https:\/\/ondauno.com.ar\/#website\",\"url\":\"https:\/\/ondauno.com.ar\/\",\"name\":\"103.9 fm\",\"description\":\"LA PRIMERA RADIO MULTIMEDIA DE TRES ARROYOS\",\"potentialAction\":[{\"@type\":\"SearchAction\",\"target\":{\"@type\":\"EntryPoint\",\"urlTemplate\":\"https:\/\/ondauno.com.ar\/?s={search_term_string}\"},\"query-input\":\"required name=search_term_string\"}],\"inLanguage\":\"es-AR\"},{\"@type\":\"Person\",\"@id\":\"https:\/\/ondauno.com.ar\/#\/schema\/person\/7ec851ddeceb4133d7d7132dc645714e\",\"name\":\"OndaUno\",\"image\":{\"@type\":\"ImageObject\",\"inLanguage\":\"es-AR\",\"@id\":\"https:\/\/ondauno.com.ar\/#\/schema\/person\/image\/\",\"url\":\"https:\/\/secure.gravatar.com\/avatar\/93b8009f0de7021f1feb2bd5b32fb9e8?s=96&d=mm&r=g\",\"contentUrl\":\"https:\/\/secure.gravatar.com\/avatar\/93b8009f0de7021f1feb2bd5b32fb9e8?s=96&d=mm&r=g\",\"caption\":\"OndaUno\"},\"url\":\"https:\/\/ondauno.com.ar\/index.php\/author\/ondauno\/\"}]}<\/script>\n<!-- \/ Yoast SEO plugin. -->","yoast_head_json":{"title":"CELTA respondi\u00f3 las inquietudes planteadas por concejales y el Ejecutivo Municipal - 103.9 fm","robots":{"index":"index","follow":"follow","max-snippet":"max-snippet:-1","max-image-preview":"max-image-preview:large","max-video-preview":"max-video-preview:-1"},"canonical":"https:\/\/ondauno.com.ar\/index.php\/2026\/09\/01\/celta-respondio-las-inquietudes-planteadas-por-concejales-y-el-ejecutivo-municipal\/","og_locale":"es_ES","og_type":"article","og_title":"CELTA respondi\u00f3 las inquietudes planteadas por concejales y el Ejecutivo Municipal - 103.9 fm","og_description":"CELTA remiti\u00f3 este martes una respuesta formal al pedido de informaci\u00f3n presentado por el Concejo Deliberante de Tres Arroyos, al que posteriormente adhiri\u00f3 el Departamento Ejecutivo Municipal, referido a la situaci\u00f3n financiera de la Cooperativa, recientes decisiones institucionales y laborales y la eventual existencia de acciones judiciales. En la nota, firmada por el presidente de [&hellip;]","og_url":"https:\/\/ondauno.com.ar\/index.php\/2026\/09\/01\/celta-respondio-las-inquietudes-planteadas-por-concejales-y-el-ejecutivo-municipal\/","og_site_name":"103.9 fm","article_publisher":"https:\/\/www.facebook.com\/ondauno103.9","article_published_time":"2026-09-02T02:37:01+00:00","article_modified_time":"2026-09-02T02:37:53+00:00","og_image":[{"width":540,"height":500,"url":"https:\/\/ondauno.com.ar\/wp-content\/uploads\/2026\/08\/images-21.jpg","type":"image\/jpeg"}],"author":"OndaUno","twitter_card":"summary_large_image","twitter_misc":{"Escrito por":"OndaUno","Tiempo de lectura":"2 minutos"},"schema":{"@context":"https:\/\/schema.org","@graph":[{"@type":"WebPage","@id":"https:\/\/ondauno.com.ar\/index.php\/2026\/09\/01\/celta-respondio-las-inquietudes-planteadas-por-concejales-y-el-ejecutivo-municipal\/","url":"https:\/\/ondauno.com.ar\/index.php\/2026\/09\/01\/celta-respondio-las-inquietudes-planteadas-por-concejales-y-el-ejecutivo-municipal\/","name":"CELTA respondi\u00f3 las inquietudes planteadas por concejales y el Ejecutivo Municipal - 103.9 fm","isPartOf":{"@id":"https:\/\/ondauno.com.ar\/#website"},"primaryImageOfPage":{"@id":"https:\/\/ondauno.com.ar\/index.php\/2026\/09\/01\/celta-respondio-las-inquietudes-planteadas-por-concejales-y-el-ejecutivo-municipal\/#primaryimage"},"image":{"@id":"https:\/\/ondauno.com.ar\/index.php\/2026\/09\/01\/celta-respondio-las-inquietudes-planteadas-por-concejales-y-el-ejecutivo-municipal\/#primaryimage"},"thumbnailUrl":"https:\/\/ondauno.com.ar\/wp-content\/uploads\/2026\/08\/images-21.jpg","datePublished":"2026-09-02T02:37:01+00:00","dateModified":"2026-09-02T02:37:53+00:00","author":{"@id":"https:\/\/ondauno.com.ar\/#\/schema\/person\/7ec851ddeceb4133d7d7132dc645714e"},"breadcrumb":{"@id":"https:\/\/ondauno.com.ar\/index.php\/2026\/09\/01\/celta-respondio-las-inquietudes-planteadas-por-concejales-y-el-ejecutivo-municipal\/#breadcrumb"},"inLanguage":"es-AR","potentialAction":[{"@type":"ReadAction","target":["https:\/\/ondauno.com.ar\/index.php\/2026\/09\/01\/celta-respondio-las-inquietudes-planteadas-por-concejales-y-el-ejecutivo-municipal\/"]}]},{"@type":"ImageObject","inLanguage":"es-AR","@id":"https:\/\/ondauno.com.ar\/index.php\/2026\/09\/01\/celta-respondio-las-inquietudes-planteadas-por-concejales-y-el-ejecutivo-municipal\/#primaryimage","url":"https:\/\/ondauno.com.ar\/wp-content\/uploads\/2026\/08\/images-21.jpg","contentUrl":"https:\/\/ondauno.com.ar\/wp-content\/uploads\/2026\/08\/images-21.jpg","width":540,"height":500},{"@type":"BreadcrumbList","@id":"https:\/\/ondauno.com.ar\/index.php\/2026\/09\/01\/celta-respondio-las-inquietudes-planteadas-por-concejales-y-el-ejecutivo-municipal\/#breadcrumb","itemListElement":[{"@type":"ListItem","position":1,"name":"Inicio","item":"https:\/\/ondauno.com.ar\/"},{"@type":"ListItem","position":2,"name":"CELTA respondi\u00f3 las inquietudes planteadas por concejales y el Ejecutivo Municipal"}]},{"@type":"WebSite","@id":"https:\/\/ondauno.com.ar\/#website","url":"https:\/\/ondauno.com.ar\/","name":"103.9 fm","description":"LA PRIMERA RADIO MULTIMEDIA DE TRES ARROYOS","potentialAction":[{"@type":"SearchAction","target":{"@type":"EntryPoint","urlTemplate":"https:\/\/ondauno.com.ar\/?s={search_term_string}"},"query-input":"required name=search_term_string"}],"inLanguage":"es-AR"},{"@type":"Person","@id":"https:\/\/ondauno.com.ar\/#\/schema\/person\/7ec851ddeceb4133d7d7132dc645714e","name":"OndaUno","image":{"@type":"ImageObject","inLanguage":"es-AR","@id":"https:\/\/ondauno.com.ar\/#\/schema\/person\/image\/","url":"https:\/\/secure.gravatar.com\/avatar\/93b8009f0de7021f1feb2bd5b32fb9e8?s=96&d=mm&r=g","contentUrl":"https:\/\/secure.gravatar.com\/avatar\/93b8009f0de7021f1feb2bd5b32fb9e8?s=96&d=mm&r=g","caption":"OndaUno"},"url":"https:\/\/ondauno.com.ar\/index.php\/author\/ondauno\/"}]}},"jetpack_featured_media_url":"https:\/\/ondauno.com.ar\/wp-content\/uploads\/2026\/08\/images-21.jpg","jetpack_sharing_enabled":true,"_links":{"self":[{"href":"https:\/\/ondauno.com.ar\/index.php\/wp-json\/wp\/v2\/posts\/66617","targetHints":{"allow":["GET"]}}],"collection":[{"href":"https:\/\/ondauno.com.ar\/index.php\/wp-json\/wp\/v2\/posts"}],"about":[{"href":"https:\/\/ondauno.com.ar\/index.php\/wp-json\/wp\/v2\/types\/post"}],"author":[{"embeddable":true,"href":"https:\/\/ondauno.com.ar\/index.php\/wp-json\/wp\/v2\/users\/1"}],"replies":[{"embeddable":true,"href":"https:\/\/ondauno.com.ar\/index.php\/wp-json\/wp\/v2\/comments?post=66617"}],"version-history":[{"count":1,"href":"https:\/\/ondauno.com.ar\/index.php\/wp-json\/wp\/v2\/posts\/66617\/revisions"}],"predecessor-version":[{"id":66618,"href":"https:\/\/ondauno.com.ar\/index.php\/wp-json\/wp\/v2\/posts\/66617\/revisions\/66618"}],"wp:featuredmedia":[{"embeddable":true,"href":"https:\/\/ondauno.com.ar\/index.php\/wp-json\/wp\/v2\/media\/66514"}],"wp:attachment":[{"href":"https:\/\/ondauno.com.ar\/index.php\/wp-json\/wp\/v2\/media?parent=66617"}],"wp:term":[{"taxonomy":"category","embeddable":true,"href":"https:\/\/ondauno.com.ar\/index.php\/wp-json\/wp\/v2\/categories?post=66617"},{"taxonomy":"post_tag","embeddable":true,"href":"https:\/\/ondauno.com.ar\/index.php\/wp-json\/wp\/v2\/tags?post=66617"}],"curies":[{"name":"wp","href":"https:\/\/api.w.org\/{rel}","templated":true}]}}