{"id":66592,"date":"2026-09-01T11:55:17","date_gmt":"2026-09-01T14:55:17","guid":{"rendered":"https:\/\/ondauno.com.ar\/?p=66592"},"modified":"2026-09-01T11:55:20","modified_gmt":"2026-09-01T14:55:20","slug":"se-inauguro-la-posta-sanitaria-del-barrio-la-aceitera","status":"publish","type":"post","link":"https:\/\/ondauno.com.ar\/index.php\/2026\/09\/01\/se-inauguro-la-posta-sanitaria-del-barrio-la-aceitera\/","title":{"rendered":"Se inaugur\u00f3 la Posta Sanitaria del barrio La Aceitera"},"content":{"rendered":"<div class=\"ondau-before-content_3\" style=\"margin-top: -30px;\" id=\"ondau-3586255941\"><a href=\"https:\/\/www.lps.com.ar\/\" aria-label=\"la-perse2\"><img loading=\"lazy\" decoding=\"async\" src=\"https:\/\/ondauno.com.ar\/wp-content\/uploads\/2021\/10\/la-perse2.jpg\" alt=\"\"  srcset=\"https:\/\/ondauno.com.ar\/wp-content\/uploads\/2021\/10\/la-perse2.jpg 1353w, https:\/\/ondauno.com.ar\/wp-content\/uploads\/2021\/10\/la-perse2-300x43.jpg 300w, https:\/\/ondauno.com.ar\/wp-content\/uploads\/2021\/10\/la-perse2-1024x148.jpg 1024w, https:\/\/ondauno.com.ar\/wp-content\/uploads\/2021\/10\/la-perse2-768x111.jpg 768w, https:\/\/ondauno.com.ar\/wp-content\/uploads\/2021\/10\/la-perse2-696x100.jpg 696w, https:\/\/ondauno.com.ar\/wp-content\/uploads\/2021\/10\/la-perse2-1068x154.jpg 1068w\" sizes=\"(max-width: 1353px) 100vw, 1353px\" class=\"no-lazyload\" width=\"1353\" height=\"195\"  style=\"display: inline-block;\" \/><\/a><\/div>\n<p>Qued\u00f3 inaugurada la nueva Posta Sanitaria del barrio La Aceitera, un espacio destinado a acercar la atenci\u00f3n primaria de la salud y brindar una respuesta concreta a las necesidades de los vecinos del sector.<\/p>\n\n\n\n<p>El acto cont\u00f3 con la presencia del intendente Pablo Garete; Javier Su\u00e1rez, presidente de la Junta Vecinal, Mercedes Moreno Secretaria de Salud; Juan Serna, Director APS; personal de Salud, vecinos y p\u00fablico en general.<\/p>\n\n\n\n<p><br>La creaci\u00f3n de esta posta surgi\u00f3 a partir de una reuni\u00f3n realizada en julio de 2023, durante la cual los vecinos plantearon la necesidad de contar con un espacio de atenci\u00f3n sanitaria m\u00e1s cercano. Desde ese momento, el Municipio comenz\u00f3 a trabajar junto con las \u00e1reas involucradas para concretar esta soluci\u00f3n.<\/p>\n\n\n\n<p><br>Hasta el momento, los vecinos de los barrios La Aceitera y Villa Italia compart\u00edan el mismo espacio de atenci\u00f3n. La apertura de esta nueva posta permitir\u00e1 ampliar la cobertura sanitaria, mejorar la organizaci\u00f3n del servicio y ofrecer una atenci\u00f3n m\u00e1s cercana y accesible para la comunidad.<\/p>\n\n\n\n<p>La puesta en funcionamiento de la Posta Sanitaria representa un avance importante para el barrio, ya que permitir\u00e1 fortalecer la prevenci\u00f3n, facilitar el acceso a la atenci\u00f3n y acompa\u00f1ar a las familias del sector.<\/p>\n\n\n\n<p><br>Desde el Municipio se destac\u00f3 que las respuestas no siempre pueden ser inmediatas, debido al trabajo, la planificaci\u00f3n y los recursos que requiere cada proyecto. Sin embargo, se reafirm\u00f3 el compromiso de escuchar las necesidades de los vecinos y continuar gestionando para ofrecer soluciones que mejoren su calidad de vida.<br>La inauguraci\u00f3n fue acompa\u00f1ada por trabajadores de la salud, autoridades y vecinos, quienes celebraron la apertura de este nuevo espacio de atenci\u00f3n y cuidado comunitario.<\/p>\n","protected":false},"excerpt":{"rendered":"<p>Qued\u00f3 inaugurada la nueva Posta Sanitaria del barrio La Aceitera, un espacio destinado a acercar la atenci\u00f3n primaria de la salud y brindar una respuesta concreta a las necesidades de los vecinos del sector. El acto cont\u00f3 con la presencia del intendente Pablo Garete; Javier Su\u00e1rez, presidente de la Junta Vecinal, Mercedes Moreno Secretaria de [&hellip;]<\/p>\n","protected":false},"author":1,"featured_media":66593,"comment_status":"open","ping_status":"open","sticky":false,"template":"","format":"standard","meta":{"tdm_status":"","tdm_grid_status":"","_jetpack_memberships_contains_paid_content":false,"footnotes":"","jetpack_publicize_message":"","jetpack_publicize_feature_enabled":true,"jetpack_social_post_already_shared":true,"jetpack_social_options":{"image_generator_settings":{"template":"highway","default_image_id":0,"font":"","enabled":false},"version":2}},"categories":[2],"tags":[],"class_list":{"0":"post-66592","1":"post","2":"type-post","3":"status-publish","4":"format-standard","5":"has-post-thumbnail","7":"category-locales"},"yoast_head":"<!-- This site is optimized with the Yoast SEO plugin v22.7 - https:\/\/yoast.com\/wordpress\/plugins\/seo\/ -->\n<title>Se inaugur\u00f3 la Posta Sanitaria del barrio La Aceitera - 103.9 fm<\/title>\n<meta name=\"robots\" content=\"index, follow, max-snippet:-1, max-image-preview:large, max-video-preview:-1\" \/>\n<link rel=\"canonical\" href=\"https:\/\/ondauno.com.ar\/index.php\/2026\/09\/01\/se-inauguro-la-posta-sanitaria-del-barrio-la-aceitera\/\" \/>\n<meta property=\"og:locale\" content=\"es_ES\" \/>\n<meta property=\"og:type\" content=\"article\" \/>\n<meta property=\"og:title\" content=\"Se inaugur\u00f3 la Posta Sanitaria del barrio La Aceitera - 103.9 fm\" \/>\n<meta property=\"og:description\" content=\"Qued\u00f3 inaugurada la nueva Posta Sanitaria del barrio La Aceitera, un espacio destinado a acercar la atenci\u00f3n primaria de la salud y brindar una respuesta concreta a las necesidades de los vecinos del sector. El acto cont\u00f3 con la presencia del intendente Pablo Garete; Javier Su\u00e1rez, presidente de la Junta Vecinal, Mercedes Moreno Secretaria de [&hellip;]\" \/>\n<meta property=\"og:url\" content=\"https:\/\/ondauno.com.ar\/index.php\/2026\/09\/01\/se-inauguro-la-posta-sanitaria-del-barrio-la-aceitera\/\" \/>\n<meta property=\"og:site_name\" content=\"103.9 fm\" \/>\n<meta property=\"article:publisher\" content=\"https:\/\/www.facebook.com\/ondauno103.9\" \/>\n<meta property=\"article:published_time\" content=\"2026-09-01T14:55:17+00:00\" \/>\n<meta property=\"article:modified_time\" content=\"2026-09-01T14:55:20+00:00\" \/>\n<meta property=\"og:image\" content=\"http:\/\/ondauno.com.ar\/wp-content\/uploads\/2026\/09\/WhatsApp-Image-2026-08-31-at-13.55.32.jpeg\" \/>\n\t<meta property=\"og:image:width\" content=\"1600\" \/>\n\t<meta property=\"og:image:height\" content=\"1066\" \/>\n\t<meta property=\"og:image:type\" content=\"image\/jpeg\" \/>\n<meta name=\"author\" content=\"OndaUno\" \/>\n<meta name=\"twitter:card\" content=\"summary_large_image\" \/>\n<meta name=\"twitter:label1\" content=\"Escrito por\" \/>\n\t<meta name=\"twitter:data1\" content=\"OndaUno\" \/>\n\t<meta name=\"twitter:label2\" content=\"Tiempo de lectura\" \/>\n\t<meta name=\"twitter:data2\" content=\"2 minutos\" \/>\n<script type=\"application\/ld+json\" class=\"yoast-schema-graph\">{\"@context\":\"https:\/\/schema.org\",\"@graph\":[{\"@type\":\"WebPage\",\"@id\":\"https:\/\/ondauno.com.ar\/index.php\/2026\/09\/01\/se-inauguro-la-posta-sanitaria-del-barrio-la-aceitera\/\",\"url\":\"https:\/\/ondauno.com.ar\/index.php\/2026\/09\/01\/se-inauguro-la-posta-sanitaria-del-barrio-la-aceitera\/\",\"name\":\"Se inaugur\u00f3 la Posta Sanitaria del barrio La Aceitera - 103.9 fm\",\"isPartOf\":{\"@id\":\"https:\/\/ondauno.com.ar\/#website\"},\"primaryImageOfPage\":{\"@id\":\"https:\/\/ondauno.com.ar\/index.php\/2026\/09\/01\/se-inauguro-la-posta-sanitaria-del-barrio-la-aceitera\/#primaryimage\"},\"image\":{\"@id\":\"https:\/\/ondauno.com.ar\/index.php\/2026\/09\/01\/se-inauguro-la-posta-sanitaria-del-barrio-la-aceitera\/#primaryimage\"},\"thumbnailUrl\":\"https:\/\/ondauno.com.ar\/wp-content\/uploads\/2026\/09\/WhatsApp-Image-2026-08-31-at-13.55.32.jpeg\",\"datePublished\":\"2026-09-01T14:55:17+00:00\",\"dateModified\":\"2026-09-01T14:55:20+00:00\",\"author\":{\"@id\":\"https:\/\/ondauno.com.ar\/#\/schema\/person\/7ec851ddeceb4133d7d7132dc645714e\"},\"breadcrumb\":{\"@id\":\"https:\/\/ondauno.com.ar\/index.php\/2026\/09\/01\/se-inauguro-la-posta-sanitaria-del-barrio-la-aceitera\/#breadcrumb\"},\"inLanguage\":\"es-AR\",\"potentialAction\":[{\"@type\":\"ReadAction\",\"target\":[\"https:\/\/ondauno.com.ar\/index.php\/2026\/09\/01\/se-inauguro-la-posta-sanitaria-del-barrio-la-aceitera\/\"]}]},{\"@type\":\"ImageObject\",\"inLanguage\":\"es-AR\",\"@id\":\"https:\/\/ondauno.com.ar\/index.php\/2026\/09\/01\/se-inauguro-la-posta-sanitaria-del-barrio-la-aceitera\/#primaryimage\",\"url\":\"https:\/\/ondauno.com.ar\/wp-content\/uploads\/2026\/09\/WhatsApp-Image-2026-08-31-at-13.55.32.jpeg\",\"contentUrl\":\"https:\/\/ondauno.com.ar\/wp-content\/uploads\/2026\/09\/WhatsApp-Image-2026-08-31-at-13.55.32.jpeg\",\"width\":1600,\"height\":1066},{\"@type\":\"BreadcrumbList\",\"@id\":\"https:\/\/ondauno.com.ar\/index.php\/2026\/09\/01\/se-inauguro-la-posta-sanitaria-del-barrio-la-aceitera\/#breadcrumb\",\"itemListElement\":[{\"@type\":\"ListItem\",\"position\":1,\"name\":\"Inicio\",\"item\":\"https:\/\/ondauno.com.ar\/\"},{\"@type\":\"ListItem\",\"position\":2,\"name\":\"Se inaugur\u00f3 la Posta Sanitaria del barrio La Aceitera\"}]},{\"@type\":\"WebSite\",\"@id\":\"https:\/\/ondauno.com.ar\/#website\",\"url\":\"https:\/\/ondauno.com.ar\/\",\"name\":\"103.9 fm\",\"description\":\"LA PRIMERA RADIO MULTIMEDIA DE TRES ARROYOS\",\"potentialAction\":[{\"@type\":\"SearchAction\",\"target\":{\"@type\":\"EntryPoint\",\"urlTemplate\":\"https:\/\/ondauno.com.ar\/?s={search_term_string}\"},\"query-input\":\"required name=search_term_string\"}],\"inLanguage\":\"es-AR\"},{\"@type\":\"Person\",\"@id\":\"https:\/\/ondauno.com.ar\/#\/schema\/person\/7ec851ddeceb4133d7d7132dc645714e\",\"name\":\"OndaUno\",\"image\":{\"@type\":\"ImageObject\",\"inLanguage\":\"es-AR\",\"@id\":\"https:\/\/ondauno.com.ar\/#\/schema\/person\/image\/\",\"url\":\"https:\/\/secure.gravatar.com\/avatar\/93b8009f0de7021f1feb2bd5b32fb9e8?s=96&d=mm&r=g\",\"contentUrl\":\"https:\/\/secure.gravatar.com\/avatar\/93b8009f0de7021f1feb2bd5b32fb9e8?s=96&d=mm&r=g\",\"caption\":\"OndaUno\"},\"url\":\"https:\/\/ondauno.com.ar\/index.php\/author\/ondauno\/\"}]}<\/script>\n<!-- \/ Yoast SEO plugin. -->","yoast_head_json":{"title":"Se inaugur\u00f3 la Posta Sanitaria del barrio La Aceitera - 103.9 fm","robots":{"index":"index","follow":"follow","max-snippet":"max-snippet:-1","max-image-preview":"max-image-preview:large","max-video-preview":"max-video-preview:-1"},"canonical":"https:\/\/ondauno.com.ar\/index.php\/2026\/09\/01\/se-inauguro-la-posta-sanitaria-del-barrio-la-aceitera\/","og_locale":"es_ES","og_type":"article","og_title":"Se inaugur\u00f3 la Posta Sanitaria del barrio La Aceitera - 103.9 fm","og_description":"Qued\u00f3 inaugurada la nueva Posta Sanitaria del barrio La Aceitera, un espacio destinado a acercar la atenci\u00f3n primaria de la salud y brindar una respuesta concreta a las necesidades de los vecinos del sector. El acto cont\u00f3 con la presencia del intendente Pablo Garete; Javier Su\u00e1rez, presidente de la Junta Vecinal, Mercedes Moreno Secretaria de [&hellip;]","og_url":"https:\/\/ondauno.com.ar\/index.php\/2026\/09\/01\/se-inauguro-la-posta-sanitaria-del-barrio-la-aceitera\/","og_site_name":"103.9 fm","article_publisher":"https:\/\/www.facebook.com\/ondauno103.9","article_published_time":"2026-09-01T14:55:17+00:00","article_modified_time":"2026-09-01T14:55:20+00:00","og_image":[{"width":1600,"height":1066,"url":"http:\/\/ondauno.com.ar\/wp-content\/uploads\/2026\/09\/WhatsApp-Image-2026-08-31-at-13.55.32.jpeg","type":"image\/jpeg"}],"author":"OndaUno","twitter_card":"summary_large_image","twitter_misc":{"Escrito por":"OndaUno","Tiempo de lectura":"2 minutos"},"schema":{"@context":"https:\/\/schema.org","@graph":[{"@type":"WebPage","@id":"https:\/\/ondauno.com.ar\/index.php\/2026\/09\/01\/se-inauguro-la-posta-sanitaria-del-barrio-la-aceitera\/","url":"https:\/\/ondauno.com.ar\/index.php\/2026\/09\/01\/se-inauguro-la-posta-sanitaria-del-barrio-la-aceitera\/","name":"Se inaugur\u00f3 la Posta Sanitaria del barrio La Aceitera - 103.9 fm","isPartOf":{"@id":"https:\/\/ondauno.com.ar\/#website"},"primaryImageOfPage":{"@id":"https:\/\/ondauno.com.ar\/index.php\/2026\/09\/01\/se-inauguro-la-posta-sanitaria-del-barrio-la-aceitera\/#primaryimage"},"image":{"@id":"https:\/\/ondauno.com.ar\/index.php\/2026\/09\/01\/se-inauguro-la-posta-sanitaria-del-barrio-la-aceitera\/#primaryimage"},"thumbnailUrl":"https:\/\/ondauno.com.ar\/wp-content\/uploads\/2026\/09\/WhatsApp-Image-2026-08-31-at-13.55.32.jpeg","datePublished":"2026-09-01T14:55:17+00:00","dateModified":"2026-09-01T14:55:20+00:00","author":{"@id":"https:\/\/ondauno.com.ar\/#\/schema\/person\/7ec851ddeceb4133d7d7132dc645714e"},"breadcrumb":{"@id":"https:\/\/ondauno.com.ar\/index.php\/2026\/09\/01\/se-inauguro-la-posta-sanitaria-del-barrio-la-aceitera\/#breadcrumb"},"inLanguage":"es-AR","potentialAction":[{"@type":"ReadAction","target":["https:\/\/ondauno.com.ar\/index.php\/2026\/09\/01\/se-inauguro-la-posta-sanitaria-del-barrio-la-aceitera\/"]}]},{"@type":"ImageObject","inLanguage":"es-AR","@id":"https:\/\/ondauno.com.ar\/index.php\/2026\/09\/01\/se-inauguro-la-posta-sanitaria-del-barrio-la-aceitera\/#primaryimage","url":"https:\/\/ondauno.com.ar\/wp-content\/uploads\/2026\/09\/WhatsApp-Image-2026-08-31-at-13.55.32.jpeg","contentUrl":"https:\/\/ondauno.com.ar\/wp-content\/uploads\/2026\/09\/WhatsApp-Image-2026-08-31-at-13.55.32.jpeg","width":1600,"height":1066},{"@type":"BreadcrumbList","@id":"https:\/\/ondauno.com.ar\/index.php\/2026\/09\/01\/se-inauguro-la-posta-sanitaria-del-barrio-la-aceitera\/#breadcrumb","itemListElement":[{"@type":"ListItem","position":1,"name":"Inicio","item":"https:\/\/ondauno.com.ar\/"},{"@type":"ListItem","position":2,"name":"Se inaugur\u00f3 la Posta Sanitaria del barrio La Aceitera"}]},{"@type":"WebSite","@id":"https:\/\/ondauno.com.ar\/#website","url":"https:\/\/ondauno.com.ar\/","name":"103.9 fm","description":"LA PRIMERA RADIO MULTIMEDIA DE TRES ARROYOS","potentialAction":[{"@type":"SearchAction","target":{"@type":"EntryPoint","urlTemplate":"https:\/\/ondauno.com.ar\/?s={search_term_string}"},"query-input":"required name=search_term_string"}],"inLanguage":"es-AR"},{"@type":"Person","@id":"https:\/\/ondauno.com.ar\/#\/schema\/person\/7ec851ddeceb4133d7d7132dc645714e","name":"OndaUno","image":{"@type":"ImageObject","inLanguage":"es-AR","@id":"https:\/\/ondauno.com.ar\/#\/schema\/person\/image\/","url":"https:\/\/secure.gravatar.com\/avatar\/93b8009f0de7021f1feb2bd5b32fb9e8?s=96&d=mm&r=g","contentUrl":"https:\/\/secure.gravatar.com\/avatar\/93b8009f0de7021f1feb2bd5b32fb9e8?s=96&d=mm&r=g","caption":"OndaUno"},"url":"https:\/\/ondauno.com.ar\/index.php\/author\/ondauno\/"}]}},"jetpack_publicize_connections":[],"jetpack_featured_media_url":"https:\/\/ondauno.com.ar\/wp-content\/uploads\/2026\/09\/WhatsApp-Image-2026-08-31-at-13.55.32.jpeg","jetpack_sharing_enabled":true,"_links":{"self":[{"href":"https:\/\/ondauno.com.ar\/index.php\/wp-json\/wp\/v2\/posts\/66592","targetHints":{"allow":["GET"]}}],"collection":[{"href":"https:\/\/ondauno.com.ar\/index.php\/wp-json\/wp\/v2\/posts"}],"about":[{"href":"https:\/\/ondauno.com.ar\/index.php\/wp-json\/wp\/v2\/types\/post"}],"author":[{"embeddable":true,"href":"https:\/\/ondauno.com.ar\/index.php\/wp-json\/wp\/v2\/users\/1"}],"replies":[{"embeddable":true,"href":"https:\/\/ondauno.com.ar\/index.php\/wp-json\/wp\/v2\/comments?post=66592"}],"version-history":[{"count":1,"href":"https:\/\/ondauno.com.ar\/index.php\/wp-json\/wp\/v2\/posts\/66592\/revisions"}],"predecessor-version":[{"id":66594,"href":"https:\/\/ondauno.com.ar\/index.php\/wp-json\/wp\/v2\/posts\/66592\/revisions\/66594"}],"wp:featuredmedia":[{"embeddable":true,"href":"https:\/\/ondauno.com.ar\/index.php\/wp-json\/wp\/v2\/media\/66593"}],"wp:attachment":[{"href":"https:\/\/ondauno.com.ar\/index.php\/wp-json\/wp\/v2\/media?parent=66592"}],"wp:term":[{"taxonomy":"category","embeddable":true,"href":"https:\/\/ondauno.com.ar\/index.php\/wp-json\/wp\/v2\/categories?post=66592"},{"taxonomy":"post_tag","embeddable":true,"href":"https:\/\/ondauno.com.ar\/index.php\/wp-json\/wp\/v2\/tags?post=66592"}],"curies":[{"name":"wp","href":"https:\/\/api.w.org\/{rel}","templated":true}]}}