{"id":66588,"date":"2026-09-01T11:53:35","date_gmt":"2026-09-01T14:53:35","guid":{"rendered":"https:\/\/ondauno.com.ar\/?p=66588"},"modified":"2026-09-01T11:53:37","modified_gmt":"2026-09-01T14:53:37","slug":"dos-demorados-por-tenencia-simple-de-estupefacientes-en-la-ruta-nacional-n-o-3","status":"publish","type":"post","link":"https:\/\/ondauno.com.ar\/index.php\/2026\/09\/01\/dos-demorados-por-tenencia-simple-de-estupefacientes-en-la-ruta-nacional-n-o-3\/","title":{"rendered":"Dos demorados por tenencia simple de estupefacientes en la Ruta Nacional N.\u00ba 3"},"content":{"rendered":"<div class=\"ondau-before-content_3\" style=\"margin-top: -30px;\" id=\"ondau-2096597837\"><a href=\"https:\/\/www.lps.com.ar\/\" aria-label=\"la-perse2\"><img loading=\"lazy\" decoding=\"async\" src=\"https:\/\/ondauno.com.ar\/wp-content\/uploads\/2021\/10\/la-perse2.jpg\" alt=\"\"  srcset=\"https:\/\/ondauno.com.ar\/wp-content\/uploads\/2021\/10\/la-perse2.jpg 1353w, https:\/\/ondauno.com.ar\/wp-content\/uploads\/2021\/10\/la-perse2-300x43.jpg 300w, https:\/\/ondauno.com.ar\/wp-content\/uploads\/2021\/10\/la-perse2-1024x148.jpg 1024w, https:\/\/ondauno.com.ar\/wp-content\/uploads\/2021\/10\/la-perse2-768x111.jpg 768w, https:\/\/ondauno.com.ar\/wp-content\/uploads\/2021\/10\/la-perse2-696x100.jpg 696w, https:\/\/ondauno.com.ar\/wp-content\/uploads\/2021\/10\/la-perse2-1068x154.jpg 1068w\" sizes=\"(max-width: 1353px) 100vw, 1353px\" class=\"no-lazyload\" width=\"1353\" height=\"195\"  style=\"display: inline-block;\" \/><\/a><\/div>\n<p>Personal de la Polic\u00eda de Seguridad Vial de Tres Arroyos intervino este 31 de agosto en un procedimiento por tenencia simple de estupefacientes realizado en el kil\u00f3metro 495,5 de la Ruta Nacional N.\u00ba 3.<br>En el Operativo los efectivos interceptaron un Volkswagen Suran, ocupado por dos ocupantes masculinos, ambos oriundos de Neuqu\u00e9n.<\/p>\n\n\n\n<figure class=\"wp-block-image size-large\"><img loading=\"lazy\" decoding=\"async\" width=\"1024\" height=\"1024\" data-src=\"https:\/\/ondauno.com.ar\/wp-content\/uploads\/2026\/09\/WhatsApp-Image-2026-08-31-at-20.35.49-1024x1024.jpeg\" alt=\"\" class=\"wp-image-66590 lazyload\" data-srcset=\"https:\/\/ondauno.com.ar\/wp-content\/uploads\/2026\/09\/WhatsApp-Image-2026-08-31-at-20.35.49-1024x1024.jpeg 1024w, https:\/\/ondauno.com.ar\/wp-content\/uploads\/2026\/09\/WhatsApp-Image-2026-08-31-at-20.35.49-300x300.jpeg 300w, https:\/\/ondauno.com.ar\/wp-content\/uploads\/2026\/09\/WhatsApp-Image-2026-08-31-at-20.35.49-150x150.jpeg 150w, https:\/\/ondauno.com.ar\/wp-content\/uploads\/2026\/09\/WhatsApp-Image-2026-08-31-at-20.35.49-768x768.jpeg 768w, https:\/\/ondauno.com.ar\/wp-content\/uploads\/2026\/09\/WhatsApp-Image-2026-08-31-at-20.35.49-1536x1536.jpeg 1536w, https:\/\/ondauno.com.ar\/wp-content\/uploads\/2026\/09\/WhatsApp-Image-2026-08-31-at-20.35.49-420x420.jpeg 420w, https:\/\/ondauno.com.ar\/wp-content\/uploads\/2026\/09\/WhatsApp-Image-2026-08-31-at-20.35.49-696x696.jpeg 696w, https:\/\/ondauno.com.ar\/wp-content\/uploads\/2026\/09\/WhatsApp-Image-2026-08-31-at-20.35.49-1068x1068.jpeg 1068w, https:\/\/ondauno.com.ar\/wp-content\/uploads\/2026\/09\/WhatsApp-Image-2026-08-31-at-20.35.49.jpeg 1599w\" data-sizes=\"auto, (max-width: 1024px) 100vw, 1024px\" src=\"data:image\/gif;base64,R0lGODlhAQABAAAAACH5BAEKAAEALAAAAAABAAEAAAICTAEAOw==\" style=\"--smush-placeholder-width: 1024px; --smush-placeholder-aspect-ratio: 1024\/1024;\" \/><noscript><img loading=\"lazy\" decoding=\"async\" width=\"1024\" height=\"1024\" src=\"https:\/\/ondauno.com.ar\/wp-content\/uploads\/2026\/09\/WhatsApp-Image-2026-08-31-at-20.35.49-1024x1024.jpeg\" alt=\"\" class=\"wp-image-66590\" srcset=\"https:\/\/ondauno.com.ar\/wp-content\/uploads\/2026\/09\/WhatsApp-Image-2026-08-31-at-20.35.49-1024x1024.jpeg 1024w, https:\/\/ondauno.com.ar\/wp-content\/uploads\/2026\/09\/WhatsApp-Image-2026-08-31-at-20.35.49-300x300.jpeg 300w, https:\/\/ondauno.com.ar\/wp-content\/uploads\/2026\/09\/WhatsApp-Image-2026-08-31-at-20.35.49-150x150.jpeg 150w, https:\/\/ondauno.com.ar\/wp-content\/uploads\/2026\/09\/WhatsApp-Image-2026-08-31-at-20.35.49-768x768.jpeg 768w, https:\/\/ondauno.com.ar\/wp-content\/uploads\/2026\/09\/WhatsApp-Image-2026-08-31-at-20.35.49-1536x1536.jpeg 1536w, https:\/\/ondauno.com.ar\/wp-content\/uploads\/2026\/09\/WhatsApp-Image-2026-08-31-at-20.35.49-420x420.jpeg 420w, https:\/\/ondauno.com.ar\/wp-content\/uploads\/2026\/09\/WhatsApp-Image-2026-08-31-at-20.35.49-696x696.jpeg 696w, https:\/\/ondauno.com.ar\/wp-content\/uploads\/2026\/09\/WhatsApp-Image-2026-08-31-at-20.35.49-1068x1068.jpeg 1068w, https:\/\/ondauno.com.ar\/wp-content\/uploads\/2026\/09\/WhatsApp-Image-2026-08-31-at-20.35.49.jpeg 1599w\" sizes=\"auto, (max-width: 1024px) 100vw, 1024px\" \/><\/noscript><\/figure>\n\n\n\n<p>Durante la requisa se incautaron 61,5 gramos de marihuana que se encontraban en poder de uno de los ocupantes y otros 3,9 gramos en poder del otro ocupante. Tambi\u00e9n fueron secuestrados tres tel\u00e9fonos celulares.<br>Ambos hombres fueron aprehendidos y quedaron a disposici\u00f3n de la UFIJ N.\u00ba 13 de Tres Arroyos.<\/p>\n","protected":false},"excerpt":{"rendered":"<p>Personal de la Polic\u00eda de Seguridad Vial de Tres Arroyos intervino este 31 de agosto en un procedimiento por tenencia simple de estupefacientes realizado en el kil\u00f3metro 495,5 de la Ruta Nacional N.\u00ba 3.En el Operativo los efectivos interceptaron un Volkswagen Suran, ocupado por dos ocupantes masculinos, ambos oriundos de Neuqu\u00e9n. Durante la requisa se [&hellip;]<\/p>\n","protected":false},"author":1,"featured_media":66589,"comment_status":"open","ping_status":"open","sticky":false,"template":"","format":"standard","meta":{"tdm_status":"","tdm_grid_status":"","_jetpack_memberships_contains_paid_content":false,"footnotes":"","jetpack_publicize_message":"","jetpack_publicize_feature_enabled":true,"jetpack_social_post_already_shared":true,"jetpack_social_options":{"image_generator_settings":{"template":"highway","default_image_id":0,"font":"","enabled":false},"version":2}},"categories":[29],"tags":[],"class_list":{"0":"post-66588","1":"post","2":"type-post","3":"status-publish","4":"format-standard","5":"has-post-thumbnail","7":"category-policiales"},"yoast_head":"<!-- This site is optimized with the Yoast SEO plugin v22.7 - https:\/\/yoast.com\/wordpress\/plugins\/seo\/ -->\n<title>Dos demorados por tenencia simple de estupefacientes en la Ruta Nacional N.\u00ba 3 - 103.9 fm<\/title>\n<meta name=\"robots\" content=\"index, follow, max-snippet:-1, max-image-preview:large, max-video-preview:-1\" \/>\n<link rel=\"canonical\" href=\"https:\/\/ondauno.com.ar\/index.php\/2026\/09\/01\/dos-demorados-por-tenencia-simple-de-estupefacientes-en-la-ruta-nacional-n-o-3\/\" \/>\n<meta property=\"og:locale\" content=\"es_ES\" \/>\n<meta property=\"og:type\" content=\"article\" \/>\n<meta property=\"og:title\" content=\"Dos demorados por tenencia simple de estupefacientes en la Ruta Nacional N.\u00ba 3 - 103.9 fm\" \/>\n<meta property=\"og:description\" content=\"Personal de la Polic\u00eda de Seguridad Vial de Tres Arroyos intervino este 31 de agosto en un procedimiento por tenencia simple de estupefacientes realizado en el kil\u00f3metro 495,5 de la Ruta Nacional N.\u00ba 3.En el Operativo los efectivos interceptaron un Volkswagen Suran, ocupado por dos ocupantes masculinos, ambos oriundos de Neuqu\u00e9n. Durante la requisa se [&hellip;]\" \/>\n<meta property=\"og:url\" content=\"https:\/\/ondauno.com.ar\/index.php\/2026\/09\/01\/dos-demorados-por-tenencia-simple-de-estupefacientes-en-la-ruta-nacional-n-o-3\/\" \/>\n<meta property=\"og:site_name\" content=\"103.9 fm\" \/>\n<meta property=\"article:publisher\" content=\"https:\/\/www.facebook.com\/ondauno103.9\" \/>\n<meta property=\"article:published_time\" content=\"2026-09-01T14:53:35+00:00\" \/>\n<meta property=\"article:modified_time\" content=\"2026-09-01T14:53:37+00:00\" \/>\n<meta property=\"og:image\" content=\"http:\/\/ondauno.com.ar\/wp-content\/uploads\/2026\/09\/WhatsApp-Image-2026-08-31-at-20.37.37.jpeg\" \/>\n\t<meta property=\"og:image:width\" content=\"1599\" \/>\n\t<meta property=\"og:image:height\" content=\"1599\" \/>\n\t<meta property=\"og:image:type\" content=\"image\/jpeg\" \/>\n<meta name=\"author\" content=\"OndaUno\" \/>\n<meta name=\"twitter:card\" content=\"summary_large_image\" \/>\n<meta name=\"twitter:label1\" content=\"Escrito por\" \/>\n\t<meta name=\"twitter:data1\" content=\"OndaUno\" \/>\n\t<meta name=\"twitter:label2\" content=\"Tiempo de lectura\" \/>\n\t<meta name=\"twitter:data2\" content=\"1 minuto\" \/>\n<script type=\"application\/ld+json\" class=\"yoast-schema-graph\">{\"@context\":\"https:\/\/schema.org\",\"@graph\":[{\"@type\":\"WebPage\",\"@id\":\"https:\/\/ondauno.com.ar\/index.php\/2026\/09\/01\/dos-demorados-por-tenencia-simple-de-estupefacientes-en-la-ruta-nacional-n-o-3\/\",\"url\":\"https:\/\/ondauno.com.ar\/index.php\/2026\/09\/01\/dos-demorados-por-tenencia-simple-de-estupefacientes-en-la-ruta-nacional-n-o-3\/\",\"name\":\"Dos demorados por tenencia simple de estupefacientes en la Ruta Nacional N.\u00ba 3 - 103.9 fm\",\"isPartOf\":{\"@id\":\"https:\/\/ondauno.com.ar\/#website\"},\"primaryImageOfPage\":{\"@id\":\"https:\/\/ondauno.com.ar\/index.php\/2026\/09\/01\/dos-demorados-por-tenencia-simple-de-estupefacientes-en-la-ruta-nacional-n-o-3\/#primaryimage\"},\"image\":{\"@id\":\"https:\/\/ondauno.com.ar\/index.php\/2026\/09\/01\/dos-demorados-por-tenencia-simple-de-estupefacientes-en-la-ruta-nacional-n-o-3\/#primaryimage\"},\"thumbnailUrl\":\"https:\/\/ondauno.com.ar\/wp-content\/uploads\/2026\/09\/WhatsApp-Image-2026-08-31-at-20.37.37.jpeg\",\"datePublished\":\"2026-09-01T14:53:35+00:00\",\"dateModified\":\"2026-09-01T14:53:37+00:00\",\"author\":{\"@id\":\"https:\/\/ondauno.com.ar\/#\/schema\/person\/7ec851ddeceb4133d7d7132dc645714e\"},\"breadcrumb\":{\"@id\":\"https:\/\/ondauno.com.ar\/index.php\/2026\/09\/01\/dos-demorados-por-tenencia-simple-de-estupefacientes-en-la-ruta-nacional-n-o-3\/#breadcrumb\"},\"inLanguage\":\"es-AR\",\"potentialAction\":[{\"@type\":\"ReadAction\",\"target\":[\"https:\/\/ondauno.com.ar\/index.php\/2026\/09\/01\/dos-demorados-por-tenencia-simple-de-estupefacientes-en-la-ruta-nacional-n-o-3\/\"]}]},{\"@type\":\"ImageObject\",\"inLanguage\":\"es-AR\",\"@id\":\"https:\/\/ondauno.com.ar\/index.php\/2026\/09\/01\/dos-demorados-por-tenencia-simple-de-estupefacientes-en-la-ruta-nacional-n-o-3\/#primaryimage\",\"url\":\"https:\/\/ondauno.com.ar\/wp-content\/uploads\/2026\/09\/WhatsApp-Image-2026-08-31-at-20.37.37.jpeg\",\"contentUrl\":\"https:\/\/ondauno.com.ar\/wp-content\/uploads\/2026\/09\/WhatsApp-Image-2026-08-31-at-20.37.37.jpeg\",\"width\":1599,\"height\":1599},{\"@type\":\"BreadcrumbList\",\"@id\":\"https:\/\/ondauno.com.ar\/index.php\/2026\/09\/01\/dos-demorados-por-tenencia-simple-de-estupefacientes-en-la-ruta-nacional-n-o-3\/#breadcrumb\",\"itemListElement\":[{\"@type\":\"ListItem\",\"position\":1,\"name\":\"Inicio\",\"item\":\"https:\/\/ondauno.com.ar\/\"},{\"@type\":\"ListItem\",\"position\":2,\"name\":\"Dos demorados por tenencia simple de estupefacientes en la Ruta Nacional N.\u00ba 3\"}]},{\"@type\":\"WebSite\",\"@id\":\"https:\/\/ondauno.com.ar\/#website\",\"url\":\"https:\/\/ondauno.com.ar\/\",\"name\":\"103.9 fm\",\"description\":\"LA PRIMERA RADIO MULTIMEDIA DE TRES ARROYOS\",\"potentialAction\":[{\"@type\":\"SearchAction\",\"target\":{\"@type\":\"EntryPoint\",\"urlTemplate\":\"https:\/\/ondauno.com.ar\/?s={search_term_string}\"},\"query-input\":\"required name=search_term_string\"}],\"inLanguage\":\"es-AR\"},{\"@type\":\"Person\",\"@id\":\"https:\/\/ondauno.com.ar\/#\/schema\/person\/7ec851ddeceb4133d7d7132dc645714e\",\"name\":\"OndaUno\",\"image\":{\"@type\":\"ImageObject\",\"inLanguage\":\"es-AR\",\"@id\":\"https:\/\/ondauno.com.ar\/#\/schema\/person\/image\/\",\"url\":\"https:\/\/secure.gravatar.com\/avatar\/93b8009f0de7021f1feb2bd5b32fb9e8?s=96&d=mm&r=g\",\"contentUrl\":\"https:\/\/secure.gravatar.com\/avatar\/93b8009f0de7021f1feb2bd5b32fb9e8?s=96&d=mm&r=g\",\"caption\":\"OndaUno\"},\"url\":\"https:\/\/ondauno.com.ar\/index.php\/author\/ondauno\/\"}]}<\/script>\n<!-- \/ Yoast SEO plugin. -->","yoast_head_json":{"title":"Dos demorados por tenencia simple de estupefacientes en la Ruta Nacional N.\u00ba 3 - 103.9 fm","robots":{"index":"index","follow":"follow","max-snippet":"max-snippet:-1","max-image-preview":"max-image-preview:large","max-video-preview":"max-video-preview:-1"},"canonical":"https:\/\/ondauno.com.ar\/index.php\/2026\/09\/01\/dos-demorados-por-tenencia-simple-de-estupefacientes-en-la-ruta-nacional-n-o-3\/","og_locale":"es_ES","og_type":"article","og_title":"Dos demorados por tenencia simple de estupefacientes en la Ruta Nacional N.\u00ba 3 - 103.9 fm","og_description":"Personal de la Polic\u00eda de Seguridad Vial de Tres Arroyos intervino este 31 de agosto en un procedimiento por tenencia simple de estupefacientes realizado en el kil\u00f3metro 495,5 de la Ruta Nacional N.\u00ba 3.En el Operativo los efectivos interceptaron un Volkswagen Suran, ocupado por dos ocupantes masculinos, ambos oriundos de Neuqu\u00e9n. Durante la requisa se [&hellip;]","og_url":"https:\/\/ondauno.com.ar\/index.php\/2026\/09\/01\/dos-demorados-por-tenencia-simple-de-estupefacientes-en-la-ruta-nacional-n-o-3\/","og_site_name":"103.9 fm","article_publisher":"https:\/\/www.facebook.com\/ondauno103.9","article_published_time":"2026-09-01T14:53:35+00:00","article_modified_time":"2026-09-01T14:53:37+00:00","og_image":[{"width":1599,"height":1599,"url":"http:\/\/ondauno.com.ar\/wp-content\/uploads\/2026\/09\/WhatsApp-Image-2026-08-31-at-20.37.37.jpeg","type":"image\/jpeg"}],"author":"OndaUno","twitter_card":"summary_large_image","twitter_misc":{"Escrito por":"OndaUno","Tiempo de lectura":"1 minuto"},"schema":{"@context":"https:\/\/schema.org","@graph":[{"@type":"WebPage","@id":"https:\/\/ondauno.com.ar\/index.php\/2026\/09\/01\/dos-demorados-por-tenencia-simple-de-estupefacientes-en-la-ruta-nacional-n-o-3\/","url":"https:\/\/ondauno.com.ar\/index.php\/2026\/09\/01\/dos-demorados-por-tenencia-simple-de-estupefacientes-en-la-ruta-nacional-n-o-3\/","name":"Dos demorados por tenencia simple de estupefacientes en la Ruta Nacional N.\u00ba 3 - 103.9 fm","isPartOf":{"@id":"https:\/\/ondauno.com.ar\/#website"},"primaryImageOfPage":{"@id":"https:\/\/ondauno.com.ar\/index.php\/2026\/09\/01\/dos-demorados-por-tenencia-simple-de-estupefacientes-en-la-ruta-nacional-n-o-3\/#primaryimage"},"image":{"@id":"https:\/\/ondauno.com.ar\/index.php\/2026\/09\/01\/dos-demorados-por-tenencia-simple-de-estupefacientes-en-la-ruta-nacional-n-o-3\/#primaryimage"},"thumbnailUrl":"https:\/\/ondauno.com.ar\/wp-content\/uploads\/2026\/09\/WhatsApp-Image-2026-08-31-at-20.37.37.jpeg","datePublished":"2026-09-01T14:53:35+00:00","dateModified":"2026-09-01T14:53:37+00:00","author":{"@id":"https:\/\/ondauno.com.ar\/#\/schema\/person\/7ec851ddeceb4133d7d7132dc645714e"},"breadcrumb":{"@id":"https:\/\/ondauno.com.ar\/index.php\/2026\/09\/01\/dos-demorados-por-tenencia-simple-de-estupefacientes-en-la-ruta-nacional-n-o-3\/#breadcrumb"},"inLanguage":"es-AR","potentialAction":[{"@type":"ReadAction","target":["https:\/\/ondauno.com.ar\/index.php\/2026\/09\/01\/dos-demorados-por-tenencia-simple-de-estupefacientes-en-la-ruta-nacional-n-o-3\/"]}]},{"@type":"ImageObject","inLanguage":"es-AR","@id":"https:\/\/ondauno.com.ar\/index.php\/2026\/09\/01\/dos-demorados-por-tenencia-simple-de-estupefacientes-en-la-ruta-nacional-n-o-3\/#primaryimage","url":"https:\/\/ondauno.com.ar\/wp-content\/uploads\/2026\/09\/WhatsApp-Image-2026-08-31-at-20.37.37.jpeg","contentUrl":"https:\/\/ondauno.com.ar\/wp-content\/uploads\/2026\/09\/WhatsApp-Image-2026-08-31-at-20.37.37.jpeg","width":1599,"height":1599},{"@type":"BreadcrumbList","@id":"https:\/\/ondauno.com.ar\/index.php\/2026\/09\/01\/dos-demorados-por-tenencia-simple-de-estupefacientes-en-la-ruta-nacional-n-o-3\/#breadcrumb","itemListElement":[{"@type":"ListItem","position":1,"name":"Inicio","item":"https:\/\/ondauno.com.ar\/"},{"@type":"ListItem","position":2,"name":"Dos demorados por tenencia simple de estupefacientes en la Ruta Nacional N.\u00ba 3"}]},{"@type":"WebSite","@id":"https:\/\/ondauno.com.ar\/#website","url":"https:\/\/ondauno.com.ar\/","name":"103.9 fm","description":"LA PRIMERA RADIO MULTIMEDIA DE TRES ARROYOS","potentialAction":[{"@type":"SearchAction","target":{"@type":"EntryPoint","urlTemplate":"https:\/\/ondauno.com.ar\/?s={search_term_string}"},"query-input":"required name=search_term_string"}],"inLanguage":"es-AR"},{"@type":"Person","@id":"https:\/\/ondauno.com.ar\/#\/schema\/person\/7ec851ddeceb4133d7d7132dc645714e","name":"OndaUno","image":{"@type":"ImageObject","inLanguage":"es-AR","@id":"https:\/\/ondauno.com.ar\/#\/schema\/person\/image\/","url":"https:\/\/secure.gravatar.com\/avatar\/93b8009f0de7021f1feb2bd5b32fb9e8?s=96&d=mm&r=g","contentUrl":"https:\/\/secure.gravatar.com\/avatar\/93b8009f0de7021f1feb2bd5b32fb9e8?s=96&d=mm&r=g","caption":"OndaUno"},"url":"https:\/\/ondauno.com.ar\/index.php\/author\/ondauno\/"}]}},"jetpack_publicize_connections":[],"jetpack_featured_media_url":"https:\/\/ondauno.com.ar\/wp-content\/uploads\/2026\/09\/WhatsApp-Image-2026-08-31-at-20.37.37.jpeg","jetpack_sharing_enabled":true,"_links":{"self":[{"href":"https:\/\/ondauno.com.ar\/index.php\/wp-json\/wp\/v2\/posts\/66588","targetHints":{"allow":["GET"]}}],"collection":[{"href":"https:\/\/ondauno.com.ar\/index.php\/wp-json\/wp\/v2\/posts"}],"about":[{"href":"https:\/\/ondauno.com.ar\/index.php\/wp-json\/wp\/v2\/types\/post"}],"author":[{"embeddable":true,"href":"https:\/\/ondauno.com.ar\/index.php\/wp-json\/wp\/v2\/users\/1"}],"replies":[{"embeddable":true,"href":"https:\/\/ondauno.com.ar\/index.php\/wp-json\/wp\/v2\/comments?post=66588"}],"version-history":[{"count":1,"href":"https:\/\/ondauno.com.ar\/index.php\/wp-json\/wp\/v2\/posts\/66588\/revisions"}],"predecessor-version":[{"id":66591,"href":"https:\/\/ondauno.com.ar\/index.php\/wp-json\/wp\/v2\/posts\/66588\/revisions\/66591"}],"wp:featuredmedia":[{"embeddable":true,"href":"https:\/\/ondauno.com.ar\/index.php\/wp-json\/wp\/v2\/media\/66589"}],"wp:attachment":[{"href":"https:\/\/ondauno.com.ar\/index.php\/wp-json\/wp\/v2\/media?parent=66588"}],"wp:term":[{"taxonomy":"category","embeddable":true,"href":"https:\/\/ondauno.com.ar\/index.php\/wp-json\/wp\/v2\/categories?post=66588"},{"taxonomy":"post_tag","embeddable":true,"href":"https:\/\/ondauno.com.ar\/index.php\/wp-json\/wp\/v2\/tags?post=66588"}],"curies":[{"name":"wp","href":"https:\/\/api.w.org\/{rel}","templated":true}]}}