{"id":66584,"date":"2026-09-01T11:52:06","date_gmt":"2026-09-01T14:52:06","guid":{"rendered":"https:\/\/ondauno.com.ar\/?p=66584"},"modified":"2026-09-01T11:52:10","modified_gmt":"2026-09-01T14:52:10","slug":"cambio-de-autoridades-en-el-destacamento-de-seguridad-vial-de-tres-arroyos","status":"publish","type":"post","link":"https:\/\/ondauno.com.ar\/index.php\/2026\/09\/01\/cambio-de-autoridades-en-el-destacamento-de-seguridad-vial-de-tres-arroyos\/","title":{"rendered":"Cambio de autoridades en el Destacamento de Seguridad Vial de Tres Arroyos"},"content":{"rendered":"<div class=\"ondau-before-content_3\" style=\"margin-top: -30px;\" id=\"ondau-2995434798\"><a href=\"https:\/\/www.lps.com.ar\/\" aria-label=\"la-perse2\"><img loading=\"lazy\" decoding=\"async\" src=\"https:\/\/ondauno.com.ar\/wp-content\/uploads\/2021\/10\/la-perse2.jpg\" alt=\"\"  srcset=\"https:\/\/ondauno.com.ar\/wp-content\/uploads\/2021\/10\/la-perse2.jpg 1353w, https:\/\/ondauno.com.ar\/wp-content\/uploads\/2021\/10\/la-perse2-300x43.jpg 300w, https:\/\/ondauno.com.ar\/wp-content\/uploads\/2021\/10\/la-perse2-1024x148.jpg 1024w, https:\/\/ondauno.com.ar\/wp-content\/uploads\/2021\/10\/la-perse2-768x111.jpg 768w, https:\/\/ondauno.com.ar\/wp-content\/uploads\/2021\/10\/la-perse2-696x100.jpg 696w, https:\/\/ondauno.com.ar\/wp-content\/uploads\/2021\/10\/la-perse2-1068x154.jpg 1068w\" sizes=\"(max-width: 1353px) 100vw, 1353px\" class=\"no-lazyload\" width=\"1353\" height=\"195\"  style=\"display: inline-block;\" \/><\/a><\/div>\n<p>El pasado mi\u00e9rcoles 26 se llev\u00f3 a cabo el <strong>cambio de autoridades en el Destacamento de Seguridad Vial Tres Arroyos<\/strong>, luego de cinco a\u00f1os de gesti\u00f3n del subcomisario <strong>Mario An\u00edbal P\u00edo<\/strong>.<\/p>\n\n\n\n<figure class=\"wp-block-image size-large\"><img loading=\"lazy\" decoding=\"async\" width=\"1024\" height=\"768\" data-src=\"https:\/\/ondauno.com.ar\/wp-content\/uploads\/2026\/09\/WhatsApp-Image-2026-09-01-at-08.05.35-1-1024x768.jpeg\" alt=\"\" class=\"wp-image-66586 lazyload\" data-srcset=\"https:\/\/ondauno.com.ar\/wp-content\/uploads\/2026\/09\/WhatsApp-Image-2026-09-01-at-08.05.35-1-1024x768.jpeg 1024w, https:\/\/ondauno.com.ar\/wp-content\/uploads\/2026\/09\/WhatsApp-Image-2026-09-01-at-08.05.35-1-300x225.jpeg 300w, https:\/\/ondauno.com.ar\/wp-content\/uploads\/2026\/09\/WhatsApp-Image-2026-09-01-at-08.05.35-1-768x576.jpeg 768w, https:\/\/ondauno.com.ar\/wp-content\/uploads\/2026\/09\/WhatsApp-Image-2026-09-01-at-08.05.35-1-560x420.jpeg 560w, https:\/\/ondauno.com.ar\/wp-content\/uploads\/2026\/09\/WhatsApp-Image-2026-09-01-at-08.05.35-1-80x60.jpeg 80w, https:\/\/ondauno.com.ar\/wp-content\/uploads\/2026\/09\/WhatsApp-Image-2026-09-01-at-08.05.35-1-696x522.jpeg 696w, https:\/\/ondauno.com.ar\/wp-content\/uploads\/2026\/09\/WhatsApp-Image-2026-09-01-at-08.05.35-1-1068x801.jpeg 1068w, https:\/\/ondauno.com.ar\/wp-content\/uploads\/2026\/09\/WhatsApp-Image-2026-09-01-at-08.05.35-1-265x198.jpeg 265w, https:\/\/ondauno.com.ar\/wp-content\/uploads\/2026\/09\/WhatsApp-Image-2026-09-01-at-08.05.35-1.jpeg 1280w\" data-sizes=\"auto, (max-width: 1024px) 100vw, 1024px\" src=\"data:image\/gif;base64,R0lGODlhAQABAAAAACH5BAEKAAEALAAAAAABAAEAAAICTAEAOw==\" style=\"--smush-placeholder-width: 1024px; --smush-placeholder-aspect-ratio: 1024\/768;\" \/><noscript><img loading=\"lazy\" decoding=\"async\" width=\"1024\" height=\"768\" src=\"https:\/\/ondauno.com.ar\/wp-content\/uploads\/2026\/09\/WhatsApp-Image-2026-09-01-at-08.05.35-1-1024x768.jpeg\" alt=\"\" class=\"wp-image-66586\" srcset=\"https:\/\/ondauno.com.ar\/wp-content\/uploads\/2026\/09\/WhatsApp-Image-2026-09-01-at-08.05.35-1-1024x768.jpeg 1024w, https:\/\/ondauno.com.ar\/wp-content\/uploads\/2026\/09\/WhatsApp-Image-2026-09-01-at-08.05.35-1-300x225.jpeg 300w, https:\/\/ondauno.com.ar\/wp-content\/uploads\/2026\/09\/WhatsApp-Image-2026-09-01-at-08.05.35-1-768x576.jpeg 768w, https:\/\/ondauno.com.ar\/wp-content\/uploads\/2026\/09\/WhatsApp-Image-2026-09-01-at-08.05.35-1-560x420.jpeg 560w, https:\/\/ondauno.com.ar\/wp-content\/uploads\/2026\/09\/WhatsApp-Image-2026-09-01-at-08.05.35-1-80x60.jpeg 80w, https:\/\/ondauno.com.ar\/wp-content\/uploads\/2026\/09\/WhatsApp-Image-2026-09-01-at-08.05.35-1-696x522.jpeg 696w, https:\/\/ondauno.com.ar\/wp-content\/uploads\/2026\/09\/WhatsApp-Image-2026-09-01-at-08.05.35-1-1068x801.jpeg 1068w, https:\/\/ondauno.com.ar\/wp-content\/uploads\/2026\/09\/WhatsApp-Image-2026-09-01-at-08.05.35-1-265x198.jpeg 265w, https:\/\/ondauno.com.ar\/wp-content\/uploads\/2026\/09\/WhatsApp-Image-2026-09-01-at-08.05.35-1.jpeg 1280w\" sizes=\"auto, (max-width: 1024px) 100vw, 1024px\" \/><\/noscript><\/figure>\n\n\n\n<p>P\u00edo dej\u00f3 su cargo al frente de la dependencia tras una gesti\u00f3n destacada y fue promovido para desempe\u00f1arse como <strong>Supervisor de Servicios Viales del Departamento de Zona Operativa Vial V Bah\u00eda Blanca<\/strong>, manteniendo su base en Tres Arroyos.<\/p>\n\n\n\n<p>En su reemplazo asumi\u00f3 la <strong>oficial subayudante Mar\u00eda Victoria Fesler<\/strong>, quien se convirti\u00f3 en <strong>la primera mujer en estar al frente del Destacamento de Seguridad Vial Tres Arroyos<\/strong>.<\/p>\n\n\n\n<p>Desde la dependencia destacaron que P\u00edo continuar\u00e1 trabajando de manera articulada con las distintas fuerzas policiales de la ciudad, desde su nueva funci\u00f3n, fortaleciendo el trabajo conjunto en materia de seguridad vial.<\/p>\n","protected":false},"excerpt":{"rendered":"<p>El pasado mi\u00e9rcoles 26 se llev\u00f3 a cabo el cambio de autoridades en el Destacamento de Seguridad Vial Tres Arroyos, luego de cinco a\u00f1os de gesti\u00f3n del subcomisario Mario An\u00edbal P\u00edo. P\u00edo dej\u00f3 su cargo al frente de la dependencia tras una gesti\u00f3n destacada y fue promovido para desempe\u00f1arse como Supervisor de Servicios Viales del [&hellip;]<\/p>\n","protected":false},"author":1,"featured_media":66585,"comment_status":"open","ping_status":"open","sticky":false,"template":"","format":"standard","meta":{"tdm_status":"","tdm_grid_status":"","_jetpack_memberships_contains_paid_content":false,"footnotes":"","jetpack_publicize_message":"","jetpack_publicize_feature_enabled":true,"jetpack_social_post_already_shared":true,"jetpack_social_options":{"image_generator_settings":{"template":"highway","default_image_id":0,"font":"","enabled":false},"version":2}},"categories":[29],"tags":[],"class_list":{"0":"post-66584","1":"post","2":"type-post","3":"status-publish","4":"format-standard","5":"has-post-thumbnail","7":"category-policiales"},"yoast_head":"<!-- This site is optimized with the Yoast SEO plugin v22.7 - https:\/\/yoast.com\/wordpress\/plugins\/seo\/ -->\n<title>Cambio de autoridades en el Destacamento de Seguridad Vial de Tres Arroyos - 103.9 fm<\/title>\n<meta name=\"robots\" content=\"index, follow, max-snippet:-1, max-image-preview:large, max-video-preview:-1\" \/>\n<link rel=\"canonical\" href=\"https:\/\/ondauno.com.ar\/index.php\/2026\/09\/01\/cambio-de-autoridades-en-el-destacamento-de-seguridad-vial-de-tres-arroyos\/\" \/>\n<meta property=\"og:locale\" content=\"es_ES\" \/>\n<meta property=\"og:type\" content=\"article\" \/>\n<meta property=\"og:title\" content=\"Cambio de autoridades en el Destacamento de Seguridad Vial de Tres Arroyos - 103.9 fm\" \/>\n<meta property=\"og:description\" content=\"El pasado mi\u00e9rcoles 26 se llev\u00f3 a cabo el cambio de autoridades en el Destacamento de Seguridad Vial Tres Arroyos, luego de cinco a\u00f1os de gesti\u00f3n del subcomisario Mario An\u00edbal P\u00edo. P\u00edo dej\u00f3 su cargo al frente de la dependencia tras una gesti\u00f3n destacada y fue promovido para desempe\u00f1arse como Supervisor de Servicios Viales del [&hellip;]\" \/>\n<meta property=\"og:url\" content=\"https:\/\/ondauno.com.ar\/index.php\/2026\/09\/01\/cambio-de-autoridades-en-el-destacamento-de-seguridad-vial-de-tres-arroyos\/\" \/>\n<meta property=\"og:site_name\" content=\"103.9 fm\" \/>\n<meta property=\"article:publisher\" content=\"https:\/\/www.facebook.com\/ondauno103.9\" \/>\n<meta property=\"article:published_time\" content=\"2026-09-01T14:52:06+00:00\" \/>\n<meta property=\"article:modified_time\" content=\"2026-09-01T14:52:10+00:00\" \/>\n<meta property=\"og:image\" content=\"http:\/\/ondauno.com.ar\/wp-content\/uploads\/2026\/09\/WhatsApp-Image-2026-09-01-at-08.05.35.jpeg\" \/>\n\t<meta property=\"og:image:width\" content=\"1280\" \/>\n\t<meta property=\"og:image:height\" content=\"960\" \/>\n\t<meta property=\"og:image:type\" content=\"image\/jpeg\" \/>\n<meta name=\"author\" content=\"OndaUno\" \/>\n<meta name=\"twitter:card\" content=\"summary_large_image\" \/>\n<meta name=\"twitter:label1\" content=\"Escrito por\" \/>\n\t<meta name=\"twitter:data1\" content=\"OndaUno\" \/>\n\t<meta name=\"twitter:label2\" content=\"Tiempo de lectura\" \/>\n\t<meta name=\"twitter:data2\" content=\"1 minuto\" \/>\n<script type=\"application\/ld+json\" class=\"yoast-schema-graph\">{\"@context\":\"https:\/\/schema.org\",\"@graph\":[{\"@type\":\"WebPage\",\"@id\":\"https:\/\/ondauno.com.ar\/index.php\/2026\/09\/01\/cambio-de-autoridades-en-el-destacamento-de-seguridad-vial-de-tres-arroyos\/\",\"url\":\"https:\/\/ondauno.com.ar\/index.php\/2026\/09\/01\/cambio-de-autoridades-en-el-destacamento-de-seguridad-vial-de-tres-arroyos\/\",\"name\":\"Cambio de autoridades en el Destacamento de Seguridad Vial de Tres Arroyos - 103.9 fm\",\"isPartOf\":{\"@id\":\"https:\/\/ondauno.com.ar\/#website\"},\"primaryImageOfPage\":{\"@id\":\"https:\/\/ondauno.com.ar\/index.php\/2026\/09\/01\/cambio-de-autoridades-en-el-destacamento-de-seguridad-vial-de-tres-arroyos\/#primaryimage\"},\"image\":{\"@id\":\"https:\/\/ondauno.com.ar\/index.php\/2026\/09\/01\/cambio-de-autoridades-en-el-destacamento-de-seguridad-vial-de-tres-arroyos\/#primaryimage\"},\"thumbnailUrl\":\"https:\/\/ondauno.com.ar\/wp-content\/uploads\/2026\/09\/WhatsApp-Image-2026-09-01-at-08.05.35.jpeg\",\"datePublished\":\"2026-09-01T14:52:06+00:00\",\"dateModified\":\"2026-09-01T14:52:10+00:00\",\"author\":{\"@id\":\"https:\/\/ondauno.com.ar\/#\/schema\/person\/7ec851ddeceb4133d7d7132dc645714e\"},\"breadcrumb\":{\"@id\":\"https:\/\/ondauno.com.ar\/index.php\/2026\/09\/01\/cambio-de-autoridades-en-el-destacamento-de-seguridad-vial-de-tres-arroyos\/#breadcrumb\"},\"inLanguage\":\"es-AR\",\"potentialAction\":[{\"@type\":\"ReadAction\",\"target\":[\"https:\/\/ondauno.com.ar\/index.php\/2026\/09\/01\/cambio-de-autoridades-en-el-destacamento-de-seguridad-vial-de-tres-arroyos\/\"]}]},{\"@type\":\"ImageObject\",\"inLanguage\":\"es-AR\",\"@id\":\"https:\/\/ondauno.com.ar\/index.php\/2026\/09\/01\/cambio-de-autoridades-en-el-destacamento-de-seguridad-vial-de-tres-arroyos\/#primaryimage\",\"url\":\"https:\/\/ondauno.com.ar\/wp-content\/uploads\/2026\/09\/WhatsApp-Image-2026-09-01-at-08.05.35.jpeg\",\"contentUrl\":\"https:\/\/ondauno.com.ar\/wp-content\/uploads\/2026\/09\/WhatsApp-Image-2026-09-01-at-08.05.35.jpeg\",\"width\":1280,\"height\":960},{\"@type\":\"BreadcrumbList\",\"@id\":\"https:\/\/ondauno.com.ar\/index.php\/2026\/09\/01\/cambio-de-autoridades-en-el-destacamento-de-seguridad-vial-de-tres-arroyos\/#breadcrumb\",\"itemListElement\":[{\"@type\":\"ListItem\",\"position\":1,\"name\":\"Inicio\",\"item\":\"https:\/\/ondauno.com.ar\/\"},{\"@type\":\"ListItem\",\"position\":2,\"name\":\"Cambio de autoridades en el Destacamento de Seguridad Vial de Tres Arroyos\"}]},{\"@type\":\"WebSite\",\"@id\":\"https:\/\/ondauno.com.ar\/#website\",\"url\":\"https:\/\/ondauno.com.ar\/\",\"name\":\"103.9 fm\",\"description\":\"LA PRIMERA RADIO MULTIMEDIA DE TRES ARROYOS\",\"potentialAction\":[{\"@type\":\"SearchAction\",\"target\":{\"@type\":\"EntryPoint\",\"urlTemplate\":\"https:\/\/ondauno.com.ar\/?s={search_term_string}\"},\"query-input\":\"required name=search_term_string\"}],\"inLanguage\":\"es-AR\"},{\"@type\":\"Person\",\"@id\":\"https:\/\/ondauno.com.ar\/#\/schema\/person\/7ec851ddeceb4133d7d7132dc645714e\",\"name\":\"OndaUno\",\"image\":{\"@type\":\"ImageObject\",\"inLanguage\":\"es-AR\",\"@id\":\"https:\/\/ondauno.com.ar\/#\/schema\/person\/image\/\",\"url\":\"https:\/\/secure.gravatar.com\/avatar\/93b8009f0de7021f1feb2bd5b32fb9e8?s=96&d=mm&r=g\",\"contentUrl\":\"https:\/\/secure.gravatar.com\/avatar\/93b8009f0de7021f1feb2bd5b32fb9e8?s=96&d=mm&r=g\",\"caption\":\"OndaUno\"},\"url\":\"https:\/\/ondauno.com.ar\/index.php\/author\/ondauno\/\"}]}<\/script>\n<!-- \/ Yoast SEO plugin. -->","yoast_head_json":{"title":"Cambio de autoridades en el Destacamento de Seguridad Vial de Tres Arroyos - 103.9 fm","robots":{"index":"index","follow":"follow","max-snippet":"max-snippet:-1","max-image-preview":"max-image-preview:large","max-video-preview":"max-video-preview:-1"},"canonical":"https:\/\/ondauno.com.ar\/index.php\/2026\/09\/01\/cambio-de-autoridades-en-el-destacamento-de-seguridad-vial-de-tres-arroyos\/","og_locale":"es_ES","og_type":"article","og_title":"Cambio de autoridades en el Destacamento de Seguridad Vial de Tres Arroyos - 103.9 fm","og_description":"El pasado mi\u00e9rcoles 26 se llev\u00f3 a cabo el cambio de autoridades en el Destacamento de Seguridad Vial Tres Arroyos, luego de cinco a\u00f1os de gesti\u00f3n del subcomisario Mario An\u00edbal P\u00edo. P\u00edo dej\u00f3 su cargo al frente de la dependencia tras una gesti\u00f3n destacada y fue promovido para desempe\u00f1arse como Supervisor de Servicios Viales del [&hellip;]","og_url":"https:\/\/ondauno.com.ar\/index.php\/2026\/09\/01\/cambio-de-autoridades-en-el-destacamento-de-seguridad-vial-de-tres-arroyos\/","og_site_name":"103.9 fm","article_publisher":"https:\/\/www.facebook.com\/ondauno103.9","article_published_time":"2026-09-01T14:52:06+00:00","article_modified_time":"2026-09-01T14:52:10+00:00","og_image":[{"width":1280,"height":960,"url":"http:\/\/ondauno.com.ar\/wp-content\/uploads\/2026\/09\/WhatsApp-Image-2026-09-01-at-08.05.35.jpeg","type":"image\/jpeg"}],"author":"OndaUno","twitter_card":"summary_large_image","twitter_misc":{"Escrito por":"OndaUno","Tiempo de lectura":"1 minuto"},"schema":{"@context":"https:\/\/schema.org","@graph":[{"@type":"WebPage","@id":"https:\/\/ondauno.com.ar\/index.php\/2026\/09\/01\/cambio-de-autoridades-en-el-destacamento-de-seguridad-vial-de-tres-arroyos\/","url":"https:\/\/ondauno.com.ar\/index.php\/2026\/09\/01\/cambio-de-autoridades-en-el-destacamento-de-seguridad-vial-de-tres-arroyos\/","name":"Cambio de autoridades en el Destacamento de Seguridad Vial de Tres Arroyos - 103.9 fm","isPartOf":{"@id":"https:\/\/ondauno.com.ar\/#website"},"primaryImageOfPage":{"@id":"https:\/\/ondauno.com.ar\/index.php\/2026\/09\/01\/cambio-de-autoridades-en-el-destacamento-de-seguridad-vial-de-tres-arroyos\/#primaryimage"},"image":{"@id":"https:\/\/ondauno.com.ar\/index.php\/2026\/09\/01\/cambio-de-autoridades-en-el-destacamento-de-seguridad-vial-de-tres-arroyos\/#primaryimage"},"thumbnailUrl":"https:\/\/ondauno.com.ar\/wp-content\/uploads\/2026\/09\/WhatsApp-Image-2026-09-01-at-08.05.35.jpeg","datePublished":"2026-09-01T14:52:06+00:00","dateModified":"2026-09-01T14:52:10+00:00","author":{"@id":"https:\/\/ondauno.com.ar\/#\/schema\/person\/7ec851ddeceb4133d7d7132dc645714e"},"breadcrumb":{"@id":"https:\/\/ondauno.com.ar\/index.php\/2026\/09\/01\/cambio-de-autoridades-en-el-destacamento-de-seguridad-vial-de-tres-arroyos\/#breadcrumb"},"inLanguage":"es-AR","potentialAction":[{"@type":"ReadAction","target":["https:\/\/ondauno.com.ar\/index.php\/2026\/09\/01\/cambio-de-autoridades-en-el-destacamento-de-seguridad-vial-de-tres-arroyos\/"]}]},{"@type":"ImageObject","inLanguage":"es-AR","@id":"https:\/\/ondauno.com.ar\/index.php\/2026\/09\/01\/cambio-de-autoridades-en-el-destacamento-de-seguridad-vial-de-tres-arroyos\/#primaryimage","url":"https:\/\/ondauno.com.ar\/wp-content\/uploads\/2026\/09\/WhatsApp-Image-2026-09-01-at-08.05.35.jpeg","contentUrl":"https:\/\/ondauno.com.ar\/wp-content\/uploads\/2026\/09\/WhatsApp-Image-2026-09-01-at-08.05.35.jpeg","width":1280,"height":960},{"@type":"BreadcrumbList","@id":"https:\/\/ondauno.com.ar\/index.php\/2026\/09\/01\/cambio-de-autoridades-en-el-destacamento-de-seguridad-vial-de-tres-arroyos\/#breadcrumb","itemListElement":[{"@type":"ListItem","position":1,"name":"Inicio","item":"https:\/\/ondauno.com.ar\/"},{"@type":"ListItem","position":2,"name":"Cambio de autoridades en el Destacamento de Seguridad Vial de Tres Arroyos"}]},{"@type":"WebSite","@id":"https:\/\/ondauno.com.ar\/#website","url":"https:\/\/ondauno.com.ar\/","name":"103.9 fm","description":"LA PRIMERA RADIO MULTIMEDIA DE TRES ARROYOS","potentialAction":[{"@type":"SearchAction","target":{"@type":"EntryPoint","urlTemplate":"https:\/\/ondauno.com.ar\/?s={search_term_string}"},"query-input":"required name=search_term_string"}],"inLanguage":"es-AR"},{"@type":"Person","@id":"https:\/\/ondauno.com.ar\/#\/schema\/person\/7ec851ddeceb4133d7d7132dc645714e","name":"OndaUno","image":{"@type":"ImageObject","inLanguage":"es-AR","@id":"https:\/\/ondauno.com.ar\/#\/schema\/person\/image\/","url":"https:\/\/secure.gravatar.com\/avatar\/93b8009f0de7021f1feb2bd5b32fb9e8?s=96&d=mm&r=g","contentUrl":"https:\/\/secure.gravatar.com\/avatar\/93b8009f0de7021f1feb2bd5b32fb9e8?s=96&d=mm&r=g","caption":"OndaUno"},"url":"https:\/\/ondauno.com.ar\/index.php\/author\/ondauno\/"}]}},"jetpack_publicize_connections":[],"jetpack_featured_media_url":"https:\/\/ondauno.com.ar\/wp-content\/uploads\/2026\/09\/WhatsApp-Image-2026-09-01-at-08.05.35.jpeg","jetpack_sharing_enabled":true,"_links":{"self":[{"href":"https:\/\/ondauno.com.ar\/index.php\/wp-json\/wp\/v2\/posts\/66584","targetHints":{"allow":["GET"]}}],"collection":[{"href":"https:\/\/ondauno.com.ar\/index.php\/wp-json\/wp\/v2\/posts"}],"about":[{"href":"https:\/\/ondauno.com.ar\/index.php\/wp-json\/wp\/v2\/types\/post"}],"author":[{"embeddable":true,"href":"https:\/\/ondauno.com.ar\/index.php\/wp-json\/wp\/v2\/users\/1"}],"replies":[{"embeddable":true,"href":"https:\/\/ondauno.com.ar\/index.php\/wp-json\/wp\/v2\/comments?post=66584"}],"version-history":[{"count":1,"href":"https:\/\/ondauno.com.ar\/index.php\/wp-json\/wp\/v2\/posts\/66584\/revisions"}],"predecessor-version":[{"id":66587,"href":"https:\/\/ondauno.com.ar\/index.php\/wp-json\/wp\/v2\/posts\/66584\/revisions\/66587"}],"wp:featuredmedia":[{"embeddable":true,"href":"https:\/\/ondauno.com.ar\/index.php\/wp-json\/wp\/v2\/media\/66585"}],"wp:attachment":[{"href":"https:\/\/ondauno.com.ar\/index.php\/wp-json\/wp\/v2\/media?parent=66584"}],"wp:term":[{"taxonomy":"category","embeddable":true,"href":"https:\/\/ondauno.com.ar\/index.php\/wp-json\/wp\/v2\/categories?post=66584"},{"taxonomy":"post_tag","embeddable":true,"href":"https:\/\/ondauno.com.ar\/index.php\/wp-json\/wp\/v2\/tags?post=66584"}],"curies":[{"name":"wp","href":"https:\/\/api.w.org\/{rel}","templated":true}]}}