{"id":66572,"date":"2026-08-31T19:01:00","date_gmt":"2026-08-31T22:01:00","guid":{"rendered":"https:\/\/ondauno.com.ar\/?p=66572"},"modified":"2026-08-31T19:01:13","modified_gmt":"2026-08-31T22:01:13","slug":"tribunal-de-cuentas-aclaracion-del-consejo-escolar-de-tres-arroyos","status":"publish","type":"post","link":"https:\/\/ondauno.com.ar\/index.php\/2026\/08\/31\/tribunal-de-cuentas-aclaracion-del-consejo-escolar-de-tres-arroyos\/","title":{"rendered":"Tribunal de Cuentas: aclaraci\u00f3n del Consejo Escolar de Tres Arroyos"},"content":{"rendered":"<div class=\"ondau-before-content_3\" style=\"margin-top: -30px;\" id=\"ondau-658876127\"><a href=\"https:\/\/www.lps.com.ar\/\" aria-label=\"la-perse2\"><img loading=\"lazy\" decoding=\"async\" src=\"https:\/\/ondauno.com.ar\/wp-content\/uploads\/2021\/10\/la-perse2.jpg\" alt=\"\"  srcset=\"https:\/\/ondauno.com.ar\/wp-content\/uploads\/2021\/10\/la-perse2.jpg 1353w, https:\/\/ondauno.com.ar\/wp-content\/uploads\/2021\/10\/la-perse2-300x43.jpg 300w, https:\/\/ondauno.com.ar\/wp-content\/uploads\/2021\/10\/la-perse2-1024x148.jpg 1024w, https:\/\/ondauno.com.ar\/wp-content\/uploads\/2021\/10\/la-perse2-768x111.jpg 768w, https:\/\/ondauno.com.ar\/wp-content\/uploads\/2021\/10\/la-perse2-696x100.jpg 696w, https:\/\/ondauno.com.ar\/wp-content\/uploads\/2021\/10\/la-perse2-1068x154.jpg 1068w\" sizes=\"(max-width: 1353px) 100vw, 1353px\" class=\"no-lazyload\" width=\"1353\" height=\"195\"  style=\"display: inline-block;\" \/><\/a><\/div>\n<p>Ante la resoluci\u00f3n del Honorable Tribunal de Cuentas correspondiente al ejercicio 2024, el Consejo Escolar de Tres Arroyos considera necesario aclarar:<\/p>\n\n\n\n<p>En primer lugar, las observaciones del Tribunal de Cuentas forman parte de los procedimientos habituales de control a los que est\u00e1n sujetos todos los organismos p\u00fablicos. En este caso, el balance fue aprobado y las observaciones realizadas corresponden a cuestiones administrativas vinculadas con determinados procedimientos y con la registraci\u00f3n de algunos remitos de servicios que se realizan en la \u00f3rbita del Consejo Escolar, teniendo la firma de auxiliares de escuelas en vez del director\/a correspondiente de la instituci\u00f3n.<\/p>\n\n\n\n<p>En segundo lugar, el Tribunal analiza y sanciona al Consejo Escolar como cuerpo, por una mala pr\u00e1ctica, dado que todos sus integrantes participan de las decisiones, tienen acceso a la documentaci\u00f3n y cumplen funciones de control. Por este motivo, la resoluci\u00f3n alcanz\u00f3 a la totalidad de los consejeros escolares y no debe interpretarse como una sanci\u00f3n dirigida individualmente a una persona o sector pol\u00edtico.<\/p>\n\n\n\n<p>Los sancionados fueron:<br>Gabriela Garc\u00eda (Pte)<br>Lucas Britez (Vicepresidente)<br>Christian Lagrecca (tesorero)<br>Victoria V\u00e1zquez (vocal)<br>Sol Urquiaga (Secretaria)<\/p>\n\n\n\n<p>Asimismo, las contrataciones y los procesos licitatorios eran llevados adelante por el secretario t\u00e9cnico del Consejo Escolar, funcionario de carrera que ya desempe\u00f1aba esa funci\u00f3n durante la gesti\u00f3n anterior a 2023 y que no fue elegido por los consejeros escolares que asumieron en diciembre de 2023.<br>Las autoridades segu\u00edan las indicaciones t\u00e9cnicas recibidas, entendiendo que los procedimientos se estaban realizando correctamente.<\/p>\n\n\n\n<p>Las observaciones ser\u00e1n subsanadas dentro del plazo de 15 d\u00edas previsto por el Tribunal.<\/p>\n\n\n\n<p>El Consejo Escolar, Gesti\u00f3n actual, entiende que las fakes news generadas se dan en el marco de intenciones pol\u00edticas de ex integrantes del Consejo. Las mismas ser\u00e1n denunciadas por intento de afectar el honor del cuerpo de Consejeros escolares.<\/p>\n","protected":false},"excerpt":{"rendered":"<p>Ante la resoluci\u00f3n del Honorable Tribunal de Cuentas correspondiente al ejercicio 2024, el Consejo Escolar de Tres Arroyos considera necesario aclarar: En primer lugar, las observaciones del Tribunal de Cuentas forman parte de los procedimientos habituales de control a los que est\u00e1n sujetos todos los organismos p\u00fablicos. En este caso, el balance fue aprobado y [&hellip;]<\/p>\n","protected":false},"author":1,"featured_media":1277,"comment_status":"open","ping_status":"open","sticky":false,"template":"","format":"standard","meta":{"tdm_status":"","tdm_grid_status":"","_jetpack_memberships_contains_paid_content":false,"footnotes":"","jetpack_publicize_message":"","jetpack_publicize_feature_enabled":true,"jetpack_social_post_already_shared":true,"jetpack_social_options":{"image_generator_settings":{"template":"highway","default_image_id":0,"font":"","enabled":false},"version":2}},"categories":[2],"tags":[],"class_list":{"0":"post-66572","1":"post","2":"type-post","3":"status-publish","4":"format-standard","5":"has-post-thumbnail","7":"category-locales"},"yoast_head":"<!-- This site is optimized with the Yoast SEO plugin v22.7 - https:\/\/yoast.com\/wordpress\/plugins\/seo\/ -->\n<title>Tribunal de Cuentas: aclaraci\u00f3n del Consejo Escolar de Tres Arroyos - 103.9 fm<\/title>\n<meta name=\"robots\" content=\"index, follow, max-snippet:-1, max-image-preview:large, max-video-preview:-1\" \/>\n<link rel=\"canonical\" href=\"https:\/\/ondauno.com.ar\/index.php\/2026\/08\/31\/tribunal-de-cuentas-aclaracion-del-consejo-escolar-de-tres-arroyos\/\" \/>\n<meta property=\"og:locale\" content=\"es_ES\" \/>\n<meta property=\"og:type\" content=\"article\" \/>\n<meta property=\"og:title\" content=\"Tribunal de Cuentas: aclaraci\u00f3n del Consejo Escolar de Tres Arroyos - 103.9 fm\" \/>\n<meta property=\"og:description\" content=\"Ante la resoluci\u00f3n del Honorable Tribunal de Cuentas correspondiente al ejercicio 2024, el Consejo Escolar de Tres Arroyos considera necesario aclarar: En primer lugar, las observaciones del Tribunal de Cuentas forman parte de los procedimientos habituales de control a los que est\u00e1n sujetos todos los organismos p\u00fablicos. En este caso, el balance fue aprobado y [&hellip;]\" \/>\n<meta property=\"og:url\" content=\"https:\/\/ondauno.com.ar\/index.php\/2026\/08\/31\/tribunal-de-cuentas-aclaracion-del-consejo-escolar-de-tres-arroyos\/\" \/>\n<meta property=\"og:site_name\" content=\"103.9 fm\" \/>\n<meta property=\"article:publisher\" content=\"https:\/\/www.facebook.com\/ondauno103.9\" \/>\n<meta property=\"article:published_time\" content=\"2026-08-31T22:01:00+00:00\" \/>\n<meta property=\"article:modified_time\" content=\"2026-08-31T22:01:13+00:00\" \/>\n<meta property=\"og:image\" content=\"http:\/\/ondauno.com.ar\/wp-content\/uploads\/2019\/11\/consejo-escolar-480x360.jpeg\" \/>\n\t<meta property=\"og:image:width\" content=\"480\" \/>\n\t<meta property=\"og:image:height\" content=\"360\" \/>\n\t<meta property=\"og:image:type\" content=\"image\/jpeg\" \/>\n<meta name=\"author\" content=\"OndaUno\" \/>\n<meta name=\"twitter:card\" content=\"summary_large_image\" \/>\n<meta name=\"twitter:label1\" content=\"Escrito por\" \/>\n\t<meta name=\"twitter:data1\" content=\"OndaUno\" \/>\n\t<meta name=\"twitter:label2\" content=\"Tiempo de lectura\" \/>\n\t<meta name=\"twitter:data2\" content=\"2 minutos\" \/>\n<script type=\"application\/ld+json\" class=\"yoast-schema-graph\">{\"@context\":\"https:\/\/schema.org\",\"@graph\":[{\"@type\":\"WebPage\",\"@id\":\"https:\/\/ondauno.com.ar\/index.php\/2026\/08\/31\/tribunal-de-cuentas-aclaracion-del-consejo-escolar-de-tres-arroyos\/\",\"url\":\"https:\/\/ondauno.com.ar\/index.php\/2026\/08\/31\/tribunal-de-cuentas-aclaracion-del-consejo-escolar-de-tres-arroyos\/\",\"name\":\"Tribunal de Cuentas: aclaraci\u00f3n del Consejo Escolar de Tres Arroyos - 103.9 fm\",\"isPartOf\":{\"@id\":\"https:\/\/ondauno.com.ar\/#website\"},\"primaryImageOfPage\":{\"@id\":\"https:\/\/ondauno.com.ar\/index.php\/2026\/08\/31\/tribunal-de-cuentas-aclaracion-del-consejo-escolar-de-tres-arroyos\/#primaryimage\"},\"image\":{\"@id\":\"https:\/\/ondauno.com.ar\/index.php\/2026\/08\/31\/tribunal-de-cuentas-aclaracion-del-consejo-escolar-de-tres-arroyos\/#primaryimage\"},\"thumbnailUrl\":\"https:\/\/ondauno.com.ar\/wp-content\/uploads\/2019\/11\/consejo-escolar-480x360.jpeg\",\"datePublished\":\"2026-08-31T22:01:00+00:00\",\"dateModified\":\"2026-08-31T22:01:13+00:00\",\"author\":{\"@id\":\"https:\/\/ondauno.com.ar\/#\/schema\/person\/7ec851ddeceb4133d7d7132dc645714e\"},\"breadcrumb\":{\"@id\":\"https:\/\/ondauno.com.ar\/index.php\/2026\/08\/31\/tribunal-de-cuentas-aclaracion-del-consejo-escolar-de-tres-arroyos\/#breadcrumb\"},\"inLanguage\":\"es-AR\",\"potentialAction\":[{\"@type\":\"ReadAction\",\"target\":[\"https:\/\/ondauno.com.ar\/index.php\/2026\/08\/31\/tribunal-de-cuentas-aclaracion-del-consejo-escolar-de-tres-arroyos\/\"]}]},{\"@type\":\"ImageObject\",\"inLanguage\":\"es-AR\",\"@id\":\"https:\/\/ondauno.com.ar\/index.php\/2026\/08\/31\/tribunal-de-cuentas-aclaracion-del-consejo-escolar-de-tres-arroyos\/#primaryimage\",\"url\":\"https:\/\/ondauno.com.ar\/wp-content\/uploads\/2019\/11\/consejo-escolar-480x360.jpeg\",\"contentUrl\":\"https:\/\/ondauno.com.ar\/wp-content\/uploads\/2019\/11\/consejo-escolar-480x360.jpeg\",\"width\":480,\"height\":360},{\"@type\":\"BreadcrumbList\",\"@id\":\"https:\/\/ondauno.com.ar\/index.php\/2026\/08\/31\/tribunal-de-cuentas-aclaracion-del-consejo-escolar-de-tres-arroyos\/#breadcrumb\",\"itemListElement\":[{\"@type\":\"ListItem\",\"position\":1,\"name\":\"Inicio\",\"item\":\"https:\/\/ondauno.com.ar\/\"},{\"@type\":\"ListItem\",\"position\":2,\"name\":\"Tribunal de Cuentas: aclaraci\u00f3n del Consejo Escolar de Tres Arroyos\"}]},{\"@type\":\"WebSite\",\"@id\":\"https:\/\/ondauno.com.ar\/#website\",\"url\":\"https:\/\/ondauno.com.ar\/\",\"name\":\"103.9 fm\",\"description\":\"LA PRIMERA RADIO MULTIMEDIA DE TRES ARROYOS\",\"potentialAction\":[{\"@type\":\"SearchAction\",\"target\":{\"@type\":\"EntryPoint\",\"urlTemplate\":\"https:\/\/ondauno.com.ar\/?s={search_term_string}\"},\"query-input\":\"required name=search_term_string\"}],\"inLanguage\":\"es-AR\"},{\"@type\":\"Person\",\"@id\":\"https:\/\/ondauno.com.ar\/#\/schema\/person\/7ec851ddeceb4133d7d7132dc645714e\",\"name\":\"OndaUno\",\"image\":{\"@type\":\"ImageObject\",\"inLanguage\":\"es-AR\",\"@id\":\"https:\/\/ondauno.com.ar\/#\/schema\/person\/image\/\",\"url\":\"https:\/\/secure.gravatar.com\/avatar\/93b8009f0de7021f1feb2bd5b32fb9e8?s=96&d=mm&r=g\",\"contentUrl\":\"https:\/\/secure.gravatar.com\/avatar\/93b8009f0de7021f1feb2bd5b32fb9e8?s=96&d=mm&r=g\",\"caption\":\"OndaUno\"},\"url\":\"https:\/\/ondauno.com.ar\/index.php\/author\/ondauno\/\"}]}<\/script>\n<!-- \/ Yoast SEO plugin. -->","yoast_head_json":{"title":"Tribunal de Cuentas: aclaraci\u00f3n del Consejo Escolar de Tres Arroyos - 103.9 fm","robots":{"index":"index","follow":"follow","max-snippet":"max-snippet:-1","max-image-preview":"max-image-preview:large","max-video-preview":"max-video-preview:-1"},"canonical":"https:\/\/ondauno.com.ar\/index.php\/2026\/08\/31\/tribunal-de-cuentas-aclaracion-del-consejo-escolar-de-tres-arroyos\/","og_locale":"es_ES","og_type":"article","og_title":"Tribunal de Cuentas: aclaraci\u00f3n del Consejo Escolar de Tres Arroyos - 103.9 fm","og_description":"Ante la resoluci\u00f3n del Honorable Tribunal de Cuentas correspondiente al ejercicio 2024, el Consejo Escolar de Tres Arroyos considera necesario aclarar: En primer lugar, las observaciones del Tribunal de Cuentas forman parte de los procedimientos habituales de control a los que est\u00e1n sujetos todos los organismos p\u00fablicos. En este caso, el balance fue aprobado y [&hellip;]","og_url":"https:\/\/ondauno.com.ar\/index.php\/2026\/08\/31\/tribunal-de-cuentas-aclaracion-del-consejo-escolar-de-tres-arroyos\/","og_site_name":"103.9 fm","article_publisher":"https:\/\/www.facebook.com\/ondauno103.9","article_published_time":"2026-08-31T22:01:00+00:00","article_modified_time":"2026-08-31T22:01:13+00:00","og_image":[{"width":480,"height":360,"url":"http:\/\/ondauno.com.ar\/wp-content\/uploads\/2019\/11\/consejo-escolar-480x360.jpeg","type":"image\/jpeg"}],"author":"OndaUno","twitter_card":"summary_large_image","twitter_misc":{"Escrito por":"OndaUno","Tiempo de lectura":"2 minutos"},"schema":{"@context":"https:\/\/schema.org","@graph":[{"@type":"WebPage","@id":"https:\/\/ondauno.com.ar\/index.php\/2026\/08\/31\/tribunal-de-cuentas-aclaracion-del-consejo-escolar-de-tres-arroyos\/","url":"https:\/\/ondauno.com.ar\/index.php\/2026\/08\/31\/tribunal-de-cuentas-aclaracion-del-consejo-escolar-de-tres-arroyos\/","name":"Tribunal de Cuentas: aclaraci\u00f3n del Consejo Escolar de Tres Arroyos - 103.9 fm","isPartOf":{"@id":"https:\/\/ondauno.com.ar\/#website"},"primaryImageOfPage":{"@id":"https:\/\/ondauno.com.ar\/index.php\/2026\/08\/31\/tribunal-de-cuentas-aclaracion-del-consejo-escolar-de-tres-arroyos\/#primaryimage"},"image":{"@id":"https:\/\/ondauno.com.ar\/index.php\/2026\/08\/31\/tribunal-de-cuentas-aclaracion-del-consejo-escolar-de-tres-arroyos\/#primaryimage"},"thumbnailUrl":"https:\/\/ondauno.com.ar\/wp-content\/uploads\/2019\/11\/consejo-escolar-480x360.jpeg","datePublished":"2026-08-31T22:01:00+00:00","dateModified":"2026-08-31T22:01:13+00:00","author":{"@id":"https:\/\/ondauno.com.ar\/#\/schema\/person\/7ec851ddeceb4133d7d7132dc645714e"},"breadcrumb":{"@id":"https:\/\/ondauno.com.ar\/index.php\/2026\/08\/31\/tribunal-de-cuentas-aclaracion-del-consejo-escolar-de-tres-arroyos\/#breadcrumb"},"inLanguage":"es-AR","potentialAction":[{"@type":"ReadAction","target":["https:\/\/ondauno.com.ar\/index.php\/2026\/08\/31\/tribunal-de-cuentas-aclaracion-del-consejo-escolar-de-tres-arroyos\/"]}]},{"@type":"ImageObject","inLanguage":"es-AR","@id":"https:\/\/ondauno.com.ar\/index.php\/2026\/08\/31\/tribunal-de-cuentas-aclaracion-del-consejo-escolar-de-tres-arroyos\/#primaryimage","url":"https:\/\/ondauno.com.ar\/wp-content\/uploads\/2019\/11\/consejo-escolar-480x360.jpeg","contentUrl":"https:\/\/ondauno.com.ar\/wp-content\/uploads\/2019\/11\/consejo-escolar-480x360.jpeg","width":480,"height":360},{"@type":"BreadcrumbList","@id":"https:\/\/ondauno.com.ar\/index.php\/2026\/08\/31\/tribunal-de-cuentas-aclaracion-del-consejo-escolar-de-tres-arroyos\/#breadcrumb","itemListElement":[{"@type":"ListItem","position":1,"name":"Inicio","item":"https:\/\/ondauno.com.ar\/"},{"@type":"ListItem","position":2,"name":"Tribunal de Cuentas: aclaraci\u00f3n del Consejo Escolar de Tres Arroyos"}]},{"@type":"WebSite","@id":"https:\/\/ondauno.com.ar\/#website","url":"https:\/\/ondauno.com.ar\/","name":"103.9 fm","description":"LA PRIMERA RADIO MULTIMEDIA DE TRES ARROYOS","potentialAction":[{"@type":"SearchAction","target":{"@type":"EntryPoint","urlTemplate":"https:\/\/ondauno.com.ar\/?s={search_term_string}"},"query-input":"required name=search_term_string"}],"inLanguage":"es-AR"},{"@type":"Person","@id":"https:\/\/ondauno.com.ar\/#\/schema\/person\/7ec851ddeceb4133d7d7132dc645714e","name":"OndaUno","image":{"@type":"ImageObject","inLanguage":"es-AR","@id":"https:\/\/ondauno.com.ar\/#\/schema\/person\/image\/","url":"https:\/\/secure.gravatar.com\/avatar\/93b8009f0de7021f1feb2bd5b32fb9e8?s=96&d=mm&r=g","contentUrl":"https:\/\/secure.gravatar.com\/avatar\/93b8009f0de7021f1feb2bd5b32fb9e8?s=96&d=mm&r=g","caption":"OndaUno"},"url":"https:\/\/ondauno.com.ar\/index.php\/author\/ondauno\/"}]}},"jetpack_publicize_connections":[],"jetpack_featured_media_url":"https:\/\/ondauno.com.ar\/wp-content\/uploads\/2019\/11\/consejo-escolar-480x360.jpeg","jetpack_sharing_enabled":true,"_links":{"self":[{"href":"https:\/\/ondauno.com.ar\/index.php\/wp-json\/wp\/v2\/posts\/66572","targetHints":{"allow":["GET"]}}],"collection":[{"href":"https:\/\/ondauno.com.ar\/index.php\/wp-json\/wp\/v2\/posts"}],"about":[{"href":"https:\/\/ondauno.com.ar\/index.php\/wp-json\/wp\/v2\/types\/post"}],"author":[{"embeddable":true,"href":"https:\/\/ondauno.com.ar\/index.php\/wp-json\/wp\/v2\/users\/1"}],"replies":[{"embeddable":true,"href":"https:\/\/ondauno.com.ar\/index.php\/wp-json\/wp\/v2\/comments?post=66572"}],"version-history":[{"count":1,"href":"https:\/\/ondauno.com.ar\/index.php\/wp-json\/wp\/v2\/posts\/66572\/revisions"}],"predecessor-version":[{"id":66573,"href":"https:\/\/ondauno.com.ar\/index.php\/wp-json\/wp\/v2\/posts\/66572\/revisions\/66573"}],"wp:featuredmedia":[{"embeddable":true,"href":"https:\/\/ondauno.com.ar\/index.php\/wp-json\/wp\/v2\/media\/1277"}],"wp:attachment":[{"href":"https:\/\/ondauno.com.ar\/index.php\/wp-json\/wp\/v2\/media?parent=66572"}],"wp:term":[{"taxonomy":"category","embeddable":true,"href":"https:\/\/ondauno.com.ar\/index.php\/wp-json\/wp\/v2\/categories?post=66572"},{"taxonomy":"post_tag","embeddable":true,"href":"https:\/\/ondauno.com.ar\/index.php\/wp-json\/wp\/v2\/tags?post=66572"}],"curies":[{"name":"wp","href":"https:\/\/api.w.org\/{rel}","templated":true}]}}