{"id":66569,"date":"2026-08-31T18:50:28","date_gmt":"2026-08-31T21:50:28","guid":{"rendered":"https:\/\/ondauno.com.ar\/?p=66569"},"modified":"2026-08-31T18:50:36","modified_gmt":"2026-08-31T21:50:36","slug":"tribunal-de-cuentas-piden-una-reunion-extraordinaria-por-sanciones-al-consejo-escolar","status":"publish","type":"post","link":"https:\/\/ondauno.com.ar\/index.php\/2026\/08\/31\/tribunal-de-cuentas-piden-una-reunion-extraordinaria-por-sanciones-al-consejo-escolar\/","title":{"rendered":"Tribunal de Cuentas: piden una reuni\u00f3n extraordinaria por sanciones al Consejo Escolar"},"content":{"rendered":"<div class=\"ondau-before-content_3\" style=\"margin-top: -30px;\" id=\"ondau-2264262084\"><a href=\"https:\/\/www.lps.com.ar\/\" aria-label=\"la-perse2\"><img loading=\"lazy\" decoding=\"async\" src=\"https:\/\/ondauno.com.ar\/wp-content\/uploads\/2021\/10\/la-perse2.jpg\" alt=\"\"  srcset=\"https:\/\/ondauno.com.ar\/wp-content\/uploads\/2021\/10\/la-perse2.jpg 1353w, https:\/\/ondauno.com.ar\/wp-content\/uploads\/2021\/10\/la-perse2-300x43.jpg 300w, https:\/\/ondauno.com.ar\/wp-content\/uploads\/2021\/10\/la-perse2-1024x148.jpg 1024w, https:\/\/ondauno.com.ar\/wp-content\/uploads\/2021\/10\/la-perse2-768x111.jpg 768w, https:\/\/ondauno.com.ar\/wp-content\/uploads\/2021\/10\/la-perse2-696x100.jpg 696w, https:\/\/ondauno.com.ar\/wp-content\/uploads\/2021\/10\/la-perse2-1068x154.jpg 1068w\" sizes=\"(max-width: 1353px) 100vw, 1353px\" class=\"no-lazyload\" width=\"1353\" height=\"195\"  style=\"display: inline-block;\" \/><\/a><\/div>\n<p>La concejal de la Coalici\u00f3n C\u00edvica, Cecilia del Aguila, solicit\u00f3 una reuni\u00f3n extraordinaria del Concejo Deliberante para analizar un fallo del Tribunal de Cuentas de la Provincia de Buenos Aires sobre el ejercicio del Consejo Escolar durante 2024.<\/p>\n\n\n\n<p>Seg\u00fan explic\u00f3, el organismo realiz\u00f3 distintas observaciones vinculadas principalmente al Servicio Alimentario Escolar (SAE) y aplic\u00f3 sanciones econ\u00f3micas a los integrantes del cuerpo que se desempe\u00f1aban en ese per\u00edodo.<\/p>\n\n\n\n<p>Entre las observaciones mencion\u00f3 la contrataci\u00f3n directa de un proveedor, cuando seg\u00fan el Tribunal de Cuentas correspond\u00eda realizar una licitaci\u00f3n privada, adem\u00e1s de pagos por m\u00e1s de 15 millones de pesos mediante cheques que no se habr\u00edan emitido a la cuenta declarada por la sociedad.<\/p>\n\n\n\n<p>Tambi\u00e9n se\u00f1al\u00f3 que no existir\u00eda documentaci\u00f3n suficiente para determinar con precisi\u00f3n qu\u00e9 productos fueron entregados a trav\u00e9s del servicio alimentario y sus respectivos valores. En este punto, indic\u00f3 que el monto observado supera los 21 millones de pesos.<\/p>\n\n\n\n<p>Del Aguila remarc\u00f3 la necesidad de conocer las explicaciones correspondientes y adelant\u00f3 que se pidi\u00f3 convocar a las autoridades del Consejo Escolar para abordar las observaciones realizadas por el Tribunal de Cuentas.<\/p>\n\n\n\n<p>La reuni\u00f3n fue confirmada para este martes a las 11 en el Concejo Deliberante a la que fueron invitados Cristian Lagrecca y Gabriela Garc\u00eda.<br>En tanto las autoridades del Consejo Escolar emitieron un comunicado con el objetivo de dar su versi\u00f3n.<\/p>\n\n\n\n<p>Pod\u00e9s escuchar la nota completa en el siguiente link:<\/p>\n\n\n\n<figure class=\"wp-block-embed is-type-video is-provider-youtube wp-block-embed-youtube wp-embed-aspect-16-9 wp-has-aspect-ratio\"><div class=\"wp-block-embed__wrapper\">\n<div class=\"youtube-embed\" data-video_id=\"PHigVyen2RE\"><iframe loading=\"lazy\" title=\"Onda Uno 103.9 en vivo\" width=\"696\" height=\"392\" data-src=\"https:\/\/www.youtube.com\/embed\/PHigVyen2RE?start=2&#038;feature=oembed\" frameborder=\"0\" allow=\"accelerometer; autoplay; clipboard-write; encrypted-media; gyroscope; picture-in-picture; web-share\" referrerpolicy=\"strict-origin-when-cross-origin\" allowfullscreen src=\"data:image\/gif;base64,R0lGODlhAQABAAAAACH5BAEKAAEALAAAAAABAAEAAAICTAEAOw==\" class=\"lazyload\" data-load-mode=\"1\"><\/iframe><\/div>\n<\/div><\/figure>\n","protected":false},"excerpt":{"rendered":"<p>La concejal de la Coalici\u00f3n C\u00edvica, Cecilia del Aguila, solicit\u00f3 una reuni\u00f3n extraordinaria del Concejo Deliberante para analizar un fallo del Tribunal de Cuentas de la Provincia de Buenos Aires sobre el ejercicio del Consejo Escolar durante 2024. Seg\u00fan explic\u00f3, el organismo realiz\u00f3 distintas observaciones vinculadas principalmente al Servicio Alimentario Escolar (SAE) y aplic\u00f3 sanciones [&hellip;]<\/p>\n","protected":false},"author":1,"featured_media":66570,"comment_status":"open","ping_status":"open","sticky":false,"template":"","format":"standard","meta":{"tdm_status":"","tdm_grid_status":"","_jetpack_memberships_contains_paid_content":false,"footnotes":"","jetpack_publicize_message":"","jetpack_publicize_feature_enabled":true,"jetpack_social_post_already_shared":true,"jetpack_social_options":{"image_generator_settings":{"template":"highway","default_image_id":0,"font":"","enabled":false},"version":2}},"categories":[2],"tags":[],"class_list":{"0":"post-66569","1":"post","2":"type-post","3":"status-publish","4":"format-standard","5":"has-post-thumbnail","7":"category-locales"},"yoast_head":"<!-- This site is optimized with the Yoast SEO plugin v22.7 - https:\/\/yoast.com\/wordpress\/plugins\/seo\/ -->\n<title>Tribunal de Cuentas: piden una reuni\u00f3n extraordinaria por sanciones al Consejo Escolar - 103.9 fm<\/title>\n<meta name=\"robots\" content=\"index, follow, max-snippet:-1, max-image-preview:large, max-video-preview:-1\" \/>\n<link rel=\"canonical\" href=\"https:\/\/ondauno.com.ar\/index.php\/2026\/08\/31\/tribunal-de-cuentas-piden-una-reunion-extraordinaria-por-sanciones-al-consejo-escolar\/\" \/>\n<meta property=\"og:locale\" content=\"es_ES\" \/>\n<meta property=\"og:type\" content=\"article\" \/>\n<meta property=\"og:title\" content=\"Tribunal de Cuentas: piden una reuni\u00f3n extraordinaria por sanciones al Consejo Escolar - 103.9 fm\" \/>\n<meta property=\"og:description\" content=\"La concejal de la Coalici\u00f3n C\u00edvica, Cecilia del Aguila, solicit\u00f3 una reuni\u00f3n extraordinaria del Concejo Deliberante para analizar un fallo del Tribunal de Cuentas de la Provincia de Buenos Aires sobre el ejercicio del Consejo Escolar durante 2024. Seg\u00fan explic\u00f3, el organismo realiz\u00f3 distintas observaciones vinculadas principalmente al Servicio Alimentario Escolar (SAE) y aplic\u00f3 sanciones [&hellip;]\" \/>\n<meta property=\"og:url\" content=\"https:\/\/ondauno.com.ar\/index.php\/2026\/08\/31\/tribunal-de-cuentas-piden-una-reunion-extraordinaria-por-sanciones-al-consejo-escolar\/\" \/>\n<meta property=\"og:site_name\" content=\"103.9 fm\" \/>\n<meta property=\"article:publisher\" content=\"https:\/\/www.facebook.com\/ondauno103.9\" \/>\n<meta property=\"article:published_time\" content=\"2026-08-31T21:50:28+00:00\" \/>\n<meta property=\"article:modified_time\" content=\"2026-08-31T21:50:36+00:00\" \/>\n<meta property=\"og:image\" content=\"http:\/\/ondauno.com.ar\/wp-content\/uploads\/2026\/08\/WhatsApp-Image-2026-08-31-at-17.58.00.jpeg\" \/>\n\t<meta property=\"og:image:width\" content=\"1538\" \/>\n\t<meta property=\"og:image:height\" content=\"1600\" \/>\n\t<meta property=\"og:image:type\" content=\"image\/jpeg\" \/>\n<meta name=\"author\" content=\"OndaUno\" \/>\n<meta name=\"twitter:card\" content=\"summary_large_image\" \/>\n<meta name=\"twitter:label1\" content=\"Escrito por\" \/>\n\t<meta name=\"twitter:data1\" content=\"OndaUno\" \/>\n\t<meta name=\"twitter:label2\" content=\"Tiempo de lectura\" \/>\n\t<meta name=\"twitter:data2\" content=\"2 minutos\" \/>\n<script type=\"application\/ld+json\" class=\"yoast-schema-graph\">{\"@context\":\"https:\/\/schema.org\",\"@graph\":[{\"@type\":\"WebPage\",\"@id\":\"https:\/\/ondauno.com.ar\/index.php\/2026\/08\/31\/tribunal-de-cuentas-piden-una-reunion-extraordinaria-por-sanciones-al-consejo-escolar\/\",\"url\":\"https:\/\/ondauno.com.ar\/index.php\/2026\/08\/31\/tribunal-de-cuentas-piden-una-reunion-extraordinaria-por-sanciones-al-consejo-escolar\/\",\"name\":\"Tribunal de Cuentas: piden una reuni\u00f3n extraordinaria por sanciones al Consejo Escolar - 103.9 fm\",\"isPartOf\":{\"@id\":\"https:\/\/ondauno.com.ar\/#website\"},\"primaryImageOfPage\":{\"@id\":\"https:\/\/ondauno.com.ar\/index.php\/2026\/08\/31\/tribunal-de-cuentas-piden-una-reunion-extraordinaria-por-sanciones-al-consejo-escolar\/#primaryimage\"},\"image\":{\"@id\":\"https:\/\/ondauno.com.ar\/index.php\/2026\/08\/31\/tribunal-de-cuentas-piden-una-reunion-extraordinaria-por-sanciones-al-consejo-escolar\/#primaryimage\"},\"thumbnailUrl\":\"https:\/\/ondauno.com.ar\/wp-content\/uploads\/2026\/08\/WhatsApp-Image-2026-08-31-at-17.58.00.jpeg\",\"datePublished\":\"2026-08-31T21:50:28+00:00\",\"dateModified\":\"2026-08-31T21:50:36+00:00\",\"author\":{\"@id\":\"https:\/\/ondauno.com.ar\/#\/schema\/person\/7ec851ddeceb4133d7d7132dc645714e\"},\"breadcrumb\":{\"@id\":\"https:\/\/ondauno.com.ar\/index.php\/2026\/08\/31\/tribunal-de-cuentas-piden-una-reunion-extraordinaria-por-sanciones-al-consejo-escolar\/#breadcrumb\"},\"inLanguage\":\"es-AR\",\"potentialAction\":[{\"@type\":\"ReadAction\",\"target\":[\"https:\/\/ondauno.com.ar\/index.php\/2026\/08\/31\/tribunal-de-cuentas-piden-una-reunion-extraordinaria-por-sanciones-al-consejo-escolar\/\"]}]},{\"@type\":\"ImageObject\",\"inLanguage\":\"es-AR\",\"@id\":\"https:\/\/ondauno.com.ar\/index.php\/2026\/08\/31\/tribunal-de-cuentas-piden-una-reunion-extraordinaria-por-sanciones-al-consejo-escolar\/#primaryimage\",\"url\":\"https:\/\/ondauno.com.ar\/wp-content\/uploads\/2026\/08\/WhatsApp-Image-2026-08-31-at-17.58.00.jpeg\",\"contentUrl\":\"https:\/\/ondauno.com.ar\/wp-content\/uploads\/2026\/08\/WhatsApp-Image-2026-08-31-at-17.58.00.jpeg\",\"width\":1538,\"height\":1600},{\"@type\":\"BreadcrumbList\",\"@id\":\"https:\/\/ondauno.com.ar\/index.php\/2026\/08\/31\/tribunal-de-cuentas-piden-una-reunion-extraordinaria-por-sanciones-al-consejo-escolar\/#breadcrumb\",\"itemListElement\":[{\"@type\":\"ListItem\",\"position\":1,\"name\":\"Inicio\",\"item\":\"https:\/\/ondauno.com.ar\/\"},{\"@type\":\"ListItem\",\"position\":2,\"name\":\"Tribunal de Cuentas: piden una reuni\u00f3n extraordinaria por sanciones al Consejo Escolar\"}]},{\"@type\":\"WebSite\",\"@id\":\"https:\/\/ondauno.com.ar\/#website\",\"url\":\"https:\/\/ondauno.com.ar\/\",\"name\":\"103.9 fm\",\"description\":\"LA PRIMERA RADIO MULTIMEDIA DE TRES ARROYOS\",\"potentialAction\":[{\"@type\":\"SearchAction\",\"target\":{\"@type\":\"EntryPoint\",\"urlTemplate\":\"https:\/\/ondauno.com.ar\/?s={search_term_string}\"},\"query-input\":\"required name=search_term_string\"}],\"inLanguage\":\"es-AR\"},{\"@type\":\"Person\",\"@id\":\"https:\/\/ondauno.com.ar\/#\/schema\/person\/7ec851ddeceb4133d7d7132dc645714e\",\"name\":\"OndaUno\",\"image\":{\"@type\":\"ImageObject\",\"inLanguage\":\"es-AR\",\"@id\":\"https:\/\/ondauno.com.ar\/#\/schema\/person\/image\/\",\"url\":\"https:\/\/secure.gravatar.com\/avatar\/93b8009f0de7021f1feb2bd5b32fb9e8?s=96&d=mm&r=g\",\"contentUrl\":\"https:\/\/secure.gravatar.com\/avatar\/93b8009f0de7021f1feb2bd5b32fb9e8?s=96&d=mm&r=g\",\"caption\":\"OndaUno\"},\"url\":\"https:\/\/ondauno.com.ar\/index.php\/author\/ondauno\/\"}]}<\/script>\n<!-- \/ Yoast SEO plugin. -->","yoast_head_json":{"title":"Tribunal de Cuentas: piden una reuni\u00f3n extraordinaria por sanciones al Consejo Escolar - 103.9 fm","robots":{"index":"index","follow":"follow","max-snippet":"max-snippet:-1","max-image-preview":"max-image-preview:large","max-video-preview":"max-video-preview:-1"},"canonical":"https:\/\/ondauno.com.ar\/index.php\/2026\/08\/31\/tribunal-de-cuentas-piden-una-reunion-extraordinaria-por-sanciones-al-consejo-escolar\/","og_locale":"es_ES","og_type":"article","og_title":"Tribunal de Cuentas: piden una reuni\u00f3n extraordinaria por sanciones al Consejo Escolar - 103.9 fm","og_description":"La concejal de la Coalici\u00f3n C\u00edvica, Cecilia del Aguila, solicit\u00f3 una reuni\u00f3n extraordinaria del Concejo Deliberante para analizar un fallo del Tribunal de Cuentas de la Provincia de Buenos Aires sobre el ejercicio del Consejo Escolar durante 2024. Seg\u00fan explic\u00f3, el organismo realiz\u00f3 distintas observaciones vinculadas principalmente al Servicio Alimentario Escolar (SAE) y aplic\u00f3 sanciones [&hellip;]","og_url":"https:\/\/ondauno.com.ar\/index.php\/2026\/08\/31\/tribunal-de-cuentas-piden-una-reunion-extraordinaria-por-sanciones-al-consejo-escolar\/","og_site_name":"103.9 fm","article_publisher":"https:\/\/www.facebook.com\/ondauno103.9","article_published_time":"2026-08-31T21:50:28+00:00","article_modified_time":"2026-08-31T21:50:36+00:00","og_image":[{"width":1538,"height":1600,"url":"http:\/\/ondauno.com.ar\/wp-content\/uploads\/2026\/08\/WhatsApp-Image-2026-08-31-at-17.58.00.jpeg","type":"image\/jpeg"}],"author":"OndaUno","twitter_card":"summary_large_image","twitter_misc":{"Escrito por":"OndaUno","Tiempo de lectura":"2 minutos"},"schema":{"@context":"https:\/\/schema.org","@graph":[{"@type":"WebPage","@id":"https:\/\/ondauno.com.ar\/index.php\/2026\/08\/31\/tribunal-de-cuentas-piden-una-reunion-extraordinaria-por-sanciones-al-consejo-escolar\/","url":"https:\/\/ondauno.com.ar\/index.php\/2026\/08\/31\/tribunal-de-cuentas-piden-una-reunion-extraordinaria-por-sanciones-al-consejo-escolar\/","name":"Tribunal de Cuentas: piden una reuni\u00f3n extraordinaria por sanciones al Consejo Escolar - 103.9 fm","isPartOf":{"@id":"https:\/\/ondauno.com.ar\/#website"},"primaryImageOfPage":{"@id":"https:\/\/ondauno.com.ar\/index.php\/2026\/08\/31\/tribunal-de-cuentas-piden-una-reunion-extraordinaria-por-sanciones-al-consejo-escolar\/#primaryimage"},"image":{"@id":"https:\/\/ondauno.com.ar\/index.php\/2026\/08\/31\/tribunal-de-cuentas-piden-una-reunion-extraordinaria-por-sanciones-al-consejo-escolar\/#primaryimage"},"thumbnailUrl":"https:\/\/ondauno.com.ar\/wp-content\/uploads\/2026\/08\/WhatsApp-Image-2026-08-31-at-17.58.00.jpeg","datePublished":"2026-08-31T21:50:28+00:00","dateModified":"2026-08-31T21:50:36+00:00","author":{"@id":"https:\/\/ondauno.com.ar\/#\/schema\/person\/7ec851ddeceb4133d7d7132dc645714e"},"breadcrumb":{"@id":"https:\/\/ondauno.com.ar\/index.php\/2026\/08\/31\/tribunal-de-cuentas-piden-una-reunion-extraordinaria-por-sanciones-al-consejo-escolar\/#breadcrumb"},"inLanguage":"es-AR","potentialAction":[{"@type":"ReadAction","target":["https:\/\/ondauno.com.ar\/index.php\/2026\/08\/31\/tribunal-de-cuentas-piden-una-reunion-extraordinaria-por-sanciones-al-consejo-escolar\/"]}]},{"@type":"ImageObject","inLanguage":"es-AR","@id":"https:\/\/ondauno.com.ar\/index.php\/2026\/08\/31\/tribunal-de-cuentas-piden-una-reunion-extraordinaria-por-sanciones-al-consejo-escolar\/#primaryimage","url":"https:\/\/ondauno.com.ar\/wp-content\/uploads\/2026\/08\/WhatsApp-Image-2026-08-31-at-17.58.00.jpeg","contentUrl":"https:\/\/ondauno.com.ar\/wp-content\/uploads\/2026\/08\/WhatsApp-Image-2026-08-31-at-17.58.00.jpeg","width":1538,"height":1600},{"@type":"BreadcrumbList","@id":"https:\/\/ondauno.com.ar\/index.php\/2026\/08\/31\/tribunal-de-cuentas-piden-una-reunion-extraordinaria-por-sanciones-al-consejo-escolar\/#breadcrumb","itemListElement":[{"@type":"ListItem","position":1,"name":"Inicio","item":"https:\/\/ondauno.com.ar\/"},{"@type":"ListItem","position":2,"name":"Tribunal de Cuentas: piden una reuni\u00f3n extraordinaria por sanciones al Consejo Escolar"}]},{"@type":"WebSite","@id":"https:\/\/ondauno.com.ar\/#website","url":"https:\/\/ondauno.com.ar\/","name":"103.9 fm","description":"LA PRIMERA RADIO MULTIMEDIA DE TRES ARROYOS","potentialAction":[{"@type":"SearchAction","target":{"@type":"EntryPoint","urlTemplate":"https:\/\/ondauno.com.ar\/?s={search_term_string}"},"query-input":"required name=search_term_string"}],"inLanguage":"es-AR"},{"@type":"Person","@id":"https:\/\/ondauno.com.ar\/#\/schema\/person\/7ec851ddeceb4133d7d7132dc645714e","name":"OndaUno","image":{"@type":"ImageObject","inLanguage":"es-AR","@id":"https:\/\/ondauno.com.ar\/#\/schema\/person\/image\/","url":"https:\/\/secure.gravatar.com\/avatar\/93b8009f0de7021f1feb2bd5b32fb9e8?s=96&d=mm&r=g","contentUrl":"https:\/\/secure.gravatar.com\/avatar\/93b8009f0de7021f1feb2bd5b32fb9e8?s=96&d=mm&r=g","caption":"OndaUno"},"url":"https:\/\/ondauno.com.ar\/index.php\/author\/ondauno\/"}]}},"jetpack_publicize_connections":[],"jetpack_featured_media_url":"https:\/\/ondauno.com.ar\/wp-content\/uploads\/2026\/08\/WhatsApp-Image-2026-08-31-at-17.58.00.jpeg","jetpack_sharing_enabled":true,"_links":{"self":[{"href":"https:\/\/ondauno.com.ar\/index.php\/wp-json\/wp\/v2\/posts\/66569","targetHints":{"allow":["GET"]}}],"collection":[{"href":"https:\/\/ondauno.com.ar\/index.php\/wp-json\/wp\/v2\/posts"}],"about":[{"href":"https:\/\/ondauno.com.ar\/index.php\/wp-json\/wp\/v2\/types\/post"}],"author":[{"embeddable":true,"href":"https:\/\/ondauno.com.ar\/index.php\/wp-json\/wp\/v2\/users\/1"}],"replies":[{"embeddable":true,"href":"https:\/\/ondauno.com.ar\/index.php\/wp-json\/wp\/v2\/comments?post=66569"}],"version-history":[{"count":1,"href":"https:\/\/ondauno.com.ar\/index.php\/wp-json\/wp\/v2\/posts\/66569\/revisions"}],"predecessor-version":[{"id":66571,"href":"https:\/\/ondauno.com.ar\/index.php\/wp-json\/wp\/v2\/posts\/66569\/revisions\/66571"}],"wp:featuredmedia":[{"embeddable":true,"href":"https:\/\/ondauno.com.ar\/index.php\/wp-json\/wp\/v2\/media\/66570"}],"wp:attachment":[{"href":"https:\/\/ondauno.com.ar\/index.php\/wp-json\/wp\/v2\/media?parent=66569"}],"wp:term":[{"taxonomy":"category","embeddable":true,"href":"https:\/\/ondauno.com.ar\/index.php\/wp-json\/wp\/v2\/categories?post=66569"},{"taxonomy":"post_tag","embeddable":true,"href":"https:\/\/ondauno.com.ar\/index.php\/wp-json\/wp\/v2\/tags?post=66569"}],"curies":[{"name":"wp","href":"https:\/\/api.w.org\/{rel}","templated":true}]}}