{"id":64488,"date":"2026-04-30T17:25:04","date_gmt":"2026-04-30T20:25:04","guid":{"rendered":"https:\/\/ondauno.com.ar\/?p=64488"},"modified":"2026-04-30T17:25:30","modified_gmt":"2026-04-30T20:25:30","slug":"nerina-neumann-defendio-la-continuidad-de-la-zona-fria-para-el-sudoeste-bonaerense","status":"publish","type":"post","link":"https:\/\/ondauno.com.ar\/index.php\/2026\/04\/30\/nerina-neumann-defendio-la-continuidad-de-la-zona-fria-para-el-sudoeste-bonaerense\/","title":{"rendered":"Nerina Neumann defendi\u00f3 la continuidad de la zona fr\u00eda para el sudoeste bonaerense"},"content":{"rendered":"<div class=\"ondau-before-content_3\" style=\"margin-top: -30px;\" id=\"ondau-3367876288\"><a href=\"https:\/\/www.lps.com.ar\/\" aria-label=\"la-perse2\"><img loading=\"lazy\" decoding=\"async\" src=\"https:\/\/ondauno.com.ar\/wp-content\/uploads\/2021\/10\/la-perse2.jpg\" alt=\"\"  srcset=\"https:\/\/ondauno.com.ar\/wp-content\/uploads\/2021\/10\/la-perse2.jpg 1353w, https:\/\/ondauno.com.ar\/wp-content\/uploads\/2021\/10\/la-perse2-300x43.jpg 300w, https:\/\/ondauno.com.ar\/wp-content\/uploads\/2021\/10\/la-perse2-1024x148.jpg 1024w, https:\/\/ondauno.com.ar\/wp-content\/uploads\/2021\/10\/la-perse2-768x111.jpg 768w, https:\/\/ondauno.com.ar\/wp-content\/uploads\/2021\/10\/la-perse2-696x100.jpg 696w, https:\/\/ondauno.com.ar\/wp-content\/uploads\/2021\/10\/la-perse2-1068x154.jpg 1068w\" sizes=\"(max-width: 1353px) 100vw, 1353px\" class=\"no-lazyload\" width=\"1353\" height=\"195\"  style=\"display: inline-block;\" \/><\/a><\/div>\n<p>La senadora provincial del radicalismo, Nerina Neumann, volvi\u00f3 a manifestarse a favor de sostener el r\u00e9gimen de zona fr\u00eda para los distritos del sudoeste bonaerense, ante versiones sobre posibles modificaciones impulsadas desde el Gobierno nacional.<\/p>\n\n\n\n<p>En \u201cCosas que pasan\u201d, la legisladora radical se\u00f1al\u00f3 que la regi\u00f3n \u201ctiene las mismas temperaturas y el mismo clima\u201d que otras zonas del pa\u00eds que cuentan hist\u00f3ricamente con este beneficio tarifario en el servicio de gas.<\/p>\n\n\n\n<p>\u201cNosotros siempre cre\u00edmos en la necesidad de igualar derechos\u201d, expres\u00f3 Neumann, al recordar la ampliaci\u00f3n del r\u00e9gimen de zona fr\u00eda incorporado por ley en 2021 y que alcanz\u00f3 a numerosos municipios bonaerenses.<\/p>\n\n\n\n<p>La senadora explic\u00f3 que desde distintos sectores existe preocupaci\u00f3n por posibles cambios en el esquema actual. \u201cLo que nosotros estamos haciendo es alertando y explicando a las autoridades nacionales que, si van a hacer una modificatoria, tengan en cuenta nuestra regi\u00f3n, que s\u00ed es fr\u00eda\u201d, afirm\u00f3.<\/p>\n\n\n\n<p>Adem\u00e1s remarc\u00f3 que la postura del radicalismo es sostener el beneficio para los distritos que realmente poseen un \u00edndice clim\u00e1tico de \u201ctemplado fr\u00edo\u201d, como ocurre en gran parte de la Sexta Secci\u00f3n Electoral.<\/p>\n\n\n\n<p>\u201cSi nosotros tenemos el mismo fr\u00edo que tiene el sur o la Patagonia, deber\u00edamos tener el mismo derecho que ellos\u201d, sostuvo.<\/p>\n\n\n\n<p>Neumann indic\u00f3 que, por el momento, no existe un proyecto formal en tratamiento parlamentario, aunque reconoci\u00f3 que hubo trascendidos sobre un posible intento del Gobierno nacional de revisar el r\u00e9gimen vigente.<\/p>\n\n\n\n<p>Pod\u00e9s escuchar la nota completa en el siguiente link:<\/p>\n\n\n\n<figure class=\"wp-block-embed is-type-video is-provider-youtube wp-block-embed-youtube wp-embed-aspect-16-9 wp-has-aspect-ratio\"><div class=\"wp-block-embed__wrapper\">\n<div class=\"youtube-embed\" data-video_id=\"ITjRydYMIdw\"><iframe loading=\"lazy\" title=\"Onda Uno 103.9 en vivo\" width=\"696\" height=\"392\" data-src=\"https:\/\/www.youtube.com\/embed\/ITjRydYMIdw?feature=oembed&#038;enablejsapi=1\" frameborder=\"0\" allow=\"accelerometer; autoplay; clipboard-write; encrypted-media; gyroscope; picture-in-picture; web-share\" referrerpolicy=\"strict-origin-when-cross-origin\" allowfullscreen src=\"data:image\/gif;base64,R0lGODlhAQABAAAAACH5BAEKAAEALAAAAAABAAEAAAICTAEAOw==\" class=\"lazyload\" data-load-mode=\"1\"><\/iframe><\/div>\n<\/div><\/figure>\n","protected":false},"excerpt":{"rendered":"<p>La senadora provincial del radicalismo, Nerina Neumann, volvi\u00f3 a manifestarse a favor de sostener el r\u00e9gimen de zona fr\u00eda para los distritos del sudoeste bonaerense, ante versiones sobre posibles modificaciones impulsadas desde el Gobierno nacional. En \u201cCosas que pasan\u201d, la legisladora radical se\u00f1al\u00f3 que la regi\u00f3n \u201ctiene las mismas temperaturas y el mismo clima\u201d que [&hellip;]<\/p>\n","protected":false},"author":1,"featured_media":52040,"comment_status":"open","ping_status":"open","sticky":false,"template":"","format":"standard","meta":{"tdm_status":"","tdm_grid_status":"","_jetpack_memberships_contains_paid_content":false,"footnotes":"","jetpack_publicize_message":"","jetpack_publicize_feature_enabled":true,"jetpack_social_post_already_shared":true,"jetpack_social_options":{"image_generator_settings":{"template":"highway","default_image_id":0,"font":"","enabled":false},"version":2}},"categories":[30],"tags":[],"class_list":{"0":"post-64488","1":"post","2":"type-post","3":"status-publish","4":"format-standard","5":"has-post-thumbnail","7":"category-provinciales"},"yoast_head":"<!-- This site is optimized with the Yoast SEO plugin v22.7 - https:\/\/yoast.com\/wordpress\/plugins\/seo\/ -->\n<title>Nerina Neumann defendi\u00f3 la continuidad de la zona fr\u00eda para el sudoeste bonaerense - 103.9 fm<\/title>\n<meta name=\"robots\" content=\"index, follow, max-snippet:-1, max-image-preview:large, max-video-preview:-1\" \/>\n<link rel=\"canonical\" href=\"https:\/\/ondauno.com.ar\/index.php\/2026\/04\/30\/nerina-neumann-defendio-la-continuidad-de-la-zona-fria-para-el-sudoeste-bonaerense\/\" \/>\n<meta property=\"og:locale\" content=\"es_ES\" \/>\n<meta property=\"og:type\" content=\"article\" \/>\n<meta property=\"og:title\" content=\"Nerina Neumann defendi\u00f3 la continuidad de la zona fr\u00eda para el sudoeste bonaerense - 103.9 fm\" \/>\n<meta property=\"og:description\" content=\"La senadora provincial del radicalismo, Nerina Neumann, volvi\u00f3 a manifestarse a favor de sostener el r\u00e9gimen de zona fr\u00eda para los distritos del sudoeste bonaerense, ante versiones sobre posibles modificaciones impulsadas desde el Gobierno nacional. En \u201cCosas que pasan\u201d, la legisladora radical se\u00f1al\u00f3 que la regi\u00f3n \u201ctiene las mismas temperaturas y el mismo clima\u201d que [&hellip;]\" \/>\n<meta property=\"og:url\" content=\"https:\/\/ondauno.com.ar\/index.php\/2026\/04\/30\/nerina-neumann-defendio-la-continuidad-de-la-zona-fria-para-el-sudoeste-bonaerense\/\" \/>\n<meta property=\"og:site_name\" content=\"103.9 fm\" \/>\n<meta property=\"article:publisher\" content=\"https:\/\/www.facebook.com\/ondauno103.9\" \/>\n<meta property=\"article:published_time\" content=\"2026-04-30T20:25:04+00:00\" \/>\n<meta property=\"article:modified_time\" content=\"2026-04-30T20:25:30+00:00\" \/>\n<meta property=\"og:image\" content=\"http:\/\/ondauno.com.ar\/wp-content\/uploads\/2024\/11\/WhatsApp-Image-2024-11-26-at-19.57.53.jpeg\" \/>\n\t<meta property=\"og:image:width\" content=\"1600\" \/>\n\t<meta property=\"og:image:height\" content=\"1066\" \/>\n\t<meta property=\"og:image:type\" content=\"image\/jpeg\" \/>\n<meta name=\"author\" content=\"OndaUno\" \/>\n<meta name=\"twitter:card\" content=\"summary_large_image\" \/>\n<meta name=\"twitter:label1\" content=\"Escrito por\" \/>\n\t<meta name=\"twitter:data1\" content=\"OndaUno\" \/>\n\t<meta name=\"twitter:label2\" content=\"Tiempo de lectura\" \/>\n\t<meta name=\"twitter:data2\" content=\"2 minutos\" \/>\n<script type=\"application\/ld+json\" class=\"yoast-schema-graph\">{\"@context\":\"https:\/\/schema.org\",\"@graph\":[{\"@type\":\"WebPage\",\"@id\":\"https:\/\/ondauno.com.ar\/index.php\/2026\/04\/30\/nerina-neumann-defendio-la-continuidad-de-la-zona-fria-para-el-sudoeste-bonaerense\/\",\"url\":\"https:\/\/ondauno.com.ar\/index.php\/2026\/04\/30\/nerina-neumann-defendio-la-continuidad-de-la-zona-fria-para-el-sudoeste-bonaerense\/\",\"name\":\"Nerina Neumann defendi\u00f3 la continuidad de la zona fr\u00eda para el sudoeste bonaerense - 103.9 fm\",\"isPartOf\":{\"@id\":\"https:\/\/ondauno.com.ar\/#website\"},\"primaryImageOfPage\":{\"@id\":\"https:\/\/ondauno.com.ar\/index.php\/2026\/04\/30\/nerina-neumann-defendio-la-continuidad-de-la-zona-fria-para-el-sudoeste-bonaerense\/#primaryimage\"},\"image\":{\"@id\":\"https:\/\/ondauno.com.ar\/index.php\/2026\/04\/30\/nerina-neumann-defendio-la-continuidad-de-la-zona-fria-para-el-sudoeste-bonaerense\/#primaryimage\"},\"thumbnailUrl\":\"https:\/\/ondauno.com.ar\/wp-content\/uploads\/2024\/11\/WhatsApp-Image-2024-11-26-at-19.57.53.jpeg\",\"datePublished\":\"2026-04-30T20:25:04+00:00\",\"dateModified\":\"2026-04-30T20:25:30+00:00\",\"author\":{\"@id\":\"https:\/\/ondauno.com.ar\/#\/schema\/person\/7ec851ddeceb4133d7d7132dc645714e\"},\"breadcrumb\":{\"@id\":\"https:\/\/ondauno.com.ar\/index.php\/2026\/04\/30\/nerina-neumann-defendio-la-continuidad-de-la-zona-fria-para-el-sudoeste-bonaerense\/#breadcrumb\"},\"inLanguage\":\"es-AR\",\"potentialAction\":[{\"@type\":\"ReadAction\",\"target\":[\"https:\/\/ondauno.com.ar\/index.php\/2026\/04\/30\/nerina-neumann-defendio-la-continuidad-de-la-zona-fria-para-el-sudoeste-bonaerense\/\"]}]},{\"@type\":\"ImageObject\",\"inLanguage\":\"es-AR\",\"@id\":\"https:\/\/ondauno.com.ar\/index.php\/2026\/04\/30\/nerina-neumann-defendio-la-continuidad-de-la-zona-fria-para-el-sudoeste-bonaerense\/#primaryimage\",\"url\":\"https:\/\/ondauno.com.ar\/wp-content\/uploads\/2024\/11\/WhatsApp-Image-2024-11-26-at-19.57.53.jpeg\",\"contentUrl\":\"https:\/\/ondauno.com.ar\/wp-content\/uploads\/2024\/11\/WhatsApp-Image-2024-11-26-at-19.57.53.jpeg\",\"width\":1600,\"height\":1066},{\"@type\":\"BreadcrumbList\",\"@id\":\"https:\/\/ondauno.com.ar\/index.php\/2026\/04\/30\/nerina-neumann-defendio-la-continuidad-de-la-zona-fria-para-el-sudoeste-bonaerense\/#breadcrumb\",\"itemListElement\":[{\"@type\":\"ListItem\",\"position\":1,\"name\":\"Inicio\",\"item\":\"https:\/\/ondauno.com.ar\/\"},{\"@type\":\"ListItem\",\"position\":2,\"name\":\"Nerina Neumann defendi\u00f3 la continuidad de la zona fr\u00eda para el sudoeste bonaerense\"}]},{\"@type\":\"WebSite\",\"@id\":\"https:\/\/ondauno.com.ar\/#website\",\"url\":\"https:\/\/ondauno.com.ar\/\",\"name\":\"103.9 fm\",\"description\":\"LA PRIMERA RADIO MULTIMEDIA DE TRES ARROYOS\",\"potentialAction\":[{\"@type\":\"SearchAction\",\"target\":{\"@type\":\"EntryPoint\",\"urlTemplate\":\"https:\/\/ondauno.com.ar\/?s={search_term_string}\"},\"query-input\":\"required name=search_term_string\"}],\"inLanguage\":\"es-AR\"},{\"@type\":\"Person\",\"@id\":\"https:\/\/ondauno.com.ar\/#\/schema\/person\/7ec851ddeceb4133d7d7132dc645714e\",\"name\":\"OndaUno\",\"image\":{\"@type\":\"ImageObject\",\"inLanguage\":\"es-AR\",\"@id\":\"https:\/\/ondauno.com.ar\/#\/schema\/person\/image\/\",\"url\":\"https:\/\/secure.gravatar.com\/avatar\/93b8009f0de7021f1feb2bd5b32fb9e8?s=96&d=mm&r=g\",\"contentUrl\":\"https:\/\/secure.gravatar.com\/avatar\/93b8009f0de7021f1feb2bd5b32fb9e8?s=96&d=mm&r=g\",\"caption\":\"OndaUno\"},\"url\":\"https:\/\/ondauno.com.ar\/index.php\/author\/ondauno\/\"}]}<\/script>\n<!-- \/ Yoast SEO plugin. -->","yoast_head_json":{"title":"Nerina Neumann defendi\u00f3 la continuidad de la zona fr\u00eda para el sudoeste bonaerense - 103.9 fm","robots":{"index":"index","follow":"follow","max-snippet":"max-snippet:-1","max-image-preview":"max-image-preview:large","max-video-preview":"max-video-preview:-1"},"canonical":"https:\/\/ondauno.com.ar\/index.php\/2026\/04\/30\/nerina-neumann-defendio-la-continuidad-de-la-zona-fria-para-el-sudoeste-bonaerense\/","og_locale":"es_ES","og_type":"article","og_title":"Nerina Neumann defendi\u00f3 la continuidad de la zona fr\u00eda para el sudoeste bonaerense - 103.9 fm","og_description":"La senadora provincial del radicalismo, Nerina Neumann, volvi\u00f3 a manifestarse a favor de sostener el r\u00e9gimen de zona fr\u00eda para los distritos del sudoeste bonaerense, ante versiones sobre posibles modificaciones impulsadas desde el Gobierno nacional. En \u201cCosas que pasan\u201d, la legisladora radical se\u00f1al\u00f3 que la regi\u00f3n \u201ctiene las mismas temperaturas y el mismo clima\u201d que [&hellip;]","og_url":"https:\/\/ondauno.com.ar\/index.php\/2026\/04\/30\/nerina-neumann-defendio-la-continuidad-de-la-zona-fria-para-el-sudoeste-bonaerense\/","og_site_name":"103.9 fm","article_publisher":"https:\/\/www.facebook.com\/ondauno103.9","article_published_time":"2026-04-30T20:25:04+00:00","article_modified_time":"2026-04-30T20:25:30+00:00","og_image":[{"width":1600,"height":1066,"url":"http:\/\/ondauno.com.ar\/wp-content\/uploads\/2024\/11\/WhatsApp-Image-2024-11-26-at-19.57.53.jpeg","type":"image\/jpeg"}],"author":"OndaUno","twitter_card":"summary_large_image","twitter_misc":{"Escrito por":"OndaUno","Tiempo de lectura":"2 minutos"},"schema":{"@context":"https:\/\/schema.org","@graph":[{"@type":"WebPage","@id":"https:\/\/ondauno.com.ar\/index.php\/2026\/04\/30\/nerina-neumann-defendio-la-continuidad-de-la-zona-fria-para-el-sudoeste-bonaerense\/","url":"https:\/\/ondauno.com.ar\/index.php\/2026\/04\/30\/nerina-neumann-defendio-la-continuidad-de-la-zona-fria-para-el-sudoeste-bonaerense\/","name":"Nerina Neumann defendi\u00f3 la continuidad de la zona fr\u00eda para el sudoeste bonaerense - 103.9 fm","isPartOf":{"@id":"https:\/\/ondauno.com.ar\/#website"},"primaryImageOfPage":{"@id":"https:\/\/ondauno.com.ar\/index.php\/2026\/04\/30\/nerina-neumann-defendio-la-continuidad-de-la-zona-fria-para-el-sudoeste-bonaerense\/#primaryimage"},"image":{"@id":"https:\/\/ondauno.com.ar\/index.php\/2026\/04\/30\/nerina-neumann-defendio-la-continuidad-de-la-zona-fria-para-el-sudoeste-bonaerense\/#primaryimage"},"thumbnailUrl":"https:\/\/ondauno.com.ar\/wp-content\/uploads\/2024\/11\/WhatsApp-Image-2024-11-26-at-19.57.53.jpeg","datePublished":"2026-04-30T20:25:04+00:00","dateModified":"2026-04-30T20:25:30+00:00","author":{"@id":"https:\/\/ondauno.com.ar\/#\/schema\/person\/7ec851ddeceb4133d7d7132dc645714e"},"breadcrumb":{"@id":"https:\/\/ondauno.com.ar\/index.php\/2026\/04\/30\/nerina-neumann-defendio-la-continuidad-de-la-zona-fria-para-el-sudoeste-bonaerense\/#breadcrumb"},"inLanguage":"es-AR","potentialAction":[{"@type":"ReadAction","target":["https:\/\/ondauno.com.ar\/index.php\/2026\/04\/30\/nerina-neumann-defendio-la-continuidad-de-la-zona-fria-para-el-sudoeste-bonaerense\/"]}]},{"@type":"ImageObject","inLanguage":"es-AR","@id":"https:\/\/ondauno.com.ar\/index.php\/2026\/04\/30\/nerina-neumann-defendio-la-continuidad-de-la-zona-fria-para-el-sudoeste-bonaerense\/#primaryimage","url":"https:\/\/ondauno.com.ar\/wp-content\/uploads\/2024\/11\/WhatsApp-Image-2024-11-26-at-19.57.53.jpeg","contentUrl":"https:\/\/ondauno.com.ar\/wp-content\/uploads\/2024\/11\/WhatsApp-Image-2024-11-26-at-19.57.53.jpeg","width":1600,"height":1066},{"@type":"BreadcrumbList","@id":"https:\/\/ondauno.com.ar\/index.php\/2026\/04\/30\/nerina-neumann-defendio-la-continuidad-de-la-zona-fria-para-el-sudoeste-bonaerense\/#breadcrumb","itemListElement":[{"@type":"ListItem","position":1,"name":"Inicio","item":"https:\/\/ondauno.com.ar\/"},{"@type":"ListItem","position":2,"name":"Nerina Neumann defendi\u00f3 la continuidad de la zona fr\u00eda para el sudoeste bonaerense"}]},{"@type":"WebSite","@id":"https:\/\/ondauno.com.ar\/#website","url":"https:\/\/ondauno.com.ar\/","name":"103.9 fm","description":"LA PRIMERA RADIO MULTIMEDIA DE TRES ARROYOS","potentialAction":[{"@type":"SearchAction","target":{"@type":"EntryPoint","urlTemplate":"https:\/\/ondauno.com.ar\/?s={search_term_string}"},"query-input":"required name=search_term_string"}],"inLanguage":"es-AR"},{"@type":"Person","@id":"https:\/\/ondauno.com.ar\/#\/schema\/person\/7ec851ddeceb4133d7d7132dc645714e","name":"OndaUno","image":{"@type":"ImageObject","inLanguage":"es-AR","@id":"https:\/\/ondauno.com.ar\/#\/schema\/person\/image\/","url":"https:\/\/secure.gravatar.com\/avatar\/93b8009f0de7021f1feb2bd5b32fb9e8?s=96&d=mm&r=g","contentUrl":"https:\/\/secure.gravatar.com\/avatar\/93b8009f0de7021f1feb2bd5b32fb9e8?s=96&d=mm&r=g","caption":"OndaUno"},"url":"https:\/\/ondauno.com.ar\/index.php\/author\/ondauno\/"}]}},"jetpack_publicize_connections":[],"jetpack_featured_media_url":"https:\/\/ondauno.com.ar\/wp-content\/uploads\/2024\/11\/WhatsApp-Image-2024-11-26-at-19.57.53.jpeg","jetpack_sharing_enabled":true,"_links":{"self":[{"href":"https:\/\/ondauno.com.ar\/index.php\/wp-json\/wp\/v2\/posts\/64488","targetHints":{"allow":["GET"]}}],"collection":[{"href":"https:\/\/ondauno.com.ar\/index.php\/wp-json\/wp\/v2\/posts"}],"about":[{"href":"https:\/\/ondauno.com.ar\/index.php\/wp-json\/wp\/v2\/types\/post"}],"author":[{"embeddable":true,"href":"https:\/\/ondauno.com.ar\/index.php\/wp-json\/wp\/v2\/users\/1"}],"replies":[{"embeddable":true,"href":"https:\/\/ondauno.com.ar\/index.php\/wp-json\/wp\/v2\/comments?post=64488"}],"version-history":[{"count":1,"href":"https:\/\/ondauno.com.ar\/index.php\/wp-json\/wp\/v2\/posts\/64488\/revisions"}],"predecessor-version":[{"id":64489,"href":"https:\/\/ondauno.com.ar\/index.php\/wp-json\/wp\/v2\/posts\/64488\/revisions\/64489"}],"wp:featuredmedia":[{"embeddable":true,"href":"https:\/\/ondauno.com.ar\/index.php\/wp-json\/wp\/v2\/media\/52040"}],"wp:attachment":[{"href":"https:\/\/ondauno.com.ar\/index.php\/wp-json\/wp\/v2\/media?parent=64488"}],"wp:term":[{"taxonomy":"category","embeddable":true,"href":"https:\/\/ondauno.com.ar\/index.php\/wp-json\/wp\/v2\/categories?post=64488"},{"taxonomy":"post_tag","embeddable":true,"href":"https:\/\/ondauno.com.ar\/index.php\/wp-json\/wp\/v2\/tags?post=64488"}],"curies":[{"name":"wp","href":"https:\/\/api.w.org\/{rel}","templated":true}]}}