{"id":64475,"date":"2026-04-29T21:00:30","date_gmt":"2026-04-30T00:00:30","guid":{"rendered":"https:\/\/ondauno.com.ar\/?p=64475"},"modified":"2026-04-29T21:00:36","modified_gmt":"2026-04-30T00:00:36","slug":"charla-en-claromeco-sobre-el-naufragio-de-la-goleta-sociedad-a-150-anos-del-hecho","status":"publish","type":"post","link":"https:\/\/ondauno.com.ar\/index.php\/2026\/04\/29\/charla-en-claromeco-sobre-el-naufragio-de-la-goleta-sociedad-a-150-anos-del-hecho\/","title":{"rendered":"Charla en Claromec\u00f3 sobre el naufragio de la Goleta Sociedad a 150 a\u00f1os del hecho"},"content":{"rendered":"<div class=\"ondau-before-content_3\" style=\"margin-top: -30px;\" id=\"ondau-2501858348\"><a href=\"https:\/\/www.lps.com.ar\/\" aria-label=\"la-perse2\"><img loading=\"lazy\" decoding=\"async\" src=\"https:\/\/ondauno.com.ar\/wp-content\/uploads\/2021\/10\/la-perse2.jpg\" alt=\"\"  srcset=\"https:\/\/ondauno.com.ar\/wp-content\/uploads\/2021\/10\/la-perse2.jpg 1353w, https:\/\/ondauno.com.ar\/wp-content\/uploads\/2021\/10\/la-perse2-300x43.jpg 300w, https:\/\/ondauno.com.ar\/wp-content\/uploads\/2021\/10\/la-perse2-1024x148.jpg 1024w, https:\/\/ondauno.com.ar\/wp-content\/uploads\/2021\/10\/la-perse2-768x111.jpg 768w, https:\/\/ondauno.com.ar\/wp-content\/uploads\/2021\/10\/la-perse2-696x100.jpg 696w, https:\/\/ondauno.com.ar\/wp-content\/uploads\/2021\/10\/la-perse2-1068x154.jpg 1068w\" sizes=\"(max-width: 1353px) 100vw, 1353px\" class=\"no-lazyload\" width=\"1353\" height=\"195\"  style=\"display: inline-block;\" \/><\/a><\/div>\n<p><strong><em>Restos hallados en octubre de 2010<\/em><\/strong><\/p>\n\n\n\n<p>El claromequense Hugo Cort\u00e9s brindar\u00e1 una charla abierta sobre el naufragio de la Goleta Sociedad, ocurrido el 3 de mayo de 1876 frente a las costas del distrito de Tres Arroyos.<\/p>\n\n\n\n<p>La actividad se realizar\u00e1 este s\u00e1bado en la Biblioteca Bernardo Houssay de Claromec\u00f3 y es organizada por el Museo Regional An\u00edbal Paz, instituci\u00f3n en la que Cort\u00e9s participa activamente desde hace a\u00f1os.<\/p>\n\n\n\n<figure class=\"wp-block-image size-large\"><img loading=\"lazy\" decoding=\"async\" width=\"1024\" height=\"767\" data-src=\"https:\/\/ondauno.com.ar\/wp-content\/uploads\/2026\/04\/WhatsApp-Image-2026-04-29-at-13.18.04-1024x767.jpeg\" alt=\"\" class=\"wp-image-64477 lazyload\" data-srcset=\"https:\/\/ondauno.com.ar\/wp-content\/uploads\/2026\/04\/WhatsApp-Image-2026-04-29-at-13.18.04-1024x767.jpeg 1024w, https:\/\/ondauno.com.ar\/wp-content\/uploads\/2026\/04\/WhatsApp-Image-2026-04-29-at-13.18.04-300x225.jpeg 300w, https:\/\/ondauno.com.ar\/wp-content\/uploads\/2026\/04\/WhatsApp-Image-2026-04-29-at-13.18.04-768x576.jpeg 768w, https:\/\/ondauno.com.ar\/wp-content\/uploads\/2026\/04\/WhatsApp-Image-2026-04-29-at-13.18.04-1536x1151.jpeg 1536w, https:\/\/ondauno.com.ar\/wp-content\/uploads\/2026\/04\/WhatsApp-Image-2026-04-29-at-13.18.04-560x420.jpeg 560w, https:\/\/ondauno.com.ar\/wp-content\/uploads\/2026\/04\/WhatsApp-Image-2026-04-29-at-13.18.04-80x60.jpeg 80w, https:\/\/ondauno.com.ar\/wp-content\/uploads\/2026\/04\/WhatsApp-Image-2026-04-29-at-13.18.04-696x522.jpeg 696w, https:\/\/ondauno.com.ar\/wp-content\/uploads\/2026\/04\/WhatsApp-Image-2026-04-29-at-13.18.04-1068x800.jpeg 1068w, https:\/\/ondauno.com.ar\/wp-content\/uploads\/2026\/04\/WhatsApp-Image-2026-04-29-at-13.18.04-265x198.jpeg 265w, https:\/\/ondauno.com.ar\/wp-content\/uploads\/2026\/04\/WhatsApp-Image-2026-04-29-at-13.18.04.jpeg 1600w\" data-sizes=\"auto, (max-width: 1024px) 100vw, 1024px\" src=\"data:image\/gif;base64,R0lGODlhAQABAAAAACH5BAEKAAEALAAAAAABAAEAAAICTAEAOw==\" style=\"--smush-placeholder-width: 1024px; --smush-placeholder-aspect-ratio: 1024\/767;\" \/><noscript><img loading=\"lazy\" decoding=\"async\" width=\"1024\" height=\"767\" src=\"https:\/\/ondauno.com.ar\/wp-content\/uploads\/2026\/04\/WhatsApp-Image-2026-04-29-at-13.18.04-1024x767.jpeg\" alt=\"\" class=\"wp-image-64477\" srcset=\"https:\/\/ondauno.com.ar\/wp-content\/uploads\/2026\/04\/WhatsApp-Image-2026-04-29-at-13.18.04-1024x767.jpeg 1024w, https:\/\/ondauno.com.ar\/wp-content\/uploads\/2026\/04\/WhatsApp-Image-2026-04-29-at-13.18.04-300x225.jpeg 300w, https:\/\/ondauno.com.ar\/wp-content\/uploads\/2026\/04\/WhatsApp-Image-2026-04-29-at-13.18.04-768x576.jpeg 768w, https:\/\/ondauno.com.ar\/wp-content\/uploads\/2026\/04\/WhatsApp-Image-2026-04-29-at-13.18.04-1536x1151.jpeg 1536w, https:\/\/ondauno.com.ar\/wp-content\/uploads\/2026\/04\/WhatsApp-Image-2026-04-29-at-13.18.04-560x420.jpeg 560w, https:\/\/ondauno.com.ar\/wp-content\/uploads\/2026\/04\/WhatsApp-Image-2026-04-29-at-13.18.04-80x60.jpeg 80w, https:\/\/ondauno.com.ar\/wp-content\/uploads\/2026\/04\/WhatsApp-Image-2026-04-29-at-13.18.04-696x522.jpeg 696w, https:\/\/ondauno.com.ar\/wp-content\/uploads\/2026\/04\/WhatsApp-Image-2026-04-29-at-13.18.04-1068x800.jpeg 1068w, https:\/\/ondauno.com.ar\/wp-content\/uploads\/2026\/04\/WhatsApp-Image-2026-04-29-at-13.18.04-265x198.jpeg 265w, https:\/\/ondauno.com.ar\/wp-content\/uploads\/2026\/04\/WhatsApp-Image-2026-04-29-at-13.18.04.jpeg 1600w\" sizes=\"auto, (max-width: 1024px) 100vw, 1024px\" \/><\/noscript><figcaption class=\"wp-element-caption\"><strong><em>Restos hallados en<\/em> 5-10-2015<\/strong><\/figcaption><\/figure>\n\n\n\n<p>En \u201cCosas que pasan\u201d, Cort\u00e9s explic\u00f3 que durante mucho tiempo no se sab\u00eda con certeza qu\u00e9 embarcaci\u00f3n hab\u00eda naufragado en la zona de Dunamar. \u201cCada tanto aparec\u00edan restos de una embarcaci\u00f3n naufragada en ese lugar, pero no se ten\u00eda idea de qu\u00e9 barco era\u201d, se\u00f1al\u00f3.<\/p>\n\n\n\n<p>El hallazgo de documentaci\u00f3n en antiguos registros del Juzgado de Paz permiti\u00f3 reconstruir parte de la historia. \u201cAh\u00ed apareci\u00f3 toda la historia\u201d, cont\u00f3 el historiador, quien indic\u00f3 que la goleta era de bandera argentina, de fabricaci\u00f3n alemana y que viajaba rumbo a la Patagonia cuando sufri\u00f3 un incendio a bordo.<\/p>\n\n\n\n<figure class=\"wp-block-image size-large\"><img loading=\"lazy\" decoding=\"async\" width=\"1024\" height=\"581\" data-src=\"https:\/\/ondauno.com.ar\/wp-content\/uploads\/2026\/04\/WhatsApp-Image-2026-04-29-at-13.18.05-1-1024x581.jpeg\" alt=\"\" class=\"wp-image-64478 lazyload\" data-srcset=\"https:\/\/ondauno.com.ar\/wp-content\/uploads\/2026\/04\/WhatsApp-Image-2026-04-29-at-13.18.05-1-1024x581.jpeg 1024w, https:\/\/ondauno.com.ar\/wp-content\/uploads\/2026\/04\/WhatsApp-Image-2026-04-29-at-13.18.05-1-300x170.jpeg 300w, https:\/\/ondauno.com.ar\/wp-content\/uploads\/2026\/04\/WhatsApp-Image-2026-04-29-at-13.18.05-1-768x436.jpeg 768w, https:\/\/ondauno.com.ar\/wp-content\/uploads\/2026\/04\/WhatsApp-Image-2026-04-29-at-13.18.05-1-1536x872.jpeg 1536w, https:\/\/ondauno.com.ar\/wp-content\/uploads\/2026\/04\/WhatsApp-Image-2026-04-29-at-13.18.05-1-740x420.jpeg 740w, https:\/\/ondauno.com.ar\/wp-content\/uploads\/2026\/04\/WhatsApp-Image-2026-04-29-at-13.18.05-1-696x395.jpeg 696w, https:\/\/ondauno.com.ar\/wp-content\/uploads\/2026\/04\/WhatsApp-Image-2026-04-29-at-13.18.05-1-1068x606.jpeg 1068w, https:\/\/ondauno.com.ar\/wp-content\/uploads\/2026\/04\/WhatsApp-Image-2026-04-29-at-13.18.05-1.jpeg 1600w\" data-sizes=\"auto, (max-width: 1024px) 100vw, 1024px\" src=\"data:image\/gif;base64,R0lGODlhAQABAAAAACH5BAEKAAEALAAAAAABAAEAAAICTAEAOw==\" style=\"--smush-placeholder-width: 1024px; --smush-placeholder-aspect-ratio: 1024\/581;\" \/><noscript><img loading=\"lazy\" decoding=\"async\" width=\"1024\" height=\"581\" src=\"https:\/\/ondauno.com.ar\/wp-content\/uploads\/2026\/04\/WhatsApp-Image-2026-04-29-at-13.18.05-1-1024x581.jpeg\" alt=\"\" class=\"wp-image-64478\" srcset=\"https:\/\/ondauno.com.ar\/wp-content\/uploads\/2026\/04\/WhatsApp-Image-2026-04-29-at-13.18.05-1-1024x581.jpeg 1024w, https:\/\/ondauno.com.ar\/wp-content\/uploads\/2026\/04\/WhatsApp-Image-2026-04-29-at-13.18.05-1-300x170.jpeg 300w, https:\/\/ondauno.com.ar\/wp-content\/uploads\/2026\/04\/WhatsApp-Image-2026-04-29-at-13.18.05-1-768x436.jpeg 768w, https:\/\/ondauno.com.ar\/wp-content\/uploads\/2026\/04\/WhatsApp-Image-2026-04-29-at-13.18.05-1-1536x872.jpeg 1536w, https:\/\/ondauno.com.ar\/wp-content\/uploads\/2026\/04\/WhatsApp-Image-2026-04-29-at-13.18.05-1-740x420.jpeg 740w, https:\/\/ondauno.com.ar\/wp-content\/uploads\/2026\/04\/WhatsApp-Image-2026-04-29-at-13.18.05-1-696x395.jpeg 696w, https:\/\/ondauno.com.ar\/wp-content\/uploads\/2026\/04\/WhatsApp-Image-2026-04-29-at-13.18.05-1-1068x606.jpeg 1068w, https:\/\/ondauno.com.ar\/wp-content\/uploads\/2026\/04\/WhatsApp-Image-2026-04-29-at-13.18.05-1.jpeg 1600w\" sizes=\"auto, (max-width: 1024px) 100vw, 1024px\" \/><\/noscript><\/figure>\n\n\n\n<p>Adem\u00e1s record\u00f3 que en 1967 se produjo uno de los descubrimientos m\u00e1s importantes de restos del barco, cuando quedaron al descubierto anclas, cadenas y otras piezas. Sin embargo, aclar\u00f3 que actualmente la legislaci\u00f3n protege este tipo de patrimonio arqueol\u00f3gico y proh\u00edbe extraer elementos. \u201cLo que uno saca del agua desaparece en poco tiempo. Cuando lo sac\u00e1s de su ambiente, se desintegra\u201d, explic\u00f3.<\/p>\n\n\n\n<p>La charla ser\u00e1 este s\u00e1bado 2 de mayo a las 19 horas en la Biblioteca Bernardo Houssay de Claromec\u00f3.<\/p>\n\n\n\n<p>Pod\u00e9s escuchar la nota completa en el siguiente link:<\/p>\n\n\n\n<figure class=\"wp-block-embed is-type-video is-provider-youtube wp-block-embed-youtube wp-embed-aspect-16-9 wp-has-aspect-ratio\"><div class=\"wp-block-embed__wrapper\">\n<div class=\"youtube-embed\" data-video_id=\"McKQKjKgMJw\"><iframe loading=\"lazy\" title=\"Onda Uno 103.9 en vivo\" width=\"696\" height=\"392\" data-src=\"https:\/\/www.youtube.com\/embed\/McKQKjKgMJw?start=8&#038;feature=oembed\" frameborder=\"0\" allow=\"accelerometer; autoplay; clipboard-write; encrypted-media; gyroscope; picture-in-picture; web-share\" referrerpolicy=\"strict-origin-when-cross-origin\" allowfullscreen src=\"data:image\/gif;base64,R0lGODlhAQABAAAAACH5BAEKAAEALAAAAAABAAEAAAICTAEAOw==\" class=\"lazyload\" data-load-mode=\"1\"><\/iframe><\/div>\n<\/div><\/figure>\n","protected":false},"excerpt":{"rendered":"<p>Restos hallados en octubre de 2010 El claromequense Hugo Cort\u00e9s brindar\u00e1 una charla abierta sobre el naufragio de la Goleta Sociedad, ocurrido el 3 de mayo de 1876 frente a las costas del distrito de Tres Arroyos. La actividad se realizar\u00e1 este s\u00e1bado en la Biblioteca Bernardo Houssay de Claromec\u00f3 y es organizada por el [&hellip;]<\/p>\n","protected":false},"author":1,"featured_media":64476,"comment_status":"open","ping_status":"open","sticky":false,"template":"","format":"standard","meta":{"tdm_status":"","tdm_grid_status":"","_jetpack_memberships_contains_paid_content":false,"footnotes":"","jetpack_publicize_message":"","jetpack_publicize_feature_enabled":true,"jetpack_social_post_already_shared":true,"jetpack_social_options":{"image_generator_settings":{"template":"highway","default_image_id":0,"font":"","enabled":false},"version":2}},"categories":[26],"tags":[],"class_list":{"0":"post-64475","1":"post","2":"type-post","3":"status-publish","4":"format-standard","5":"has-post-thumbnail","7":"category-destacada"},"yoast_head":"<!-- This site is optimized with the Yoast SEO plugin v22.7 - https:\/\/yoast.com\/wordpress\/plugins\/seo\/ -->\n<title>Charla en Claromec\u00f3 sobre el naufragio de la Goleta Sociedad a 150 a\u00f1os del hecho - 103.9 fm<\/title>\n<meta name=\"robots\" content=\"index, follow, max-snippet:-1, max-image-preview:large, max-video-preview:-1\" \/>\n<link rel=\"canonical\" href=\"https:\/\/ondauno.com.ar\/index.php\/2026\/04\/29\/charla-en-claromeco-sobre-el-naufragio-de-la-goleta-sociedad-a-150-anos-del-hecho\/\" \/>\n<meta property=\"og:locale\" content=\"es_ES\" \/>\n<meta property=\"og:type\" content=\"article\" \/>\n<meta property=\"og:title\" content=\"Charla en Claromec\u00f3 sobre el naufragio de la Goleta Sociedad a 150 a\u00f1os del hecho - 103.9 fm\" \/>\n<meta property=\"og:description\" content=\"Restos hallados en octubre de 2010 El claromequense Hugo Cort\u00e9s brindar\u00e1 una charla abierta sobre el naufragio de la Goleta Sociedad, ocurrido el 3 de mayo de 1876 frente a las costas del distrito de Tres Arroyos. La actividad se realizar\u00e1 este s\u00e1bado en la Biblioteca Bernardo Houssay de Claromec\u00f3 y es organizada por el [&hellip;]\" \/>\n<meta property=\"og:url\" content=\"https:\/\/ondauno.com.ar\/index.php\/2026\/04\/29\/charla-en-claromeco-sobre-el-naufragio-de-la-goleta-sociedad-a-150-anos-del-hecho\/\" \/>\n<meta property=\"og:site_name\" content=\"103.9 fm\" \/>\n<meta property=\"article:publisher\" content=\"https:\/\/www.facebook.com\/ondauno103.9\" \/>\n<meta property=\"article:published_time\" content=\"2026-04-30T00:00:30+00:00\" \/>\n<meta property=\"article:modified_time\" content=\"2026-04-30T00:00:36+00:00\" \/>\n<meta property=\"og:image\" content=\"http:\/\/ondauno.com.ar\/wp-content\/uploads\/2026\/04\/WhatsApp-Image-2026-04-29-at-13.18.05.jpeg\" \/>\n\t<meta property=\"og:image:width\" content=\"1200\" \/>\n\t<meta property=\"og:image:height\" content=\"900\" \/>\n\t<meta property=\"og:image:type\" content=\"image\/jpeg\" \/>\n<meta name=\"author\" content=\"OndaUno\" \/>\n<meta name=\"twitter:card\" content=\"summary_large_image\" \/>\n<meta name=\"twitter:label1\" content=\"Escrito por\" \/>\n\t<meta name=\"twitter:data1\" content=\"OndaUno\" \/>\n\t<meta name=\"twitter:label2\" content=\"Tiempo de lectura\" \/>\n\t<meta name=\"twitter:data2\" content=\"2 minutos\" \/>\n<script type=\"application\/ld+json\" class=\"yoast-schema-graph\">{\"@context\":\"https:\/\/schema.org\",\"@graph\":[{\"@type\":\"WebPage\",\"@id\":\"https:\/\/ondauno.com.ar\/index.php\/2026\/04\/29\/charla-en-claromeco-sobre-el-naufragio-de-la-goleta-sociedad-a-150-anos-del-hecho\/\",\"url\":\"https:\/\/ondauno.com.ar\/index.php\/2026\/04\/29\/charla-en-claromeco-sobre-el-naufragio-de-la-goleta-sociedad-a-150-anos-del-hecho\/\",\"name\":\"Charla en Claromec\u00f3 sobre el naufragio de la Goleta Sociedad a 150 a\u00f1os del hecho - 103.9 fm\",\"isPartOf\":{\"@id\":\"https:\/\/ondauno.com.ar\/#website\"},\"primaryImageOfPage\":{\"@id\":\"https:\/\/ondauno.com.ar\/index.php\/2026\/04\/29\/charla-en-claromeco-sobre-el-naufragio-de-la-goleta-sociedad-a-150-anos-del-hecho\/#primaryimage\"},\"image\":{\"@id\":\"https:\/\/ondauno.com.ar\/index.php\/2026\/04\/29\/charla-en-claromeco-sobre-el-naufragio-de-la-goleta-sociedad-a-150-anos-del-hecho\/#primaryimage\"},\"thumbnailUrl\":\"https:\/\/ondauno.com.ar\/wp-content\/uploads\/2026\/04\/WhatsApp-Image-2026-04-29-at-13.18.05.jpeg\",\"datePublished\":\"2026-04-30T00:00:30+00:00\",\"dateModified\":\"2026-04-30T00:00:36+00:00\",\"author\":{\"@id\":\"https:\/\/ondauno.com.ar\/#\/schema\/person\/7ec851ddeceb4133d7d7132dc645714e\"},\"breadcrumb\":{\"@id\":\"https:\/\/ondauno.com.ar\/index.php\/2026\/04\/29\/charla-en-claromeco-sobre-el-naufragio-de-la-goleta-sociedad-a-150-anos-del-hecho\/#breadcrumb\"},\"inLanguage\":\"es-AR\",\"potentialAction\":[{\"@type\":\"ReadAction\",\"target\":[\"https:\/\/ondauno.com.ar\/index.php\/2026\/04\/29\/charla-en-claromeco-sobre-el-naufragio-de-la-goleta-sociedad-a-150-anos-del-hecho\/\"]}]},{\"@type\":\"ImageObject\",\"inLanguage\":\"es-AR\",\"@id\":\"https:\/\/ondauno.com.ar\/index.php\/2026\/04\/29\/charla-en-claromeco-sobre-el-naufragio-de-la-goleta-sociedad-a-150-anos-del-hecho\/#primaryimage\",\"url\":\"https:\/\/ondauno.com.ar\/wp-content\/uploads\/2026\/04\/WhatsApp-Image-2026-04-29-at-13.18.05.jpeg\",\"contentUrl\":\"https:\/\/ondauno.com.ar\/wp-content\/uploads\/2026\/04\/WhatsApp-Image-2026-04-29-at-13.18.05.jpeg\",\"width\":1200,\"height\":900},{\"@type\":\"BreadcrumbList\",\"@id\":\"https:\/\/ondauno.com.ar\/index.php\/2026\/04\/29\/charla-en-claromeco-sobre-el-naufragio-de-la-goleta-sociedad-a-150-anos-del-hecho\/#breadcrumb\",\"itemListElement\":[{\"@type\":\"ListItem\",\"position\":1,\"name\":\"Inicio\",\"item\":\"https:\/\/ondauno.com.ar\/\"},{\"@type\":\"ListItem\",\"position\":2,\"name\":\"Charla en Claromec\u00f3 sobre el naufragio de la Goleta Sociedad a 150 a\u00f1os del hecho\"}]},{\"@type\":\"WebSite\",\"@id\":\"https:\/\/ondauno.com.ar\/#website\",\"url\":\"https:\/\/ondauno.com.ar\/\",\"name\":\"103.9 fm\",\"description\":\"LA PRIMERA RADIO MULTIMEDIA DE TRES ARROYOS\",\"potentialAction\":[{\"@type\":\"SearchAction\",\"target\":{\"@type\":\"EntryPoint\",\"urlTemplate\":\"https:\/\/ondauno.com.ar\/?s={search_term_string}\"},\"query-input\":\"required name=search_term_string\"}],\"inLanguage\":\"es-AR\"},{\"@type\":\"Person\",\"@id\":\"https:\/\/ondauno.com.ar\/#\/schema\/person\/7ec851ddeceb4133d7d7132dc645714e\",\"name\":\"OndaUno\",\"image\":{\"@type\":\"ImageObject\",\"inLanguage\":\"es-AR\",\"@id\":\"https:\/\/ondauno.com.ar\/#\/schema\/person\/image\/\",\"url\":\"https:\/\/secure.gravatar.com\/avatar\/93b8009f0de7021f1feb2bd5b32fb9e8?s=96&d=mm&r=g\",\"contentUrl\":\"https:\/\/secure.gravatar.com\/avatar\/93b8009f0de7021f1feb2bd5b32fb9e8?s=96&d=mm&r=g\",\"caption\":\"OndaUno\"},\"url\":\"https:\/\/ondauno.com.ar\/index.php\/author\/ondauno\/\"}]}<\/script>\n<!-- \/ Yoast SEO plugin. -->","yoast_head_json":{"title":"Charla en Claromec\u00f3 sobre el naufragio de la Goleta Sociedad a 150 a\u00f1os del hecho - 103.9 fm","robots":{"index":"index","follow":"follow","max-snippet":"max-snippet:-1","max-image-preview":"max-image-preview:large","max-video-preview":"max-video-preview:-1"},"canonical":"https:\/\/ondauno.com.ar\/index.php\/2026\/04\/29\/charla-en-claromeco-sobre-el-naufragio-de-la-goleta-sociedad-a-150-anos-del-hecho\/","og_locale":"es_ES","og_type":"article","og_title":"Charla en Claromec\u00f3 sobre el naufragio de la Goleta Sociedad a 150 a\u00f1os del hecho - 103.9 fm","og_description":"Restos hallados en octubre de 2010 El claromequense Hugo Cort\u00e9s brindar\u00e1 una charla abierta sobre el naufragio de la Goleta Sociedad, ocurrido el 3 de mayo de 1876 frente a las costas del distrito de Tres Arroyos. La actividad se realizar\u00e1 este s\u00e1bado en la Biblioteca Bernardo Houssay de Claromec\u00f3 y es organizada por el [&hellip;]","og_url":"https:\/\/ondauno.com.ar\/index.php\/2026\/04\/29\/charla-en-claromeco-sobre-el-naufragio-de-la-goleta-sociedad-a-150-anos-del-hecho\/","og_site_name":"103.9 fm","article_publisher":"https:\/\/www.facebook.com\/ondauno103.9","article_published_time":"2026-04-30T00:00:30+00:00","article_modified_time":"2026-04-30T00:00:36+00:00","og_image":[{"width":1200,"height":900,"url":"http:\/\/ondauno.com.ar\/wp-content\/uploads\/2026\/04\/WhatsApp-Image-2026-04-29-at-13.18.05.jpeg","type":"image\/jpeg"}],"author":"OndaUno","twitter_card":"summary_large_image","twitter_misc":{"Escrito por":"OndaUno","Tiempo de lectura":"2 minutos"},"schema":{"@context":"https:\/\/schema.org","@graph":[{"@type":"WebPage","@id":"https:\/\/ondauno.com.ar\/index.php\/2026\/04\/29\/charla-en-claromeco-sobre-el-naufragio-de-la-goleta-sociedad-a-150-anos-del-hecho\/","url":"https:\/\/ondauno.com.ar\/index.php\/2026\/04\/29\/charla-en-claromeco-sobre-el-naufragio-de-la-goleta-sociedad-a-150-anos-del-hecho\/","name":"Charla en Claromec\u00f3 sobre el naufragio de la Goleta Sociedad a 150 a\u00f1os del hecho - 103.9 fm","isPartOf":{"@id":"https:\/\/ondauno.com.ar\/#website"},"primaryImageOfPage":{"@id":"https:\/\/ondauno.com.ar\/index.php\/2026\/04\/29\/charla-en-claromeco-sobre-el-naufragio-de-la-goleta-sociedad-a-150-anos-del-hecho\/#primaryimage"},"image":{"@id":"https:\/\/ondauno.com.ar\/index.php\/2026\/04\/29\/charla-en-claromeco-sobre-el-naufragio-de-la-goleta-sociedad-a-150-anos-del-hecho\/#primaryimage"},"thumbnailUrl":"https:\/\/ondauno.com.ar\/wp-content\/uploads\/2026\/04\/WhatsApp-Image-2026-04-29-at-13.18.05.jpeg","datePublished":"2026-04-30T00:00:30+00:00","dateModified":"2026-04-30T00:00:36+00:00","author":{"@id":"https:\/\/ondauno.com.ar\/#\/schema\/person\/7ec851ddeceb4133d7d7132dc645714e"},"breadcrumb":{"@id":"https:\/\/ondauno.com.ar\/index.php\/2026\/04\/29\/charla-en-claromeco-sobre-el-naufragio-de-la-goleta-sociedad-a-150-anos-del-hecho\/#breadcrumb"},"inLanguage":"es-AR","potentialAction":[{"@type":"ReadAction","target":["https:\/\/ondauno.com.ar\/index.php\/2026\/04\/29\/charla-en-claromeco-sobre-el-naufragio-de-la-goleta-sociedad-a-150-anos-del-hecho\/"]}]},{"@type":"ImageObject","inLanguage":"es-AR","@id":"https:\/\/ondauno.com.ar\/index.php\/2026\/04\/29\/charla-en-claromeco-sobre-el-naufragio-de-la-goleta-sociedad-a-150-anos-del-hecho\/#primaryimage","url":"https:\/\/ondauno.com.ar\/wp-content\/uploads\/2026\/04\/WhatsApp-Image-2026-04-29-at-13.18.05.jpeg","contentUrl":"https:\/\/ondauno.com.ar\/wp-content\/uploads\/2026\/04\/WhatsApp-Image-2026-04-29-at-13.18.05.jpeg","width":1200,"height":900},{"@type":"BreadcrumbList","@id":"https:\/\/ondauno.com.ar\/index.php\/2026\/04\/29\/charla-en-claromeco-sobre-el-naufragio-de-la-goleta-sociedad-a-150-anos-del-hecho\/#breadcrumb","itemListElement":[{"@type":"ListItem","position":1,"name":"Inicio","item":"https:\/\/ondauno.com.ar\/"},{"@type":"ListItem","position":2,"name":"Charla en Claromec\u00f3 sobre el naufragio de la Goleta Sociedad a 150 a\u00f1os del hecho"}]},{"@type":"WebSite","@id":"https:\/\/ondauno.com.ar\/#website","url":"https:\/\/ondauno.com.ar\/","name":"103.9 fm","description":"LA PRIMERA RADIO MULTIMEDIA DE TRES ARROYOS","potentialAction":[{"@type":"SearchAction","target":{"@type":"EntryPoint","urlTemplate":"https:\/\/ondauno.com.ar\/?s={search_term_string}"},"query-input":"required name=search_term_string"}],"inLanguage":"es-AR"},{"@type":"Person","@id":"https:\/\/ondauno.com.ar\/#\/schema\/person\/7ec851ddeceb4133d7d7132dc645714e","name":"OndaUno","image":{"@type":"ImageObject","inLanguage":"es-AR","@id":"https:\/\/ondauno.com.ar\/#\/schema\/person\/image\/","url":"https:\/\/secure.gravatar.com\/avatar\/93b8009f0de7021f1feb2bd5b32fb9e8?s=96&d=mm&r=g","contentUrl":"https:\/\/secure.gravatar.com\/avatar\/93b8009f0de7021f1feb2bd5b32fb9e8?s=96&d=mm&r=g","caption":"OndaUno"},"url":"https:\/\/ondauno.com.ar\/index.php\/author\/ondauno\/"}]}},"jetpack_publicize_connections":[],"jetpack_featured_media_url":"https:\/\/ondauno.com.ar\/wp-content\/uploads\/2026\/04\/WhatsApp-Image-2026-04-29-at-13.18.05.jpeg","jetpack_sharing_enabled":true,"_links":{"self":[{"href":"https:\/\/ondauno.com.ar\/index.php\/wp-json\/wp\/v2\/posts\/64475","targetHints":{"allow":["GET"]}}],"collection":[{"href":"https:\/\/ondauno.com.ar\/index.php\/wp-json\/wp\/v2\/posts"}],"about":[{"href":"https:\/\/ondauno.com.ar\/index.php\/wp-json\/wp\/v2\/types\/post"}],"author":[{"embeddable":true,"href":"https:\/\/ondauno.com.ar\/index.php\/wp-json\/wp\/v2\/users\/1"}],"replies":[{"embeddable":true,"href":"https:\/\/ondauno.com.ar\/index.php\/wp-json\/wp\/v2\/comments?post=64475"}],"version-history":[{"count":1,"href":"https:\/\/ondauno.com.ar\/index.php\/wp-json\/wp\/v2\/posts\/64475\/revisions"}],"predecessor-version":[{"id":64479,"href":"https:\/\/ondauno.com.ar\/index.php\/wp-json\/wp\/v2\/posts\/64475\/revisions\/64479"}],"wp:featuredmedia":[{"embeddable":true,"href":"https:\/\/ondauno.com.ar\/index.php\/wp-json\/wp\/v2\/media\/64476"}],"wp:attachment":[{"href":"https:\/\/ondauno.com.ar\/index.php\/wp-json\/wp\/v2\/media?parent=64475"}],"wp:term":[{"taxonomy":"category","embeddable":true,"href":"https:\/\/ondauno.com.ar\/index.php\/wp-json\/wp\/v2\/categories?post=64475"},{"taxonomy":"post_tag","embeddable":true,"href":"https:\/\/ondauno.com.ar\/index.php\/wp-json\/wp\/v2\/tags?post=64475"}],"curies":[{"name":"wp","href":"https:\/\/api.w.org\/{rel}","templated":true}]}}