{"id":64464,"date":"2026-04-29T20:41:59","date_gmt":"2026-04-29T23:41:59","guid":{"rendered":"https:\/\/ondauno.com.ar\/?p=64464"},"modified":"2026-04-29T20:42:03","modified_gmt":"2026-04-29T23:42:03","slug":"de-nuevo-fuertes-vientos-empujaron-fuerte-al-mar-en-la-costa-tresarrorense","status":"publish","type":"post","link":"https:\/\/ondauno.com.ar\/index.php\/2026\/04\/29\/de-nuevo-fuertes-vientos-empujaron-fuerte-al-mar-en-la-costa-tresarrorense\/","title":{"rendered":"De nuevo: fuertes vientos empujaron fuerte al mar en la costa tresarrorense"},"content":{"rendered":"<div class=\"ondau-before-content_3\" style=\"margin-top: -30px;\" id=\"ondau-2251767330\"><a href=\"https:\/\/www.lps.com.ar\/\" aria-label=\"la-perse2\"><img loading=\"lazy\" decoding=\"async\" src=\"https:\/\/ondauno.com.ar\/wp-content\/uploads\/2021\/10\/la-perse2.jpg\" alt=\"\"  srcset=\"https:\/\/ondauno.com.ar\/wp-content\/uploads\/2021\/10\/la-perse2.jpg 1353w, https:\/\/ondauno.com.ar\/wp-content\/uploads\/2021\/10\/la-perse2-300x43.jpg 300w, https:\/\/ondauno.com.ar\/wp-content\/uploads\/2021\/10\/la-perse2-1024x148.jpg 1024w, https:\/\/ondauno.com.ar\/wp-content\/uploads\/2021\/10\/la-perse2-768x111.jpg 768w, https:\/\/ondauno.com.ar\/wp-content\/uploads\/2021\/10\/la-perse2-696x100.jpg 696w, https:\/\/ondauno.com.ar\/wp-content\/uploads\/2021\/10\/la-perse2-1068x154.jpg 1068w\" sizes=\"(max-width: 1353px) 100vw, 1353px\" class=\"no-lazyload\" width=\"1353\" height=\"195\"  style=\"display: inline-block;\" \/><\/a><\/div>\n<p>En la tarde de este mi\u00e9rcoles 29 de abril la situaci\u00f3n meteorol\u00f3gica en la costa del partido de Tres Arroyos se caracteriza por condiciones de buen tiempo, pero con viento persistente.<\/p>\n\n\n\n<p>En Claromec\u00f3 y en Reta la temperatura promedia los 16\u00b0C, con una sensaci\u00f3n t\u00e9rmica de 14\u00b0C.<\/p>\n\n\n\n<p>El cielo se encuentra parcialmente nublado pero con mucho viento del sudoeste a unos 40 km\/h de velocidad promedio y con r\u00e1fagas que pod\u00edan superar los 60.<\/p>\n\n\n\n<figure class=\"wp-block-gallery has-nested-images columns-default is-cropped wp-block-gallery-1 is-layout-flex wp-block-gallery-is-layout-flex\">\n<figure class=\"wp-block-image size-large\"><img loading=\"lazy\" decoding=\"async\" width=\"1024\" height=\"587\" data-id=\"64466\" data-src=\"https:\/\/ondauno.com.ar\/wp-content\/uploads\/2026\/04\/WhatsApp-Image-2026-04-29-at-15.49.01-1024x587.jpeg\" alt=\"\" class=\"wp-image-64466 lazyload\" data-srcset=\"https:\/\/ondauno.com.ar\/wp-content\/uploads\/2026\/04\/WhatsApp-Image-2026-04-29-at-15.49.01-1024x587.jpeg 1024w, https:\/\/ondauno.com.ar\/wp-content\/uploads\/2026\/04\/WhatsApp-Image-2026-04-29-at-15.49.01-300x172.jpeg 300w, https:\/\/ondauno.com.ar\/wp-content\/uploads\/2026\/04\/WhatsApp-Image-2026-04-29-at-15.49.01-768x440.jpeg 768w, https:\/\/ondauno.com.ar\/wp-content\/uploads\/2026\/04\/WhatsApp-Image-2026-04-29-at-15.49.01-1536x880.jpeg 1536w, https:\/\/ondauno.com.ar\/wp-content\/uploads\/2026\/04\/WhatsApp-Image-2026-04-29-at-15.49.01-733x420.jpeg 733w, https:\/\/ondauno.com.ar\/wp-content\/uploads\/2026\/04\/WhatsApp-Image-2026-04-29-at-15.49.01-696x399.jpeg 696w, https:\/\/ondauno.com.ar\/wp-content\/uploads\/2026\/04\/WhatsApp-Image-2026-04-29-at-15.49.01-1068x612.jpeg 1068w, https:\/\/ondauno.com.ar\/wp-content\/uploads\/2026\/04\/WhatsApp-Image-2026-04-29-at-15.49.01.jpeg 1600w\" data-sizes=\"auto, (max-width: 1024px) 100vw, 1024px\" src=\"data:image\/gif;base64,R0lGODlhAQABAAAAACH5BAEKAAEALAAAAAABAAEAAAICTAEAOw==\" style=\"--smush-placeholder-width: 1024px; --smush-placeholder-aspect-ratio: 1024\/587;\" \/><noscript><img loading=\"lazy\" decoding=\"async\" width=\"1024\" height=\"587\" data-id=\"64466\" src=\"https:\/\/ondauno.com.ar\/wp-content\/uploads\/2026\/04\/WhatsApp-Image-2026-04-29-at-15.49.01-1024x587.jpeg\" alt=\"\" class=\"wp-image-64466\" srcset=\"https:\/\/ondauno.com.ar\/wp-content\/uploads\/2026\/04\/WhatsApp-Image-2026-04-29-at-15.49.01-1024x587.jpeg 1024w, https:\/\/ondauno.com.ar\/wp-content\/uploads\/2026\/04\/WhatsApp-Image-2026-04-29-at-15.49.01-300x172.jpeg 300w, https:\/\/ondauno.com.ar\/wp-content\/uploads\/2026\/04\/WhatsApp-Image-2026-04-29-at-15.49.01-768x440.jpeg 768w, https:\/\/ondauno.com.ar\/wp-content\/uploads\/2026\/04\/WhatsApp-Image-2026-04-29-at-15.49.01-1536x880.jpeg 1536w, https:\/\/ondauno.com.ar\/wp-content\/uploads\/2026\/04\/WhatsApp-Image-2026-04-29-at-15.49.01-733x420.jpeg 733w, https:\/\/ondauno.com.ar\/wp-content\/uploads\/2026\/04\/WhatsApp-Image-2026-04-29-at-15.49.01-696x399.jpeg 696w, https:\/\/ondauno.com.ar\/wp-content\/uploads\/2026\/04\/WhatsApp-Image-2026-04-29-at-15.49.01-1068x612.jpeg 1068w, https:\/\/ondauno.com.ar\/wp-content\/uploads\/2026\/04\/WhatsApp-Image-2026-04-29-at-15.49.01.jpeg 1600w\" sizes=\"auto, (max-width: 1024px) 100vw, 1024px\" \/><\/noscript><\/figure>\n\n\n\n<figure class=\"wp-block-image size-large\"><img loading=\"lazy\" decoding=\"async\" width=\"1024\" height=\"576\" data-id=\"64467\" data-src=\"https:\/\/ondauno.com.ar\/wp-content\/uploads\/2026\/04\/WhatsApp-Image-2026-04-29-at-15.48.01-1024x576.jpeg\" alt=\"\" class=\"wp-image-64467 lazyload\" data-srcset=\"https:\/\/ondauno.com.ar\/wp-content\/uploads\/2026\/04\/WhatsApp-Image-2026-04-29-at-15.48.01-1024x576.jpeg 1024w, https:\/\/ondauno.com.ar\/wp-content\/uploads\/2026\/04\/WhatsApp-Image-2026-04-29-at-15.48.01-300x169.jpeg 300w, https:\/\/ondauno.com.ar\/wp-content\/uploads\/2026\/04\/WhatsApp-Image-2026-04-29-at-15.48.01-768x432.jpeg 768w, https:\/\/ondauno.com.ar\/wp-content\/uploads\/2026\/04\/WhatsApp-Image-2026-04-29-at-15.48.01-1536x864.jpeg 1536w, https:\/\/ondauno.com.ar\/wp-content\/uploads\/2026\/04\/WhatsApp-Image-2026-04-29-at-15.48.01-747x420.jpeg 747w, https:\/\/ondauno.com.ar\/wp-content\/uploads\/2026\/04\/WhatsApp-Image-2026-04-29-at-15.48.01-696x392.jpeg 696w, https:\/\/ondauno.com.ar\/wp-content\/uploads\/2026\/04\/WhatsApp-Image-2026-04-29-at-15.48.01-1068x601.jpeg 1068w, https:\/\/ondauno.com.ar\/wp-content\/uploads\/2026\/04\/WhatsApp-Image-2026-04-29-at-15.48.01.jpeg 1600w\" data-sizes=\"auto, (max-width: 1024px) 100vw, 1024px\" src=\"data:image\/gif;base64,R0lGODlhAQABAAAAACH5BAEKAAEALAAAAAABAAEAAAICTAEAOw==\" style=\"--smush-placeholder-width: 1024px; --smush-placeholder-aspect-ratio: 1024\/576;\" \/><noscript><img loading=\"lazy\" decoding=\"async\" width=\"1024\" height=\"576\" data-id=\"64467\" src=\"https:\/\/ondauno.com.ar\/wp-content\/uploads\/2026\/04\/WhatsApp-Image-2026-04-29-at-15.48.01-1024x576.jpeg\" alt=\"\" class=\"wp-image-64467\" srcset=\"https:\/\/ondauno.com.ar\/wp-content\/uploads\/2026\/04\/WhatsApp-Image-2026-04-29-at-15.48.01-1024x576.jpeg 1024w, https:\/\/ondauno.com.ar\/wp-content\/uploads\/2026\/04\/WhatsApp-Image-2026-04-29-at-15.48.01-300x169.jpeg 300w, https:\/\/ondauno.com.ar\/wp-content\/uploads\/2026\/04\/WhatsApp-Image-2026-04-29-at-15.48.01-768x432.jpeg 768w, https:\/\/ondauno.com.ar\/wp-content\/uploads\/2026\/04\/WhatsApp-Image-2026-04-29-at-15.48.01-1536x864.jpeg 1536w, https:\/\/ondauno.com.ar\/wp-content\/uploads\/2026\/04\/WhatsApp-Image-2026-04-29-at-15.48.01-747x420.jpeg 747w, https:\/\/ondauno.com.ar\/wp-content\/uploads\/2026\/04\/WhatsApp-Image-2026-04-29-at-15.48.01-696x392.jpeg 696w, https:\/\/ondauno.com.ar\/wp-content\/uploads\/2026\/04\/WhatsApp-Image-2026-04-29-at-15.48.01-1068x601.jpeg 1068w, https:\/\/ondauno.com.ar\/wp-content\/uploads\/2026\/04\/WhatsApp-Image-2026-04-29-at-15.48.01.jpeg 1600w\" sizes=\"auto, (max-width: 1024px) 100vw, 1024px\" \/><\/noscript><\/figure>\n<\/figure>\n\n\n\n<p>Sobre las 16:20 se espera la pleamar y en consecuencia una suba m\u00e1s pronunciada de la marea con mar &#8216;inflado&#8217;.<\/p>\n","protected":false},"excerpt":{"rendered":"<p>En la tarde de este mi\u00e9rcoles 29 de abril la situaci\u00f3n meteorol\u00f3gica en la costa del partido de Tres Arroyos se caracteriza por condiciones de buen tiempo, pero con viento persistente. En Claromec\u00f3 y en Reta la temperatura promedia los 16\u00b0C, con una sensaci\u00f3n t\u00e9rmica de 14\u00b0C. El cielo se encuentra parcialmente nublado pero con [&hellip;]<\/p>\n","protected":false},"author":1,"featured_media":64465,"comment_status":"open","ping_status":"open","sticky":false,"template":"","format":"standard","meta":{"tdm_status":"","tdm_grid_status":"","_jetpack_memberships_contains_paid_content":false,"footnotes":"","jetpack_publicize_message":"","jetpack_publicize_feature_enabled":true,"jetpack_social_post_already_shared":true,"jetpack_social_options":{"image_generator_settings":{"template":"highway","default_image_id":0,"font":"","enabled":false},"version":2}},"categories":[2],"tags":[],"class_list":{"0":"post-64464","1":"post","2":"type-post","3":"status-publish","4":"format-standard","5":"has-post-thumbnail","7":"category-locales"},"yoast_head":"<!-- This site is optimized with the Yoast SEO plugin v22.7 - https:\/\/yoast.com\/wordpress\/plugins\/seo\/ -->\n<title>De nuevo: fuertes vientos empujaron fuerte al mar en la costa tresarrorense - 103.9 fm<\/title>\n<meta name=\"robots\" content=\"index, follow, max-snippet:-1, max-image-preview:large, max-video-preview:-1\" \/>\n<link rel=\"canonical\" href=\"https:\/\/ondauno.com.ar\/index.php\/2026\/04\/29\/de-nuevo-fuertes-vientos-empujaron-fuerte-al-mar-en-la-costa-tresarrorense\/\" \/>\n<meta property=\"og:locale\" content=\"es_ES\" \/>\n<meta property=\"og:type\" content=\"article\" \/>\n<meta property=\"og:title\" content=\"De nuevo: fuertes vientos empujaron fuerte al mar en la costa tresarrorense - 103.9 fm\" \/>\n<meta property=\"og:description\" content=\"En la tarde de este mi\u00e9rcoles 29 de abril la situaci\u00f3n meteorol\u00f3gica en la costa del partido de Tres Arroyos se caracteriza por condiciones de buen tiempo, pero con viento persistente. En Claromec\u00f3 y en Reta la temperatura promedia los 16\u00b0C, con una sensaci\u00f3n t\u00e9rmica de 14\u00b0C. El cielo se encuentra parcialmente nublado pero con [&hellip;]\" \/>\n<meta property=\"og:url\" content=\"https:\/\/ondauno.com.ar\/index.php\/2026\/04\/29\/de-nuevo-fuertes-vientos-empujaron-fuerte-al-mar-en-la-costa-tresarrorense\/\" \/>\n<meta property=\"og:site_name\" content=\"103.9 fm\" \/>\n<meta property=\"article:publisher\" content=\"https:\/\/www.facebook.com\/ondauno103.9\" \/>\n<meta property=\"article:published_time\" content=\"2026-04-29T23:41:59+00:00\" \/>\n<meta property=\"article:modified_time\" content=\"2026-04-29T23:42:03+00:00\" \/>\n<meta property=\"og:image\" content=\"http:\/\/ondauno.com.ar\/wp-content\/uploads\/2026\/04\/WhatsApp-Image-2026-04-29-at-15.48.02.jpeg\" \/>\n\t<meta property=\"og:image:width\" content=\"1600\" \/>\n\t<meta property=\"og:image:height\" content=\"900\" \/>\n\t<meta property=\"og:image:type\" content=\"image\/jpeg\" \/>\n<meta name=\"author\" content=\"OndaUno\" \/>\n<meta name=\"twitter:card\" content=\"summary_large_image\" \/>\n<meta name=\"twitter:label1\" content=\"Escrito por\" \/>\n\t<meta name=\"twitter:data1\" content=\"OndaUno\" \/>\n\t<meta name=\"twitter:label2\" content=\"Tiempo de lectura\" \/>\n\t<meta name=\"twitter:data2\" content=\"2 minutos\" \/>\n<script type=\"application\/ld+json\" class=\"yoast-schema-graph\">{\"@context\":\"https:\/\/schema.org\",\"@graph\":[{\"@type\":\"WebPage\",\"@id\":\"https:\/\/ondauno.com.ar\/index.php\/2026\/04\/29\/de-nuevo-fuertes-vientos-empujaron-fuerte-al-mar-en-la-costa-tresarrorense\/\",\"url\":\"https:\/\/ondauno.com.ar\/index.php\/2026\/04\/29\/de-nuevo-fuertes-vientos-empujaron-fuerte-al-mar-en-la-costa-tresarrorense\/\",\"name\":\"De nuevo: fuertes vientos empujaron fuerte al mar en la costa tresarrorense - 103.9 fm\",\"isPartOf\":{\"@id\":\"https:\/\/ondauno.com.ar\/#website\"},\"primaryImageOfPage\":{\"@id\":\"https:\/\/ondauno.com.ar\/index.php\/2026\/04\/29\/de-nuevo-fuertes-vientos-empujaron-fuerte-al-mar-en-la-costa-tresarrorense\/#primaryimage\"},\"image\":{\"@id\":\"https:\/\/ondauno.com.ar\/index.php\/2026\/04\/29\/de-nuevo-fuertes-vientos-empujaron-fuerte-al-mar-en-la-costa-tresarrorense\/#primaryimage\"},\"thumbnailUrl\":\"https:\/\/ondauno.com.ar\/wp-content\/uploads\/2026\/04\/WhatsApp-Image-2026-04-29-at-15.48.02.jpeg\",\"datePublished\":\"2026-04-29T23:41:59+00:00\",\"dateModified\":\"2026-04-29T23:42:03+00:00\",\"author\":{\"@id\":\"https:\/\/ondauno.com.ar\/#\/schema\/person\/7ec851ddeceb4133d7d7132dc645714e\"},\"breadcrumb\":{\"@id\":\"https:\/\/ondauno.com.ar\/index.php\/2026\/04\/29\/de-nuevo-fuertes-vientos-empujaron-fuerte-al-mar-en-la-costa-tresarrorense\/#breadcrumb\"},\"inLanguage\":\"es-AR\",\"potentialAction\":[{\"@type\":\"ReadAction\",\"target\":[\"https:\/\/ondauno.com.ar\/index.php\/2026\/04\/29\/de-nuevo-fuertes-vientos-empujaron-fuerte-al-mar-en-la-costa-tresarrorense\/\"]}]},{\"@type\":\"ImageObject\",\"inLanguage\":\"es-AR\",\"@id\":\"https:\/\/ondauno.com.ar\/index.php\/2026\/04\/29\/de-nuevo-fuertes-vientos-empujaron-fuerte-al-mar-en-la-costa-tresarrorense\/#primaryimage\",\"url\":\"https:\/\/ondauno.com.ar\/wp-content\/uploads\/2026\/04\/WhatsApp-Image-2026-04-29-at-15.48.02.jpeg\",\"contentUrl\":\"https:\/\/ondauno.com.ar\/wp-content\/uploads\/2026\/04\/WhatsApp-Image-2026-04-29-at-15.48.02.jpeg\",\"width\":1600,\"height\":900},{\"@type\":\"BreadcrumbList\",\"@id\":\"https:\/\/ondauno.com.ar\/index.php\/2026\/04\/29\/de-nuevo-fuertes-vientos-empujaron-fuerte-al-mar-en-la-costa-tresarrorense\/#breadcrumb\",\"itemListElement\":[{\"@type\":\"ListItem\",\"position\":1,\"name\":\"Inicio\",\"item\":\"https:\/\/ondauno.com.ar\/\"},{\"@type\":\"ListItem\",\"position\":2,\"name\":\"De nuevo: fuertes vientos empujaron fuerte al mar en la costa tresarrorense\"}]},{\"@type\":\"WebSite\",\"@id\":\"https:\/\/ondauno.com.ar\/#website\",\"url\":\"https:\/\/ondauno.com.ar\/\",\"name\":\"103.9 fm\",\"description\":\"LA PRIMERA RADIO MULTIMEDIA DE TRES ARROYOS\",\"potentialAction\":[{\"@type\":\"SearchAction\",\"target\":{\"@type\":\"EntryPoint\",\"urlTemplate\":\"https:\/\/ondauno.com.ar\/?s={search_term_string}\"},\"query-input\":\"required name=search_term_string\"}],\"inLanguage\":\"es-AR\"},{\"@type\":\"Person\",\"@id\":\"https:\/\/ondauno.com.ar\/#\/schema\/person\/7ec851ddeceb4133d7d7132dc645714e\",\"name\":\"OndaUno\",\"image\":{\"@type\":\"ImageObject\",\"inLanguage\":\"es-AR\",\"@id\":\"https:\/\/ondauno.com.ar\/#\/schema\/person\/image\/\",\"url\":\"https:\/\/secure.gravatar.com\/avatar\/93b8009f0de7021f1feb2bd5b32fb9e8?s=96&d=mm&r=g\",\"contentUrl\":\"https:\/\/secure.gravatar.com\/avatar\/93b8009f0de7021f1feb2bd5b32fb9e8?s=96&d=mm&r=g\",\"caption\":\"OndaUno\"},\"url\":\"https:\/\/ondauno.com.ar\/index.php\/author\/ondauno\/\"}]}<\/script>\n<!-- \/ Yoast SEO plugin. -->","yoast_head_json":{"title":"De nuevo: fuertes vientos empujaron fuerte al mar en la costa tresarrorense - 103.9 fm","robots":{"index":"index","follow":"follow","max-snippet":"max-snippet:-1","max-image-preview":"max-image-preview:large","max-video-preview":"max-video-preview:-1"},"canonical":"https:\/\/ondauno.com.ar\/index.php\/2026\/04\/29\/de-nuevo-fuertes-vientos-empujaron-fuerte-al-mar-en-la-costa-tresarrorense\/","og_locale":"es_ES","og_type":"article","og_title":"De nuevo: fuertes vientos empujaron fuerte al mar en la costa tresarrorense - 103.9 fm","og_description":"En la tarde de este mi\u00e9rcoles 29 de abril la situaci\u00f3n meteorol\u00f3gica en la costa del partido de Tres Arroyos se caracteriza por condiciones de buen tiempo, pero con viento persistente. En Claromec\u00f3 y en Reta la temperatura promedia los 16\u00b0C, con una sensaci\u00f3n t\u00e9rmica de 14\u00b0C. El cielo se encuentra parcialmente nublado pero con [&hellip;]","og_url":"https:\/\/ondauno.com.ar\/index.php\/2026\/04\/29\/de-nuevo-fuertes-vientos-empujaron-fuerte-al-mar-en-la-costa-tresarrorense\/","og_site_name":"103.9 fm","article_publisher":"https:\/\/www.facebook.com\/ondauno103.9","article_published_time":"2026-04-29T23:41:59+00:00","article_modified_time":"2026-04-29T23:42:03+00:00","og_image":[{"width":1600,"height":900,"url":"http:\/\/ondauno.com.ar\/wp-content\/uploads\/2026\/04\/WhatsApp-Image-2026-04-29-at-15.48.02.jpeg","type":"image\/jpeg"}],"author":"OndaUno","twitter_card":"summary_large_image","twitter_misc":{"Escrito por":"OndaUno","Tiempo de lectura":"2 minutos"},"schema":{"@context":"https:\/\/schema.org","@graph":[{"@type":"WebPage","@id":"https:\/\/ondauno.com.ar\/index.php\/2026\/04\/29\/de-nuevo-fuertes-vientos-empujaron-fuerte-al-mar-en-la-costa-tresarrorense\/","url":"https:\/\/ondauno.com.ar\/index.php\/2026\/04\/29\/de-nuevo-fuertes-vientos-empujaron-fuerte-al-mar-en-la-costa-tresarrorense\/","name":"De nuevo: fuertes vientos empujaron fuerte al mar en la costa tresarrorense - 103.9 fm","isPartOf":{"@id":"https:\/\/ondauno.com.ar\/#website"},"primaryImageOfPage":{"@id":"https:\/\/ondauno.com.ar\/index.php\/2026\/04\/29\/de-nuevo-fuertes-vientos-empujaron-fuerte-al-mar-en-la-costa-tresarrorense\/#primaryimage"},"image":{"@id":"https:\/\/ondauno.com.ar\/index.php\/2026\/04\/29\/de-nuevo-fuertes-vientos-empujaron-fuerte-al-mar-en-la-costa-tresarrorense\/#primaryimage"},"thumbnailUrl":"https:\/\/ondauno.com.ar\/wp-content\/uploads\/2026\/04\/WhatsApp-Image-2026-04-29-at-15.48.02.jpeg","datePublished":"2026-04-29T23:41:59+00:00","dateModified":"2026-04-29T23:42:03+00:00","author":{"@id":"https:\/\/ondauno.com.ar\/#\/schema\/person\/7ec851ddeceb4133d7d7132dc645714e"},"breadcrumb":{"@id":"https:\/\/ondauno.com.ar\/index.php\/2026\/04\/29\/de-nuevo-fuertes-vientos-empujaron-fuerte-al-mar-en-la-costa-tresarrorense\/#breadcrumb"},"inLanguage":"es-AR","potentialAction":[{"@type":"ReadAction","target":["https:\/\/ondauno.com.ar\/index.php\/2026\/04\/29\/de-nuevo-fuertes-vientos-empujaron-fuerte-al-mar-en-la-costa-tresarrorense\/"]}]},{"@type":"ImageObject","inLanguage":"es-AR","@id":"https:\/\/ondauno.com.ar\/index.php\/2026\/04\/29\/de-nuevo-fuertes-vientos-empujaron-fuerte-al-mar-en-la-costa-tresarrorense\/#primaryimage","url":"https:\/\/ondauno.com.ar\/wp-content\/uploads\/2026\/04\/WhatsApp-Image-2026-04-29-at-15.48.02.jpeg","contentUrl":"https:\/\/ondauno.com.ar\/wp-content\/uploads\/2026\/04\/WhatsApp-Image-2026-04-29-at-15.48.02.jpeg","width":1600,"height":900},{"@type":"BreadcrumbList","@id":"https:\/\/ondauno.com.ar\/index.php\/2026\/04\/29\/de-nuevo-fuertes-vientos-empujaron-fuerte-al-mar-en-la-costa-tresarrorense\/#breadcrumb","itemListElement":[{"@type":"ListItem","position":1,"name":"Inicio","item":"https:\/\/ondauno.com.ar\/"},{"@type":"ListItem","position":2,"name":"De nuevo: fuertes vientos empujaron fuerte al mar en la costa tresarrorense"}]},{"@type":"WebSite","@id":"https:\/\/ondauno.com.ar\/#website","url":"https:\/\/ondauno.com.ar\/","name":"103.9 fm","description":"LA PRIMERA RADIO MULTIMEDIA DE TRES ARROYOS","potentialAction":[{"@type":"SearchAction","target":{"@type":"EntryPoint","urlTemplate":"https:\/\/ondauno.com.ar\/?s={search_term_string}"},"query-input":"required name=search_term_string"}],"inLanguage":"es-AR"},{"@type":"Person","@id":"https:\/\/ondauno.com.ar\/#\/schema\/person\/7ec851ddeceb4133d7d7132dc645714e","name":"OndaUno","image":{"@type":"ImageObject","inLanguage":"es-AR","@id":"https:\/\/ondauno.com.ar\/#\/schema\/person\/image\/","url":"https:\/\/secure.gravatar.com\/avatar\/93b8009f0de7021f1feb2bd5b32fb9e8?s=96&d=mm&r=g","contentUrl":"https:\/\/secure.gravatar.com\/avatar\/93b8009f0de7021f1feb2bd5b32fb9e8?s=96&d=mm&r=g","caption":"OndaUno"},"url":"https:\/\/ondauno.com.ar\/index.php\/author\/ondauno\/"}]}},"jetpack_publicize_connections":[],"jetpack_featured_media_url":"https:\/\/ondauno.com.ar\/wp-content\/uploads\/2026\/04\/WhatsApp-Image-2026-04-29-at-15.48.02.jpeg","jetpack_sharing_enabled":true,"_links":{"self":[{"href":"https:\/\/ondauno.com.ar\/index.php\/wp-json\/wp\/v2\/posts\/64464","targetHints":{"allow":["GET"]}}],"collection":[{"href":"https:\/\/ondauno.com.ar\/index.php\/wp-json\/wp\/v2\/posts"}],"about":[{"href":"https:\/\/ondauno.com.ar\/index.php\/wp-json\/wp\/v2\/types\/post"}],"author":[{"embeddable":true,"href":"https:\/\/ondauno.com.ar\/index.php\/wp-json\/wp\/v2\/users\/1"}],"replies":[{"embeddable":true,"href":"https:\/\/ondauno.com.ar\/index.php\/wp-json\/wp\/v2\/comments?post=64464"}],"version-history":[{"count":1,"href":"https:\/\/ondauno.com.ar\/index.php\/wp-json\/wp\/v2\/posts\/64464\/revisions"}],"predecessor-version":[{"id":64468,"href":"https:\/\/ondauno.com.ar\/index.php\/wp-json\/wp\/v2\/posts\/64464\/revisions\/64468"}],"wp:featuredmedia":[{"embeddable":true,"href":"https:\/\/ondauno.com.ar\/index.php\/wp-json\/wp\/v2\/media\/64465"}],"wp:attachment":[{"href":"https:\/\/ondauno.com.ar\/index.php\/wp-json\/wp\/v2\/media?parent=64464"}],"wp:term":[{"taxonomy":"category","embeddable":true,"href":"https:\/\/ondauno.com.ar\/index.php\/wp-json\/wp\/v2\/categories?post=64464"},{"taxonomy":"post_tag","embeddable":true,"href":"https:\/\/ondauno.com.ar\/index.php\/wp-json\/wp\/v2\/tags?post=64464"}],"curies":[{"name":"wp","href":"https:\/\/api.w.org\/{rel}","templated":true}]}}