{"id":64452,"date":"2026-04-28T23:29:37","date_gmt":"2026-04-29T02:29:37","guid":{"rendered":"https:\/\/ondauno.com.ar\/?p=64452"},"modified":"2026-04-28T23:29:45","modified_gmt":"2026-04-29T02:29:45","slug":"del-aguila-queremos-que-los-servicios-turisticos-se-definan-con-tiempo-y-reglas-claras","status":"publish","type":"post","link":"https:\/\/ondauno.com.ar\/index.php\/2026\/04\/28\/del-aguila-queremos-que-los-servicios-turisticos-se-definan-con-tiempo-y-reglas-claras\/","title":{"rendered":"Del Aguila: \u201cQueremos que los servicios tur\u00edsticos se definan con tiempo y reglas claras\u201d"},"content":{"rendered":"<div class=\"ondau-before-content_3\" style=\"margin-top: -30px;\" id=\"ondau-1752664320\"><a href=\"https:\/\/www.lps.com.ar\/\" aria-label=\"la-perse2\"><img loading=\"lazy\" decoding=\"async\" src=\"https:\/\/ondauno.com.ar\/wp-content\/uploads\/2021\/10\/la-perse2.jpg\" alt=\"\"  srcset=\"https:\/\/ondauno.com.ar\/wp-content\/uploads\/2021\/10\/la-perse2.jpg 1353w, https:\/\/ondauno.com.ar\/wp-content\/uploads\/2021\/10\/la-perse2-300x43.jpg 300w, https:\/\/ondauno.com.ar\/wp-content\/uploads\/2021\/10\/la-perse2-1024x148.jpg 1024w, https:\/\/ondauno.com.ar\/wp-content\/uploads\/2021\/10\/la-perse2-768x111.jpg 768w, https:\/\/ondauno.com.ar\/wp-content\/uploads\/2021\/10\/la-perse2-696x100.jpg 696w, https:\/\/ondauno.com.ar\/wp-content\/uploads\/2021\/10\/la-perse2-1068x154.jpg 1068w\" sizes=\"(max-width: 1353px) 100vw, 1353px\" class=\"no-lazyload\" width=\"1353\" height=\"195\"  style=\"display: inline-block;\" \/><\/a><\/div>\n<p>La concejal de la Coalici\u00f3n C\u00edvica y presidenta de la Comisi\u00f3n de Turismo del Concejo Deliberante, Cecilia Del Aguila, habl\u00f3 en di\u00e1logo con el programa \u201cCosas que pasan\u201d sobre las concesiones de paradores en las localidades balnearias y los debates vinculados a la nocturnidad en Claromec\u00f3.<\/p>\n\n\n\n<p>Del Aguila explic\u00f3 que este jueves podr\u00edan tratarse en el Concejo las licitaciones de dos nuevos paradores en Reta y uno en Claromec\u00f3. \u201cSon ofertas \u00fanicas que ahora ingresan al recinto para recibir el tratamiento correspondiente\u201d, indic\u00f3.<\/p>\n\n\n\n<p>En el caso de Reta, detall\u00f3 que se trata de espacios que anteriormente funcionaban bajo la figura de food trucks y que ahora pasar\u00e1n a convertirse en unidades tur\u00edsticas fiscales con estructuras m\u00e1s grandes y servicios m\u00e1s completos.<\/p>\n\n\n\n<p><br>\u201cEs una buena noticia porque se apunta a servicios m\u00e1s formales y de mejor calidad para los turistas\u201d, sostuvo.<br>La concejal tambi\u00e9n se refiri\u00f3 a la situaci\u00f3n de Posta del Faro, en Claromec\u00f3, cuya concesi\u00f3n finaliz\u00f3 el pasado 31 de marzo. Seg\u00fan explic\u00f3, desde la Direcci\u00f3n de Turismo se realizar\u00e1 un informe t\u00e9cnico para determinar si la estructura actual cumple con las condiciones ambientales y de sustentabilidad exigidas para los nuevos paradores.<br>\u201cSi no cumple con los requisitos, deber\u00e1 desarmarse y construirse una nueva estructura\u201d, afirm\u00f3.<\/p>\n\n\n\n<p>Por otro lado Del Aguila habl\u00f3 sobre la pol\u00e9mica generada durante el \u00faltimo verano por la habilitaci\u00f3n de servicios de nocturnidad en un parador de Claromec\u00f3.<\/p>\n\n\n\n<p>\u201cUn parador de playa no puede ofrecer servicios de nocturnidad si eso no est\u00e1 contemplado en su contrato de concesi\u00f3n\u201d, remarc\u00f3.<\/p>\n\n\n\n<p>Adem\u00e1s, se\u00f1al\u00f3 que el tema est\u00e1 siendo analizado dentro del Concejo Deliberante. \u201cTiene que haber reglas claras para todos porque si no se genera una competencia desleal con otros espacios habilitados\u201d, expres\u00f3.<\/p>\n\n\n\n<p>La edil asegur\u00f3 que desde la Comisi\u00f3n de Turismo buscan evitar que las definiciones sobre concesiones y habilitaciones lleguen sobre la fecha de inicio de temporada. \u201cNos interesa que los concesionarios tengan tiempo para trabajar y brindar un servicio de calidad\u201d, concluy\u00f3.<\/p>\n\n\n\n<p>Pod\u00e9s escuchar la nota completa en el siguiente link:<\/p>\n\n\n\n<figure class=\"wp-block-embed is-type-video is-provider-youtube wp-block-embed-youtube wp-embed-aspect-16-9 wp-has-aspect-ratio\"><div class=\"wp-block-embed__wrapper\">\n<div class=\"youtube-embed\" data-video_id=\"er5pnOuzPpM\"><iframe loading=\"lazy\" title=\"Onda Uno 103.9 en vivo\" width=\"696\" height=\"392\" data-src=\"https:\/\/www.youtube.com\/embed\/er5pnOuzPpM?feature=oembed&#038;enablejsapi=1\" frameborder=\"0\" allow=\"accelerometer; autoplay; clipboard-write; encrypted-media; gyroscope; picture-in-picture; web-share\" referrerpolicy=\"strict-origin-when-cross-origin\" allowfullscreen src=\"data:image\/gif;base64,R0lGODlhAQABAAAAACH5BAEKAAEALAAAAAABAAEAAAICTAEAOw==\" class=\"lazyload\" data-load-mode=\"1\"><\/iframe><\/div>\n<\/div><\/figure>\n","protected":false},"excerpt":{"rendered":"<p>La concejal de la Coalici\u00f3n C\u00edvica y presidenta de la Comisi\u00f3n de Turismo del Concejo Deliberante, Cecilia Del Aguila, habl\u00f3 en di\u00e1logo con el programa \u201cCosas que pasan\u201d sobre las concesiones de paradores en las localidades balnearias y los debates vinculados a la nocturnidad en Claromec\u00f3. Del Aguila explic\u00f3 que este jueves podr\u00edan tratarse en [&hellip;]<\/p>\n","protected":false},"author":1,"featured_media":58338,"comment_status":"open","ping_status":"open","sticky":false,"template":"","format":"standard","meta":{"tdm_status":"","tdm_grid_status":"","_jetpack_memberships_contains_paid_content":false,"footnotes":"","jetpack_publicize_message":"","jetpack_publicize_feature_enabled":true,"jetpack_social_post_already_shared":true,"jetpack_social_options":{"image_generator_settings":{"template":"highway","default_image_id":0,"font":"","enabled":false},"version":2}},"categories":[2],"tags":[],"class_list":{"0":"post-64452","1":"post","2":"type-post","3":"status-publish","4":"format-standard","5":"has-post-thumbnail","7":"category-locales"},"yoast_head":"<!-- This site is optimized with the Yoast SEO plugin v22.7 - https:\/\/yoast.com\/wordpress\/plugins\/seo\/ -->\n<title>Del Aguila: \u201cQueremos que los servicios tur\u00edsticos se definan con tiempo y reglas claras\u201d - 103.9 fm<\/title>\n<meta name=\"robots\" content=\"index, follow, max-snippet:-1, max-image-preview:large, max-video-preview:-1\" \/>\n<link rel=\"canonical\" href=\"https:\/\/ondauno.com.ar\/index.php\/2026\/04\/28\/del-aguila-queremos-que-los-servicios-turisticos-se-definan-con-tiempo-y-reglas-claras\/\" \/>\n<meta property=\"og:locale\" content=\"es_ES\" \/>\n<meta property=\"og:type\" content=\"article\" \/>\n<meta property=\"og:title\" content=\"Del Aguila: \u201cQueremos que los servicios tur\u00edsticos se definan con tiempo y reglas claras\u201d - 103.9 fm\" \/>\n<meta property=\"og:description\" content=\"La concejal de la Coalici\u00f3n C\u00edvica y presidenta de la Comisi\u00f3n de Turismo del Concejo Deliberante, Cecilia Del Aguila, habl\u00f3 en di\u00e1logo con el programa \u201cCosas que pasan\u201d sobre las concesiones de paradores en las localidades balnearias y los debates vinculados a la nocturnidad en Claromec\u00f3. Del Aguila explic\u00f3 que este jueves podr\u00edan tratarse en [&hellip;]\" \/>\n<meta property=\"og:url\" content=\"https:\/\/ondauno.com.ar\/index.php\/2026\/04\/28\/del-aguila-queremos-que-los-servicios-turisticos-se-definan-con-tiempo-y-reglas-claras\/\" \/>\n<meta property=\"og:site_name\" content=\"103.9 fm\" \/>\n<meta property=\"article:publisher\" content=\"https:\/\/www.facebook.com\/ondauno103.9\" \/>\n<meta property=\"article:published_time\" content=\"2026-04-29T02:29:37+00:00\" \/>\n<meta property=\"article:modified_time\" content=\"2026-04-29T02:29:45+00:00\" \/>\n<meta property=\"og:image\" content=\"http:\/\/ondauno.com.ar\/wp-content\/uploads\/2025\/07\/WhatsApp-Image-2025-07-11-at-14.09.58.jpeg\" \/>\n\t<meta property=\"og:image:width\" content=\"1600\" \/>\n\t<meta property=\"og:image:height\" content=\"1204\" \/>\n\t<meta property=\"og:image:type\" content=\"image\/jpeg\" \/>\n<meta name=\"author\" content=\"OndaUno\" \/>\n<meta name=\"twitter:card\" content=\"summary_large_image\" \/>\n<meta name=\"twitter:label1\" content=\"Escrito por\" \/>\n\t<meta name=\"twitter:data1\" content=\"OndaUno\" \/>\n\t<meta name=\"twitter:label2\" content=\"Tiempo de lectura\" \/>\n\t<meta name=\"twitter:data2\" content=\"2 minutos\" \/>\n<script type=\"application\/ld+json\" class=\"yoast-schema-graph\">{\"@context\":\"https:\/\/schema.org\",\"@graph\":[{\"@type\":\"WebPage\",\"@id\":\"https:\/\/ondauno.com.ar\/index.php\/2026\/04\/28\/del-aguila-queremos-que-los-servicios-turisticos-se-definan-con-tiempo-y-reglas-claras\/\",\"url\":\"https:\/\/ondauno.com.ar\/index.php\/2026\/04\/28\/del-aguila-queremos-que-los-servicios-turisticos-se-definan-con-tiempo-y-reglas-claras\/\",\"name\":\"Del Aguila: \u201cQueremos que los servicios tur\u00edsticos se definan con tiempo y reglas claras\u201d - 103.9 fm\",\"isPartOf\":{\"@id\":\"https:\/\/ondauno.com.ar\/#website\"},\"primaryImageOfPage\":{\"@id\":\"https:\/\/ondauno.com.ar\/index.php\/2026\/04\/28\/del-aguila-queremos-que-los-servicios-turisticos-se-definan-con-tiempo-y-reglas-claras\/#primaryimage\"},\"image\":{\"@id\":\"https:\/\/ondauno.com.ar\/index.php\/2026\/04\/28\/del-aguila-queremos-que-los-servicios-turisticos-se-definan-con-tiempo-y-reglas-claras\/#primaryimage\"},\"thumbnailUrl\":\"https:\/\/ondauno.com.ar\/wp-content\/uploads\/2025\/07\/WhatsApp-Image-2025-07-11-at-14.09.58.jpeg\",\"datePublished\":\"2026-04-29T02:29:37+00:00\",\"dateModified\":\"2026-04-29T02:29:45+00:00\",\"author\":{\"@id\":\"https:\/\/ondauno.com.ar\/#\/schema\/person\/7ec851ddeceb4133d7d7132dc645714e\"},\"breadcrumb\":{\"@id\":\"https:\/\/ondauno.com.ar\/index.php\/2026\/04\/28\/del-aguila-queremos-que-los-servicios-turisticos-se-definan-con-tiempo-y-reglas-claras\/#breadcrumb\"},\"inLanguage\":\"es-AR\",\"potentialAction\":[{\"@type\":\"ReadAction\",\"target\":[\"https:\/\/ondauno.com.ar\/index.php\/2026\/04\/28\/del-aguila-queremos-que-los-servicios-turisticos-se-definan-con-tiempo-y-reglas-claras\/\"]}]},{\"@type\":\"ImageObject\",\"inLanguage\":\"es-AR\",\"@id\":\"https:\/\/ondauno.com.ar\/index.php\/2026\/04\/28\/del-aguila-queremos-que-los-servicios-turisticos-se-definan-con-tiempo-y-reglas-claras\/#primaryimage\",\"url\":\"https:\/\/ondauno.com.ar\/wp-content\/uploads\/2025\/07\/WhatsApp-Image-2025-07-11-at-14.09.58.jpeg\",\"contentUrl\":\"https:\/\/ondauno.com.ar\/wp-content\/uploads\/2025\/07\/WhatsApp-Image-2025-07-11-at-14.09.58.jpeg\",\"width\":1600,\"height\":1204},{\"@type\":\"BreadcrumbList\",\"@id\":\"https:\/\/ondauno.com.ar\/index.php\/2026\/04\/28\/del-aguila-queremos-que-los-servicios-turisticos-se-definan-con-tiempo-y-reglas-claras\/#breadcrumb\",\"itemListElement\":[{\"@type\":\"ListItem\",\"position\":1,\"name\":\"Inicio\",\"item\":\"https:\/\/ondauno.com.ar\/\"},{\"@type\":\"ListItem\",\"position\":2,\"name\":\"Del Aguila: \u201cQueremos que los servicios tur\u00edsticos se definan con tiempo y reglas claras\u201d\"}]},{\"@type\":\"WebSite\",\"@id\":\"https:\/\/ondauno.com.ar\/#website\",\"url\":\"https:\/\/ondauno.com.ar\/\",\"name\":\"103.9 fm\",\"description\":\"LA PRIMERA RADIO MULTIMEDIA DE TRES ARROYOS\",\"potentialAction\":[{\"@type\":\"SearchAction\",\"target\":{\"@type\":\"EntryPoint\",\"urlTemplate\":\"https:\/\/ondauno.com.ar\/?s={search_term_string}\"},\"query-input\":\"required name=search_term_string\"}],\"inLanguage\":\"es-AR\"},{\"@type\":\"Person\",\"@id\":\"https:\/\/ondauno.com.ar\/#\/schema\/person\/7ec851ddeceb4133d7d7132dc645714e\",\"name\":\"OndaUno\",\"image\":{\"@type\":\"ImageObject\",\"inLanguage\":\"es-AR\",\"@id\":\"https:\/\/ondauno.com.ar\/#\/schema\/person\/image\/\",\"url\":\"https:\/\/secure.gravatar.com\/avatar\/93b8009f0de7021f1feb2bd5b32fb9e8?s=96&d=mm&r=g\",\"contentUrl\":\"https:\/\/secure.gravatar.com\/avatar\/93b8009f0de7021f1feb2bd5b32fb9e8?s=96&d=mm&r=g\",\"caption\":\"OndaUno\"},\"url\":\"https:\/\/ondauno.com.ar\/index.php\/author\/ondauno\/\"}]}<\/script>\n<!-- \/ Yoast SEO plugin. -->","yoast_head_json":{"title":"Del Aguila: \u201cQueremos que los servicios tur\u00edsticos se definan con tiempo y reglas claras\u201d - 103.9 fm","robots":{"index":"index","follow":"follow","max-snippet":"max-snippet:-1","max-image-preview":"max-image-preview:large","max-video-preview":"max-video-preview:-1"},"canonical":"https:\/\/ondauno.com.ar\/index.php\/2026\/04\/28\/del-aguila-queremos-que-los-servicios-turisticos-se-definan-con-tiempo-y-reglas-claras\/","og_locale":"es_ES","og_type":"article","og_title":"Del Aguila: \u201cQueremos que los servicios tur\u00edsticos se definan con tiempo y reglas claras\u201d - 103.9 fm","og_description":"La concejal de la Coalici\u00f3n C\u00edvica y presidenta de la Comisi\u00f3n de Turismo del Concejo Deliberante, Cecilia Del Aguila, habl\u00f3 en di\u00e1logo con el programa \u201cCosas que pasan\u201d sobre las concesiones de paradores en las localidades balnearias y los debates vinculados a la nocturnidad en Claromec\u00f3. Del Aguila explic\u00f3 que este jueves podr\u00edan tratarse en [&hellip;]","og_url":"https:\/\/ondauno.com.ar\/index.php\/2026\/04\/28\/del-aguila-queremos-que-los-servicios-turisticos-se-definan-con-tiempo-y-reglas-claras\/","og_site_name":"103.9 fm","article_publisher":"https:\/\/www.facebook.com\/ondauno103.9","article_published_time":"2026-04-29T02:29:37+00:00","article_modified_time":"2026-04-29T02:29:45+00:00","og_image":[{"width":1600,"height":1204,"url":"http:\/\/ondauno.com.ar\/wp-content\/uploads\/2025\/07\/WhatsApp-Image-2025-07-11-at-14.09.58.jpeg","type":"image\/jpeg"}],"author":"OndaUno","twitter_card":"summary_large_image","twitter_misc":{"Escrito por":"OndaUno","Tiempo de lectura":"2 minutos"},"schema":{"@context":"https:\/\/schema.org","@graph":[{"@type":"WebPage","@id":"https:\/\/ondauno.com.ar\/index.php\/2026\/04\/28\/del-aguila-queremos-que-los-servicios-turisticos-se-definan-con-tiempo-y-reglas-claras\/","url":"https:\/\/ondauno.com.ar\/index.php\/2026\/04\/28\/del-aguila-queremos-que-los-servicios-turisticos-se-definan-con-tiempo-y-reglas-claras\/","name":"Del Aguila: \u201cQueremos que los servicios tur\u00edsticos se definan con tiempo y reglas claras\u201d - 103.9 fm","isPartOf":{"@id":"https:\/\/ondauno.com.ar\/#website"},"primaryImageOfPage":{"@id":"https:\/\/ondauno.com.ar\/index.php\/2026\/04\/28\/del-aguila-queremos-que-los-servicios-turisticos-se-definan-con-tiempo-y-reglas-claras\/#primaryimage"},"image":{"@id":"https:\/\/ondauno.com.ar\/index.php\/2026\/04\/28\/del-aguila-queremos-que-los-servicios-turisticos-se-definan-con-tiempo-y-reglas-claras\/#primaryimage"},"thumbnailUrl":"https:\/\/ondauno.com.ar\/wp-content\/uploads\/2025\/07\/WhatsApp-Image-2025-07-11-at-14.09.58.jpeg","datePublished":"2026-04-29T02:29:37+00:00","dateModified":"2026-04-29T02:29:45+00:00","author":{"@id":"https:\/\/ondauno.com.ar\/#\/schema\/person\/7ec851ddeceb4133d7d7132dc645714e"},"breadcrumb":{"@id":"https:\/\/ondauno.com.ar\/index.php\/2026\/04\/28\/del-aguila-queremos-que-los-servicios-turisticos-se-definan-con-tiempo-y-reglas-claras\/#breadcrumb"},"inLanguage":"es-AR","potentialAction":[{"@type":"ReadAction","target":["https:\/\/ondauno.com.ar\/index.php\/2026\/04\/28\/del-aguila-queremos-que-los-servicios-turisticos-se-definan-con-tiempo-y-reglas-claras\/"]}]},{"@type":"ImageObject","inLanguage":"es-AR","@id":"https:\/\/ondauno.com.ar\/index.php\/2026\/04\/28\/del-aguila-queremos-que-los-servicios-turisticos-se-definan-con-tiempo-y-reglas-claras\/#primaryimage","url":"https:\/\/ondauno.com.ar\/wp-content\/uploads\/2025\/07\/WhatsApp-Image-2025-07-11-at-14.09.58.jpeg","contentUrl":"https:\/\/ondauno.com.ar\/wp-content\/uploads\/2025\/07\/WhatsApp-Image-2025-07-11-at-14.09.58.jpeg","width":1600,"height":1204},{"@type":"BreadcrumbList","@id":"https:\/\/ondauno.com.ar\/index.php\/2026\/04\/28\/del-aguila-queremos-que-los-servicios-turisticos-se-definan-con-tiempo-y-reglas-claras\/#breadcrumb","itemListElement":[{"@type":"ListItem","position":1,"name":"Inicio","item":"https:\/\/ondauno.com.ar\/"},{"@type":"ListItem","position":2,"name":"Del Aguila: \u201cQueremos que los servicios tur\u00edsticos se definan con tiempo y reglas claras\u201d"}]},{"@type":"WebSite","@id":"https:\/\/ondauno.com.ar\/#website","url":"https:\/\/ondauno.com.ar\/","name":"103.9 fm","description":"LA PRIMERA RADIO MULTIMEDIA DE TRES ARROYOS","potentialAction":[{"@type":"SearchAction","target":{"@type":"EntryPoint","urlTemplate":"https:\/\/ondauno.com.ar\/?s={search_term_string}"},"query-input":"required name=search_term_string"}],"inLanguage":"es-AR"},{"@type":"Person","@id":"https:\/\/ondauno.com.ar\/#\/schema\/person\/7ec851ddeceb4133d7d7132dc645714e","name":"OndaUno","image":{"@type":"ImageObject","inLanguage":"es-AR","@id":"https:\/\/ondauno.com.ar\/#\/schema\/person\/image\/","url":"https:\/\/secure.gravatar.com\/avatar\/93b8009f0de7021f1feb2bd5b32fb9e8?s=96&d=mm&r=g","contentUrl":"https:\/\/secure.gravatar.com\/avatar\/93b8009f0de7021f1feb2bd5b32fb9e8?s=96&d=mm&r=g","caption":"OndaUno"},"url":"https:\/\/ondauno.com.ar\/index.php\/author\/ondauno\/"}]}},"jetpack_publicize_connections":[],"jetpack_featured_media_url":"https:\/\/ondauno.com.ar\/wp-content\/uploads\/2025\/07\/WhatsApp-Image-2025-07-11-at-14.09.58.jpeg","jetpack_sharing_enabled":true,"_links":{"self":[{"href":"https:\/\/ondauno.com.ar\/index.php\/wp-json\/wp\/v2\/posts\/64452","targetHints":{"allow":["GET"]}}],"collection":[{"href":"https:\/\/ondauno.com.ar\/index.php\/wp-json\/wp\/v2\/posts"}],"about":[{"href":"https:\/\/ondauno.com.ar\/index.php\/wp-json\/wp\/v2\/types\/post"}],"author":[{"embeddable":true,"href":"https:\/\/ondauno.com.ar\/index.php\/wp-json\/wp\/v2\/users\/1"}],"replies":[{"embeddable":true,"href":"https:\/\/ondauno.com.ar\/index.php\/wp-json\/wp\/v2\/comments?post=64452"}],"version-history":[{"count":1,"href":"https:\/\/ondauno.com.ar\/index.php\/wp-json\/wp\/v2\/posts\/64452\/revisions"}],"predecessor-version":[{"id":64453,"href":"https:\/\/ondauno.com.ar\/index.php\/wp-json\/wp\/v2\/posts\/64452\/revisions\/64453"}],"wp:featuredmedia":[{"embeddable":true,"href":"https:\/\/ondauno.com.ar\/index.php\/wp-json\/wp\/v2\/media\/58338"}],"wp:attachment":[{"href":"https:\/\/ondauno.com.ar\/index.php\/wp-json\/wp\/v2\/media?parent=64452"}],"wp:term":[{"taxonomy":"category","embeddable":true,"href":"https:\/\/ondauno.com.ar\/index.php\/wp-json\/wp\/v2\/categories?post=64452"},{"taxonomy":"post_tag","embeddable":true,"href":"https:\/\/ondauno.com.ar\/index.php\/wp-json\/wp\/v2\/tags?post=64452"}],"curies":[{"name":"wp","href":"https:\/\/api.w.org\/{rel}","templated":true}]}}