{"id":64443,"date":"2026-04-27T14:26:26","date_gmt":"2026-04-27T17:26:26","guid":{"rendered":"https:\/\/ondauno.com.ar\/?p=64443"},"modified":"2026-04-27T14:26:32","modified_gmt":"2026-04-27T17:26:32","slug":"atleta-tresarroyense-volvio-a-competir-y-logro-un-segundo-puesto-en-san-luis","status":"publish","type":"post","link":"https:\/\/ondauno.com.ar\/index.php\/2026\/04\/27\/atleta-tresarroyense-volvio-a-competir-y-logro-un-segundo-puesto-en-san-luis\/","title":{"rendered":"Atleta tresarroyense volvi\u00f3 a competir y logr\u00f3 un segundo puesto en San Luis"},"content":{"rendered":"<div class=\"ondau-before-content_3\" style=\"margin-top: -30px;\" id=\"ondau-3106199081\"><a href=\"https:\/\/www.lps.com.ar\/\" aria-label=\"la-perse2\"><img loading=\"lazy\" decoding=\"async\" src=\"https:\/\/ondauno.com.ar\/wp-content\/uploads\/2021\/10\/la-perse2.jpg\" alt=\"\"  srcset=\"https:\/\/ondauno.com.ar\/wp-content\/uploads\/2021\/10\/la-perse2.jpg 1353w, https:\/\/ondauno.com.ar\/wp-content\/uploads\/2021\/10\/la-perse2-300x43.jpg 300w, https:\/\/ondauno.com.ar\/wp-content\/uploads\/2021\/10\/la-perse2-1024x148.jpg 1024w, https:\/\/ondauno.com.ar\/wp-content\/uploads\/2021\/10\/la-perse2-768x111.jpg 768w, https:\/\/ondauno.com.ar\/wp-content\/uploads\/2021\/10\/la-perse2-696x100.jpg 696w, https:\/\/ondauno.com.ar\/wp-content\/uploads\/2021\/10\/la-perse2-1068x154.jpg 1068w\" sizes=\"(max-width: 1353px) 100vw, 1353px\" class=\"no-lazyload\" width=\"1353\" height=\"195\"  style=\"display: inline-block;\" \/><\/a><\/div>\n<p>El atleta de Tres Arroyos, Luciano Saltap\u00e9, tuvo un destacado regreso a la competencia al obtener el segundo puesto en el 1\u00b0 Meeting Internacional \u201cSerran\u00eda Puntanas\u201d de Atletismo M\u00e1ster, realizado en San Luis del 24 al 26 de abril.<\/p>\n\n\n\n<p>El tresarroyense, que actualmente representa al C\u00edrculo de Atletas Veteranos de Tandil (CAVT), consigui\u00f3 la medalla de plata en salto en alto, con una marca de 1,55 metros, en la categor\u00eda M45. El primer lugar fue para el ecuatoriano Gudman Chal\u00e1, quien alcanz\u00f3 los 1,60 metros.<\/p>\n\n\n\n<p>Este resultado marca el regreso del atleta a las pistas luego de casi siete meses de inactividad por una lesi\u00f3n que le impidi\u00f3 participar en el \u00faltimo campeonato argentino disputado en Concepci\u00f3n del Uruguay en septiembre de 2025.<\/p>\n\n\n\n<p>Tras la competencia, Luciano destac\u00f3 el acompa\u00f1amiento de su entorno: agradeci\u00f3 a su entrenadora bahiense Flavia Ressia y al club VR, as\u00ed como tambi\u00e9n a sus sponsors, Veterinaria Don Hugo (Daniel Stempelet) y Carnicer\u00eda El Tato (Carlos Gonz\u00e1lez), quienes colaboraron con los gastos de inscripci\u00f3n y alojamiento.<\/p>\n\n\n\n<p>Su pr\u00f3ximo compromiso ser\u00e1 en mayo, cuando participe del Campeonato Regional M\u00e1ster en la pista de Tigre, en la provincia de Buenos Aires.<\/p>\n","protected":false},"excerpt":{"rendered":"<p>El atleta de Tres Arroyos, Luciano Saltap\u00e9, tuvo un destacado regreso a la competencia al obtener el segundo puesto en el 1\u00b0 Meeting Internacional \u201cSerran\u00eda Puntanas\u201d de Atletismo M\u00e1ster, realizado en San Luis del 24 al 26 de abril. El tresarroyense, que actualmente representa al C\u00edrculo de Atletas Veteranos de Tandil (CAVT), consigui\u00f3 la medalla [&hellip;]<\/p>\n","protected":false},"author":1,"featured_media":64444,"comment_status":"open","ping_status":"open","sticky":false,"template":"","format":"standard","meta":{"tdm_status":"","tdm_grid_status":"","_jetpack_memberships_contains_paid_content":false,"footnotes":"","jetpack_publicize_message":"","jetpack_publicize_feature_enabled":true,"jetpack_social_post_already_shared":true,"jetpack_social_options":{"image_generator_settings":{"template":"highway","default_image_id":0,"font":"","enabled":false},"version":2}},"categories":[37],"tags":[],"class_list":{"0":"post-64443","1":"post","2":"type-post","3":"status-publish","4":"format-standard","5":"has-post-thumbnail","7":"category-deportes"},"yoast_head":"<!-- This site is optimized with the Yoast SEO plugin v22.7 - https:\/\/yoast.com\/wordpress\/plugins\/seo\/ -->\n<title>Atleta tresarroyense volvi\u00f3 a competir y logr\u00f3 un segundo puesto en San Luis - 103.9 fm<\/title>\n<meta name=\"robots\" content=\"index, follow, max-snippet:-1, max-image-preview:large, max-video-preview:-1\" \/>\n<link rel=\"canonical\" href=\"https:\/\/ondauno.com.ar\/index.php\/2026\/04\/27\/atleta-tresarroyense-volvio-a-competir-y-logro-un-segundo-puesto-en-san-luis\/\" \/>\n<meta property=\"og:locale\" content=\"es_ES\" \/>\n<meta property=\"og:type\" content=\"article\" \/>\n<meta property=\"og:title\" content=\"Atleta tresarroyense volvi\u00f3 a competir y logr\u00f3 un segundo puesto en San Luis - 103.9 fm\" \/>\n<meta property=\"og:description\" content=\"El atleta de Tres Arroyos, Luciano Saltap\u00e9, tuvo un destacado regreso a la competencia al obtener el segundo puesto en el 1\u00b0 Meeting Internacional \u201cSerran\u00eda Puntanas\u201d de Atletismo M\u00e1ster, realizado en San Luis del 24 al 26 de abril. El tresarroyense, que actualmente representa al C\u00edrculo de Atletas Veteranos de Tandil (CAVT), consigui\u00f3 la medalla [&hellip;]\" \/>\n<meta property=\"og:url\" content=\"https:\/\/ondauno.com.ar\/index.php\/2026\/04\/27\/atleta-tresarroyense-volvio-a-competir-y-logro-un-segundo-puesto-en-san-luis\/\" \/>\n<meta property=\"og:site_name\" content=\"103.9 fm\" \/>\n<meta property=\"article:publisher\" content=\"https:\/\/www.facebook.com\/ondauno103.9\" \/>\n<meta property=\"article:published_time\" content=\"2026-04-27T17:26:26+00:00\" \/>\n<meta property=\"article:modified_time\" content=\"2026-04-27T17:26:32+00:00\" \/>\n<meta property=\"og:image\" content=\"http:\/\/ondauno.com.ar\/wp-content\/uploads\/2026\/04\/WhatsApp-Image-2026-04-27-at-14.18.07.jpeg\" \/>\n\t<meta property=\"og:image:width\" content=\"960\" \/>\n\t<meta property=\"og:image:height\" content=\"1280\" \/>\n\t<meta property=\"og:image:type\" content=\"image\/jpeg\" \/>\n<meta name=\"author\" content=\"OndaUno\" \/>\n<meta name=\"twitter:card\" content=\"summary_large_image\" \/>\n<meta name=\"twitter:label1\" content=\"Escrito por\" \/>\n\t<meta name=\"twitter:data1\" content=\"OndaUno\" \/>\n\t<meta name=\"twitter:label2\" content=\"Tiempo de lectura\" \/>\n\t<meta name=\"twitter:data2\" content=\"2 minutos\" \/>\n<script type=\"application\/ld+json\" class=\"yoast-schema-graph\">{\"@context\":\"https:\/\/schema.org\",\"@graph\":[{\"@type\":\"WebPage\",\"@id\":\"https:\/\/ondauno.com.ar\/index.php\/2026\/04\/27\/atleta-tresarroyense-volvio-a-competir-y-logro-un-segundo-puesto-en-san-luis\/\",\"url\":\"https:\/\/ondauno.com.ar\/index.php\/2026\/04\/27\/atleta-tresarroyense-volvio-a-competir-y-logro-un-segundo-puesto-en-san-luis\/\",\"name\":\"Atleta tresarroyense volvi\u00f3 a competir y logr\u00f3 un segundo puesto en San Luis - 103.9 fm\",\"isPartOf\":{\"@id\":\"https:\/\/ondauno.com.ar\/#website\"},\"primaryImageOfPage\":{\"@id\":\"https:\/\/ondauno.com.ar\/index.php\/2026\/04\/27\/atleta-tresarroyense-volvio-a-competir-y-logro-un-segundo-puesto-en-san-luis\/#primaryimage\"},\"image\":{\"@id\":\"https:\/\/ondauno.com.ar\/index.php\/2026\/04\/27\/atleta-tresarroyense-volvio-a-competir-y-logro-un-segundo-puesto-en-san-luis\/#primaryimage\"},\"thumbnailUrl\":\"https:\/\/ondauno.com.ar\/wp-content\/uploads\/2026\/04\/WhatsApp-Image-2026-04-27-at-14.18.07.jpeg\",\"datePublished\":\"2026-04-27T17:26:26+00:00\",\"dateModified\":\"2026-04-27T17:26:32+00:00\",\"author\":{\"@id\":\"https:\/\/ondauno.com.ar\/#\/schema\/person\/7ec851ddeceb4133d7d7132dc645714e\"},\"breadcrumb\":{\"@id\":\"https:\/\/ondauno.com.ar\/index.php\/2026\/04\/27\/atleta-tresarroyense-volvio-a-competir-y-logro-un-segundo-puesto-en-san-luis\/#breadcrumb\"},\"inLanguage\":\"es-AR\",\"potentialAction\":[{\"@type\":\"ReadAction\",\"target\":[\"https:\/\/ondauno.com.ar\/index.php\/2026\/04\/27\/atleta-tresarroyense-volvio-a-competir-y-logro-un-segundo-puesto-en-san-luis\/\"]}]},{\"@type\":\"ImageObject\",\"inLanguage\":\"es-AR\",\"@id\":\"https:\/\/ondauno.com.ar\/index.php\/2026\/04\/27\/atleta-tresarroyense-volvio-a-competir-y-logro-un-segundo-puesto-en-san-luis\/#primaryimage\",\"url\":\"https:\/\/ondauno.com.ar\/wp-content\/uploads\/2026\/04\/WhatsApp-Image-2026-04-27-at-14.18.07.jpeg\",\"contentUrl\":\"https:\/\/ondauno.com.ar\/wp-content\/uploads\/2026\/04\/WhatsApp-Image-2026-04-27-at-14.18.07.jpeg\",\"width\":960,\"height\":1280},{\"@type\":\"BreadcrumbList\",\"@id\":\"https:\/\/ondauno.com.ar\/index.php\/2026\/04\/27\/atleta-tresarroyense-volvio-a-competir-y-logro-un-segundo-puesto-en-san-luis\/#breadcrumb\",\"itemListElement\":[{\"@type\":\"ListItem\",\"position\":1,\"name\":\"Inicio\",\"item\":\"https:\/\/ondauno.com.ar\/\"},{\"@type\":\"ListItem\",\"position\":2,\"name\":\"Atleta tresarroyense volvi\u00f3 a competir y logr\u00f3 un segundo puesto en San Luis\"}]},{\"@type\":\"WebSite\",\"@id\":\"https:\/\/ondauno.com.ar\/#website\",\"url\":\"https:\/\/ondauno.com.ar\/\",\"name\":\"103.9 fm\",\"description\":\"LA PRIMERA RADIO MULTIMEDIA DE TRES ARROYOS\",\"potentialAction\":[{\"@type\":\"SearchAction\",\"target\":{\"@type\":\"EntryPoint\",\"urlTemplate\":\"https:\/\/ondauno.com.ar\/?s={search_term_string}\"},\"query-input\":\"required name=search_term_string\"}],\"inLanguage\":\"es-AR\"},{\"@type\":\"Person\",\"@id\":\"https:\/\/ondauno.com.ar\/#\/schema\/person\/7ec851ddeceb4133d7d7132dc645714e\",\"name\":\"OndaUno\",\"image\":{\"@type\":\"ImageObject\",\"inLanguage\":\"es-AR\",\"@id\":\"https:\/\/ondauno.com.ar\/#\/schema\/person\/image\/\",\"url\":\"https:\/\/secure.gravatar.com\/avatar\/93b8009f0de7021f1feb2bd5b32fb9e8?s=96&d=mm&r=g\",\"contentUrl\":\"https:\/\/secure.gravatar.com\/avatar\/93b8009f0de7021f1feb2bd5b32fb9e8?s=96&d=mm&r=g\",\"caption\":\"OndaUno\"},\"url\":\"https:\/\/ondauno.com.ar\/index.php\/author\/ondauno\/\"}]}<\/script>\n<!-- \/ Yoast SEO plugin. -->","yoast_head_json":{"title":"Atleta tresarroyense volvi\u00f3 a competir y logr\u00f3 un segundo puesto en San Luis - 103.9 fm","robots":{"index":"index","follow":"follow","max-snippet":"max-snippet:-1","max-image-preview":"max-image-preview:large","max-video-preview":"max-video-preview:-1"},"canonical":"https:\/\/ondauno.com.ar\/index.php\/2026\/04\/27\/atleta-tresarroyense-volvio-a-competir-y-logro-un-segundo-puesto-en-san-luis\/","og_locale":"es_ES","og_type":"article","og_title":"Atleta tresarroyense volvi\u00f3 a competir y logr\u00f3 un segundo puesto en San Luis - 103.9 fm","og_description":"El atleta de Tres Arroyos, Luciano Saltap\u00e9, tuvo un destacado regreso a la competencia al obtener el segundo puesto en el 1\u00b0 Meeting Internacional \u201cSerran\u00eda Puntanas\u201d de Atletismo M\u00e1ster, realizado en San Luis del 24 al 26 de abril. El tresarroyense, que actualmente representa al C\u00edrculo de Atletas Veteranos de Tandil (CAVT), consigui\u00f3 la medalla [&hellip;]","og_url":"https:\/\/ondauno.com.ar\/index.php\/2026\/04\/27\/atleta-tresarroyense-volvio-a-competir-y-logro-un-segundo-puesto-en-san-luis\/","og_site_name":"103.9 fm","article_publisher":"https:\/\/www.facebook.com\/ondauno103.9","article_published_time":"2026-04-27T17:26:26+00:00","article_modified_time":"2026-04-27T17:26:32+00:00","og_image":[{"width":960,"height":1280,"url":"http:\/\/ondauno.com.ar\/wp-content\/uploads\/2026\/04\/WhatsApp-Image-2026-04-27-at-14.18.07.jpeg","type":"image\/jpeg"}],"author":"OndaUno","twitter_card":"summary_large_image","twitter_misc":{"Escrito por":"OndaUno","Tiempo de lectura":"2 minutos"},"schema":{"@context":"https:\/\/schema.org","@graph":[{"@type":"WebPage","@id":"https:\/\/ondauno.com.ar\/index.php\/2026\/04\/27\/atleta-tresarroyense-volvio-a-competir-y-logro-un-segundo-puesto-en-san-luis\/","url":"https:\/\/ondauno.com.ar\/index.php\/2026\/04\/27\/atleta-tresarroyense-volvio-a-competir-y-logro-un-segundo-puesto-en-san-luis\/","name":"Atleta tresarroyense volvi\u00f3 a competir y logr\u00f3 un segundo puesto en San Luis - 103.9 fm","isPartOf":{"@id":"https:\/\/ondauno.com.ar\/#website"},"primaryImageOfPage":{"@id":"https:\/\/ondauno.com.ar\/index.php\/2026\/04\/27\/atleta-tresarroyense-volvio-a-competir-y-logro-un-segundo-puesto-en-san-luis\/#primaryimage"},"image":{"@id":"https:\/\/ondauno.com.ar\/index.php\/2026\/04\/27\/atleta-tresarroyense-volvio-a-competir-y-logro-un-segundo-puesto-en-san-luis\/#primaryimage"},"thumbnailUrl":"https:\/\/ondauno.com.ar\/wp-content\/uploads\/2026\/04\/WhatsApp-Image-2026-04-27-at-14.18.07.jpeg","datePublished":"2026-04-27T17:26:26+00:00","dateModified":"2026-04-27T17:26:32+00:00","author":{"@id":"https:\/\/ondauno.com.ar\/#\/schema\/person\/7ec851ddeceb4133d7d7132dc645714e"},"breadcrumb":{"@id":"https:\/\/ondauno.com.ar\/index.php\/2026\/04\/27\/atleta-tresarroyense-volvio-a-competir-y-logro-un-segundo-puesto-en-san-luis\/#breadcrumb"},"inLanguage":"es-AR","potentialAction":[{"@type":"ReadAction","target":["https:\/\/ondauno.com.ar\/index.php\/2026\/04\/27\/atleta-tresarroyense-volvio-a-competir-y-logro-un-segundo-puesto-en-san-luis\/"]}]},{"@type":"ImageObject","inLanguage":"es-AR","@id":"https:\/\/ondauno.com.ar\/index.php\/2026\/04\/27\/atleta-tresarroyense-volvio-a-competir-y-logro-un-segundo-puesto-en-san-luis\/#primaryimage","url":"https:\/\/ondauno.com.ar\/wp-content\/uploads\/2026\/04\/WhatsApp-Image-2026-04-27-at-14.18.07.jpeg","contentUrl":"https:\/\/ondauno.com.ar\/wp-content\/uploads\/2026\/04\/WhatsApp-Image-2026-04-27-at-14.18.07.jpeg","width":960,"height":1280},{"@type":"BreadcrumbList","@id":"https:\/\/ondauno.com.ar\/index.php\/2026\/04\/27\/atleta-tresarroyense-volvio-a-competir-y-logro-un-segundo-puesto-en-san-luis\/#breadcrumb","itemListElement":[{"@type":"ListItem","position":1,"name":"Inicio","item":"https:\/\/ondauno.com.ar\/"},{"@type":"ListItem","position":2,"name":"Atleta tresarroyense volvi\u00f3 a competir y logr\u00f3 un segundo puesto en San Luis"}]},{"@type":"WebSite","@id":"https:\/\/ondauno.com.ar\/#website","url":"https:\/\/ondauno.com.ar\/","name":"103.9 fm","description":"LA PRIMERA RADIO MULTIMEDIA DE TRES ARROYOS","potentialAction":[{"@type":"SearchAction","target":{"@type":"EntryPoint","urlTemplate":"https:\/\/ondauno.com.ar\/?s={search_term_string}"},"query-input":"required name=search_term_string"}],"inLanguage":"es-AR"},{"@type":"Person","@id":"https:\/\/ondauno.com.ar\/#\/schema\/person\/7ec851ddeceb4133d7d7132dc645714e","name":"OndaUno","image":{"@type":"ImageObject","inLanguage":"es-AR","@id":"https:\/\/ondauno.com.ar\/#\/schema\/person\/image\/","url":"https:\/\/secure.gravatar.com\/avatar\/93b8009f0de7021f1feb2bd5b32fb9e8?s=96&d=mm&r=g","contentUrl":"https:\/\/secure.gravatar.com\/avatar\/93b8009f0de7021f1feb2bd5b32fb9e8?s=96&d=mm&r=g","caption":"OndaUno"},"url":"https:\/\/ondauno.com.ar\/index.php\/author\/ondauno\/"}]}},"jetpack_publicize_connections":[],"jetpack_featured_media_url":"https:\/\/ondauno.com.ar\/wp-content\/uploads\/2026\/04\/WhatsApp-Image-2026-04-27-at-14.18.07.jpeg","jetpack_sharing_enabled":true,"_links":{"self":[{"href":"https:\/\/ondauno.com.ar\/index.php\/wp-json\/wp\/v2\/posts\/64443","targetHints":{"allow":["GET"]}}],"collection":[{"href":"https:\/\/ondauno.com.ar\/index.php\/wp-json\/wp\/v2\/posts"}],"about":[{"href":"https:\/\/ondauno.com.ar\/index.php\/wp-json\/wp\/v2\/types\/post"}],"author":[{"embeddable":true,"href":"https:\/\/ondauno.com.ar\/index.php\/wp-json\/wp\/v2\/users\/1"}],"replies":[{"embeddable":true,"href":"https:\/\/ondauno.com.ar\/index.php\/wp-json\/wp\/v2\/comments?post=64443"}],"version-history":[{"count":1,"href":"https:\/\/ondauno.com.ar\/index.php\/wp-json\/wp\/v2\/posts\/64443\/revisions"}],"predecessor-version":[{"id":64445,"href":"https:\/\/ondauno.com.ar\/index.php\/wp-json\/wp\/v2\/posts\/64443\/revisions\/64445"}],"wp:featuredmedia":[{"embeddable":true,"href":"https:\/\/ondauno.com.ar\/index.php\/wp-json\/wp\/v2\/media\/64444"}],"wp:attachment":[{"href":"https:\/\/ondauno.com.ar\/index.php\/wp-json\/wp\/v2\/media?parent=64443"}],"wp:term":[{"taxonomy":"category","embeddable":true,"href":"https:\/\/ondauno.com.ar\/index.php\/wp-json\/wp\/v2\/categories?post=64443"},{"taxonomy":"post_tag","embeddable":true,"href":"https:\/\/ondauno.com.ar\/index.php\/wp-json\/wp\/v2\/tags?post=64443"}],"curies":[{"name":"wp","href":"https:\/\/api.w.org\/{rel}","templated":true}]}}