{"id":64440,"date":"2026-04-27T14:23:39","date_gmt":"2026-04-27T17:23:39","guid":{"rendered":"https:\/\/ondauno.com.ar\/?p=64440"},"modified":"2026-04-27T14:23:43","modified_gmt":"2026-04-27T17:23:43","slug":"se-renovo-la-conduccion-de-la-junta-vecinal-de-marisol","status":"publish","type":"post","link":"https:\/\/ondauno.com.ar\/index.php\/2026\/04\/27\/se-renovo-la-conduccion-de-la-junta-vecinal-de-marisol\/","title":{"rendered":"Se renov\u00f3 la conducci\u00f3n de la Junta Vecinal de Marisol"},"content":{"rendered":"<div class=\"ondau-before-content_3\" style=\"margin-top: -30px;\" id=\"ondau-2626404181\"><a href=\"https:\/\/www.lps.com.ar\/\" aria-label=\"la-perse2\"><img loading=\"lazy\" decoding=\"async\" src=\"https:\/\/ondauno.com.ar\/wp-content\/uploads\/2021\/10\/la-perse2.jpg\" alt=\"\"  srcset=\"https:\/\/ondauno.com.ar\/wp-content\/uploads\/2021\/10\/la-perse2.jpg 1353w, https:\/\/ondauno.com.ar\/wp-content\/uploads\/2021\/10\/la-perse2-300x43.jpg 300w, https:\/\/ondauno.com.ar\/wp-content\/uploads\/2021\/10\/la-perse2-1024x148.jpg 1024w, https:\/\/ondauno.com.ar\/wp-content\/uploads\/2021\/10\/la-perse2-768x111.jpg 768w, https:\/\/ondauno.com.ar\/wp-content\/uploads\/2021\/10\/la-perse2-696x100.jpg 696w, https:\/\/ondauno.com.ar\/wp-content\/uploads\/2021\/10\/la-perse2-1068x154.jpg 1068w\" sizes=\"(max-width: 1353px) 100vw, 1353px\" class=\"no-lazyload\" width=\"1353\" height=\"195\"  style=\"display: inline-block;\" \/><\/a><\/div>\n<p class=\"has-small-font-size\"><strong><em>Hern\u00e1n Aguirre, segundo desde la izquierda, es el nuevo presidente de la junta vecinal de Marisol<\/em><\/strong><\/p>\n\n\n\n<p>El balneario Marisol atraviesa una nueva etapa tras la asunci\u00f3n de la flamante comisi\u00f3n de la Junta Vecinal, encabezada por Hern\u00e1n Aguirre, en reemplazo de Stella Cimadevilla.<br>El nuevo conductor encabeza un nuevo grupo de vecinos y propietarios de segunda de residencia, c\u00f3mo lo es por ahora el mismo Aguirre.<\/p>\n\n\n\n<p>El dirigente cont\u00f3 en Cosas que mantiene un v\u00ednculo con el lugar desde 2017, explic\u00f3 que su llegada a la comisi\u00f3n surge del compromiso con la comunidad. \u201cConocimos Marisol y nos encant\u00f3. Estamos enamorados hasta el d\u00eda de hoy\u201d, cont\u00f3, y adelant\u00f3 que su idea es radicarse de manera definitiva en el balneario.<\/p>\n\n\n\n<p>Uno de los principales reclamos que impulsa la nueva comisi\u00f3n es la posibilidad de votar en la propia localidad. \u201cEs muy llamativo que no tengamos mesa de votaci\u00f3n, teniendo una escuela. Hay que hacer 20 kil\u00f3metros hasta Oriente y no todos pueden trasladarse\u201d, se\u00f1al\u00f3.<\/p>\n\n\n\n<p>En ese sentido ya se present\u00f3 una nota ante la Junta Electoral para solicitar la habilitaci\u00f3n de una mesa en la Escuela N\u00b0 35. \u201cEs un derecho que tenemos todos los ciudadanos y ser\u00eda importante poder ejercerlo en nuestra localidad\u201d, agreg\u00f3.<\/p>\n\n\n\n<p>Otro de los pedidos tiene que ver con el acceso a la costa del r\u00edo. Desde la Junta solicitaron la intervenci\u00f3n de la Autoridad del Agua para garantizar el paso libre en la ribera. \u201cEl alambrado llega hasta la orilla e impide circular. Queremos que todos los vecinos puedan disfrutar del r\u00edo\u201d, explic\u00f3.<\/p>\n\n\n\n<p>Adem\u00e1s, Aguirre mencion\u00f3 otras inquietudes como el mantenimiento del camino hacia Oriente y la necesidad de seguir trabajando en conjunto con autoridades y vecinos. \u201cHay muchas ganas de hacer cosas y de mejorar el balneario\u201d, afirm\u00f3.<\/p>\n\n\n\n<p>Tambi\u00e9n destac\u00f3 el contexto actual de crecimiento en la localidad. \u201cSe ve otro movimiento, hay nuevas propuestas, m\u00e1s presencia y ganas de trabajar\u201d, sostuvo.<\/p>\n\n\n\n<p>La comisi\u00f3n ya anticip\u00f3 que en breve convocar\u00e1 a una reuni\u00f3n abierta para escuchar a los vecinos y sumar propuestas.<\/p>\n\n\n\n<p>Pod\u00e9s escuchar la nota completa en el siguiente link:<\/p>\n\n\n\n<figure class=\"wp-block-embed is-type-video is-provider-youtube wp-block-embed-youtube wp-embed-aspect-16-9 wp-has-aspect-ratio\"><div class=\"wp-block-embed__wrapper\">\n<div class=\"youtube-embed\" data-video_id=\"H-ty-2rttNU\"><iframe loading=\"lazy\" title=\"Onda Uno 103.9 en vivo\" width=\"696\" height=\"392\" data-src=\"https:\/\/www.youtube.com\/embed\/H-ty-2rttNU?start=17&#038;feature=oembed\" frameborder=\"0\" allow=\"accelerometer; autoplay; clipboard-write; encrypted-media; gyroscope; picture-in-picture; web-share\" referrerpolicy=\"strict-origin-when-cross-origin\" allowfullscreen src=\"data:image\/gif;base64,R0lGODlhAQABAAAAACH5BAEKAAEALAAAAAABAAEAAAICTAEAOw==\" class=\"lazyload\" data-load-mode=\"1\"><\/iframe><\/div>\n<\/div><\/figure>\n","protected":false},"excerpt":{"rendered":"<p>Hern\u00e1n Aguirre, segundo desde la izquierda, es el nuevo presidente de la junta vecinal de Marisol El balneario Marisol atraviesa una nueva etapa tras la asunci\u00f3n de la flamante comisi\u00f3n de la Junta Vecinal, encabezada por Hern\u00e1n Aguirre, en reemplazo de Stella Cimadevilla.El nuevo conductor encabeza un nuevo grupo de vecinos y propietarios de segunda [&hellip;]<\/p>\n","protected":false},"author":1,"featured_media":64441,"comment_status":"open","ping_status":"open","sticky":false,"template":"","format":"standard","meta":{"tdm_status":"","tdm_grid_status":"","_jetpack_memberships_contains_paid_content":false,"footnotes":"","jetpack_publicize_message":"","jetpack_publicize_feature_enabled":true,"jetpack_social_post_already_shared":true,"jetpack_social_options":{"image_generator_settings":{"template":"highway","default_image_id":0,"font":"","enabled":false},"version":2}},"categories":[28],"tags":[],"class_list":{"0":"post-64440","1":"post","2":"type-post","3":"status-publish","4":"format-standard","5":"has-post-thumbnail","7":"category-interes-general"},"yoast_head":"<!-- This site is optimized with the Yoast SEO plugin v22.7 - https:\/\/yoast.com\/wordpress\/plugins\/seo\/ -->\n<title>Se renov\u00f3 la conducci\u00f3n de la Junta Vecinal de Marisol - 103.9 fm<\/title>\n<meta name=\"robots\" content=\"index, follow, max-snippet:-1, max-image-preview:large, max-video-preview:-1\" \/>\n<link rel=\"canonical\" href=\"https:\/\/ondauno.com.ar\/index.php\/2026\/04\/27\/se-renovo-la-conduccion-de-la-junta-vecinal-de-marisol\/\" \/>\n<meta property=\"og:locale\" content=\"es_ES\" \/>\n<meta property=\"og:type\" content=\"article\" \/>\n<meta property=\"og:title\" content=\"Se renov\u00f3 la conducci\u00f3n de la Junta Vecinal de Marisol - 103.9 fm\" \/>\n<meta property=\"og:description\" content=\"Hern\u00e1n Aguirre, segundo desde la izquierda, es el nuevo presidente de la junta vecinal de Marisol El balneario Marisol atraviesa una nueva etapa tras la asunci\u00f3n de la flamante comisi\u00f3n de la Junta Vecinal, encabezada por Hern\u00e1n Aguirre, en reemplazo de Stella Cimadevilla.El nuevo conductor encabeza un nuevo grupo de vecinos y propietarios de segunda [&hellip;]\" \/>\n<meta property=\"og:url\" content=\"https:\/\/ondauno.com.ar\/index.php\/2026\/04\/27\/se-renovo-la-conduccion-de-la-junta-vecinal-de-marisol\/\" \/>\n<meta property=\"og:site_name\" content=\"103.9 fm\" \/>\n<meta property=\"article:publisher\" content=\"https:\/\/www.facebook.com\/ondauno103.9\" \/>\n<meta property=\"article:published_time\" content=\"2026-04-27T17:23:39+00:00\" \/>\n<meta property=\"article:modified_time\" content=\"2026-04-27T17:23:43+00:00\" \/>\n<meta property=\"og:image\" content=\"http:\/\/ondauno.com.ar\/wp-content\/uploads\/2026\/04\/WhatsApp-Image-2026-04-27-at-14.17.03-1.jpeg\" \/>\n\t<meta property=\"og:image:width\" content=\"1284\" \/>\n\t<meta property=\"og:image:height\" content=\"954\" \/>\n\t<meta property=\"og:image:type\" content=\"image\/jpeg\" \/>\n<meta name=\"author\" content=\"OndaUno\" \/>\n<meta name=\"twitter:card\" content=\"summary_large_image\" \/>\n<meta name=\"twitter:label1\" content=\"Escrito por\" \/>\n\t<meta name=\"twitter:data1\" content=\"OndaUno\" \/>\n\t<meta name=\"twitter:label2\" content=\"Tiempo de lectura\" \/>\n\t<meta name=\"twitter:data2\" content=\"2 minutos\" \/>\n<script type=\"application\/ld+json\" class=\"yoast-schema-graph\">{\"@context\":\"https:\/\/schema.org\",\"@graph\":[{\"@type\":\"WebPage\",\"@id\":\"https:\/\/ondauno.com.ar\/index.php\/2026\/04\/27\/se-renovo-la-conduccion-de-la-junta-vecinal-de-marisol\/\",\"url\":\"https:\/\/ondauno.com.ar\/index.php\/2026\/04\/27\/se-renovo-la-conduccion-de-la-junta-vecinal-de-marisol\/\",\"name\":\"Se renov\u00f3 la conducci\u00f3n de la Junta Vecinal de Marisol - 103.9 fm\",\"isPartOf\":{\"@id\":\"https:\/\/ondauno.com.ar\/#website\"},\"primaryImageOfPage\":{\"@id\":\"https:\/\/ondauno.com.ar\/index.php\/2026\/04\/27\/se-renovo-la-conduccion-de-la-junta-vecinal-de-marisol\/#primaryimage\"},\"image\":{\"@id\":\"https:\/\/ondauno.com.ar\/index.php\/2026\/04\/27\/se-renovo-la-conduccion-de-la-junta-vecinal-de-marisol\/#primaryimage\"},\"thumbnailUrl\":\"https:\/\/ondauno.com.ar\/wp-content\/uploads\/2026\/04\/WhatsApp-Image-2026-04-27-at-14.17.03-1.jpeg\",\"datePublished\":\"2026-04-27T17:23:39+00:00\",\"dateModified\":\"2026-04-27T17:23:43+00:00\",\"author\":{\"@id\":\"https:\/\/ondauno.com.ar\/#\/schema\/person\/7ec851ddeceb4133d7d7132dc645714e\"},\"breadcrumb\":{\"@id\":\"https:\/\/ondauno.com.ar\/index.php\/2026\/04\/27\/se-renovo-la-conduccion-de-la-junta-vecinal-de-marisol\/#breadcrumb\"},\"inLanguage\":\"es-AR\",\"potentialAction\":[{\"@type\":\"ReadAction\",\"target\":[\"https:\/\/ondauno.com.ar\/index.php\/2026\/04\/27\/se-renovo-la-conduccion-de-la-junta-vecinal-de-marisol\/\"]}]},{\"@type\":\"ImageObject\",\"inLanguage\":\"es-AR\",\"@id\":\"https:\/\/ondauno.com.ar\/index.php\/2026\/04\/27\/se-renovo-la-conduccion-de-la-junta-vecinal-de-marisol\/#primaryimage\",\"url\":\"https:\/\/ondauno.com.ar\/wp-content\/uploads\/2026\/04\/WhatsApp-Image-2026-04-27-at-14.17.03-1.jpeg\",\"contentUrl\":\"https:\/\/ondauno.com.ar\/wp-content\/uploads\/2026\/04\/WhatsApp-Image-2026-04-27-at-14.17.03-1.jpeg\",\"width\":1284,\"height\":954},{\"@type\":\"BreadcrumbList\",\"@id\":\"https:\/\/ondauno.com.ar\/index.php\/2026\/04\/27\/se-renovo-la-conduccion-de-la-junta-vecinal-de-marisol\/#breadcrumb\",\"itemListElement\":[{\"@type\":\"ListItem\",\"position\":1,\"name\":\"Inicio\",\"item\":\"https:\/\/ondauno.com.ar\/\"},{\"@type\":\"ListItem\",\"position\":2,\"name\":\"Se renov\u00f3 la conducci\u00f3n de la Junta Vecinal de Marisol\"}]},{\"@type\":\"WebSite\",\"@id\":\"https:\/\/ondauno.com.ar\/#website\",\"url\":\"https:\/\/ondauno.com.ar\/\",\"name\":\"103.9 fm\",\"description\":\"LA PRIMERA RADIO MULTIMEDIA DE TRES ARROYOS\",\"potentialAction\":[{\"@type\":\"SearchAction\",\"target\":{\"@type\":\"EntryPoint\",\"urlTemplate\":\"https:\/\/ondauno.com.ar\/?s={search_term_string}\"},\"query-input\":\"required name=search_term_string\"}],\"inLanguage\":\"es-AR\"},{\"@type\":\"Person\",\"@id\":\"https:\/\/ondauno.com.ar\/#\/schema\/person\/7ec851ddeceb4133d7d7132dc645714e\",\"name\":\"OndaUno\",\"image\":{\"@type\":\"ImageObject\",\"inLanguage\":\"es-AR\",\"@id\":\"https:\/\/ondauno.com.ar\/#\/schema\/person\/image\/\",\"url\":\"https:\/\/secure.gravatar.com\/avatar\/93b8009f0de7021f1feb2bd5b32fb9e8?s=96&d=mm&r=g\",\"contentUrl\":\"https:\/\/secure.gravatar.com\/avatar\/93b8009f0de7021f1feb2bd5b32fb9e8?s=96&d=mm&r=g\",\"caption\":\"OndaUno\"},\"url\":\"https:\/\/ondauno.com.ar\/index.php\/author\/ondauno\/\"}]}<\/script>\n<!-- \/ Yoast SEO plugin. -->","yoast_head_json":{"title":"Se renov\u00f3 la conducci\u00f3n de la Junta Vecinal de Marisol - 103.9 fm","robots":{"index":"index","follow":"follow","max-snippet":"max-snippet:-1","max-image-preview":"max-image-preview:large","max-video-preview":"max-video-preview:-1"},"canonical":"https:\/\/ondauno.com.ar\/index.php\/2026\/04\/27\/se-renovo-la-conduccion-de-la-junta-vecinal-de-marisol\/","og_locale":"es_ES","og_type":"article","og_title":"Se renov\u00f3 la conducci\u00f3n de la Junta Vecinal de Marisol - 103.9 fm","og_description":"Hern\u00e1n Aguirre, segundo desde la izquierda, es el nuevo presidente de la junta vecinal de Marisol El balneario Marisol atraviesa una nueva etapa tras la asunci\u00f3n de la flamante comisi\u00f3n de la Junta Vecinal, encabezada por Hern\u00e1n Aguirre, en reemplazo de Stella Cimadevilla.El nuevo conductor encabeza un nuevo grupo de vecinos y propietarios de segunda [&hellip;]","og_url":"https:\/\/ondauno.com.ar\/index.php\/2026\/04\/27\/se-renovo-la-conduccion-de-la-junta-vecinal-de-marisol\/","og_site_name":"103.9 fm","article_publisher":"https:\/\/www.facebook.com\/ondauno103.9","article_published_time":"2026-04-27T17:23:39+00:00","article_modified_time":"2026-04-27T17:23:43+00:00","og_image":[{"width":1284,"height":954,"url":"http:\/\/ondauno.com.ar\/wp-content\/uploads\/2026\/04\/WhatsApp-Image-2026-04-27-at-14.17.03-1.jpeg","type":"image\/jpeg"}],"author":"OndaUno","twitter_card":"summary_large_image","twitter_misc":{"Escrito por":"OndaUno","Tiempo de lectura":"2 minutos"},"schema":{"@context":"https:\/\/schema.org","@graph":[{"@type":"WebPage","@id":"https:\/\/ondauno.com.ar\/index.php\/2026\/04\/27\/se-renovo-la-conduccion-de-la-junta-vecinal-de-marisol\/","url":"https:\/\/ondauno.com.ar\/index.php\/2026\/04\/27\/se-renovo-la-conduccion-de-la-junta-vecinal-de-marisol\/","name":"Se renov\u00f3 la conducci\u00f3n de la Junta Vecinal de Marisol - 103.9 fm","isPartOf":{"@id":"https:\/\/ondauno.com.ar\/#website"},"primaryImageOfPage":{"@id":"https:\/\/ondauno.com.ar\/index.php\/2026\/04\/27\/se-renovo-la-conduccion-de-la-junta-vecinal-de-marisol\/#primaryimage"},"image":{"@id":"https:\/\/ondauno.com.ar\/index.php\/2026\/04\/27\/se-renovo-la-conduccion-de-la-junta-vecinal-de-marisol\/#primaryimage"},"thumbnailUrl":"https:\/\/ondauno.com.ar\/wp-content\/uploads\/2026\/04\/WhatsApp-Image-2026-04-27-at-14.17.03-1.jpeg","datePublished":"2026-04-27T17:23:39+00:00","dateModified":"2026-04-27T17:23:43+00:00","author":{"@id":"https:\/\/ondauno.com.ar\/#\/schema\/person\/7ec851ddeceb4133d7d7132dc645714e"},"breadcrumb":{"@id":"https:\/\/ondauno.com.ar\/index.php\/2026\/04\/27\/se-renovo-la-conduccion-de-la-junta-vecinal-de-marisol\/#breadcrumb"},"inLanguage":"es-AR","potentialAction":[{"@type":"ReadAction","target":["https:\/\/ondauno.com.ar\/index.php\/2026\/04\/27\/se-renovo-la-conduccion-de-la-junta-vecinal-de-marisol\/"]}]},{"@type":"ImageObject","inLanguage":"es-AR","@id":"https:\/\/ondauno.com.ar\/index.php\/2026\/04\/27\/se-renovo-la-conduccion-de-la-junta-vecinal-de-marisol\/#primaryimage","url":"https:\/\/ondauno.com.ar\/wp-content\/uploads\/2026\/04\/WhatsApp-Image-2026-04-27-at-14.17.03-1.jpeg","contentUrl":"https:\/\/ondauno.com.ar\/wp-content\/uploads\/2026\/04\/WhatsApp-Image-2026-04-27-at-14.17.03-1.jpeg","width":1284,"height":954},{"@type":"BreadcrumbList","@id":"https:\/\/ondauno.com.ar\/index.php\/2026\/04\/27\/se-renovo-la-conduccion-de-la-junta-vecinal-de-marisol\/#breadcrumb","itemListElement":[{"@type":"ListItem","position":1,"name":"Inicio","item":"https:\/\/ondauno.com.ar\/"},{"@type":"ListItem","position":2,"name":"Se renov\u00f3 la conducci\u00f3n de la Junta Vecinal de Marisol"}]},{"@type":"WebSite","@id":"https:\/\/ondauno.com.ar\/#website","url":"https:\/\/ondauno.com.ar\/","name":"103.9 fm","description":"LA PRIMERA RADIO MULTIMEDIA DE TRES ARROYOS","potentialAction":[{"@type":"SearchAction","target":{"@type":"EntryPoint","urlTemplate":"https:\/\/ondauno.com.ar\/?s={search_term_string}"},"query-input":"required name=search_term_string"}],"inLanguage":"es-AR"},{"@type":"Person","@id":"https:\/\/ondauno.com.ar\/#\/schema\/person\/7ec851ddeceb4133d7d7132dc645714e","name":"OndaUno","image":{"@type":"ImageObject","inLanguage":"es-AR","@id":"https:\/\/ondauno.com.ar\/#\/schema\/person\/image\/","url":"https:\/\/secure.gravatar.com\/avatar\/93b8009f0de7021f1feb2bd5b32fb9e8?s=96&d=mm&r=g","contentUrl":"https:\/\/secure.gravatar.com\/avatar\/93b8009f0de7021f1feb2bd5b32fb9e8?s=96&d=mm&r=g","caption":"OndaUno"},"url":"https:\/\/ondauno.com.ar\/index.php\/author\/ondauno\/"}]}},"jetpack_publicize_connections":[],"jetpack_featured_media_url":"https:\/\/ondauno.com.ar\/wp-content\/uploads\/2026\/04\/WhatsApp-Image-2026-04-27-at-14.17.03-1.jpeg","jetpack_sharing_enabled":true,"_links":{"self":[{"href":"https:\/\/ondauno.com.ar\/index.php\/wp-json\/wp\/v2\/posts\/64440","targetHints":{"allow":["GET"]}}],"collection":[{"href":"https:\/\/ondauno.com.ar\/index.php\/wp-json\/wp\/v2\/posts"}],"about":[{"href":"https:\/\/ondauno.com.ar\/index.php\/wp-json\/wp\/v2\/types\/post"}],"author":[{"embeddable":true,"href":"https:\/\/ondauno.com.ar\/index.php\/wp-json\/wp\/v2\/users\/1"}],"replies":[{"embeddable":true,"href":"https:\/\/ondauno.com.ar\/index.php\/wp-json\/wp\/v2\/comments?post=64440"}],"version-history":[{"count":1,"href":"https:\/\/ondauno.com.ar\/index.php\/wp-json\/wp\/v2\/posts\/64440\/revisions"}],"predecessor-version":[{"id":64442,"href":"https:\/\/ondauno.com.ar\/index.php\/wp-json\/wp\/v2\/posts\/64440\/revisions\/64442"}],"wp:featuredmedia":[{"embeddable":true,"href":"https:\/\/ondauno.com.ar\/index.php\/wp-json\/wp\/v2\/media\/64441"}],"wp:attachment":[{"href":"https:\/\/ondauno.com.ar\/index.php\/wp-json\/wp\/v2\/media?parent=64440"}],"wp:term":[{"taxonomy":"category","embeddable":true,"href":"https:\/\/ondauno.com.ar\/index.php\/wp-json\/wp\/v2\/categories?post=64440"},{"taxonomy":"post_tag","embeddable":true,"href":"https:\/\/ondauno.com.ar\/index.php\/wp-json\/wp\/v2\/tags?post=64440"}],"curies":[{"name":"wp","href":"https:\/\/api.w.org\/{rel}","templated":true}]}}