{"id":64432,"date":"2026-04-27T14:21:36","date_gmt":"2026-04-27T17:21:36","guid":{"rendered":"https:\/\/ondauno.com.ar\/?p=64432"},"modified":"2026-04-27T14:21:39","modified_gmt":"2026-04-27T17:21:39","slug":"el-temporal-en-la-costa-dejo-lluvias-viento-y-algunos-danos","status":"publish","type":"post","link":"https:\/\/ondauno.com.ar\/index.php\/2026\/04\/27\/el-temporal-en-la-costa-dejo-lluvias-viento-y-algunos-danos\/","title":{"rendered":"El temporal en la costa dej\u00f3 lluvias, viento y algunos da\u00f1os"},"content":{"rendered":"<div class=\"ondau-before-content_3\" style=\"margin-top: -30px;\" id=\"ondau-1546098493\"><a href=\"https:\/\/www.lps.com.ar\/\" aria-label=\"la-perse2\"><img loading=\"lazy\" decoding=\"async\" src=\"https:\/\/ondauno.com.ar\/wp-content\/uploads\/2021\/10\/la-perse2.jpg\" alt=\"\"  srcset=\"https:\/\/ondauno.com.ar\/wp-content\/uploads\/2021\/10\/la-perse2.jpg 1353w, https:\/\/ondauno.com.ar\/wp-content\/uploads\/2021\/10\/la-perse2-300x43.jpg 300w, https:\/\/ondauno.com.ar\/wp-content\/uploads\/2021\/10\/la-perse2-1024x148.jpg 1024w, https:\/\/ondauno.com.ar\/wp-content\/uploads\/2021\/10\/la-perse2-768x111.jpg 768w, https:\/\/ondauno.com.ar\/wp-content\/uploads\/2021\/10\/la-perse2-696x100.jpg 696w, https:\/\/ondauno.com.ar\/wp-content\/uploads\/2021\/10\/la-perse2-1068x154.jpg 1068w\" sizes=\"(max-width: 1353px) 100vw, 1353px\" class=\"no-lazyload\" width=\"1353\" height=\"195\"  style=\"display: inline-block;\" \/><\/a><\/div>\n<p>Durante el fin de semana, un fuerte temporal afect\u00f3 a las localidades costeras del distrito de Tres Arroyos, con intensas lluvias, r\u00e1fagas de viento y complicaciones en distintos sectores como Orense, Reta y Claromec\u00f3.<\/p>\n\n\n\n<p>En di\u00e1logo con Cosas que pasan, el delegado de Orense, Juli\u00e1n P\u00e9rez, cont\u00f3 que estuvieron trabajando para normalizar la situaci\u00f3n. \u201cEstamos tratando de acomodar algunas plantas que se cayeron y desag\u00fces. Fue fuerte el temporal y todav\u00eda sigue con cierta intensidad\u201d, explic\u00f3.<\/p>\n\n\n\n<p>En esa localidad, la lluvia super\u00f3 los 70 mil\u00edmetros en pocas horas, lo que gener\u00f3 anegamientos en algunas calles. \u201cHubo que trabajar en los desag\u00fces que estaban colapsados, porque toda el agua termina yendo hacia el mar\u201d, agreg\u00f3.<\/p>\n\n\n\n<figure class=\"wp-block-gallery has-nested-images columns-default is-cropped wp-block-gallery-1 is-layout-flex wp-block-gallery-is-layout-flex\">\n<figure class=\"wp-block-image size-large\"><img loading=\"lazy\" decoding=\"async\" width=\"1024\" height=\"576\" data-id=\"64434\" data-src=\"https:\/\/ondauno.com.ar\/wp-content\/uploads\/2026\/04\/WhatsApp-Image-2026-04-27-at-14.09.40-1-1024x576.jpeg\" alt=\"\" class=\"wp-image-64434 lazyload\" data-srcset=\"https:\/\/ondauno.com.ar\/wp-content\/uploads\/2026\/04\/WhatsApp-Image-2026-04-27-at-14.09.40-1-1024x576.jpeg 1024w, https:\/\/ondauno.com.ar\/wp-content\/uploads\/2026\/04\/WhatsApp-Image-2026-04-27-at-14.09.40-1-300x169.jpeg 300w, https:\/\/ondauno.com.ar\/wp-content\/uploads\/2026\/04\/WhatsApp-Image-2026-04-27-at-14.09.40-1-768x432.jpeg 768w, https:\/\/ondauno.com.ar\/wp-content\/uploads\/2026\/04\/WhatsApp-Image-2026-04-27-at-14.09.40-1-747x420.jpeg 747w, https:\/\/ondauno.com.ar\/wp-content\/uploads\/2026\/04\/WhatsApp-Image-2026-04-27-at-14.09.40-1-696x392.jpeg 696w, https:\/\/ondauno.com.ar\/wp-content\/uploads\/2026\/04\/WhatsApp-Image-2026-04-27-at-14.09.40-1-1068x601.jpeg 1068w, https:\/\/ondauno.com.ar\/wp-content\/uploads\/2026\/04\/WhatsApp-Image-2026-04-27-at-14.09.40-1.jpeg 1280w\" data-sizes=\"auto, (max-width: 1024px) 100vw, 1024px\" src=\"data:image\/gif;base64,R0lGODlhAQABAAAAACH5BAEKAAEALAAAAAABAAEAAAICTAEAOw==\" style=\"--smush-placeholder-width: 1024px; --smush-placeholder-aspect-ratio: 1024\/576;\" \/><noscript><img loading=\"lazy\" decoding=\"async\" width=\"1024\" height=\"576\" data-id=\"64434\" src=\"https:\/\/ondauno.com.ar\/wp-content\/uploads\/2026\/04\/WhatsApp-Image-2026-04-27-at-14.09.40-1-1024x576.jpeg\" alt=\"\" class=\"wp-image-64434\" srcset=\"https:\/\/ondauno.com.ar\/wp-content\/uploads\/2026\/04\/WhatsApp-Image-2026-04-27-at-14.09.40-1-1024x576.jpeg 1024w, https:\/\/ondauno.com.ar\/wp-content\/uploads\/2026\/04\/WhatsApp-Image-2026-04-27-at-14.09.40-1-300x169.jpeg 300w, https:\/\/ondauno.com.ar\/wp-content\/uploads\/2026\/04\/WhatsApp-Image-2026-04-27-at-14.09.40-1-768x432.jpeg 768w, https:\/\/ondauno.com.ar\/wp-content\/uploads\/2026\/04\/WhatsApp-Image-2026-04-27-at-14.09.40-1-747x420.jpeg 747w, https:\/\/ondauno.com.ar\/wp-content\/uploads\/2026\/04\/WhatsApp-Image-2026-04-27-at-14.09.40-1-696x392.jpeg 696w, https:\/\/ondauno.com.ar\/wp-content\/uploads\/2026\/04\/WhatsApp-Image-2026-04-27-at-14.09.40-1-1068x601.jpeg 1068w, https:\/\/ondauno.com.ar\/wp-content\/uploads\/2026\/04\/WhatsApp-Image-2026-04-27-at-14.09.40-1.jpeg 1280w\" sizes=\"auto, (max-width: 1024px) 100vw, 1024px\" \/><\/noscript><\/figure>\n\n\n\n<figure class=\"wp-block-image size-large\"><img loading=\"lazy\" decoding=\"async\" width=\"1024\" height=\"576\" data-id=\"64435\" data-src=\"https:\/\/ondauno.com.ar\/wp-content\/uploads\/2026\/04\/WhatsApp-Image-2026-04-27-at-14.09.40-1024x576.jpeg\" alt=\"\" class=\"wp-image-64435 lazyload\" data-srcset=\"https:\/\/ondauno.com.ar\/wp-content\/uploads\/2026\/04\/WhatsApp-Image-2026-04-27-at-14.09.40-1024x576.jpeg 1024w, https:\/\/ondauno.com.ar\/wp-content\/uploads\/2026\/04\/WhatsApp-Image-2026-04-27-at-14.09.40-300x169.jpeg 300w, https:\/\/ondauno.com.ar\/wp-content\/uploads\/2026\/04\/WhatsApp-Image-2026-04-27-at-14.09.40-768x432.jpeg 768w, https:\/\/ondauno.com.ar\/wp-content\/uploads\/2026\/04\/WhatsApp-Image-2026-04-27-at-14.09.40-1536x864.jpeg 1536w, https:\/\/ondauno.com.ar\/wp-content\/uploads\/2026\/04\/WhatsApp-Image-2026-04-27-at-14.09.40-747x420.jpeg 747w, https:\/\/ondauno.com.ar\/wp-content\/uploads\/2026\/04\/WhatsApp-Image-2026-04-27-at-14.09.40-696x392.jpeg 696w, https:\/\/ondauno.com.ar\/wp-content\/uploads\/2026\/04\/WhatsApp-Image-2026-04-27-at-14.09.40-1068x601.jpeg 1068w, https:\/\/ondauno.com.ar\/wp-content\/uploads\/2026\/04\/WhatsApp-Image-2026-04-27-at-14.09.40.jpeg 1600w\" data-sizes=\"auto, (max-width: 1024px) 100vw, 1024px\" src=\"data:image\/gif;base64,R0lGODlhAQABAAAAACH5BAEKAAEALAAAAAABAAEAAAICTAEAOw==\" style=\"--smush-placeholder-width: 1024px; --smush-placeholder-aspect-ratio: 1024\/576;\" \/><noscript><img loading=\"lazy\" decoding=\"async\" width=\"1024\" height=\"576\" data-id=\"64435\" src=\"https:\/\/ondauno.com.ar\/wp-content\/uploads\/2026\/04\/WhatsApp-Image-2026-04-27-at-14.09.40-1024x576.jpeg\" alt=\"\" class=\"wp-image-64435\" srcset=\"https:\/\/ondauno.com.ar\/wp-content\/uploads\/2026\/04\/WhatsApp-Image-2026-04-27-at-14.09.40-1024x576.jpeg 1024w, https:\/\/ondauno.com.ar\/wp-content\/uploads\/2026\/04\/WhatsApp-Image-2026-04-27-at-14.09.40-300x169.jpeg 300w, https:\/\/ondauno.com.ar\/wp-content\/uploads\/2026\/04\/WhatsApp-Image-2026-04-27-at-14.09.40-768x432.jpeg 768w, https:\/\/ondauno.com.ar\/wp-content\/uploads\/2026\/04\/WhatsApp-Image-2026-04-27-at-14.09.40-1536x864.jpeg 1536w, https:\/\/ondauno.com.ar\/wp-content\/uploads\/2026\/04\/WhatsApp-Image-2026-04-27-at-14.09.40-747x420.jpeg 747w, https:\/\/ondauno.com.ar\/wp-content\/uploads\/2026\/04\/WhatsApp-Image-2026-04-27-at-14.09.40-696x392.jpeg 696w, https:\/\/ondauno.com.ar\/wp-content\/uploads\/2026\/04\/WhatsApp-Image-2026-04-27-at-14.09.40-1068x601.jpeg 1068w, https:\/\/ondauno.com.ar\/wp-content\/uploads\/2026\/04\/WhatsApp-Image-2026-04-27-at-14.09.40.jpeg 1600w\" sizes=\"auto, (max-width: 1024px) 100vw, 1024px\" \/><\/noscript><\/figure>\n<\/figure>\n\n\n\n<p><strong><em>Efectos del temporal en Orense y Balneario Orense<\/em><\/strong><\/p>\n\n\n\n<figure class=\"wp-block-embed is-type-video is-provider-youtube wp-block-embed-youtube wp-embed-aspect-9-16 wp-has-aspect-ratio\"><div class=\"wp-block-embed__wrapper\">\n<div class=\"youtube-embed\" data-video_id=\"\"><iframe loading=\"lazy\" title=\"El temporal en orense\" width=\"563\" height=\"1000\" data-src=\"https:\/\/www.youtube.com\/embed\/avKafFVHkQ4?feature=oembed&#038;enablejsapi=1\" frameborder=\"0\" allow=\"accelerometer; autoplay; clipboard-write; encrypted-media; gyroscope; picture-in-picture; web-share\" referrerpolicy=\"strict-origin-when-cross-origin\" allowfullscreen src=\"data:image\/gif;base64,R0lGODlhAQABAAAAACH5BAEKAAEALAAAAAABAAEAAAICTAEAOw==\" class=\"lazyload\" data-load-mode=\"1\"><\/iframe><\/div>\n<\/div><\/figure>\n\n\n\n<p>Sobre la situaci\u00f3n en la costa, indic\u00f3 que el mar estuvo muy movido, aunque sin provocar da\u00f1os mayores. \u201cEl mar estaba muy crecido, muy violento, pero no lleg\u00f3 a afectar paradores ni la costanera\u201d, se\u00f1al\u00f3.<\/p>\n\n\n\n<p>Adem\u00e1s, destac\u00f3 el trabajo preventivo que se realiz\u00f3 antes del verano. \u201cNo es solo suerte que no haya pasado nada grave, hubo una poda muy grande que ayud\u00f3 a evitar problemas con el tendido el\u00e9ctrico\u201d, remarc\u00f3.<\/p>\n\n\n\n<p>Por su parte, el delegado de Reta, Diego Zyncenko, describi\u00f3 un panorama m\u00e1s complejo en su localidad. \u201cTenemos much\u00edsimas ramas ca\u00eddas y calles complicadas por el agua, sobre todo en la zona de la albufera\u201d, indic\u00f3. Tambi\u00e9n mencion\u00f3 algunos da\u00f1os materiales y asistencia a vecinos durante el temporal.<\/p>\n\n\n\n<figure class=\"wp-block-gallery has-nested-images columns-default is-cropped wp-block-gallery-2 is-layout-flex wp-block-gallery-is-layout-flex\">\n<figure class=\"wp-block-image size-large\"><img loading=\"lazy\" decoding=\"async\" width=\"1024\" height=\"768\" data-id=\"64438\" data-src=\"https:\/\/ondauno.com.ar\/wp-content\/uploads\/2026\/04\/WhatsApp-Image-2026-04-27-at-14.10.09-1-1024x768.jpeg\" alt=\"\" class=\"wp-image-64438 lazyload\" data-srcset=\"https:\/\/ondauno.com.ar\/wp-content\/uploads\/2026\/04\/WhatsApp-Image-2026-04-27-at-14.10.09-1-1024x768.jpeg 1024w, https:\/\/ondauno.com.ar\/wp-content\/uploads\/2026\/04\/WhatsApp-Image-2026-04-27-at-14.10.09-1-300x225.jpeg 300w, https:\/\/ondauno.com.ar\/wp-content\/uploads\/2026\/04\/WhatsApp-Image-2026-04-27-at-14.10.09-1-768x576.jpeg 768w, https:\/\/ondauno.com.ar\/wp-content\/uploads\/2026\/04\/WhatsApp-Image-2026-04-27-at-14.10.09-1-1536x1152.jpeg 1536w, https:\/\/ondauno.com.ar\/wp-content\/uploads\/2026\/04\/WhatsApp-Image-2026-04-27-at-14.10.09-1-560x420.jpeg 560w, https:\/\/ondauno.com.ar\/wp-content\/uploads\/2026\/04\/WhatsApp-Image-2026-04-27-at-14.10.09-1-80x60.jpeg 80w, https:\/\/ondauno.com.ar\/wp-content\/uploads\/2026\/04\/WhatsApp-Image-2026-04-27-at-14.10.09-1-696x522.jpeg 696w, https:\/\/ondauno.com.ar\/wp-content\/uploads\/2026\/04\/WhatsApp-Image-2026-04-27-at-14.10.09-1-1068x801.jpeg 1068w, https:\/\/ondauno.com.ar\/wp-content\/uploads\/2026\/04\/WhatsApp-Image-2026-04-27-at-14.10.09-1-265x198.jpeg 265w, https:\/\/ondauno.com.ar\/wp-content\/uploads\/2026\/04\/WhatsApp-Image-2026-04-27-at-14.10.09-1.jpeg 1600w\" data-sizes=\"auto, (max-width: 1024px) 100vw, 1024px\" src=\"data:image\/gif;base64,R0lGODlhAQABAAAAACH5BAEKAAEALAAAAAABAAEAAAICTAEAOw==\" style=\"--smush-placeholder-width: 1024px; --smush-placeholder-aspect-ratio: 1024\/768;\" \/><noscript><img loading=\"lazy\" decoding=\"async\" width=\"1024\" height=\"768\" data-id=\"64438\" src=\"https:\/\/ondauno.com.ar\/wp-content\/uploads\/2026\/04\/WhatsApp-Image-2026-04-27-at-14.10.09-1-1024x768.jpeg\" alt=\"\" class=\"wp-image-64438\" srcset=\"https:\/\/ondauno.com.ar\/wp-content\/uploads\/2026\/04\/WhatsApp-Image-2026-04-27-at-14.10.09-1-1024x768.jpeg 1024w, https:\/\/ondauno.com.ar\/wp-content\/uploads\/2026\/04\/WhatsApp-Image-2026-04-27-at-14.10.09-1-300x225.jpeg 300w, https:\/\/ondauno.com.ar\/wp-content\/uploads\/2026\/04\/WhatsApp-Image-2026-04-27-at-14.10.09-1-768x576.jpeg 768w, https:\/\/ondauno.com.ar\/wp-content\/uploads\/2026\/04\/WhatsApp-Image-2026-04-27-at-14.10.09-1-1536x1152.jpeg 1536w, https:\/\/ondauno.com.ar\/wp-content\/uploads\/2026\/04\/WhatsApp-Image-2026-04-27-at-14.10.09-1-560x420.jpeg 560w, https:\/\/ondauno.com.ar\/wp-content\/uploads\/2026\/04\/WhatsApp-Image-2026-04-27-at-14.10.09-1-80x60.jpeg 80w, https:\/\/ondauno.com.ar\/wp-content\/uploads\/2026\/04\/WhatsApp-Image-2026-04-27-at-14.10.09-1-696x522.jpeg 696w, https:\/\/ondauno.com.ar\/wp-content\/uploads\/2026\/04\/WhatsApp-Image-2026-04-27-at-14.10.09-1-1068x801.jpeg 1068w, https:\/\/ondauno.com.ar\/wp-content\/uploads\/2026\/04\/WhatsApp-Image-2026-04-27-at-14.10.09-1-265x198.jpeg 265w, https:\/\/ondauno.com.ar\/wp-content\/uploads\/2026\/04\/WhatsApp-Image-2026-04-27-at-14.10.09-1.jpeg 1600w\" sizes=\"auto, (max-width: 1024px) 100vw, 1024px\" \/><\/noscript><\/figure>\n\n\n\n<figure class=\"wp-block-image size-large\"><img loading=\"lazy\" decoding=\"async\" width=\"1024\" height=\"768\" data-id=\"64437\" data-src=\"https:\/\/ondauno.com.ar\/wp-content\/uploads\/2026\/04\/WhatsApp-Image-2026-04-27-at-14.10.10-2-1024x768.jpeg\" alt=\"\" class=\"wp-image-64437 lazyload\" data-srcset=\"https:\/\/ondauno.com.ar\/wp-content\/uploads\/2026\/04\/WhatsApp-Image-2026-04-27-at-14.10.10-2-1024x768.jpeg 1024w, https:\/\/ondauno.com.ar\/wp-content\/uploads\/2026\/04\/WhatsApp-Image-2026-04-27-at-14.10.10-2-300x225.jpeg 300w, https:\/\/ondauno.com.ar\/wp-content\/uploads\/2026\/04\/WhatsApp-Image-2026-04-27-at-14.10.10-2-768x576.jpeg 768w, https:\/\/ondauno.com.ar\/wp-content\/uploads\/2026\/04\/WhatsApp-Image-2026-04-27-at-14.10.10-2-1536x1152.jpeg 1536w, https:\/\/ondauno.com.ar\/wp-content\/uploads\/2026\/04\/WhatsApp-Image-2026-04-27-at-14.10.10-2-560x420.jpeg 560w, https:\/\/ondauno.com.ar\/wp-content\/uploads\/2026\/04\/WhatsApp-Image-2026-04-27-at-14.10.10-2-80x60.jpeg 80w, https:\/\/ondauno.com.ar\/wp-content\/uploads\/2026\/04\/WhatsApp-Image-2026-04-27-at-14.10.10-2-696x522.jpeg 696w, https:\/\/ondauno.com.ar\/wp-content\/uploads\/2026\/04\/WhatsApp-Image-2026-04-27-at-14.10.10-2-1068x801.jpeg 1068w, https:\/\/ondauno.com.ar\/wp-content\/uploads\/2026\/04\/WhatsApp-Image-2026-04-27-at-14.10.10-2-265x198.jpeg 265w, https:\/\/ondauno.com.ar\/wp-content\/uploads\/2026\/04\/WhatsApp-Image-2026-04-27-at-14.10.10-2.jpeg 1600w\" data-sizes=\"auto, (max-width: 1024px) 100vw, 1024px\" src=\"data:image\/gif;base64,R0lGODlhAQABAAAAACH5BAEKAAEALAAAAAABAAEAAAICTAEAOw==\" style=\"--smush-placeholder-width: 1024px; --smush-placeholder-aspect-ratio: 1024\/768;\" \/><noscript><img loading=\"lazy\" decoding=\"async\" width=\"1024\" height=\"768\" data-id=\"64437\" src=\"https:\/\/ondauno.com.ar\/wp-content\/uploads\/2026\/04\/WhatsApp-Image-2026-04-27-at-14.10.10-2-1024x768.jpeg\" alt=\"\" class=\"wp-image-64437\" srcset=\"https:\/\/ondauno.com.ar\/wp-content\/uploads\/2026\/04\/WhatsApp-Image-2026-04-27-at-14.10.10-2-1024x768.jpeg 1024w, https:\/\/ondauno.com.ar\/wp-content\/uploads\/2026\/04\/WhatsApp-Image-2026-04-27-at-14.10.10-2-300x225.jpeg 300w, https:\/\/ondauno.com.ar\/wp-content\/uploads\/2026\/04\/WhatsApp-Image-2026-04-27-at-14.10.10-2-768x576.jpeg 768w, https:\/\/ondauno.com.ar\/wp-content\/uploads\/2026\/04\/WhatsApp-Image-2026-04-27-at-14.10.10-2-1536x1152.jpeg 1536w, https:\/\/ondauno.com.ar\/wp-content\/uploads\/2026\/04\/WhatsApp-Image-2026-04-27-at-14.10.10-2-560x420.jpeg 560w, https:\/\/ondauno.com.ar\/wp-content\/uploads\/2026\/04\/WhatsApp-Image-2026-04-27-at-14.10.10-2-80x60.jpeg 80w, https:\/\/ondauno.com.ar\/wp-content\/uploads\/2026\/04\/WhatsApp-Image-2026-04-27-at-14.10.10-2-696x522.jpeg 696w, https:\/\/ondauno.com.ar\/wp-content\/uploads\/2026\/04\/WhatsApp-Image-2026-04-27-at-14.10.10-2-1068x801.jpeg 1068w, https:\/\/ondauno.com.ar\/wp-content\/uploads\/2026\/04\/WhatsApp-Image-2026-04-27-at-14.10.10-2-265x198.jpeg 265w, https:\/\/ondauno.com.ar\/wp-content\/uploads\/2026\/04\/WhatsApp-Image-2026-04-27-at-14.10.10-2.jpeg 1600w\" sizes=\"auto, (max-width: 1024px) 100vw, 1024px\" \/><\/noscript><\/figure>\n\n\n\n<figure class=\"wp-block-image size-large\"><img loading=\"lazy\" decoding=\"async\" width=\"768\" height=\"1024\" data-id=\"64436\" data-src=\"https:\/\/ondauno.com.ar\/wp-content\/uploads\/2026\/04\/WhatsApp-Image-2026-04-27-at-14.10.10-1-768x1024.jpeg\" alt=\"\" class=\"wp-image-64436 lazyload\" data-srcset=\"https:\/\/ondauno.com.ar\/wp-content\/uploads\/2026\/04\/WhatsApp-Image-2026-04-27-at-14.10.10-1-768x1024.jpeg 768w, https:\/\/ondauno.com.ar\/wp-content\/uploads\/2026\/04\/WhatsApp-Image-2026-04-27-at-14.10.10-1-225x300.jpeg 225w, https:\/\/ondauno.com.ar\/wp-content\/uploads\/2026\/04\/WhatsApp-Image-2026-04-27-at-14.10.10-1-1152x1536.jpeg 1152w, https:\/\/ondauno.com.ar\/wp-content\/uploads\/2026\/04\/WhatsApp-Image-2026-04-27-at-14.10.10-1-315x420.jpeg 315w, https:\/\/ondauno.com.ar\/wp-content\/uploads\/2026\/04\/WhatsApp-Image-2026-04-27-at-14.10.10-1-696x928.jpeg 696w, https:\/\/ondauno.com.ar\/wp-content\/uploads\/2026\/04\/WhatsApp-Image-2026-04-27-at-14.10.10-1-1068x1424.jpeg 1068w, https:\/\/ondauno.com.ar\/wp-content\/uploads\/2026\/04\/WhatsApp-Image-2026-04-27-at-14.10.10-1.jpeg 1200w\" data-sizes=\"auto, (max-width: 768px) 100vw, 768px\" src=\"data:image\/gif;base64,R0lGODlhAQABAAAAACH5BAEKAAEALAAAAAABAAEAAAICTAEAOw==\" style=\"--smush-placeholder-width: 768px; --smush-placeholder-aspect-ratio: 768\/1024;\" \/><noscript><img loading=\"lazy\" decoding=\"async\" width=\"768\" height=\"1024\" data-id=\"64436\" src=\"https:\/\/ondauno.com.ar\/wp-content\/uploads\/2026\/04\/WhatsApp-Image-2026-04-27-at-14.10.10-1-768x1024.jpeg\" alt=\"\" class=\"wp-image-64436\" srcset=\"https:\/\/ondauno.com.ar\/wp-content\/uploads\/2026\/04\/WhatsApp-Image-2026-04-27-at-14.10.10-1-768x1024.jpeg 768w, https:\/\/ondauno.com.ar\/wp-content\/uploads\/2026\/04\/WhatsApp-Image-2026-04-27-at-14.10.10-1-225x300.jpeg 225w, https:\/\/ondauno.com.ar\/wp-content\/uploads\/2026\/04\/WhatsApp-Image-2026-04-27-at-14.10.10-1-1152x1536.jpeg 1152w, https:\/\/ondauno.com.ar\/wp-content\/uploads\/2026\/04\/WhatsApp-Image-2026-04-27-at-14.10.10-1-315x420.jpeg 315w, https:\/\/ondauno.com.ar\/wp-content\/uploads\/2026\/04\/WhatsApp-Image-2026-04-27-at-14.10.10-1-696x928.jpeg 696w, https:\/\/ondauno.com.ar\/wp-content\/uploads\/2026\/04\/WhatsApp-Image-2026-04-27-at-14.10.10-1-1068x1424.jpeg 1068w, https:\/\/ondauno.com.ar\/wp-content\/uploads\/2026\/04\/WhatsApp-Image-2026-04-27-at-14.10.10-1.jpeg 1200w\" sizes=\"auto, (max-width: 768px) 100vw, 768px\" \/><\/noscript><\/figure>\n<\/figure>\n\n\n\n<p><strong><em>El paso del temporal por Reta<\/em><\/strong><\/p>\n\n\n\n<p>En Claromec\u00f3 el concejal de Nuevos Aires, Carlos Avila, se\u00f1al\u00f3 que el mar tambi\u00e9n tuvo una fuerte crecida. \u201cLleg\u00f3 cerca de algunas estructuras, pero no pas\u00f3 a mayores\u201d, explic\u00f3. Tambi\u00e9n remarc\u00f3 que hubo una gran cantidad de agua acumulada y ca\u00edda de ramas y postes.<\/p>\n\n\n\n<p>En ese sentido agreg\u00f3 que \u201cestos eventos son cada vez m\u00e1s frecuentes y violentos\u201d, lo que obliga a reforzar el trabajo en infraestructura y prevenci\u00f3n. Adem\u00e1s, confirm\u00f3 la suspensi\u00f3n de clases como medida preventiva.<\/p>\n\n\n\n<p>Las autoridades contin\u00faan trabajando en la limpieza y normalizaci\u00f3n de las zonas afectadas, mientras se manteb\u00eda este lunes por la ma\u00f1ana el alerta ante posibles nuevas condiciones clim\u00e1ticas adversas.<\/p>\n\n\n\n<p>Pod\u00e9s escuchar la nota completa en el siguiente link:<\/p>\n\n\n\n<figure class=\"wp-block-embed is-type-video is-provider-youtube wp-block-embed-youtube wp-embed-aspect-16-9 wp-has-aspect-ratio\"><div class=\"wp-block-embed__wrapper\">\n<div class=\"youtube-embed\" data-video_id=\"y_q10nCgATA\"><iframe loading=\"lazy\" title=\"Onda Uno 103.9 en vivo\" width=\"696\" height=\"392\" data-src=\"https:\/\/www.youtube.com\/embed\/y_q10nCgATA?start=229&#038;feature=oembed\" frameborder=\"0\" allow=\"accelerometer; autoplay; clipboard-write; encrypted-media; gyroscope; picture-in-picture; web-share\" referrerpolicy=\"strict-origin-when-cross-origin\" allowfullscreen src=\"data:image\/gif;base64,R0lGODlhAQABAAAAACH5BAEKAAEALAAAAAABAAEAAAICTAEAOw==\" class=\"lazyload\" data-load-mode=\"1\"><\/iframe><\/div>\n<\/div><\/figure>\n","protected":false},"excerpt":{"rendered":"<p>Durante el fin de semana, un fuerte temporal afect\u00f3 a las localidades costeras del distrito de Tres Arroyos, con intensas lluvias, r\u00e1fagas de viento y complicaciones en distintos sectores como Orense, Reta y Claromec\u00f3. En di\u00e1logo con Cosas que pasan, el delegado de Orense, Juli\u00e1n P\u00e9rez, cont\u00f3 que estuvieron trabajando para normalizar la situaci\u00f3n. \u201cEstamos [&hellip;]<\/p>\n","protected":false},"author":1,"featured_media":64433,"comment_status":"open","ping_status":"open","sticky":false,"template":"","format":"standard","meta":{"tdm_status":"","tdm_grid_status":"","_jetpack_memberships_contains_paid_content":false,"footnotes":"","jetpack_publicize_message":"","jetpack_publicize_feature_enabled":true,"jetpack_social_post_already_shared":true,"jetpack_social_options":{"image_generator_settings":{"template":"highway","default_image_id":0,"font":"","enabled":false},"version":2}},"categories":[2],"tags":[],"class_list":{"0":"post-64432","1":"post","2":"type-post","3":"status-publish","4":"format-standard","5":"has-post-thumbnail","7":"category-locales"},"yoast_head":"<!-- This site is optimized with the Yoast SEO plugin v22.7 - https:\/\/yoast.com\/wordpress\/plugins\/seo\/ -->\n<title>El temporal en la costa dej\u00f3 lluvias, viento y algunos da\u00f1os - 103.9 fm<\/title>\n<meta name=\"robots\" content=\"index, follow, max-snippet:-1, max-image-preview:large, max-video-preview:-1\" \/>\n<link rel=\"canonical\" href=\"https:\/\/ondauno.com.ar\/index.php\/2026\/04\/27\/el-temporal-en-la-costa-dejo-lluvias-viento-y-algunos-danos\/\" \/>\n<meta property=\"og:locale\" content=\"es_ES\" \/>\n<meta property=\"og:type\" content=\"article\" \/>\n<meta property=\"og:title\" content=\"El temporal en la costa dej\u00f3 lluvias, viento y algunos da\u00f1os - 103.9 fm\" \/>\n<meta property=\"og:description\" content=\"Durante el fin de semana, un fuerte temporal afect\u00f3 a las localidades costeras del distrito de Tres Arroyos, con intensas lluvias, r\u00e1fagas de viento y complicaciones en distintos sectores como Orense, Reta y Claromec\u00f3. En di\u00e1logo con Cosas que pasan, el delegado de Orense, Juli\u00e1n P\u00e9rez, cont\u00f3 que estuvieron trabajando para normalizar la situaci\u00f3n. \u201cEstamos [&hellip;]\" \/>\n<meta property=\"og:url\" content=\"https:\/\/ondauno.com.ar\/index.php\/2026\/04\/27\/el-temporal-en-la-costa-dejo-lluvias-viento-y-algunos-danos\/\" \/>\n<meta property=\"og:site_name\" content=\"103.9 fm\" \/>\n<meta property=\"article:publisher\" content=\"https:\/\/www.facebook.com\/ondauno103.9\" \/>\n<meta property=\"article:published_time\" content=\"2026-04-27T17:21:36+00:00\" \/>\n<meta property=\"article:modified_time\" content=\"2026-04-27T17:21:39+00:00\" \/>\n<meta property=\"og:image\" content=\"http:\/\/ondauno.com.ar\/wp-content\/uploads\/2026\/04\/WhatsApp-Image-2026-04-27-at-14.10.10.jpeg\" \/>\n\t<meta property=\"og:image:width\" content=\"1600\" \/>\n\t<meta property=\"og:image:height\" content=\"1200\" \/>\n\t<meta property=\"og:image:type\" content=\"image\/jpeg\" \/>\n<meta name=\"author\" content=\"OndaUno\" \/>\n<meta name=\"twitter:card\" content=\"summary_large_image\" \/>\n<meta name=\"twitter:label1\" content=\"Escrito por\" \/>\n\t<meta name=\"twitter:data1\" content=\"OndaUno\" \/>\n\t<meta name=\"twitter:label2\" content=\"Tiempo de lectura\" \/>\n\t<meta name=\"twitter:data2\" content=\"3 minutos\" \/>\n<script type=\"application\/ld+json\" class=\"yoast-schema-graph\">{\"@context\":\"https:\/\/schema.org\",\"@graph\":[{\"@type\":\"WebPage\",\"@id\":\"https:\/\/ondauno.com.ar\/index.php\/2026\/04\/27\/el-temporal-en-la-costa-dejo-lluvias-viento-y-algunos-danos\/\",\"url\":\"https:\/\/ondauno.com.ar\/index.php\/2026\/04\/27\/el-temporal-en-la-costa-dejo-lluvias-viento-y-algunos-danos\/\",\"name\":\"El temporal en la costa dej\u00f3 lluvias, viento y algunos da\u00f1os - 103.9 fm\",\"isPartOf\":{\"@id\":\"https:\/\/ondauno.com.ar\/#website\"},\"primaryImageOfPage\":{\"@id\":\"https:\/\/ondauno.com.ar\/index.php\/2026\/04\/27\/el-temporal-en-la-costa-dejo-lluvias-viento-y-algunos-danos\/#primaryimage\"},\"image\":{\"@id\":\"https:\/\/ondauno.com.ar\/index.php\/2026\/04\/27\/el-temporal-en-la-costa-dejo-lluvias-viento-y-algunos-danos\/#primaryimage\"},\"thumbnailUrl\":\"https:\/\/ondauno.com.ar\/wp-content\/uploads\/2026\/04\/WhatsApp-Image-2026-04-27-at-14.10.10.jpeg\",\"datePublished\":\"2026-04-27T17:21:36+00:00\",\"dateModified\":\"2026-04-27T17:21:39+00:00\",\"author\":{\"@id\":\"https:\/\/ondauno.com.ar\/#\/schema\/person\/7ec851ddeceb4133d7d7132dc645714e\"},\"breadcrumb\":{\"@id\":\"https:\/\/ondauno.com.ar\/index.php\/2026\/04\/27\/el-temporal-en-la-costa-dejo-lluvias-viento-y-algunos-danos\/#breadcrumb\"},\"inLanguage\":\"es-AR\",\"potentialAction\":[{\"@type\":\"ReadAction\",\"target\":[\"https:\/\/ondauno.com.ar\/index.php\/2026\/04\/27\/el-temporal-en-la-costa-dejo-lluvias-viento-y-algunos-danos\/\"]}]},{\"@type\":\"ImageObject\",\"inLanguage\":\"es-AR\",\"@id\":\"https:\/\/ondauno.com.ar\/index.php\/2026\/04\/27\/el-temporal-en-la-costa-dejo-lluvias-viento-y-algunos-danos\/#primaryimage\",\"url\":\"https:\/\/ondauno.com.ar\/wp-content\/uploads\/2026\/04\/WhatsApp-Image-2026-04-27-at-14.10.10.jpeg\",\"contentUrl\":\"https:\/\/ondauno.com.ar\/wp-content\/uploads\/2026\/04\/WhatsApp-Image-2026-04-27-at-14.10.10.jpeg\",\"width\":1600,\"height\":1200},{\"@type\":\"BreadcrumbList\",\"@id\":\"https:\/\/ondauno.com.ar\/index.php\/2026\/04\/27\/el-temporal-en-la-costa-dejo-lluvias-viento-y-algunos-danos\/#breadcrumb\",\"itemListElement\":[{\"@type\":\"ListItem\",\"position\":1,\"name\":\"Inicio\",\"item\":\"https:\/\/ondauno.com.ar\/\"},{\"@type\":\"ListItem\",\"position\":2,\"name\":\"El temporal en la costa dej\u00f3 lluvias, viento y algunos da\u00f1os\"}]},{\"@type\":\"WebSite\",\"@id\":\"https:\/\/ondauno.com.ar\/#website\",\"url\":\"https:\/\/ondauno.com.ar\/\",\"name\":\"103.9 fm\",\"description\":\"LA PRIMERA RADIO MULTIMEDIA DE TRES ARROYOS\",\"potentialAction\":[{\"@type\":\"SearchAction\",\"target\":{\"@type\":\"EntryPoint\",\"urlTemplate\":\"https:\/\/ondauno.com.ar\/?s={search_term_string}\"},\"query-input\":\"required name=search_term_string\"}],\"inLanguage\":\"es-AR\"},{\"@type\":\"Person\",\"@id\":\"https:\/\/ondauno.com.ar\/#\/schema\/person\/7ec851ddeceb4133d7d7132dc645714e\",\"name\":\"OndaUno\",\"image\":{\"@type\":\"ImageObject\",\"inLanguage\":\"es-AR\",\"@id\":\"https:\/\/ondauno.com.ar\/#\/schema\/person\/image\/\",\"url\":\"https:\/\/secure.gravatar.com\/avatar\/93b8009f0de7021f1feb2bd5b32fb9e8?s=96&d=mm&r=g\",\"contentUrl\":\"https:\/\/secure.gravatar.com\/avatar\/93b8009f0de7021f1feb2bd5b32fb9e8?s=96&d=mm&r=g\",\"caption\":\"OndaUno\"},\"url\":\"https:\/\/ondauno.com.ar\/index.php\/author\/ondauno\/\"}]}<\/script>\n<!-- \/ Yoast SEO plugin. -->","yoast_head_json":{"title":"El temporal en la costa dej\u00f3 lluvias, viento y algunos da\u00f1os - 103.9 fm","robots":{"index":"index","follow":"follow","max-snippet":"max-snippet:-1","max-image-preview":"max-image-preview:large","max-video-preview":"max-video-preview:-1"},"canonical":"https:\/\/ondauno.com.ar\/index.php\/2026\/04\/27\/el-temporal-en-la-costa-dejo-lluvias-viento-y-algunos-danos\/","og_locale":"es_ES","og_type":"article","og_title":"El temporal en la costa dej\u00f3 lluvias, viento y algunos da\u00f1os - 103.9 fm","og_description":"Durante el fin de semana, un fuerte temporal afect\u00f3 a las localidades costeras del distrito de Tres Arroyos, con intensas lluvias, r\u00e1fagas de viento y complicaciones en distintos sectores como Orense, Reta y Claromec\u00f3. En di\u00e1logo con Cosas que pasan, el delegado de Orense, Juli\u00e1n P\u00e9rez, cont\u00f3 que estuvieron trabajando para normalizar la situaci\u00f3n. \u201cEstamos [&hellip;]","og_url":"https:\/\/ondauno.com.ar\/index.php\/2026\/04\/27\/el-temporal-en-la-costa-dejo-lluvias-viento-y-algunos-danos\/","og_site_name":"103.9 fm","article_publisher":"https:\/\/www.facebook.com\/ondauno103.9","article_published_time":"2026-04-27T17:21:36+00:00","article_modified_time":"2026-04-27T17:21:39+00:00","og_image":[{"width":1600,"height":1200,"url":"http:\/\/ondauno.com.ar\/wp-content\/uploads\/2026\/04\/WhatsApp-Image-2026-04-27-at-14.10.10.jpeg","type":"image\/jpeg"}],"author":"OndaUno","twitter_card":"summary_large_image","twitter_misc":{"Escrito por":"OndaUno","Tiempo de lectura":"3 minutos"},"schema":{"@context":"https:\/\/schema.org","@graph":[{"@type":"WebPage","@id":"https:\/\/ondauno.com.ar\/index.php\/2026\/04\/27\/el-temporal-en-la-costa-dejo-lluvias-viento-y-algunos-danos\/","url":"https:\/\/ondauno.com.ar\/index.php\/2026\/04\/27\/el-temporal-en-la-costa-dejo-lluvias-viento-y-algunos-danos\/","name":"El temporal en la costa dej\u00f3 lluvias, viento y algunos da\u00f1os - 103.9 fm","isPartOf":{"@id":"https:\/\/ondauno.com.ar\/#website"},"primaryImageOfPage":{"@id":"https:\/\/ondauno.com.ar\/index.php\/2026\/04\/27\/el-temporal-en-la-costa-dejo-lluvias-viento-y-algunos-danos\/#primaryimage"},"image":{"@id":"https:\/\/ondauno.com.ar\/index.php\/2026\/04\/27\/el-temporal-en-la-costa-dejo-lluvias-viento-y-algunos-danos\/#primaryimage"},"thumbnailUrl":"https:\/\/ondauno.com.ar\/wp-content\/uploads\/2026\/04\/WhatsApp-Image-2026-04-27-at-14.10.10.jpeg","datePublished":"2026-04-27T17:21:36+00:00","dateModified":"2026-04-27T17:21:39+00:00","author":{"@id":"https:\/\/ondauno.com.ar\/#\/schema\/person\/7ec851ddeceb4133d7d7132dc645714e"},"breadcrumb":{"@id":"https:\/\/ondauno.com.ar\/index.php\/2026\/04\/27\/el-temporal-en-la-costa-dejo-lluvias-viento-y-algunos-danos\/#breadcrumb"},"inLanguage":"es-AR","potentialAction":[{"@type":"ReadAction","target":["https:\/\/ondauno.com.ar\/index.php\/2026\/04\/27\/el-temporal-en-la-costa-dejo-lluvias-viento-y-algunos-danos\/"]}]},{"@type":"ImageObject","inLanguage":"es-AR","@id":"https:\/\/ondauno.com.ar\/index.php\/2026\/04\/27\/el-temporal-en-la-costa-dejo-lluvias-viento-y-algunos-danos\/#primaryimage","url":"https:\/\/ondauno.com.ar\/wp-content\/uploads\/2026\/04\/WhatsApp-Image-2026-04-27-at-14.10.10.jpeg","contentUrl":"https:\/\/ondauno.com.ar\/wp-content\/uploads\/2026\/04\/WhatsApp-Image-2026-04-27-at-14.10.10.jpeg","width":1600,"height":1200},{"@type":"BreadcrumbList","@id":"https:\/\/ondauno.com.ar\/index.php\/2026\/04\/27\/el-temporal-en-la-costa-dejo-lluvias-viento-y-algunos-danos\/#breadcrumb","itemListElement":[{"@type":"ListItem","position":1,"name":"Inicio","item":"https:\/\/ondauno.com.ar\/"},{"@type":"ListItem","position":2,"name":"El temporal en la costa dej\u00f3 lluvias, viento y algunos da\u00f1os"}]},{"@type":"WebSite","@id":"https:\/\/ondauno.com.ar\/#website","url":"https:\/\/ondauno.com.ar\/","name":"103.9 fm","description":"LA PRIMERA RADIO MULTIMEDIA DE TRES ARROYOS","potentialAction":[{"@type":"SearchAction","target":{"@type":"EntryPoint","urlTemplate":"https:\/\/ondauno.com.ar\/?s={search_term_string}"},"query-input":"required name=search_term_string"}],"inLanguage":"es-AR"},{"@type":"Person","@id":"https:\/\/ondauno.com.ar\/#\/schema\/person\/7ec851ddeceb4133d7d7132dc645714e","name":"OndaUno","image":{"@type":"ImageObject","inLanguage":"es-AR","@id":"https:\/\/ondauno.com.ar\/#\/schema\/person\/image\/","url":"https:\/\/secure.gravatar.com\/avatar\/93b8009f0de7021f1feb2bd5b32fb9e8?s=96&d=mm&r=g","contentUrl":"https:\/\/secure.gravatar.com\/avatar\/93b8009f0de7021f1feb2bd5b32fb9e8?s=96&d=mm&r=g","caption":"OndaUno"},"url":"https:\/\/ondauno.com.ar\/index.php\/author\/ondauno\/"}]}},"jetpack_publicize_connections":[],"jetpack_featured_media_url":"https:\/\/ondauno.com.ar\/wp-content\/uploads\/2026\/04\/WhatsApp-Image-2026-04-27-at-14.10.10.jpeg","jetpack_sharing_enabled":true,"_links":{"self":[{"href":"https:\/\/ondauno.com.ar\/index.php\/wp-json\/wp\/v2\/posts\/64432","targetHints":{"allow":["GET"]}}],"collection":[{"href":"https:\/\/ondauno.com.ar\/index.php\/wp-json\/wp\/v2\/posts"}],"about":[{"href":"https:\/\/ondauno.com.ar\/index.php\/wp-json\/wp\/v2\/types\/post"}],"author":[{"embeddable":true,"href":"https:\/\/ondauno.com.ar\/index.php\/wp-json\/wp\/v2\/users\/1"}],"replies":[{"embeddable":true,"href":"https:\/\/ondauno.com.ar\/index.php\/wp-json\/wp\/v2\/comments?post=64432"}],"version-history":[{"count":1,"href":"https:\/\/ondauno.com.ar\/index.php\/wp-json\/wp\/v2\/posts\/64432\/revisions"}],"predecessor-version":[{"id":64439,"href":"https:\/\/ondauno.com.ar\/index.php\/wp-json\/wp\/v2\/posts\/64432\/revisions\/64439"}],"wp:featuredmedia":[{"embeddable":true,"href":"https:\/\/ondauno.com.ar\/index.php\/wp-json\/wp\/v2\/media\/64433"}],"wp:attachment":[{"href":"https:\/\/ondauno.com.ar\/index.php\/wp-json\/wp\/v2\/media?parent=64432"}],"wp:term":[{"taxonomy":"category","embeddable":true,"href":"https:\/\/ondauno.com.ar\/index.php\/wp-json\/wp\/v2\/categories?post=64432"},{"taxonomy":"post_tag","embeddable":true,"href":"https:\/\/ondauno.com.ar\/index.php\/wp-json\/wp\/v2\/tags?post=64432"}],"curies":[{"name":"wp","href":"https:\/\/api.w.org\/{rel}","templated":true}]}}