{"id":64414,"date":"2026-04-26T22:26:48","date_gmt":"2026-04-27T01:26:48","guid":{"rendered":"https:\/\/ondauno.com.ar\/?p=64414"},"modified":"2026-04-26T22:26:52","modified_gmt":"2026-04-27T01:26:52","slug":"duro-comunicado-contra-declaraciones-de-federico-sturzenegger-sobre-el-servicio-meteorologico-nacional","status":"publish","type":"post","link":"https:\/\/ondauno.com.ar\/index.php\/2026\/04\/26\/duro-comunicado-contra-declaraciones-de-federico-sturzenegger-sobre-el-servicio-meteorologico-nacional\/","title":{"rendered":"Duro comunicado contra declaraciones de Federico Sturzenegger sobre el Servicio Meteorol\u00f3gico Nacional"},"content":{"rendered":"<div class=\"ondau-before-content_3\" style=\"margin-top: -30px;\" id=\"ondau-924065625\"><a href=\"https:\/\/www.lps.com.ar\/\" aria-label=\"la-perse2\"><img loading=\"lazy\" decoding=\"async\" src=\"https:\/\/ondauno.com.ar\/wp-content\/uploads\/2021\/10\/la-perse2.jpg\" alt=\"\"  srcset=\"https:\/\/ondauno.com.ar\/wp-content\/uploads\/2021\/10\/la-perse2.jpg 1353w, https:\/\/ondauno.com.ar\/wp-content\/uploads\/2021\/10\/la-perse2-300x43.jpg 300w, https:\/\/ondauno.com.ar\/wp-content\/uploads\/2021\/10\/la-perse2-1024x148.jpg 1024w, https:\/\/ondauno.com.ar\/wp-content\/uploads\/2021\/10\/la-perse2-768x111.jpg 768w, https:\/\/ondauno.com.ar\/wp-content\/uploads\/2021\/10\/la-perse2-696x100.jpg 696w, https:\/\/ondauno.com.ar\/wp-content\/uploads\/2021\/10\/la-perse2-1068x154.jpg 1068w\" sizes=\"(max-width: 1353px) 100vw, 1353px\" class=\"no-lazyload\" width=\"1353\" height=\"195\"  style=\"display: inline-block;\" \/><\/a><\/div>\n<p>Desde ATE del Servicio Meteorol\u00f3gico Nacional (SMN) difundieron un extenso comunicado en respuesta a un texto publicado por el ministro Federico Sturzenegger, al que calificaron como \u201cuna mezcla de desinformaci\u00f3n, simplificaciones y conclusiones falsas y peligrosas\u201d.<\/p>\n\n\n\n<p>El documento cuestiona distintos puntos vinculados al funcionamiento del Servicio Meteorol\u00f3gico Nacional y rechaza especialmente afirmaciones sobre la cantidad de personal, el rol de las estaciones meteorol\u00f3gicas y el proceso de modernizaci\u00f3n del organismo.<\/p>\n\n\n\n<p>En relaci\u00f3n a la dotaci\u00f3n, desde el sector sostienen que es incorrecto afirmar que el SMN cuenta con \u201c20 meteor\u00f3logos\u201d, detallando que actualmente trabajan aproximadamente 832 personas, entre ellas 148 meteor\u00f3logos y m\u00e1s de 470 observadores meteorol\u00f3gicos. Adem\u00e1s, remarcan que el sistema requiere un funcionamiento permanente, las 24 horas, lo que demanda personal suficiente en cada estaci\u00f3n.<\/p>\n\n\n\n<p>Tambi\u00e9n se refirieron al funcionamiento de las estaciones autom\u00e1ticas, aclarando que \u201cno sustituyen completamente la observaci\u00f3n humana, sino que la complementan\u201d. En ese sentido, se\u00f1alaron que variables clave como el tipo de nubes, la visibilidad o ciertos fen\u00f3menos meteorol\u00f3gicos requieren intervenci\u00f3n directa de profesionales capacitados.<\/p>\n\n\n\n<p>Otro de los ejes del comunicado apunta al impacto de los recortes. Desde ATE advierten que reducir personal en un organismo de estas caracter\u00edsticas afecta \u00e1reas cr\u00edticas como las alertas tempranas, la aviaci\u00f3n, la producci\u00f3n agropecuaria y la gesti\u00f3n de emergencias. \u201cUn servicio meteorol\u00f3gico robusto es clave para la seguridad de la poblaci\u00f3n\u201d, remarcan.<\/p>\n\n\n\n<p>Asimismo, cuestionaron el uso de tragedias como argumento para justificar ajustes, se\u00f1alando que eventos extremos evidencian la necesidad de fortalecer el sistema. En ese punto, destacaron la efectividad del Sistema de Alerta Temprana, al que calificaron como \u201cuno de los m\u00e1s avanzados a nivel mundial\u201d.<\/p>\n\n\n\n<p>Finalmente, el comunicado plantea que la modernizaci\u00f3n del organismo es necesaria, pero advierte que no debe implicar la p\u00e9rdida de capacidades t\u00e9cnicas ni de recursos humanos. El texto concluye con un reclamo concreto: el cese de despidos y la reincorporaci\u00f3n del personal afectado.<\/p>\n\n\n\n<p>\u201cSin trabajadores no hay ciencia, y sin ciencia no hay futuro\u201d, expresaron desde el sector.<\/p>\n\n\n\n<div data-wp-interactive=\"core\/file\" class=\"wp-block-file\"><object data-wp-bind--hidden=\"!state.hasPdfPreview\" hidden class=\"wp-block-file__embed\" data=\"https:\/\/ondauno.com.ar\/wp-content\/uploads\/2026\/04\/respuesta-a-sturzennegger.pdf\" type=\"application\/pdf\" style=\"width:100%;height:600px\" aria-label=\"Incrustado de respuesta a sturzennegger.\"><\/object><a id=\"wp-block-file--media-dd5ffb11-fc64-4f91-b15c-61cb98b4de3b\" href=\"https:\/\/ondauno.com.ar\/wp-content\/uploads\/2026\/04\/respuesta-a-sturzennegger.pdf\">respuesta a sturzennegger<\/a><a href=\"https:\/\/ondauno.com.ar\/wp-content\/uploads\/2026\/04\/respuesta-a-sturzennegger.pdf\" class=\"wp-block-file__button wp-element-button\" download aria-describedby=\"wp-block-file--media-dd5ffb11-fc64-4f91-b15c-61cb98b4de3b\">Descarga<\/a><\/div>\n","protected":false},"excerpt":{"rendered":"<p>Desde ATE del Servicio Meteorol\u00f3gico Nacional (SMN) difundieron un extenso comunicado en respuesta a un texto publicado por el ministro Federico Sturzenegger, al que calificaron como \u201cuna mezcla de desinformaci\u00f3n, simplificaciones y conclusiones falsas y peligrosas\u201d. El documento cuestiona distintos puntos vinculados al funcionamiento del Servicio Meteorol\u00f3gico Nacional y rechaza especialmente afirmaciones sobre la cantidad [&hellip;]<\/p>\n","protected":false},"author":1,"featured_media":64416,"comment_status":"open","ping_status":"open","sticky":false,"template":"","format":"standard","meta":{"tdm_status":"","tdm_grid_status":"","_jetpack_memberships_contains_paid_content":false,"footnotes":"","jetpack_publicize_message":"","jetpack_publicize_feature_enabled":true,"jetpack_social_post_already_shared":true,"jetpack_social_options":{"image_generator_settings":{"template":"highway","default_image_id":0,"font":"","enabled":false},"version":2}},"categories":[26],"tags":[],"class_list":{"0":"post-64414","1":"post","2":"type-post","3":"status-publish","4":"format-standard","5":"has-post-thumbnail","7":"category-destacada"},"yoast_head":"<!-- This site is optimized with the Yoast SEO plugin v22.7 - https:\/\/yoast.com\/wordpress\/plugins\/seo\/ -->\n<title>Duro comunicado contra declaraciones de Federico Sturzenegger sobre el Servicio Meteorol\u00f3gico Nacional - 103.9 fm<\/title>\n<meta name=\"robots\" content=\"index, follow, max-snippet:-1, max-image-preview:large, max-video-preview:-1\" \/>\n<link rel=\"canonical\" href=\"https:\/\/ondauno.com.ar\/index.php\/2026\/04\/26\/duro-comunicado-contra-declaraciones-de-federico-sturzenegger-sobre-el-servicio-meteorologico-nacional\/\" \/>\n<meta property=\"og:locale\" content=\"es_ES\" \/>\n<meta property=\"og:type\" content=\"article\" \/>\n<meta property=\"og:title\" content=\"Duro comunicado contra declaraciones de Federico Sturzenegger sobre el Servicio Meteorol\u00f3gico Nacional - 103.9 fm\" \/>\n<meta property=\"og:description\" content=\"Desde ATE del Servicio Meteorol\u00f3gico Nacional (SMN) difundieron un extenso comunicado en respuesta a un texto publicado por el ministro Federico Sturzenegger, al que calificaron como \u201cuna mezcla de desinformaci\u00f3n, simplificaciones y conclusiones falsas y peligrosas\u201d. El documento cuestiona distintos puntos vinculados al funcionamiento del Servicio Meteorol\u00f3gico Nacional y rechaza especialmente afirmaciones sobre la cantidad [&hellip;]\" \/>\n<meta property=\"og:url\" content=\"https:\/\/ondauno.com.ar\/index.php\/2026\/04\/26\/duro-comunicado-contra-declaraciones-de-federico-sturzenegger-sobre-el-servicio-meteorologico-nacional\/\" \/>\n<meta property=\"og:site_name\" content=\"103.9 fm\" \/>\n<meta property=\"article:publisher\" content=\"https:\/\/www.facebook.com\/ondauno103.9\" \/>\n<meta property=\"article:published_time\" content=\"2026-04-27T01:26:48+00:00\" \/>\n<meta property=\"article:modified_time\" content=\"2026-04-27T01:26:52+00:00\" \/>\n<meta property=\"og:image\" content=\"http:\/\/ondauno.com.ar\/wp-content\/uploads\/2026\/04\/ChatGPT-Image-26-abr-2026-22_25_19-1024x683.png\" \/>\n\t<meta property=\"og:image:width\" content=\"1024\" \/>\n\t<meta property=\"og:image:height\" content=\"683\" \/>\n\t<meta property=\"og:image:type\" content=\"image\/png\" \/>\n<meta name=\"author\" content=\"OndaUno\" \/>\n<meta name=\"twitter:card\" content=\"summary_large_image\" \/>\n<meta name=\"twitter:label1\" content=\"Escrito por\" \/>\n\t<meta name=\"twitter:data1\" content=\"OndaUno\" \/>\n\t<meta name=\"twitter:label2\" content=\"Tiempo de lectura\" \/>\n\t<meta name=\"twitter:data2\" content=\"2 minutos\" \/>\n<script type=\"application\/ld+json\" class=\"yoast-schema-graph\">{\"@context\":\"https:\/\/schema.org\",\"@graph\":[{\"@type\":\"WebPage\",\"@id\":\"https:\/\/ondauno.com.ar\/index.php\/2026\/04\/26\/duro-comunicado-contra-declaraciones-de-federico-sturzenegger-sobre-el-servicio-meteorologico-nacional\/\",\"url\":\"https:\/\/ondauno.com.ar\/index.php\/2026\/04\/26\/duro-comunicado-contra-declaraciones-de-federico-sturzenegger-sobre-el-servicio-meteorologico-nacional\/\",\"name\":\"Duro comunicado contra declaraciones de Federico Sturzenegger sobre el Servicio Meteorol\u00f3gico Nacional - 103.9 fm\",\"isPartOf\":{\"@id\":\"https:\/\/ondauno.com.ar\/#website\"},\"primaryImageOfPage\":{\"@id\":\"https:\/\/ondauno.com.ar\/index.php\/2026\/04\/26\/duro-comunicado-contra-declaraciones-de-federico-sturzenegger-sobre-el-servicio-meteorologico-nacional\/#primaryimage\"},\"image\":{\"@id\":\"https:\/\/ondauno.com.ar\/index.php\/2026\/04\/26\/duro-comunicado-contra-declaraciones-de-federico-sturzenegger-sobre-el-servicio-meteorologico-nacional\/#primaryimage\"},\"thumbnailUrl\":\"https:\/\/ondauno.com.ar\/wp-content\/uploads\/2026\/04\/ChatGPT-Image-26-abr-2026-22_25_19.png\",\"datePublished\":\"2026-04-27T01:26:48+00:00\",\"dateModified\":\"2026-04-27T01:26:52+00:00\",\"author\":{\"@id\":\"https:\/\/ondauno.com.ar\/#\/schema\/person\/7ec851ddeceb4133d7d7132dc645714e\"},\"breadcrumb\":{\"@id\":\"https:\/\/ondauno.com.ar\/index.php\/2026\/04\/26\/duro-comunicado-contra-declaraciones-de-federico-sturzenegger-sobre-el-servicio-meteorologico-nacional\/#breadcrumb\"},\"inLanguage\":\"es-AR\",\"potentialAction\":[{\"@type\":\"ReadAction\",\"target\":[\"https:\/\/ondauno.com.ar\/index.php\/2026\/04\/26\/duro-comunicado-contra-declaraciones-de-federico-sturzenegger-sobre-el-servicio-meteorologico-nacional\/\"]}]},{\"@type\":\"ImageObject\",\"inLanguage\":\"es-AR\",\"@id\":\"https:\/\/ondauno.com.ar\/index.php\/2026\/04\/26\/duro-comunicado-contra-declaraciones-de-federico-sturzenegger-sobre-el-servicio-meteorologico-nacional\/#primaryimage\",\"url\":\"https:\/\/ondauno.com.ar\/wp-content\/uploads\/2026\/04\/ChatGPT-Image-26-abr-2026-22_25_19.png\",\"contentUrl\":\"https:\/\/ondauno.com.ar\/wp-content\/uploads\/2026\/04\/ChatGPT-Image-26-abr-2026-22_25_19.png\",\"width\":1536,\"height\":1024},{\"@type\":\"BreadcrumbList\",\"@id\":\"https:\/\/ondauno.com.ar\/index.php\/2026\/04\/26\/duro-comunicado-contra-declaraciones-de-federico-sturzenegger-sobre-el-servicio-meteorologico-nacional\/#breadcrumb\",\"itemListElement\":[{\"@type\":\"ListItem\",\"position\":1,\"name\":\"Inicio\",\"item\":\"https:\/\/ondauno.com.ar\/\"},{\"@type\":\"ListItem\",\"position\":2,\"name\":\"Duro comunicado contra declaraciones de Federico Sturzenegger sobre el Servicio Meteorol\u00f3gico Nacional\"}]},{\"@type\":\"WebSite\",\"@id\":\"https:\/\/ondauno.com.ar\/#website\",\"url\":\"https:\/\/ondauno.com.ar\/\",\"name\":\"103.9 fm\",\"description\":\"LA PRIMERA RADIO MULTIMEDIA DE TRES ARROYOS\",\"potentialAction\":[{\"@type\":\"SearchAction\",\"target\":{\"@type\":\"EntryPoint\",\"urlTemplate\":\"https:\/\/ondauno.com.ar\/?s={search_term_string}\"},\"query-input\":\"required name=search_term_string\"}],\"inLanguage\":\"es-AR\"},{\"@type\":\"Person\",\"@id\":\"https:\/\/ondauno.com.ar\/#\/schema\/person\/7ec851ddeceb4133d7d7132dc645714e\",\"name\":\"OndaUno\",\"image\":{\"@type\":\"ImageObject\",\"inLanguage\":\"es-AR\",\"@id\":\"https:\/\/ondauno.com.ar\/#\/schema\/person\/image\/\",\"url\":\"https:\/\/secure.gravatar.com\/avatar\/93b8009f0de7021f1feb2bd5b32fb9e8?s=96&d=mm&r=g\",\"contentUrl\":\"https:\/\/secure.gravatar.com\/avatar\/93b8009f0de7021f1feb2bd5b32fb9e8?s=96&d=mm&r=g\",\"caption\":\"OndaUno\"},\"url\":\"https:\/\/ondauno.com.ar\/index.php\/author\/ondauno\/\"}]}<\/script>\n<!-- \/ Yoast SEO plugin. -->","yoast_head_json":{"title":"Duro comunicado contra declaraciones de Federico Sturzenegger sobre el Servicio Meteorol\u00f3gico Nacional - 103.9 fm","robots":{"index":"index","follow":"follow","max-snippet":"max-snippet:-1","max-image-preview":"max-image-preview:large","max-video-preview":"max-video-preview:-1"},"canonical":"https:\/\/ondauno.com.ar\/index.php\/2026\/04\/26\/duro-comunicado-contra-declaraciones-de-federico-sturzenegger-sobre-el-servicio-meteorologico-nacional\/","og_locale":"es_ES","og_type":"article","og_title":"Duro comunicado contra declaraciones de Federico Sturzenegger sobre el Servicio Meteorol\u00f3gico Nacional - 103.9 fm","og_description":"Desde ATE del Servicio Meteorol\u00f3gico Nacional (SMN) difundieron un extenso comunicado en respuesta a un texto publicado por el ministro Federico Sturzenegger, al que calificaron como \u201cuna mezcla de desinformaci\u00f3n, simplificaciones y conclusiones falsas y peligrosas\u201d. El documento cuestiona distintos puntos vinculados al funcionamiento del Servicio Meteorol\u00f3gico Nacional y rechaza especialmente afirmaciones sobre la cantidad [&hellip;]","og_url":"https:\/\/ondauno.com.ar\/index.php\/2026\/04\/26\/duro-comunicado-contra-declaraciones-de-federico-sturzenegger-sobre-el-servicio-meteorologico-nacional\/","og_site_name":"103.9 fm","article_publisher":"https:\/\/www.facebook.com\/ondauno103.9","article_published_time":"2026-04-27T01:26:48+00:00","article_modified_time":"2026-04-27T01:26:52+00:00","og_image":[{"width":1024,"height":683,"url":"http:\/\/ondauno.com.ar\/wp-content\/uploads\/2026\/04\/ChatGPT-Image-26-abr-2026-22_25_19-1024x683.png","type":"image\/png"}],"author":"OndaUno","twitter_card":"summary_large_image","twitter_misc":{"Escrito por":"OndaUno","Tiempo de lectura":"2 minutos"},"schema":{"@context":"https:\/\/schema.org","@graph":[{"@type":"WebPage","@id":"https:\/\/ondauno.com.ar\/index.php\/2026\/04\/26\/duro-comunicado-contra-declaraciones-de-federico-sturzenegger-sobre-el-servicio-meteorologico-nacional\/","url":"https:\/\/ondauno.com.ar\/index.php\/2026\/04\/26\/duro-comunicado-contra-declaraciones-de-federico-sturzenegger-sobre-el-servicio-meteorologico-nacional\/","name":"Duro comunicado contra declaraciones de Federico Sturzenegger sobre el Servicio Meteorol\u00f3gico Nacional - 103.9 fm","isPartOf":{"@id":"https:\/\/ondauno.com.ar\/#website"},"primaryImageOfPage":{"@id":"https:\/\/ondauno.com.ar\/index.php\/2026\/04\/26\/duro-comunicado-contra-declaraciones-de-federico-sturzenegger-sobre-el-servicio-meteorologico-nacional\/#primaryimage"},"image":{"@id":"https:\/\/ondauno.com.ar\/index.php\/2026\/04\/26\/duro-comunicado-contra-declaraciones-de-federico-sturzenegger-sobre-el-servicio-meteorologico-nacional\/#primaryimage"},"thumbnailUrl":"https:\/\/ondauno.com.ar\/wp-content\/uploads\/2026\/04\/ChatGPT-Image-26-abr-2026-22_25_19.png","datePublished":"2026-04-27T01:26:48+00:00","dateModified":"2026-04-27T01:26:52+00:00","author":{"@id":"https:\/\/ondauno.com.ar\/#\/schema\/person\/7ec851ddeceb4133d7d7132dc645714e"},"breadcrumb":{"@id":"https:\/\/ondauno.com.ar\/index.php\/2026\/04\/26\/duro-comunicado-contra-declaraciones-de-federico-sturzenegger-sobre-el-servicio-meteorologico-nacional\/#breadcrumb"},"inLanguage":"es-AR","potentialAction":[{"@type":"ReadAction","target":["https:\/\/ondauno.com.ar\/index.php\/2026\/04\/26\/duro-comunicado-contra-declaraciones-de-federico-sturzenegger-sobre-el-servicio-meteorologico-nacional\/"]}]},{"@type":"ImageObject","inLanguage":"es-AR","@id":"https:\/\/ondauno.com.ar\/index.php\/2026\/04\/26\/duro-comunicado-contra-declaraciones-de-federico-sturzenegger-sobre-el-servicio-meteorologico-nacional\/#primaryimage","url":"https:\/\/ondauno.com.ar\/wp-content\/uploads\/2026\/04\/ChatGPT-Image-26-abr-2026-22_25_19.png","contentUrl":"https:\/\/ondauno.com.ar\/wp-content\/uploads\/2026\/04\/ChatGPT-Image-26-abr-2026-22_25_19.png","width":1536,"height":1024},{"@type":"BreadcrumbList","@id":"https:\/\/ondauno.com.ar\/index.php\/2026\/04\/26\/duro-comunicado-contra-declaraciones-de-federico-sturzenegger-sobre-el-servicio-meteorologico-nacional\/#breadcrumb","itemListElement":[{"@type":"ListItem","position":1,"name":"Inicio","item":"https:\/\/ondauno.com.ar\/"},{"@type":"ListItem","position":2,"name":"Duro comunicado contra declaraciones de Federico Sturzenegger sobre el Servicio Meteorol\u00f3gico Nacional"}]},{"@type":"WebSite","@id":"https:\/\/ondauno.com.ar\/#website","url":"https:\/\/ondauno.com.ar\/","name":"103.9 fm","description":"LA PRIMERA RADIO MULTIMEDIA DE TRES ARROYOS","potentialAction":[{"@type":"SearchAction","target":{"@type":"EntryPoint","urlTemplate":"https:\/\/ondauno.com.ar\/?s={search_term_string}"},"query-input":"required name=search_term_string"}],"inLanguage":"es-AR"},{"@type":"Person","@id":"https:\/\/ondauno.com.ar\/#\/schema\/person\/7ec851ddeceb4133d7d7132dc645714e","name":"OndaUno","image":{"@type":"ImageObject","inLanguage":"es-AR","@id":"https:\/\/ondauno.com.ar\/#\/schema\/person\/image\/","url":"https:\/\/secure.gravatar.com\/avatar\/93b8009f0de7021f1feb2bd5b32fb9e8?s=96&d=mm&r=g","contentUrl":"https:\/\/secure.gravatar.com\/avatar\/93b8009f0de7021f1feb2bd5b32fb9e8?s=96&d=mm&r=g","caption":"OndaUno"},"url":"https:\/\/ondauno.com.ar\/index.php\/author\/ondauno\/"}]}},"jetpack_publicize_connections":[],"jetpack_featured_media_url":"https:\/\/ondauno.com.ar\/wp-content\/uploads\/2026\/04\/ChatGPT-Image-26-abr-2026-22_25_19.png","jetpack_sharing_enabled":true,"_links":{"self":[{"href":"https:\/\/ondauno.com.ar\/index.php\/wp-json\/wp\/v2\/posts\/64414","targetHints":{"allow":["GET"]}}],"collection":[{"href":"https:\/\/ondauno.com.ar\/index.php\/wp-json\/wp\/v2\/posts"}],"about":[{"href":"https:\/\/ondauno.com.ar\/index.php\/wp-json\/wp\/v2\/types\/post"}],"author":[{"embeddable":true,"href":"https:\/\/ondauno.com.ar\/index.php\/wp-json\/wp\/v2\/users\/1"}],"replies":[{"embeddable":true,"href":"https:\/\/ondauno.com.ar\/index.php\/wp-json\/wp\/v2\/comments?post=64414"}],"version-history":[{"count":1,"href":"https:\/\/ondauno.com.ar\/index.php\/wp-json\/wp\/v2\/posts\/64414\/revisions"}],"predecessor-version":[{"id":64417,"href":"https:\/\/ondauno.com.ar\/index.php\/wp-json\/wp\/v2\/posts\/64414\/revisions\/64417"}],"wp:featuredmedia":[{"embeddable":true,"href":"https:\/\/ondauno.com.ar\/index.php\/wp-json\/wp\/v2\/media\/64416"}],"wp:attachment":[{"href":"https:\/\/ondauno.com.ar\/index.php\/wp-json\/wp\/v2\/media?parent=64414"}],"wp:term":[{"taxonomy":"category","embeddable":true,"href":"https:\/\/ondauno.com.ar\/index.php\/wp-json\/wp\/v2\/categories?post=64414"},{"taxonomy":"post_tag","embeddable":true,"href":"https:\/\/ondauno.com.ar\/index.php\/wp-json\/wp\/v2\/tags?post=64414"}],"curies":[{"name":"wp","href":"https:\/\/api.w.org\/{rel}","templated":true}]}}