{"id":6413,"date":"2020-03-11T13:41:02","date_gmt":"2020-03-11T16:41:02","guid":{"rendered":"http:\/\/ondauno.com.ar\/?p=6413"},"modified":"2020-03-11T13:41:09","modified_gmt":"2020-03-11T16:41:09","slug":"gonzales-chaves-participo-de-la-3a-jornada-de-desarrollo-territorial","status":"publish","type":"post","link":"https:\/\/ondauno.com.ar\/index.php\/2020\/03\/11\/gonzales-chaves-participo-de-la-3a-jornada-de-desarrollo-territorial\/","title":{"rendered":"Gonzales Chaves particip\u00f3 de la 3\u00aa Jornada de Desarrollo Territorial"},"content":{"rendered":"<div class=\"ondau-before-content_3\" style=\"margin-top: -30px;\" id=\"ondau-766761144\"><a href=\"https:\/\/www.lps.com.ar\/\" aria-label=\"la-perse2\"><img loading=\"lazy\" decoding=\"async\" src=\"https:\/\/ondauno.com.ar\/wp-content\/uploads\/2021\/10\/la-perse2.jpg\" alt=\"\"  srcset=\"https:\/\/ondauno.com.ar\/wp-content\/uploads\/2021\/10\/la-perse2.jpg 1353w, https:\/\/ondauno.com.ar\/wp-content\/uploads\/2021\/10\/la-perse2-300x43.jpg 300w, https:\/\/ondauno.com.ar\/wp-content\/uploads\/2021\/10\/la-perse2-1024x148.jpg 1024w, https:\/\/ondauno.com.ar\/wp-content\/uploads\/2021\/10\/la-perse2-768x111.jpg 768w, https:\/\/ondauno.com.ar\/wp-content\/uploads\/2021\/10\/la-perse2-696x100.jpg 696w, https:\/\/ondauno.com.ar\/wp-content\/uploads\/2021\/10\/la-perse2-1068x154.jpg 1068w\" sizes=\"(max-width: 1353px) 100vw, 1353px\" class=\"no-lazyload\" width=\"1353\" height=\"195\"  style=\"display: inline-block;\" \/><\/a><\/div>\n<p>La municipalidad de Gonzales Chaves, a trav\u00e9s del secretario de Producci\u00f3n, Ciencia y Tecnolog\u00eda,&nbsp;<strong>Diego Burgois<\/strong>, particip\u00f3 de la 3\u00aa Jornada de Desarrollo Territorial realizada en Olavarr\u00eda, junto a 15 municipios de la regi\u00f3n.<\/p>\n\n\n\n<p>Organizada por la Facultad de Ingenier\u00eda de la UNICEN, el objetivo del encuentro fue contribuir al desarrollo de un \u00e1mbito de encuentro en materia de desarrollo territorial, que articule el trabajo del sector acad\u00e9mico y de los municipios.<\/p>\n\n\n\n<figure class=\"wp-block-image\"><img decoding=\"async\" data-src=\"http:\/\/ondauno.com.ar\/wp-content\/uploads\/2020\/03\/Jrnada-en-Olavarria-1024x591.jpg\" alt=\"\" class=\"wp-image-6415 lazyload\" src=\"data:image\/gif;base64,R0lGODlhAQABAAAAACH5BAEKAAEALAAAAAABAAEAAAICTAEAOw==\" style=\"--smush-placeholder-width: 1024px; --smush-placeholder-aspect-ratio: 1024\/591;\" \/><noscript><img decoding=\"async\" src=\"http:\/\/ondauno.com.ar\/wp-content\/uploads\/2020\/03\/Jrnada-en-Olavarria-1024x591.jpg\" alt=\"\" class=\"wp-image-6415\"\/><\/noscript><\/figure>\n\n\n\n<p>La apertura fue encabezada por el decano de la Facultad de Ingenier\u00eda&nbsp;<strong>Marcelo Spina<\/strong>, el secretario de Desarrollo Econ\u00f3mico&nbsp;<strong>Julio Valetutto&nbsp;<\/strong>y el Mg.&nbsp;<strong>Sergio P\u00e9rez Rozzi<\/strong>.<\/p>\n\n\n\n<p>En este contexto, se plantearon una&nbsp;<strong>propuesta de capacitaci\u00f3n y sensibilizaci\u00f3n, con una primera parte orientada a nivel institucional y una segunda parte, con \u00e9nfasis en ambiente y energ\u00edas alternativas.<\/strong><\/p>\n\n\n\n<p>En esta tercera edici\u00f3n, se analizaron cinco dimensiones del desarrollo territorial, desde el punto de vista de la infraestructura, con las experiencias de los municipios.<\/p>\n\n\n\n<p>Participaron de la jornada, funcionarios de 11 municipios bonaerenses: Olavarr\u00eda, Azul, Lamadrid, Laprida, Gonzales Chaves, Pellegrini, Las Flores, Rivadavia, Lober\u00eda y Tandil y referentes del \u00e1mbito acad\u00e9mico.<\/p>\n\n\n\n<p>Spina&nbsp;dijo que&nbsp;\u201cla vinculaci\u00f3n es la clave para que en nuestro territorio, podamos brindarles oportunidades a futuro a nuestros pibes\u201d.&nbsp;\u201cEl desaf\u00edo es que los recursos humanos se queden en el territorio. Hay una realidad cambiante y una universidad que tiene que estar a la altura de las circunstancias\u201d,&nbsp;sostuvo.<\/p>\n\n\n\n<p>Por su parte, el secretario de Desarrollo Econ\u00f3mico, Julio Valetutto, en primer lugar valor\u00f3 el trabajo de articulaci\u00f3n con la Facultad de Ingenier\u00eda como \u201cenriquecedor\u201d. Al mismo tiempo reconoci\u00f3 que&nbsp;\u201clos municipios tenemos fortalezas y asimismo nos encontramos con dificultades y necesidades para el desarrollo.<em><\/em><\/p>\n\n\n\n<p>En este sentido plante\u00f3 que desde cada&nbsp;municipio \u201clos protagonistas para cambiar esta realidad somos nosotros, a trav\u00e9s del dise\u00f1o de pol\u00edticas p\u00fablicas que contribuyan al desarrollo en cada territorio\u201d.<\/p>\n","protected":false},"excerpt":{"rendered":"<p>La municipalidad de Gonzales Chaves, a trav\u00e9s del secretario de Producci\u00f3n, Ciencia y Tecnolog\u00eda,&nbsp;Diego Burgois, particip\u00f3 de la 3\u00aa Jornada de Desarrollo Territorial realizada en Olavarr\u00eda, junto a 15 municipios de la regi\u00f3n. Organizada por la Facultad de Ingenier\u00eda de la UNICEN, el objetivo del encuentro fue contribuir al desarrollo de un \u00e1mbito de encuentro [&hellip;]<\/p>\n","protected":false},"author":2,"featured_media":0,"comment_status":"open","ping_status":"open","sticky":false,"template":"","format":"standard","meta":{"tdm_status":"","tdm_grid_status":"","_jetpack_memberships_contains_paid_content":false,"footnotes":"","jetpack_publicize_message":"","jetpack_publicize_feature_enabled":true,"jetpack_social_post_already_shared":false,"jetpack_social_options":{"image_generator_settings":{"template":"highway","default_image_id":0,"font":"","enabled":false},"version":2}},"categories":[35],"tags":[],"class_list":{"0":"post-6413","1":"post","2":"type-post","3":"status-publish","4":"format-standard","6":"category-regionales"},"yoast_head":"<!-- This site is optimized with the Yoast SEO plugin v22.7 - https:\/\/yoast.com\/wordpress\/plugins\/seo\/ -->\n<title>Gonzales Chaves particip\u00f3 de la 3\u00aa Jornada de Desarrollo Territorial - 103.9 fm<\/title>\n<meta name=\"robots\" content=\"index, follow, max-snippet:-1, max-image-preview:large, max-video-preview:-1\" \/>\n<link rel=\"canonical\" href=\"https:\/\/ondauno.com.ar\/index.php\/2020\/03\/11\/gonzales-chaves-participo-de-la-3a-jornada-de-desarrollo-territorial\/\" \/>\n<meta property=\"og:locale\" content=\"es_ES\" \/>\n<meta property=\"og:type\" content=\"article\" \/>\n<meta property=\"og:title\" content=\"Gonzales Chaves particip\u00f3 de la 3\u00aa Jornada de Desarrollo Territorial - 103.9 fm\" \/>\n<meta property=\"og:description\" content=\"La municipalidad de Gonzales Chaves, a trav\u00e9s del secretario de Producci\u00f3n, Ciencia y Tecnolog\u00eda,&nbsp;Diego Burgois, particip\u00f3 de la 3\u00aa Jornada de Desarrollo Territorial realizada en Olavarr\u00eda, junto a 15 municipios de la regi\u00f3n. Organizada por la Facultad de Ingenier\u00eda de la UNICEN, el objetivo del encuentro fue contribuir al desarrollo de un \u00e1mbito de encuentro [&hellip;]\" \/>\n<meta property=\"og:url\" content=\"https:\/\/ondauno.com.ar\/index.php\/2020\/03\/11\/gonzales-chaves-participo-de-la-3a-jornada-de-desarrollo-territorial\/\" \/>\n<meta property=\"og:site_name\" content=\"103.9 fm\" \/>\n<meta property=\"article:publisher\" content=\"https:\/\/www.facebook.com\/ondauno103.9\" \/>\n<meta property=\"article:published_time\" content=\"2020-03-11T16:41:02+00:00\" \/>\n<meta property=\"article:modified_time\" content=\"2020-03-11T16:41:09+00:00\" \/>\n<meta property=\"og:image\" content=\"https:\/\/ondauno.com.ar\/wp-content\/uploads\/2020\/03\/Jornada-en-Olavarria2.jpg\" \/>\n\t<meta property=\"og:image:width\" content=\"1880\" \/>\n\t<meta property=\"og:image:height\" content=\"1120\" \/>\n\t<meta property=\"og:image:type\" content=\"image\/jpeg\" \/>\n<meta name=\"author\" content=\"fernando garcia\" \/>\n<meta name=\"twitter:card\" content=\"summary_large_image\" \/>\n<meta name=\"twitter:label1\" content=\"Escrito por\" \/>\n\t<meta name=\"twitter:data1\" content=\"fernando garcia\" \/>\n\t<meta name=\"twitter:label2\" content=\"Tiempo de lectura\" \/>\n\t<meta name=\"twitter:data2\" content=\"2 minutos\" \/>\n<script type=\"application\/ld+json\" class=\"yoast-schema-graph\">{\"@context\":\"https:\/\/schema.org\",\"@graph\":[{\"@type\":\"WebPage\",\"@id\":\"https:\/\/ondauno.com.ar\/index.php\/2020\/03\/11\/gonzales-chaves-participo-de-la-3a-jornada-de-desarrollo-territorial\/\",\"url\":\"https:\/\/ondauno.com.ar\/index.php\/2020\/03\/11\/gonzales-chaves-participo-de-la-3a-jornada-de-desarrollo-territorial\/\",\"name\":\"Gonzales Chaves particip\u00f3 de la 3\u00aa Jornada de Desarrollo Territorial - 103.9 fm\",\"isPartOf\":{\"@id\":\"https:\/\/ondauno.com.ar\/#website\"},\"primaryImageOfPage\":{\"@id\":\"https:\/\/ondauno.com.ar\/index.php\/2020\/03\/11\/gonzales-chaves-participo-de-la-3a-jornada-de-desarrollo-territorial\/#primaryimage\"},\"image\":{\"@id\":\"https:\/\/ondauno.com.ar\/index.php\/2020\/03\/11\/gonzales-chaves-participo-de-la-3a-jornada-de-desarrollo-territorial\/#primaryimage\"},\"thumbnailUrl\":\"http:\/\/ondauno.com.ar\/wp-content\/uploads\/2020\/03\/Jrnada-en-Olavarria-1024x591.jpg\",\"datePublished\":\"2020-03-11T16:41:02+00:00\",\"dateModified\":\"2020-03-11T16:41:09+00:00\",\"author\":{\"@id\":\"https:\/\/ondauno.com.ar\/#\/schema\/person\/201d1b68e6c75e0fd396fe5f8af5d139\"},\"breadcrumb\":{\"@id\":\"https:\/\/ondauno.com.ar\/index.php\/2020\/03\/11\/gonzales-chaves-participo-de-la-3a-jornada-de-desarrollo-territorial\/#breadcrumb\"},\"inLanguage\":\"es-AR\",\"potentialAction\":[{\"@type\":\"ReadAction\",\"target\":[\"https:\/\/ondauno.com.ar\/index.php\/2020\/03\/11\/gonzales-chaves-participo-de-la-3a-jornada-de-desarrollo-territorial\/\"]}]},{\"@type\":\"ImageObject\",\"inLanguage\":\"es-AR\",\"@id\":\"https:\/\/ondauno.com.ar\/index.php\/2020\/03\/11\/gonzales-chaves-participo-de-la-3a-jornada-de-desarrollo-territorial\/#primaryimage\",\"url\":\"\",\"contentUrl\":\"\"},{\"@type\":\"BreadcrumbList\",\"@id\":\"https:\/\/ondauno.com.ar\/index.php\/2020\/03\/11\/gonzales-chaves-participo-de-la-3a-jornada-de-desarrollo-territorial\/#breadcrumb\",\"itemListElement\":[{\"@type\":\"ListItem\",\"position\":1,\"name\":\"Inicio\",\"item\":\"https:\/\/ondauno.com.ar\/\"},{\"@type\":\"ListItem\",\"position\":2,\"name\":\"Gonzales Chaves particip\u00f3 de la 3\u00aa Jornada de Desarrollo Territorial\"}]},{\"@type\":\"WebSite\",\"@id\":\"https:\/\/ondauno.com.ar\/#website\",\"url\":\"https:\/\/ondauno.com.ar\/\",\"name\":\"103.9 fm\",\"description\":\"LA PRIMERA RADIO MULTIMEDIA DE TRES ARROYOS\",\"potentialAction\":[{\"@type\":\"SearchAction\",\"target\":{\"@type\":\"EntryPoint\",\"urlTemplate\":\"https:\/\/ondauno.com.ar\/?s={search_term_string}\"},\"query-input\":\"required name=search_term_string\"}],\"inLanguage\":\"es-AR\"},{\"@type\":\"Person\",\"@id\":\"https:\/\/ondauno.com.ar\/#\/schema\/person\/201d1b68e6c75e0fd396fe5f8af5d139\",\"name\":\"fernando garcia\",\"image\":{\"@type\":\"ImageObject\",\"inLanguage\":\"es-AR\",\"@id\":\"https:\/\/ondauno.com.ar\/#\/schema\/person\/image\/\",\"url\":\"https:\/\/secure.gravatar.com\/avatar\/5f7254642ad81272e79a2e69653cfdfc?s=96&d=mm&r=g\",\"contentUrl\":\"https:\/\/secure.gravatar.com\/avatar\/5f7254642ad81272e79a2e69653cfdfc?s=96&d=mm&r=g\",\"caption\":\"fernando garcia\"},\"url\":\"https:\/\/ondauno.com.ar\/index.php\/author\/ondaunoeditor\/\"}]}<\/script>\n<!-- \/ Yoast SEO plugin. -->","yoast_head_json":{"title":"Gonzales Chaves particip\u00f3 de la 3\u00aa Jornada de Desarrollo Territorial - 103.9 fm","robots":{"index":"index","follow":"follow","max-snippet":"max-snippet:-1","max-image-preview":"max-image-preview:large","max-video-preview":"max-video-preview:-1"},"canonical":"https:\/\/ondauno.com.ar\/index.php\/2020\/03\/11\/gonzales-chaves-participo-de-la-3a-jornada-de-desarrollo-territorial\/","og_locale":"es_ES","og_type":"article","og_title":"Gonzales Chaves particip\u00f3 de la 3\u00aa Jornada de Desarrollo Territorial - 103.9 fm","og_description":"La municipalidad de Gonzales Chaves, a trav\u00e9s del secretario de Producci\u00f3n, Ciencia y Tecnolog\u00eda,&nbsp;Diego Burgois, particip\u00f3 de la 3\u00aa Jornada de Desarrollo Territorial realizada en Olavarr\u00eda, junto a 15 municipios de la regi\u00f3n. Organizada por la Facultad de Ingenier\u00eda de la UNICEN, el objetivo del encuentro fue contribuir al desarrollo de un \u00e1mbito de encuentro [&hellip;]","og_url":"https:\/\/ondauno.com.ar\/index.php\/2020\/03\/11\/gonzales-chaves-participo-de-la-3a-jornada-de-desarrollo-territorial\/","og_site_name":"103.9 fm","article_publisher":"https:\/\/www.facebook.com\/ondauno103.9","article_published_time":"2020-03-11T16:41:02+00:00","article_modified_time":"2020-03-11T16:41:09+00:00","og_image":[{"width":1880,"height":1120,"url":"https:\/\/ondauno.com.ar\/wp-content\/uploads\/2020\/03\/Jornada-en-Olavarria2.jpg","type":"image\/jpeg"}],"author":"fernando garcia","twitter_card":"summary_large_image","twitter_misc":{"Escrito por":"fernando garcia","Tiempo de lectura":"2 minutos"},"schema":{"@context":"https:\/\/schema.org","@graph":[{"@type":"WebPage","@id":"https:\/\/ondauno.com.ar\/index.php\/2020\/03\/11\/gonzales-chaves-participo-de-la-3a-jornada-de-desarrollo-territorial\/","url":"https:\/\/ondauno.com.ar\/index.php\/2020\/03\/11\/gonzales-chaves-participo-de-la-3a-jornada-de-desarrollo-territorial\/","name":"Gonzales Chaves particip\u00f3 de la 3\u00aa Jornada de Desarrollo Territorial - 103.9 fm","isPartOf":{"@id":"https:\/\/ondauno.com.ar\/#website"},"primaryImageOfPage":{"@id":"https:\/\/ondauno.com.ar\/index.php\/2020\/03\/11\/gonzales-chaves-participo-de-la-3a-jornada-de-desarrollo-territorial\/#primaryimage"},"image":{"@id":"https:\/\/ondauno.com.ar\/index.php\/2020\/03\/11\/gonzales-chaves-participo-de-la-3a-jornada-de-desarrollo-territorial\/#primaryimage"},"thumbnailUrl":"http:\/\/ondauno.com.ar\/wp-content\/uploads\/2020\/03\/Jrnada-en-Olavarria-1024x591.jpg","datePublished":"2020-03-11T16:41:02+00:00","dateModified":"2020-03-11T16:41:09+00:00","author":{"@id":"https:\/\/ondauno.com.ar\/#\/schema\/person\/201d1b68e6c75e0fd396fe5f8af5d139"},"breadcrumb":{"@id":"https:\/\/ondauno.com.ar\/index.php\/2020\/03\/11\/gonzales-chaves-participo-de-la-3a-jornada-de-desarrollo-territorial\/#breadcrumb"},"inLanguage":"es-AR","potentialAction":[{"@type":"ReadAction","target":["https:\/\/ondauno.com.ar\/index.php\/2020\/03\/11\/gonzales-chaves-participo-de-la-3a-jornada-de-desarrollo-territorial\/"]}]},{"@type":"ImageObject","inLanguage":"es-AR","@id":"https:\/\/ondauno.com.ar\/index.php\/2020\/03\/11\/gonzales-chaves-participo-de-la-3a-jornada-de-desarrollo-territorial\/#primaryimage","url":"","contentUrl":""},{"@type":"BreadcrumbList","@id":"https:\/\/ondauno.com.ar\/index.php\/2020\/03\/11\/gonzales-chaves-participo-de-la-3a-jornada-de-desarrollo-territorial\/#breadcrumb","itemListElement":[{"@type":"ListItem","position":1,"name":"Inicio","item":"https:\/\/ondauno.com.ar\/"},{"@type":"ListItem","position":2,"name":"Gonzales Chaves particip\u00f3 de la 3\u00aa Jornada de Desarrollo Territorial"}]},{"@type":"WebSite","@id":"https:\/\/ondauno.com.ar\/#website","url":"https:\/\/ondauno.com.ar\/","name":"103.9 fm","description":"LA PRIMERA RADIO MULTIMEDIA DE TRES ARROYOS","potentialAction":[{"@type":"SearchAction","target":{"@type":"EntryPoint","urlTemplate":"https:\/\/ondauno.com.ar\/?s={search_term_string}"},"query-input":"required name=search_term_string"}],"inLanguage":"es-AR"},{"@type":"Person","@id":"https:\/\/ondauno.com.ar\/#\/schema\/person\/201d1b68e6c75e0fd396fe5f8af5d139","name":"fernando garcia","image":{"@type":"ImageObject","inLanguage":"es-AR","@id":"https:\/\/ondauno.com.ar\/#\/schema\/person\/image\/","url":"https:\/\/secure.gravatar.com\/avatar\/5f7254642ad81272e79a2e69653cfdfc?s=96&d=mm&r=g","contentUrl":"https:\/\/secure.gravatar.com\/avatar\/5f7254642ad81272e79a2e69653cfdfc?s=96&d=mm&r=g","caption":"fernando garcia"},"url":"https:\/\/ondauno.com.ar\/index.php\/author\/ondaunoeditor\/"}]}},"jetpack_publicize_connections":[],"jetpack_featured_media_url":"","jetpack_sharing_enabled":true,"_links":{"self":[{"href":"https:\/\/ondauno.com.ar\/index.php\/wp-json\/wp\/v2\/posts\/6413","targetHints":{"allow":["GET"]}}],"collection":[{"href":"https:\/\/ondauno.com.ar\/index.php\/wp-json\/wp\/v2\/posts"}],"about":[{"href":"https:\/\/ondauno.com.ar\/index.php\/wp-json\/wp\/v2\/types\/post"}],"author":[{"embeddable":true,"href":"https:\/\/ondauno.com.ar\/index.php\/wp-json\/wp\/v2\/users\/2"}],"replies":[{"embeddable":true,"href":"https:\/\/ondauno.com.ar\/index.php\/wp-json\/wp\/v2\/comments?post=6413"}],"version-history":[{"count":0,"href":"https:\/\/ondauno.com.ar\/index.php\/wp-json\/wp\/v2\/posts\/6413\/revisions"}],"wp:attachment":[{"href":"https:\/\/ondauno.com.ar\/index.php\/wp-json\/wp\/v2\/media?parent=6413"}],"wp:term":[{"taxonomy":"category","embeddable":true,"href":"https:\/\/ondauno.com.ar\/index.php\/wp-json\/wp\/v2\/categories?post=6413"},{"taxonomy":"post_tag","embeddable":true,"href":"https:\/\/ondauno.com.ar\/index.php\/wp-json\/wp\/v2\/tags?post=6413"}],"curies":[{"name":"wp","href":"https:\/\/api.w.org\/{rel}","templated":true}]}}