{"id":63611,"date":"2026-03-16T23:20:39","date_gmt":"2026-03-17T02:20:39","guid":{"rendered":"https:\/\/ondauno.com.ar\/?p=63611"},"modified":"2026-03-16T23:20:46","modified_gmt":"2026-03-17T02:20:46","slug":"nuevos-aires-planteo-dudas-sobre-la-creacion-de-la-sapem-en-tres-arroyos","status":"publish","type":"post","link":"https:\/\/ondauno.com.ar\/index.php\/2026\/03\/16\/nuevos-aires-planteo-dudas-sobre-la-creacion-de-la-sapem-en-tres-arroyos\/","title":{"rendered":"Nuevos Aires plante\u00f3 dudas sobre la creaci\u00f3n de la SAPEM en Tres Arroyos"},"content":{"rendered":"<div class=\"ondau-before-content_3\" style=\"margin-top: -30px;\" id=\"ondau-721362623\"><a href=\"https:\/\/www.lps.com.ar\/\" aria-label=\"la-perse2\"><img loading=\"lazy\" decoding=\"async\" src=\"https:\/\/ondauno.com.ar\/wp-content\/uploads\/2021\/10\/la-perse2.jpg\" alt=\"\"  srcset=\"https:\/\/ondauno.com.ar\/wp-content\/uploads\/2021\/10\/la-perse2.jpg 1353w, https:\/\/ondauno.com.ar\/wp-content\/uploads\/2021\/10\/la-perse2-300x43.jpg 300w, https:\/\/ondauno.com.ar\/wp-content\/uploads\/2021\/10\/la-perse2-1024x148.jpg 1024w, https:\/\/ondauno.com.ar\/wp-content\/uploads\/2021\/10\/la-perse2-768x111.jpg 768w, https:\/\/ondauno.com.ar\/wp-content\/uploads\/2021\/10\/la-perse2-696x100.jpg 696w, https:\/\/ondauno.com.ar\/wp-content\/uploads\/2021\/10\/la-perse2-1068x154.jpg 1068w\" sizes=\"(max-width: 1353px) 100vw, 1353px\" class=\"no-lazyload\" width=\"1353\" height=\"195\"  style=\"display: inline-block;\" \/><\/a><\/div>\n<p>El concejal de Nuevos Aires, Carlos Avila, se refiri\u00f3 a la propuesta de creaci\u00f3n de una SAPEM (Sociedad An\u00f3nima con Participaci\u00f3n Estatal Mayoritaria) en el distrito y se\u00f1al\u00f3 que desde su espacio pol\u00edtico todav\u00eda existen varias dudas sobre el proyecto presentado por el Ejecutivo.<\/p>\n\n\n\n<p>En Cosas que pasan, explic\u00f3 que este tipo de sociedades se conforman con participaci\u00f3n del Estado y del sector privado. \u201cPara crear una SAPEM el m\u00ednimo es que el 51% sea del Estado y el 49% privado\u201d, indic\u00f3.<\/p>\n\n\n\n<p>Avila se\u00f1al\u00f3 que, si bien han estado analizando experiencias de otros municipios que cuentan con este sistema, consideran que a\u00fan falta informaci\u00f3n para poder evaluar correctamente su implementaci\u00f3n. \u201cDesde Nuevos Aires hemos trabajado mucho el tema, incluso hablando con municipios que tienen SAPEM, pero vemos que el proyecto tiene muy poca informaci\u00f3n\u201d, afirm\u00f3.<\/p>\n\n\n\n<p>En ese sentido plante\u00f3 algunas de las inquietudes que surgieron durante el an\u00e1lisis del proyecto. \u201cHay muchas dudas: c\u00f3mo se va a financiar, c\u00f3mo se va a estructurar, qu\u00e9 pasar\u00e1 con los trabajadores municipales o c\u00f3mo impactar\u00e1 en el costo de los servicios\u201d, expres\u00f3.<\/p>\n\n\n\n<p>Adem\u00e1s el concejal remarc\u00f3 que tambi\u00e9n existe incertidumbre respecto al inter\u00e9s que podr\u00eda tener el sector privado en participar. \u201cHay servicios que el propio municipio reconoce que hoy son deficitarios, entonces uno se pregunta qu\u00e9 particular estar\u00eda dispuesto a invertir en algo as\u00ed\u201d, sostuvo.<\/p>\n\n\n\n<p>Indic\u00f3 en este sentido que contin\u00faan analizando el tema y recopilando informaci\u00f3n para poder fijar una postura m\u00e1s clara en el futuro. \u201cEn mi caso tengo alrededor de 40 dudas que estamos tratando de ir aclarando en el camino\u201d, concluy\u00f3.<\/p>\n\n\n\n<p>Pod\u00e9s escuchar la nota completa en el siguiente link:<\/p>\n\n\n\n<figure class=\"wp-block-embed is-type-video is-provider-youtube wp-block-embed-youtube wp-embed-aspect-16-9 wp-has-aspect-ratio\"><div class=\"wp-block-embed__wrapper\">\n<iframe loading=\"lazy\" title=\"Onda Uno 103.9 en vivo\" width=\"696\" height=\"392\" data-src=\"https:\/\/www.youtube.com\/embed\/Z-R0RvIF-YY?start=716&#038;feature=oembed\" frameborder=\"0\" allow=\"accelerometer; autoplay; clipboard-write; encrypted-media; gyroscope; picture-in-picture; web-share\" referrerpolicy=\"strict-origin-when-cross-origin\" allowfullscreen src=\"data:image\/gif;base64,R0lGODlhAQABAAAAACH5BAEKAAEALAAAAAABAAEAAAICTAEAOw==\" class=\"lazyload\" data-load-mode=\"1\"><\/iframe>\n<\/div><\/figure>\n","protected":false},"excerpt":{"rendered":"<p>El concejal de Nuevos Aires, Carlos Avila, se refiri\u00f3 a la propuesta de creaci\u00f3n de una SAPEM (Sociedad An\u00f3nima con Participaci\u00f3n Estatal Mayoritaria) en el distrito y se\u00f1al\u00f3 que desde su espacio pol\u00edtico todav\u00eda existen varias dudas sobre el proyecto presentado por el Ejecutivo. En Cosas que pasan, explic\u00f3 que este tipo de sociedades se [&hellip;]<\/p>\n","protected":false},"author":1,"featured_media":63613,"comment_status":"open","ping_status":"open","sticky":false,"template":"","format":"standard","meta":{"tdm_status":"","tdm_grid_status":"","_jetpack_memberships_contains_paid_content":false,"footnotes":"","jetpack_publicize_message":"","jetpack_publicize_feature_enabled":true,"jetpack_social_post_already_shared":true,"jetpack_social_options":{"image_generator_settings":{"template":"highway","default_image_id":0,"font":"","enabled":false},"version":2}},"categories":[2],"tags":[],"class_list":{"0":"post-63611","1":"post","2":"type-post","3":"status-publish","4":"format-standard","5":"has-post-thumbnail","7":"category-locales"},"yoast_head":"<!-- This site is optimized with the Yoast SEO plugin v22.7 - https:\/\/yoast.com\/wordpress\/plugins\/seo\/ -->\n<title>Nuevos Aires plante\u00f3 dudas sobre la creaci\u00f3n de la SAPEM en Tres Arroyos - 103.9 fm<\/title>\n<meta name=\"robots\" content=\"index, follow, max-snippet:-1, max-image-preview:large, max-video-preview:-1\" \/>\n<link rel=\"canonical\" href=\"https:\/\/ondauno.com.ar\/index.php\/2026\/03\/16\/nuevos-aires-planteo-dudas-sobre-la-creacion-de-la-sapem-en-tres-arroyos\/\" \/>\n<meta property=\"og:locale\" content=\"es_ES\" \/>\n<meta property=\"og:type\" content=\"article\" \/>\n<meta property=\"og:title\" content=\"Nuevos Aires plante\u00f3 dudas sobre la creaci\u00f3n de la SAPEM en Tres Arroyos - 103.9 fm\" \/>\n<meta property=\"og:description\" content=\"El concejal de Nuevos Aires, Carlos Avila, se refiri\u00f3 a la propuesta de creaci\u00f3n de una SAPEM (Sociedad An\u00f3nima con Participaci\u00f3n Estatal Mayoritaria) en el distrito y se\u00f1al\u00f3 que desde su espacio pol\u00edtico todav\u00eda existen varias dudas sobre el proyecto presentado por el Ejecutivo. En Cosas que pasan, explic\u00f3 que este tipo de sociedades se [&hellip;]\" \/>\n<meta property=\"og:url\" content=\"https:\/\/ondauno.com.ar\/index.php\/2026\/03\/16\/nuevos-aires-planteo-dudas-sobre-la-creacion-de-la-sapem-en-tres-arroyos\/\" \/>\n<meta property=\"og:site_name\" content=\"103.9 fm\" \/>\n<meta property=\"article:publisher\" content=\"https:\/\/www.facebook.com\/ondauno103.9\" \/>\n<meta property=\"article:published_time\" content=\"2026-03-17T02:20:39+00:00\" \/>\n<meta property=\"article:modified_time\" content=\"2026-03-17T02:20:46+00:00\" \/>\n<meta property=\"og:image\" content=\"http:\/\/ondauno.com.ar\/wp-content\/uploads\/2026\/03\/ChatGPT-Image-16-mar-2026-23_19_51-1024x683.png\" \/>\n\t<meta property=\"og:image:width\" content=\"1024\" \/>\n\t<meta property=\"og:image:height\" content=\"683\" \/>\n\t<meta property=\"og:image:type\" content=\"image\/png\" \/>\n<meta name=\"author\" content=\"OndaUno\" \/>\n<meta name=\"twitter:card\" content=\"summary_large_image\" \/>\n<meta name=\"twitter:label1\" content=\"Escrito por\" \/>\n\t<meta name=\"twitter:data1\" content=\"OndaUno\" \/>\n\t<meta name=\"twitter:label2\" content=\"Tiempo de lectura\" \/>\n\t<meta name=\"twitter:data2\" content=\"2 minutos\" \/>\n<script type=\"application\/ld+json\" class=\"yoast-schema-graph\">{\"@context\":\"https:\/\/schema.org\",\"@graph\":[{\"@type\":\"WebPage\",\"@id\":\"https:\/\/ondauno.com.ar\/index.php\/2026\/03\/16\/nuevos-aires-planteo-dudas-sobre-la-creacion-de-la-sapem-en-tres-arroyos\/\",\"url\":\"https:\/\/ondauno.com.ar\/index.php\/2026\/03\/16\/nuevos-aires-planteo-dudas-sobre-la-creacion-de-la-sapem-en-tres-arroyos\/\",\"name\":\"Nuevos Aires plante\u00f3 dudas sobre la creaci\u00f3n de la SAPEM en Tres Arroyos - 103.9 fm\",\"isPartOf\":{\"@id\":\"https:\/\/ondauno.com.ar\/#website\"},\"primaryImageOfPage\":{\"@id\":\"https:\/\/ondauno.com.ar\/index.php\/2026\/03\/16\/nuevos-aires-planteo-dudas-sobre-la-creacion-de-la-sapem-en-tres-arroyos\/#primaryimage\"},\"image\":{\"@id\":\"https:\/\/ondauno.com.ar\/index.php\/2026\/03\/16\/nuevos-aires-planteo-dudas-sobre-la-creacion-de-la-sapem-en-tres-arroyos\/#primaryimage\"},\"thumbnailUrl\":\"https:\/\/ondauno.com.ar\/wp-content\/uploads\/2026\/03\/ChatGPT-Image-16-mar-2026-23_19_51.png\",\"datePublished\":\"2026-03-17T02:20:39+00:00\",\"dateModified\":\"2026-03-17T02:20:46+00:00\",\"author\":{\"@id\":\"https:\/\/ondauno.com.ar\/#\/schema\/person\/7ec851ddeceb4133d7d7132dc645714e\"},\"breadcrumb\":{\"@id\":\"https:\/\/ondauno.com.ar\/index.php\/2026\/03\/16\/nuevos-aires-planteo-dudas-sobre-la-creacion-de-la-sapem-en-tres-arroyos\/#breadcrumb\"},\"inLanguage\":\"es-AR\",\"potentialAction\":[{\"@type\":\"ReadAction\",\"target\":[\"https:\/\/ondauno.com.ar\/index.php\/2026\/03\/16\/nuevos-aires-planteo-dudas-sobre-la-creacion-de-la-sapem-en-tres-arroyos\/\"]}]},{\"@type\":\"ImageObject\",\"inLanguage\":\"es-AR\",\"@id\":\"https:\/\/ondauno.com.ar\/index.php\/2026\/03\/16\/nuevos-aires-planteo-dudas-sobre-la-creacion-de-la-sapem-en-tres-arroyos\/#primaryimage\",\"url\":\"https:\/\/ondauno.com.ar\/wp-content\/uploads\/2026\/03\/ChatGPT-Image-16-mar-2026-23_19_51.png\",\"contentUrl\":\"https:\/\/ondauno.com.ar\/wp-content\/uploads\/2026\/03\/ChatGPT-Image-16-mar-2026-23_19_51.png\",\"width\":1536,\"height\":1024},{\"@type\":\"BreadcrumbList\",\"@id\":\"https:\/\/ondauno.com.ar\/index.php\/2026\/03\/16\/nuevos-aires-planteo-dudas-sobre-la-creacion-de-la-sapem-en-tres-arroyos\/#breadcrumb\",\"itemListElement\":[{\"@type\":\"ListItem\",\"position\":1,\"name\":\"Inicio\",\"item\":\"https:\/\/ondauno.com.ar\/\"},{\"@type\":\"ListItem\",\"position\":2,\"name\":\"Nuevos Aires plante\u00f3 dudas sobre la creaci\u00f3n de la SAPEM en Tres Arroyos\"}]},{\"@type\":\"WebSite\",\"@id\":\"https:\/\/ondauno.com.ar\/#website\",\"url\":\"https:\/\/ondauno.com.ar\/\",\"name\":\"103.9 fm\",\"description\":\"LA PRIMERA RADIO MULTIMEDIA DE TRES ARROYOS\",\"potentialAction\":[{\"@type\":\"SearchAction\",\"target\":{\"@type\":\"EntryPoint\",\"urlTemplate\":\"https:\/\/ondauno.com.ar\/?s={search_term_string}\"},\"query-input\":\"required name=search_term_string\"}],\"inLanguage\":\"es-AR\"},{\"@type\":\"Person\",\"@id\":\"https:\/\/ondauno.com.ar\/#\/schema\/person\/7ec851ddeceb4133d7d7132dc645714e\",\"name\":\"OndaUno\",\"image\":{\"@type\":\"ImageObject\",\"inLanguage\":\"es-AR\",\"@id\":\"https:\/\/ondauno.com.ar\/#\/schema\/person\/image\/\",\"url\":\"https:\/\/secure.gravatar.com\/avatar\/93b8009f0de7021f1feb2bd5b32fb9e8?s=96&d=mm&r=g\",\"contentUrl\":\"https:\/\/secure.gravatar.com\/avatar\/93b8009f0de7021f1feb2bd5b32fb9e8?s=96&d=mm&r=g\",\"caption\":\"OndaUno\"},\"url\":\"https:\/\/ondauno.com.ar\/index.php\/author\/ondauno\/\"}]}<\/script>\n<!-- \/ Yoast SEO plugin. -->","yoast_head_json":{"title":"Nuevos Aires plante\u00f3 dudas sobre la creaci\u00f3n de la SAPEM en Tres Arroyos - 103.9 fm","robots":{"index":"index","follow":"follow","max-snippet":"max-snippet:-1","max-image-preview":"max-image-preview:large","max-video-preview":"max-video-preview:-1"},"canonical":"https:\/\/ondauno.com.ar\/index.php\/2026\/03\/16\/nuevos-aires-planteo-dudas-sobre-la-creacion-de-la-sapem-en-tres-arroyos\/","og_locale":"es_ES","og_type":"article","og_title":"Nuevos Aires plante\u00f3 dudas sobre la creaci\u00f3n de la SAPEM en Tres Arroyos - 103.9 fm","og_description":"El concejal de Nuevos Aires, Carlos Avila, se refiri\u00f3 a la propuesta de creaci\u00f3n de una SAPEM (Sociedad An\u00f3nima con Participaci\u00f3n Estatal Mayoritaria) en el distrito y se\u00f1al\u00f3 que desde su espacio pol\u00edtico todav\u00eda existen varias dudas sobre el proyecto presentado por el Ejecutivo. En Cosas que pasan, explic\u00f3 que este tipo de sociedades se [&hellip;]","og_url":"https:\/\/ondauno.com.ar\/index.php\/2026\/03\/16\/nuevos-aires-planteo-dudas-sobre-la-creacion-de-la-sapem-en-tres-arroyos\/","og_site_name":"103.9 fm","article_publisher":"https:\/\/www.facebook.com\/ondauno103.9","article_published_time":"2026-03-17T02:20:39+00:00","article_modified_time":"2026-03-17T02:20:46+00:00","og_image":[{"width":1024,"height":683,"url":"http:\/\/ondauno.com.ar\/wp-content\/uploads\/2026\/03\/ChatGPT-Image-16-mar-2026-23_19_51-1024x683.png","type":"image\/png"}],"author":"OndaUno","twitter_card":"summary_large_image","twitter_misc":{"Escrito por":"OndaUno","Tiempo de lectura":"2 minutos"},"schema":{"@context":"https:\/\/schema.org","@graph":[{"@type":"WebPage","@id":"https:\/\/ondauno.com.ar\/index.php\/2026\/03\/16\/nuevos-aires-planteo-dudas-sobre-la-creacion-de-la-sapem-en-tres-arroyos\/","url":"https:\/\/ondauno.com.ar\/index.php\/2026\/03\/16\/nuevos-aires-planteo-dudas-sobre-la-creacion-de-la-sapem-en-tres-arroyos\/","name":"Nuevos Aires plante\u00f3 dudas sobre la creaci\u00f3n de la SAPEM en Tres Arroyos - 103.9 fm","isPartOf":{"@id":"https:\/\/ondauno.com.ar\/#website"},"primaryImageOfPage":{"@id":"https:\/\/ondauno.com.ar\/index.php\/2026\/03\/16\/nuevos-aires-planteo-dudas-sobre-la-creacion-de-la-sapem-en-tres-arroyos\/#primaryimage"},"image":{"@id":"https:\/\/ondauno.com.ar\/index.php\/2026\/03\/16\/nuevos-aires-planteo-dudas-sobre-la-creacion-de-la-sapem-en-tres-arroyos\/#primaryimage"},"thumbnailUrl":"https:\/\/ondauno.com.ar\/wp-content\/uploads\/2026\/03\/ChatGPT-Image-16-mar-2026-23_19_51.png","datePublished":"2026-03-17T02:20:39+00:00","dateModified":"2026-03-17T02:20:46+00:00","author":{"@id":"https:\/\/ondauno.com.ar\/#\/schema\/person\/7ec851ddeceb4133d7d7132dc645714e"},"breadcrumb":{"@id":"https:\/\/ondauno.com.ar\/index.php\/2026\/03\/16\/nuevos-aires-planteo-dudas-sobre-la-creacion-de-la-sapem-en-tres-arroyos\/#breadcrumb"},"inLanguage":"es-AR","potentialAction":[{"@type":"ReadAction","target":["https:\/\/ondauno.com.ar\/index.php\/2026\/03\/16\/nuevos-aires-planteo-dudas-sobre-la-creacion-de-la-sapem-en-tres-arroyos\/"]}]},{"@type":"ImageObject","inLanguage":"es-AR","@id":"https:\/\/ondauno.com.ar\/index.php\/2026\/03\/16\/nuevos-aires-planteo-dudas-sobre-la-creacion-de-la-sapem-en-tres-arroyos\/#primaryimage","url":"https:\/\/ondauno.com.ar\/wp-content\/uploads\/2026\/03\/ChatGPT-Image-16-mar-2026-23_19_51.png","contentUrl":"https:\/\/ondauno.com.ar\/wp-content\/uploads\/2026\/03\/ChatGPT-Image-16-mar-2026-23_19_51.png","width":1536,"height":1024},{"@type":"BreadcrumbList","@id":"https:\/\/ondauno.com.ar\/index.php\/2026\/03\/16\/nuevos-aires-planteo-dudas-sobre-la-creacion-de-la-sapem-en-tres-arroyos\/#breadcrumb","itemListElement":[{"@type":"ListItem","position":1,"name":"Inicio","item":"https:\/\/ondauno.com.ar\/"},{"@type":"ListItem","position":2,"name":"Nuevos Aires plante\u00f3 dudas sobre la creaci\u00f3n de la SAPEM en Tres Arroyos"}]},{"@type":"WebSite","@id":"https:\/\/ondauno.com.ar\/#website","url":"https:\/\/ondauno.com.ar\/","name":"103.9 fm","description":"LA PRIMERA RADIO MULTIMEDIA DE TRES ARROYOS","potentialAction":[{"@type":"SearchAction","target":{"@type":"EntryPoint","urlTemplate":"https:\/\/ondauno.com.ar\/?s={search_term_string}"},"query-input":"required name=search_term_string"}],"inLanguage":"es-AR"},{"@type":"Person","@id":"https:\/\/ondauno.com.ar\/#\/schema\/person\/7ec851ddeceb4133d7d7132dc645714e","name":"OndaUno","image":{"@type":"ImageObject","inLanguage":"es-AR","@id":"https:\/\/ondauno.com.ar\/#\/schema\/person\/image\/","url":"https:\/\/secure.gravatar.com\/avatar\/93b8009f0de7021f1feb2bd5b32fb9e8?s=96&d=mm&r=g","contentUrl":"https:\/\/secure.gravatar.com\/avatar\/93b8009f0de7021f1feb2bd5b32fb9e8?s=96&d=mm&r=g","caption":"OndaUno"},"url":"https:\/\/ondauno.com.ar\/index.php\/author\/ondauno\/"}]}},"jetpack_publicize_connections":[],"jetpack_featured_media_url":"https:\/\/ondauno.com.ar\/wp-content\/uploads\/2026\/03\/ChatGPT-Image-16-mar-2026-23_19_51.png","jetpack_sharing_enabled":true,"_links":{"self":[{"href":"https:\/\/ondauno.com.ar\/index.php\/wp-json\/wp\/v2\/posts\/63611","targetHints":{"allow":["GET"]}}],"collection":[{"href":"https:\/\/ondauno.com.ar\/index.php\/wp-json\/wp\/v2\/posts"}],"about":[{"href":"https:\/\/ondauno.com.ar\/index.php\/wp-json\/wp\/v2\/types\/post"}],"author":[{"embeddable":true,"href":"https:\/\/ondauno.com.ar\/index.php\/wp-json\/wp\/v2\/users\/1"}],"replies":[{"embeddable":true,"href":"https:\/\/ondauno.com.ar\/index.php\/wp-json\/wp\/v2\/comments?post=63611"}],"version-history":[{"count":1,"href":"https:\/\/ondauno.com.ar\/index.php\/wp-json\/wp\/v2\/posts\/63611\/revisions"}],"predecessor-version":[{"id":63614,"href":"https:\/\/ondauno.com.ar\/index.php\/wp-json\/wp\/v2\/posts\/63611\/revisions\/63614"}],"wp:featuredmedia":[{"embeddable":true,"href":"https:\/\/ondauno.com.ar\/index.php\/wp-json\/wp\/v2\/media\/63613"}],"wp:attachment":[{"href":"https:\/\/ondauno.com.ar\/index.php\/wp-json\/wp\/v2\/media?parent=63611"}],"wp:term":[{"taxonomy":"category","embeddable":true,"href":"https:\/\/ondauno.com.ar\/index.php\/wp-json\/wp\/v2\/categories?post=63611"},{"taxonomy":"post_tag","embeddable":true,"href":"https:\/\/ondauno.com.ar\/index.php\/wp-json\/wp\/v2\/tags?post=63611"}],"curies":[{"name":"wp","href":"https:\/\/api.w.org\/{rel}","templated":true}]}}