{"id":63607,"date":"2026-03-16T13:50:27","date_gmt":"2026-03-16T16:50:27","guid":{"rendered":"https:\/\/ondauno.com.ar\/?p=63607"},"modified":"2026-03-16T13:50:31","modified_gmt":"2026-03-16T16:50:31","slug":"en-abril-llega-una-nueva-edicion-de-corre-por-el-hospi","status":"publish","type":"post","link":"https:\/\/ondauno.com.ar\/index.php\/2026\/03\/16\/en-abril-llega-una-nueva-edicion-de-corre-por-el-hospi\/","title":{"rendered":"En Abril llega una nueva edici\u00f3n de Corr\u00e9 por el Hospi"},"content":{"rendered":"<div class=\"ondau-before-content_3\" style=\"margin-top: -30px;\" id=\"ondau-3478745799\"><a href=\"https:\/\/www.lps.com.ar\/\" aria-label=\"la-perse2\"><img loading=\"lazy\" decoding=\"async\" src=\"https:\/\/ondauno.com.ar\/wp-content\/uploads\/2021\/10\/la-perse2.jpg\" alt=\"\"  srcset=\"https:\/\/ondauno.com.ar\/wp-content\/uploads\/2021\/10\/la-perse2.jpg 1353w, https:\/\/ondauno.com.ar\/wp-content\/uploads\/2021\/10\/la-perse2-300x43.jpg 300w, https:\/\/ondauno.com.ar\/wp-content\/uploads\/2021\/10\/la-perse2-1024x148.jpg 1024w, https:\/\/ondauno.com.ar\/wp-content\/uploads\/2021\/10\/la-perse2-768x111.jpg 768w, https:\/\/ondauno.com.ar\/wp-content\/uploads\/2021\/10\/la-perse2-696x100.jpg 696w, https:\/\/ondauno.com.ar\/wp-content\/uploads\/2021\/10\/la-perse2-1068x154.jpg 1068w\" sizes=\"(max-width: 1353px) 100vw, 1353px\" class=\"no-lazyload\" width=\"1353\" height=\"195\"  style=\"display: inline-block;\" \/><\/a><\/div>\n<p>El pr\u00f3ximo 26 de abril a las 11 horas se realizar\u00e1 una carrera solidaria con largada prevista en el Polideportivo Municipal, aunque la organizaci\u00f3n eval\u00faa trasladar el punto de partida al centro de la ciudad si se coordina con los festejos por el aniversario de Tres Arroyos.<\/p>\n\n\n\n<p>El circuito ser\u00e1 recorriendo las cuatro avenidas principales y habr\u00e1 distintas modalidades: 2 kil\u00f3metros para caminantes y 4 u 8 kil\u00f3metros para corredores, pensado tanto para atletas experimentados como para quienes quieran participar de manera recreativa.<\/p>\n\n\n\n<p>En esta edici\u00f3n, lo recaudado ser\u00e1 destinado a la reparaci\u00f3n del mam\u00f3grafo del Hospital Pirovano, una intervenci\u00f3n que supera los 30.000 d\u00f3lares. Desde la organizaci\u00f3n recordaron que el a\u00f1o pasado, gracias a esta iniciativa solidaria, se pudieron adquirir 12 camas de \u00faltima generaci\u00f3n con sus colchones para mejorar el \u00e1rea de internaci\u00f3n.<\/p>\n\n\n\n<p>Las inscripciones ya se encuentran abiertas y pueden realizarse de forma virtual a trav\u00e9s del Instagram de la Direcci\u00f3n de Deportes o de manera presencial en el Polideportivo. Los primeros 100 inscriptos pagos recibir\u00e1n la remera oficial del evento.<\/p>\n\n\n\n<p>El valor de inscripci\u00f3n ser\u00e1 de 30.000 pesos hasta el 31 de marzo, 38.000 hasta el 18 de abril y 45.000 pesos hasta el d\u00eda de la carrera. Adem\u00e1s, quienes no deseen participar podr\u00e1n colaborar con un bono solidario de 10.000 pesos para acompa\u00f1ar la iniciativa.<\/p>\n\n\n\n<p>Link de inscripci\u00f3n a la carrera solidaria:<\/p>\n\n\n\n<p><a href=\"https:\/\/forms.gle\/k9vnvKM4NDfSvGxQ9\">https:\/\/forms.gle\/k9vnvKM4NDfSvGxQ9<\/a><\/p>\n","protected":false},"excerpt":{"rendered":"<p>El pr\u00f3ximo 26 de abril a las 11 horas se realizar\u00e1 una carrera solidaria con largada prevista en el Polideportivo Municipal, aunque la organizaci\u00f3n eval\u00faa trasladar el punto de partida al centro de la ciudad si se coordina con los festejos por el aniversario de Tres Arroyos. El circuito ser\u00e1 recorriendo las cuatro avenidas principales [&hellip;]<\/p>\n","protected":false},"author":1,"featured_media":63608,"comment_status":"open","ping_status":"open","sticky":false,"template":"","format":"standard","meta":{"tdm_status":"","tdm_grid_status":"","_jetpack_memberships_contains_paid_content":false,"footnotes":"","jetpack_publicize_message":"","jetpack_publicize_feature_enabled":true,"jetpack_social_post_already_shared":true,"jetpack_social_options":{"image_generator_settings":{"template":"highway","default_image_id":0,"font":"","enabled":false},"version":2}},"categories":[37],"tags":[],"class_list":{"0":"post-63607","1":"post","2":"type-post","3":"status-publish","4":"format-standard","5":"has-post-thumbnail","7":"category-deportes"},"yoast_head":"<!-- This site is optimized with the Yoast SEO plugin v22.7 - https:\/\/yoast.com\/wordpress\/plugins\/seo\/ -->\n<title>En Abril llega una nueva edici\u00f3n de Corr\u00e9 por el Hospi - 103.9 fm<\/title>\n<meta name=\"robots\" content=\"index, follow, max-snippet:-1, max-image-preview:large, max-video-preview:-1\" \/>\n<link rel=\"canonical\" href=\"https:\/\/ondauno.com.ar\/index.php\/2026\/03\/16\/en-abril-llega-una-nueva-edicion-de-corre-por-el-hospi\/\" \/>\n<meta property=\"og:locale\" content=\"es_ES\" \/>\n<meta property=\"og:type\" content=\"article\" \/>\n<meta property=\"og:title\" content=\"En Abril llega una nueva edici\u00f3n de Corr\u00e9 por el Hospi - 103.9 fm\" \/>\n<meta property=\"og:description\" content=\"El pr\u00f3ximo 26 de abril a las 11 horas se realizar\u00e1 una carrera solidaria con largada prevista en el Polideportivo Municipal, aunque la organizaci\u00f3n eval\u00faa trasladar el punto de partida al centro de la ciudad si se coordina con los festejos por el aniversario de Tres Arroyos. El circuito ser\u00e1 recorriendo las cuatro avenidas principales [&hellip;]\" \/>\n<meta property=\"og:url\" content=\"https:\/\/ondauno.com.ar\/index.php\/2026\/03\/16\/en-abril-llega-una-nueva-edicion-de-corre-por-el-hospi\/\" \/>\n<meta property=\"og:site_name\" content=\"103.9 fm\" \/>\n<meta property=\"article:publisher\" content=\"https:\/\/www.facebook.com\/ondauno103.9\" \/>\n<meta property=\"article:published_time\" content=\"2026-03-16T16:50:27+00:00\" \/>\n<meta property=\"article:modified_time\" content=\"2026-03-16T16:50:31+00:00\" \/>\n<meta property=\"og:image\" content=\"http:\/\/ondauno.com.ar\/wp-content\/uploads\/2026\/03\/WhatsApp-Image-2026-03-16-at-13.25.38.jpeg\" \/>\n\t<meta property=\"og:image:width\" content=\"1600\" \/>\n\t<meta property=\"og:image:height\" content=\"1200\" \/>\n\t<meta property=\"og:image:type\" content=\"image\/jpeg\" \/>\n<meta name=\"author\" content=\"OndaUno\" \/>\n<meta name=\"twitter:card\" content=\"summary_large_image\" \/>\n<meta name=\"twitter:label1\" content=\"Escrito por\" \/>\n\t<meta name=\"twitter:data1\" content=\"OndaUno\" \/>\n\t<meta name=\"twitter:label2\" content=\"Tiempo de lectura\" \/>\n\t<meta name=\"twitter:data2\" content=\"2 minutos\" \/>\n<script type=\"application\/ld+json\" class=\"yoast-schema-graph\">{\"@context\":\"https:\/\/schema.org\",\"@graph\":[{\"@type\":\"WebPage\",\"@id\":\"https:\/\/ondauno.com.ar\/index.php\/2026\/03\/16\/en-abril-llega-una-nueva-edicion-de-corre-por-el-hospi\/\",\"url\":\"https:\/\/ondauno.com.ar\/index.php\/2026\/03\/16\/en-abril-llega-una-nueva-edicion-de-corre-por-el-hospi\/\",\"name\":\"En Abril llega una nueva edici\u00f3n de Corr\u00e9 por el Hospi - 103.9 fm\",\"isPartOf\":{\"@id\":\"https:\/\/ondauno.com.ar\/#website\"},\"primaryImageOfPage\":{\"@id\":\"https:\/\/ondauno.com.ar\/index.php\/2026\/03\/16\/en-abril-llega-una-nueva-edicion-de-corre-por-el-hospi\/#primaryimage\"},\"image\":{\"@id\":\"https:\/\/ondauno.com.ar\/index.php\/2026\/03\/16\/en-abril-llega-una-nueva-edicion-de-corre-por-el-hospi\/#primaryimage\"},\"thumbnailUrl\":\"https:\/\/ondauno.com.ar\/wp-content\/uploads\/2026\/03\/WhatsApp-Image-2026-03-16-at-13.25.38.jpeg\",\"datePublished\":\"2026-03-16T16:50:27+00:00\",\"dateModified\":\"2026-03-16T16:50:31+00:00\",\"author\":{\"@id\":\"https:\/\/ondauno.com.ar\/#\/schema\/person\/7ec851ddeceb4133d7d7132dc645714e\"},\"breadcrumb\":{\"@id\":\"https:\/\/ondauno.com.ar\/index.php\/2026\/03\/16\/en-abril-llega-una-nueva-edicion-de-corre-por-el-hospi\/#breadcrumb\"},\"inLanguage\":\"es-AR\",\"potentialAction\":[{\"@type\":\"ReadAction\",\"target\":[\"https:\/\/ondauno.com.ar\/index.php\/2026\/03\/16\/en-abril-llega-una-nueva-edicion-de-corre-por-el-hospi\/\"]}]},{\"@type\":\"ImageObject\",\"inLanguage\":\"es-AR\",\"@id\":\"https:\/\/ondauno.com.ar\/index.php\/2026\/03\/16\/en-abril-llega-una-nueva-edicion-de-corre-por-el-hospi\/#primaryimage\",\"url\":\"https:\/\/ondauno.com.ar\/wp-content\/uploads\/2026\/03\/WhatsApp-Image-2026-03-16-at-13.25.38.jpeg\",\"contentUrl\":\"https:\/\/ondauno.com.ar\/wp-content\/uploads\/2026\/03\/WhatsApp-Image-2026-03-16-at-13.25.38.jpeg\",\"width\":1600,\"height\":1200},{\"@type\":\"BreadcrumbList\",\"@id\":\"https:\/\/ondauno.com.ar\/index.php\/2026\/03\/16\/en-abril-llega-una-nueva-edicion-de-corre-por-el-hospi\/#breadcrumb\",\"itemListElement\":[{\"@type\":\"ListItem\",\"position\":1,\"name\":\"Inicio\",\"item\":\"https:\/\/ondauno.com.ar\/\"},{\"@type\":\"ListItem\",\"position\":2,\"name\":\"En Abril llega una nueva edici\u00f3n de Corr\u00e9 por el Hospi\"}]},{\"@type\":\"WebSite\",\"@id\":\"https:\/\/ondauno.com.ar\/#website\",\"url\":\"https:\/\/ondauno.com.ar\/\",\"name\":\"103.9 fm\",\"description\":\"LA PRIMERA RADIO MULTIMEDIA DE TRES ARROYOS\",\"potentialAction\":[{\"@type\":\"SearchAction\",\"target\":{\"@type\":\"EntryPoint\",\"urlTemplate\":\"https:\/\/ondauno.com.ar\/?s={search_term_string}\"},\"query-input\":\"required name=search_term_string\"}],\"inLanguage\":\"es-AR\"},{\"@type\":\"Person\",\"@id\":\"https:\/\/ondauno.com.ar\/#\/schema\/person\/7ec851ddeceb4133d7d7132dc645714e\",\"name\":\"OndaUno\",\"image\":{\"@type\":\"ImageObject\",\"inLanguage\":\"es-AR\",\"@id\":\"https:\/\/ondauno.com.ar\/#\/schema\/person\/image\/\",\"url\":\"https:\/\/secure.gravatar.com\/avatar\/93b8009f0de7021f1feb2bd5b32fb9e8?s=96&d=mm&r=g\",\"contentUrl\":\"https:\/\/secure.gravatar.com\/avatar\/93b8009f0de7021f1feb2bd5b32fb9e8?s=96&d=mm&r=g\",\"caption\":\"OndaUno\"},\"url\":\"https:\/\/ondauno.com.ar\/index.php\/author\/ondauno\/\"}]}<\/script>\n<!-- \/ Yoast SEO plugin. -->","yoast_head_json":{"title":"En Abril llega una nueva edici\u00f3n de Corr\u00e9 por el Hospi - 103.9 fm","robots":{"index":"index","follow":"follow","max-snippet":"max-snippet:-1","max-image-preview":"max-image-preview:large","max-video-preview":"max-video-preview:-1"},"canonical":"https:\/\/ondauno.com.ar\/index.php\/2026\/03\/16\/en-abril-llega-una-nueva-edicion-de-corre-por-el-hospi\/","og_locale":"es_ES","og_type":"article","og_title":"En Abril llega una nueva edici\u00f3n de Corr\u00e9 por el Hospi - 103.9 fm","og_description":"El pr\u00f3ximo 26 de abril a las 11 horas se realizar\u00e1 una carrera solidaria con largada prevista en el Polideportivo Municipal, aunque la organizaci\u00f3n eval\u00faa trasladar el punto de partida al centro de la ciudad si se coordina con los festejos por el aniversario de Tres Arroyos. El circuito ser\u00e1 recorriendo las cuatro avenidas principales [&hellip;]","og_url":"https:\/\/ondauno.com.ar\/index.php\/2026\/03\/16\/en-abril-llega-una-nueva-edicion-de-corre-por-el-hospi\/","og_site_name":"103.9 fm","article_publisher":"https:\/\/www.facebook.com\/ondauno103.9","article_published_time":"2026-03-16T16:50:27+00:00","article_modified_time":"2026-03-16T16:50:31+00:00","og_image":[{"width":1600,"height":1200,"url":"http:\/\/ondauno.com.ar\/wp-content\/uploads\/2026\/03\/WhatsApp-Image-2026-03-16-at-13.25.38.jpeg","type":"image\/jpeg"}],"author":"OndaUno","twitter_card":"summary_large_image","twitter_misc":{"Escrito por":"OndaUno","Tiempo de lectura":"2 minutos"},"schema":{"@context":"https:\/\/schema.org","@graph":[{"@type":"WebPage","@id":"https:\/\/ondauno.com.ar\/index.php\/2026\/03\/16\/en-abril-llega-una-nueva-edicion-de-corre-por-el-hospi\/","url":"https:\/\/ondauno.com.ar\/index.php\/2026\/03\/16\/en-abril-llega-una-nueva-edicion-de-corre-por-el-hospi\/","name":"En Abril llega una nueva edici\u00f3n de Corr\u00e9 por el Hospi - 103.9 fm","isPartOf":{"@id":"https:\/\/ondauno.com.ar\/#website"},"primaryImageOfPage":{"@id":"https:\/\/ondauno.com.ar\/index.php\/2026\/03\/16\/en-abril-llega-una-nueva-edicion-de-corre-por-el-hospi\/#primaryimage"},"image":{"@id":"https:\/\/ondauno.com.ar\/index.php\/2026\/03\/16\/en-abril-llega-una-nueva-edicion-de-corre-por-el-hospi\/#primaryimage"},"thumbnailUrl":"https:\/\/ondauno.com.ar\/wp-content\/uploads\/2026\/03\/WhatsApp-Image-2026-03-16-at-13.25.38.jpeg","datePublished":"2026-03-16T16:50:27+00:00","dateModified":"2026-03-16T16:50:31+00:00","author":{"@id":"https:\/\/ondauno.com.ar\/#\/schema\/person\/7ec851ddeceb4133d7d7132dc645714e"},"breadcrumb":{"@id":"https:\/\/ondauno.com.ar\/index.php\/2026\/03\/16\/en-abril-llega-una-nueva-edicion-de-corre-por-el-hospi\/#breadcrumb"},"inLanguage":"es-AR","potentialAction":[{"@type":"ReadAction","target":["https:\/\/ondauno.com.ar\/index.php\/2026\/03\/16\/en-abril-llega-una-nueva-edicion-de-corre-por-el-hospi\/"]}]},{"@type":"ImageObject","inLanguage":"es-AR","@id":"https:\/\/ondauno.com.ar\/index.php\/2026\/03\/16\/en-abril-llega-una-nueva-edicion-de-corre-por-el-hospi\/#primaryimage","url":"https:\/\/ondauno.com.ar\/wp-content\/uploads\/2026\/03\/WhatsApp-Image-2026-03-16-at-13.25.38.jpeg","contentUrl":"https:\/\/ondauno.com.ar\/wp-content\/uploads\/2026\/03\/WhatsApp-Image-2026-03-16-at-13.25.38.jpeg","width":1600,"height":1200},{"@type":"BreadcrumbList","@id":"https:\/\/ondauno.com.ar\/index.php\/2026\/03\/16\/en-abril-llega-una-nueva-edicion-de-corre-por-el-hospi\/#breadcrumb","itemListElement":[{"@type":"ListItem","position":1,"name":"Inicio","item":"https:\/\/ondauno.com.ar\/"},{"@type":"ListItem","position":2,"name":"En Abril llega una nueva edici\u00f3n de Corr\u00e9 por el Hospi"}]},{"@type":"WebSite","@id":"https:\/\/ondauno.com.ar\/#website","url":"https:\/\/ondauno.com.ar\/","name":"103.9 fm","description":"LA PRIMERA RADIO MULTIMEDIA DE TRES ARROYOS","potentialAction":[{"@type":"SearchAction","target":{"@type":"EntryPoint","urlTemplate":"https:\/\/ondauno.com.ar\/?s={search_term_string}"},"query-input":"required name=search_term_string"}],"inLanguage":"es-AR"},{"@type":"Person","@id":"https:\/\/ondauno.com.ar\/#\/schema\/person\/7ec851ddeceb4133d7d7132dc645714e","name":"OndaUno","image":{"@type":"ImageObject","inLanguage":"es-AR","@id":"https:\/\/ondauno.com.ar\/#\/schema\/person\/image\/","url":"https:\/\/secure.gravatar.com\/avatar\/93b8009f0de7021f1feb2bd5b32fb9e8?s=96&d=mm&r=g","contentUrl":"https:\/\/secure.gravatar.com\/avatar\/93b8009f0de7021f1feb2bd5b32fb9e8?s=96&d=mm&r=g","caption":"OndaUno"},"url":"https:\/\/ondauno.com.ar\/index.php\/author\/ondauno\/"}]}},"jetpack_publicize_connections":[],"jetpack_featured_media_url":"https:\/\/ondauno.com.ar\/wp-content\/uploads\/2026\/03\/WhatsApp-Image-2026-03-16-at-13.25.38.jpeg","jetpack_sharing_enabled":true,"_links":{"self":[{"href":"https:\/\/ondauno.com.ar\/index.php\/wp-json\/wp\/v2\/posts\/63607","targetHints":{"allow":["GET"]}}],"collection":[{"href":"https:\/\/ondauno.com.ar\/index.php\/wp-json\/wp\/v2\/posts"}],"about":[{"href":"https:\/\/ondauno.com.ar\/index.php\/wp-json\/wp\/v2\/types\/post"}],"author":[{"embeddable":true,"href":"https:\/\/ondauno.com.ar\/index.php\/wp-json\/wp\/v2\/users\/1"}],"replies":[{"embeddable":true,"href":"https:\/\/ondauno.com.ar\/index.php\/wp-json\/wp\/v2\/comments?post=63607"}],"version-history":[{"count":1,"href":"https:\/\/ondauno.com.ar\/index.php\/wp-json\/wp\/v2\/posts\/63607\/revisions"}],"predecessor-version":[{"id":63609,"href":"https:\/\/ondauno.com.ar\/index.php\/wp-json\/wp\/v2\/posts\/63607\/revisions\/63609"}],"wp:featuredmedia":[{"embeddable":true,"href":"https:\/\/ondauno.com.ar\/index.php\/wp-json\/wp\/v2\/media\/63608"}],"wp:attachment":[{"href":"https:\/\/ondauno.com.ar\/index.php\/wp-json\/wp\/v2\/media?parent=63607"}],"wp:term":[{"taxonomy":"category","embeddable":true,"href":"https:\/\/ondauno.com.ar\/index.php\/wp-json\/wp\/v2\/categories?post=63607"},{"taxonomy":"post_tag","embeddable":true,"href":"https:\/\/ondauno.com.ar\/index.php\/wp-json\/wp\/v2\/tags?post=63607"}],"curies":[{"name":"wp","href":"https:\/\/api.w.org\/{rel}","templated":true}]}}