{"id":63599,"date":"2026-03-16T13:03:40","date_gmt":"2026-03-16T16:03:40","guid":{"rendered":"https:\/\/ondauno.com.ar\/?p=63599"},"modified":"2026-03-16T13:03:43","modified_gmt":"2026-03-16T16:03:43","slug":"gomez-hablo-de-la-fiesta-del-asado-la-gestion-y-la-ruptura-con-el-vecinalismo-chavense","status":"publish","type":"post","link":"https:\/\/ondauno.com.ar\/index.php\/2026\/03\/16\/gomez-hablo-de-la-fiesta-del-asado-la-gestion-y-la-ruptura-con-el-vecinalismo-chavense\/","title":{"rendered":"G\u00f3mez habl\u00f3 de la Fiesta del Asado, la gesti\u00f3n y la ruptura con el vecinalismo chavense"},"content":{"rendered":"<div class=\"ondau-before-content_3\" style=\"margin-top: -30px;\" id=\"ondau-4246035323\"><a href=\"https:\/\/www.lps.com.ar\/\" aria-label=\"la-perse2\"><img loading=\"lazy\" decoding=\"async\" src=\"https:\/\/ondauno.com.ar\/wp-content\/uploads\/2021\/10\/la-perse2.jpg\" alt=\"\"  srcset=\"https:\/\/ondauno.com.ar\/wp-content\/uploads\/2021\/10\/la-perse2.jpg 1353w, https:\/\/ondauno.com.ar\/wp-content\/uploads\/2021\/10\/la-perse2-300x43.jpg 300w, https:\/\/ondauno.com.ar\/wp-content\/uploads\/2021\/10\/la-perse2-1024x148.jpg 1024w, https:\/\/ondauno.com.ar\/wp-content\/uploads\/2021\/10\/la-perse2-768x111.jpg 768w, https:\/\/ondauno.com.ar\/wp-content\/uploads\/2021\/10\/la-perse2-696x100.jpg 696w, https:\/\/ondauno.com.ar\/wp-content\/uploads\/2021\/10\/la-perse2-1068x154.jpg 1068w\" sizes=\"(max-width: 1353px) 100vw, 1353px\" class=\"no-lazyload\" width=\"1353\" height=\"195\"  style=\"display: inline-block;\" \/><\/a><\/div>\n<p>La intendenta de Adolfo Gonzales Chaves, Luc\u00eda G\u00f3mez, habl\u00f3 en Cosas que pasan sobre la reciente edici\u00f3n de la Fiesta del Asado Pampeano, la situaci\u00f3n de los caminos rurales y la actualidad pol\u00edtica del distrito.<\/p>\n\n\n\n<p>En primer lugar, la jefa comunal valor\u00f3 la gran convocatoria que tuvo el evento realizado en Juan Eulogio Barra. \u201cDesde el viernes empez\u00f3 a llegar gente a la localidad y tanto el s\u00e1bado como el domingo hubo much\u00edsima concurrencia. A\u00f1o a a\u00f1o la fiesta se va superando\u201d, expres\u00f3.<\/p>\n\n\n\n<p>Adem\u00e1s destac\u00f3 el trabajo de la comisi\u00f3n organizadora y de los vecinos del lugar. \u201cEs un trabajo incre\u00edble de vecinos y vecinas de Juan Eulogio Barra que organizan la fiesta y que cada a\u00f1o suman espect\u00e1culos, feriantes y emprendedores\u201d, se\u00f1al\u00f3.<\/p>\n\n\n\n<p>G\u00f3mez tambi\u00e9n remarc\u00f3 que el crecimiento del evento se da en gran parte por la difusi\u00f3n de quienes ya participaron. \u201cEl boca a boca ayuda mucho. Es hermoso cuando la gente nos dice que el a\u00f1o que viene vuelve sin falta\u201d, afirm\u00f3.<\/p>\n\n\n\n<p>En otro tramo de la entrevista la intendenta se refiri\u00f3 al panorama del municipio y reconoci\u00f3 que el contexto econ\u00f3mico sigue siendo complejo. \u201cEl a\u00f1o pasado fue dif\u00edcil para los municipios y este a\u00f1o viene siendo muy similar, por eso tenemos que trabajar con prioridades claras\u201d, indic\u00f3.<\/p>\n\n\n\n<p>Entre esas prioridades mencion\u00f3 la salud y los caminos rurales. \u201cNuestra prioridad desde el inicio de la gesti\u00f3n fue fortalecer el primer nivel de atenci\u00f3n en salud y tambi\u00e9n mejorar los caminos rurales, que son fundamentales para productores, docentes y familias del campo\u201d, explic\u00f3.<\/p>\n\n\n\n<p>En ese sentido cont\u00f3 que el municipio encarg\u00f3 un informe a la Universidad Nacional del Centro para analizar el estado de la red vial rural. \u201cQuer\u00edamos profesionalizar el trabajo y planificar mejor qu\u00e9 obras hacen falta, como entubados o mejoras en determinados sectores\u201d, detall\u00f3.<\/p>\n\n\n\n<p>Durante la charla tambi\u00e9n se refiri\u00f3 a la ruptura de la alianza pol\u00edtica con el vecinalismo local. \u201cEllos manifestaron que sus prioridades no eran las mismas que las de la gesti\u00f3n. Cuando no hay los mismos objetivos, lo m\u00e1s sano es que cada uno siga su camino\u201d, sostuvo.<\/p>\n\n\n\n<p>De todas maneras aclar\u00f3 que continuar\u00e1 el di\u00e1logo institucional. \u201cVamos a seguir hablando porque forman parte del Concejo Deliberante y el objetivo siempre es trabajar para los vecinos\u201d, agreg\u00f3.<\/p>\n\n\n\n<p>Pod\u00e9s escuchar la nota completa en el siguiente link:<\/p>\n\n\n\n<figure class=\"wp-block-embed is-type-video is-provider-youtube wp-block-embed-youtube wp-embed-aspect-16-9 wp-has-aspect-ratio\"><div class=\"wp-block-embed__wrapper\">\n<div class=\"youtube-embed\" data-video_id=\"mF7f0Fe6z-4\"><iframe loading=\"lazy\" title=\"Onda Uno 103.9 en vivo\" width=\"696\" height=\"392\" data-src=\"https:\/\/www.youtube.com\/embed\/mF7f0Fe6z-4?start=433&#038;feature=oembed\" frameborder=\"0\" allow=\"accelerometer; autoplay; clipboard-write; encrypted-media; gyroscope; picture-in-picture; web-share\" referrerpolicy=\"strict-origin-when-cross-origin\" allowfullscreen src=\"data:image\/gif;base64,R0lGODlhAQABAAAAACH5BAEKAAEALAAAAAABAAEAAAICTAEAOw==\" class=\"lazyload\" data-load-mode=\"1\"><\/iframe><\/div>\n<\/div><\/figure>\n","protected":false},"excerpt":{"rendered":"<p>La intendenta de Adolfo Gonzales Chaves, Luc\u00eda G\u00f3mez, habl\u00f3 en Cosas que pasan sobre la reciente edici\u00f3n de la Fiesta del Asado Pampeano, la situaci\u00f3n de los caminos rurales y la actualidad pol\u00edtica del distrito. En primer lugar, la jefa comunal valor\u00f3 la gran convocatoria que tuvo el evento realizado en Juan Eulogio Barra. \u201cDesde [&hellip;]<\/p>\n","protected":false},"author":1,"featured_media":63600,"comment_status":"open","ping_status":"open","sticky":false,"template":"","format":"standard","meta":{"tdm_status":"","tdm_grid_status":"","_jetpack_memberships_contains_paid_content":false,"footnotes":"","jetpack_publicize_message":"","jetpack_publicize_feature_enabled":true,"jetpack_social_post_already_shared":true,"jetpack_social_options":{"image_generator_settings":{"template":"highway","default_image_id":0,"font":"","enabled":false},"version":2}},"categories":[35],"tags":[],"class_list":{"0":"post-63599","1":"post","2":"type-post","3":"status-publish","4":"format-standard","5":"has-post-thumbnail","7":"category-regionales"},"yoast_head":"<!-- This site is optimized with the Yoast SEO plugin v22.7 - https:\/\/yoast.com\/wordpress\/plugins\/seo\/ -->\n<title>G\u00f3mez habl\u00f3 de la Fiesta del Asado, la gesti\u00f3n y la ruptura con el vecinalismo chavense - 103.9 fm<\/title>\n<meta name=\"robots\" content=\"index, follow, max-snippet:-1, max-image-preview:large, max-video-preview:-1\" \/>\n<link rel=\"canonical\" href=\"https:\/\/ondauno.com.ar\/index.php\/2026\/03\/16\/gomez-hablo-de-la-fiesta-del-asado-la-gestion-y-la-ruptura-con-el-vecinalismo-chavense\/\" \/>\n<meta property=\"og:locale\" content=\"es_ES\" \/>\n<meta property=\"og:type\" content=\"article\" \/>\n<meta property=\"og:title\" content=\"G\u00f3mez habl\u00f3 de la Fiesta del Asado, la gesti\u00f3n y la ruptura con el vecinalismo chavense - 103.9 fm\" \/>\n<meta property=\"og:description\" content=\"La intendenta de Adolfo Gonzales Chaves, Luc\u00eda G\u00f3mez, habl\u00f3 en Cosas que pasan sobre la reciente edici\u00f3n de la Fiesta del Asado Pampeano, la situaci\u00f3n de los caminos rurales y la actualidad pol\u00edtica del distrito. En primer lugar, la jefa comunal valor\u00f3 la gran convocatoria que tuvo el evento realizado en Juan Eulogio Barra. \u201cDesde [&hellip;]\" \/>\n<meta property=\"og:url\" content=\"https:\/\/ondauno.com.ar\/index.php\/2026\/03\/16\/gomez-hablo-de-la-fiesta-del-asado-la-gestion-y-la-ruptura-con-el-vecinalismo-chavense\/\" \/>\n<meta property=\"og:site_name\" content=\"103.9 fm\" \/>\n<meta property=\"article:publisher\" content=\"https:\/\/www.facebook.com\/ondauno103.9\" \/>\n<meta property=\"article:published_time\" content=\"2026-03-16T16:03:40+00:00\" \/>\n<meta property=\"article:modified_time\" content=\"2026-03-16T16:03:43+00:00\" \/>\n<meta property=\"og:image\" content=\"http:\/\/ondauno.com.ar\/wp-content\/uploads\/2026\/03\/WhatsApp-Image-2026-03-16-at-12.41.19.jpeg\" \/>\n\t<meta property=\"og:image:width\" content=\"1600\" \/>\n\t<meta property=\"og:image:height\" content=\"1066\" \/>\n\t<meta property=\"og:image:type\" content=\"image\/jpeg\" \/>\n<meta name=\"author\" content=\"OndaUno\" \/>\n<meta name=\"twitter:card\" content=\"summary_large_image\" \/>\n<meta name=\"twitter:label1\" content=\"Escrito por\" \/>\n\t<meta name=\"twitter:data1\" content=\"OndaUno\" \/>\n\t<meta name=\"twitter:label2\" content=\"Tiempo de lectura\" \/>\n\t<meta name=\"twitter:data2\" content=\"2 minutos\" \/>\n<script type=\"application\/ld+json\" class=\"yoast-schema-graph\">{\"@context\":\"https:\/\/schema.org\",\"@graph\":[{\"@type\":\"WebPage\",\"@id\":\"https:\/\/ondauno.com.ar\/index.php\/2026\/03\/16\/gomez-hablo-de-la-fiesta-del-asado-la-gestion-y-la-ruptura-con-el-vecinalismo-chavense\/\",\"url\":\"https:\/\/ondauno.com.ar\/index.php\/2026\/03\/16\/gomez-hablo-de-la-fiesta-del-asado-la-gestion-y-la-ruptura-con-el-vecinalismo-chavense\/\",\"name\":\"G\u00f3mez habl\u00f3 de la Fiesta del Asado, la gesti\u00f3n y la ruptura con el vecinalismo chavense - 103.9 fm\",\"isPartOf\":{\"@id\":\"https:\/\/ondauno.com.ar\/#website\"},\"primaryImageOfPage\":{\"@id\":\"https:\/\/ondauno.com.ar\/index.php\/2026\/03\/16\/gomez-hablo-de-la-fiesta-del-asado-la-gestion-y-la-ruptura-con-el-vecinalismo-chavense\/#primaryimage\"},\"image\":{\"@id\":\"https:\/\/ondauno.com.ar\/index.php\/2026\/03\/16\/gomez-hablo-de-la-fiesta-del-asado-la-gestion-y-la-ruptura-con-el-vecinalismo-chavense\/#primaryimage\"},\"thumbnailUrl\":\"https:\/\/ondauno.com.ar\/wp-content\/uploads\/2026\/03\/WhatsApp-Image-2026-03-16-at-12.41.19.jpeg\",\"datePublished\":\"2026-03-16T16:03:40+00:00\",\"dateModified\":\"2026-03-16T16:03:43+00:00\",\"author\":{\"@id\":\"https:\/\/ondauno.com.ar\/#\/schema\/person\/7ec851ddeceb4133d7d7132dc645714e\"},\"breadcrumb\":{\"@id\":\"https:\/\/ondauno.com.ar\/index.php\/2026\/03\/16\/gomez-hablo-de-la-fiesta-del-asado-la-gestion-y-la-ruptura-con-el-vecinalismo-chavense\/#breadcrumb\"},\"inLanguage\":\"es-AR\",\"potentialAction\":[{\"@type\":\"ReadAction\",\"target\":[\"https:\/\/ondauno.com.ar\/index.php\/2026\/03\/16\/gomez-hablo-de-la-fiesta-del-asado-la-gestion-y-la-ruptura-con-el-vecinalismo-chavense\/\"]}]},{\"@type\":\"ImageObject\",\"inLanguage\":\"es-AR\",\"@id\":\"https:\/\/ondauno.com.ar\/index.php\/2026\/03\/16\/gomez-hablo-de-la-fiesta-del-asado-la-gestion-y-la-ruptura-con-el-vecinalismo-chavense\/#primaryimage\",\"url\":\"https:\/\/ondauno.com.ar\/wp-content\/uploads\/2026\/03\/WhatsApp-Image-2026-03-16-at-12.41.19.jpeg\",\"contentUrl\":\"https:\/\/ondauno.com.ar\/wp-content\/uploads\/2026\/03\/WhatsApp-Image-2026-03-16-at-12.41.19.jpeg\",\"width\":1600,\"height\":1066},{\"@type\":\"BreadcrumbList\",\"@id\":\"https:\/\/ondauno.com.ar\/index.php\/2026\/03\/16\/gomez-hablo-de-la-fiesta-del-asado-la-gestion-y-la-ruptura-con-el-vecinalismo-chavense\/#breadcrumb\",\"itemListElement\":[{\"@type\":\"ListItem\",\"position\":1,\"name\":\"Inicio\",\"item\":\"https:\/\/ondauno.com.ar\/\"},{\"@type\":\"ListItem\",\"position\":2,\"name\":\"G\u00f3mez habl\u00f3 de la Fiesta del Asado, la gesti\u00f3n y la ruptura con el vecinalismo chavense\"}]},{\"@type\":\"WebSite\",\"@id\":\"https:\/\/ondauno.com.ar\/#website\",\"url\":\"https:\/\/ondauno.com.ar\/\",\"name\":\"103.9 fm\",\"description\":\"LA PRIMERA RADIO MULTIMEDIA DE TRES ARROYOS\",\"potentialAction\":[{\"@type\":\"SearchAction\",\"target\":{\"@type\":\"EntryPoint\",\"urlTemplate\":\"https:\/\/ondauno.com.ar\/?s={search_term_string}\"},\"query-input\":\"required name=search_term_string\"}],\"inLanguage\":\"es-AR\"},{\"@type\":\"Person\",\"@id\":\"https:\/\/ondauno.com.ar\/#\/schema\/person\/7ec851ddeceb4133d7d7132dc645714e\",\"name\":\"OndaUno\",\"image\":{\"@type\":\"ImageObject\",\"inLanguage\":\"es-AR\",\"@id\":\"https:\/\/ondauno.com.ar\/#\/schema\/person\/image\/\",\"url\":\"https:\/\/secure.gravatar.com\/avatar\/93b8009f0de7021f1feb2bd5b32fb9e8?s=96&d=mm&r=g\",\"contentUrl\":\"https:\/\/secure.gravatar.com\/avatar\/93b8009f0de7021f1feb2bd5b32fb9e8?s=96&d=mm&r=g\",\"caption\":\"OndaUno\"},\"url\":\"https:\/\/ondauno.com.ar\/index.php\/author\/ondauno\/\"}]}<\/script>\n<!-- \/ Yoast SEO plugin. -->","yoast_head_json":{"title":"G\u00f3mez habl\u00f3 de la Fiesta del Asado, la gesti\u00f3n y la ruptura con el vecinalismo chavense - 103.9 fm","robots":{"index":"index","follow":"follow","max-snippet":"max-snippet:-1","max-image-preview":"max-image-preview:large","max-video-preview":"max-video-preview:-1"},"canonical":"https:\/\/ondauno.com.ar\/index.php\/2026\/03\/16\/gomez-hablo-de-la-fiesta-del-asado-la-gestion-y-la-ruptura-con-el-vecinalismo-chavense\/","og_locale":"es_ES","og_type":"article","og_title":"G\u00f3mez habl\u00f3 de la Fiesta del Asado, la gesti\u00f3n y la ruptura con el vecinalismo chavense - 103.9 fm","og_description":"La intendenta de Adolfo Gonzales Chaves, Luc\u00eda G\u00f3mez, habl\u00f3 en Cosas que pasan sobre la reciente edici\u00f3n de la Fiesta del Asado Pampeano, la situaci\u00f3n de los caminos rurales y la actualidad pol\u00edtica del distrito. En primer lugar, la jefa comunal valor\u00f3 la gran convocatoria que tuvo el evento realizado en Juan Eulogio Barra. \u201cDesde [&hellip;]","og_url":"https:\/\/ondauno.com.ar\/index.php\/2026\/03\/16\/gomez-hablo-de-la-fiesta-del-asado-la-gestion-y-la-ruptura-con-el-vecinalismo-chavense\/","og_site_name":"103.9 fm","article_publisher":"https:\/\/www.facebook.com\/ondauno103.9","article_published_time":"2026-03-16T16:03:40+00:00","article_modified_time":"2026-03-16T16:03:43+00:00","og_image":[{"width":1600,"height":1066,"url":"http:\/\/ondauno.com.ar\/wp-content\/uploads\/2026\/03\/WhatsApp-Image-2026-03-16-at-12.41.19.jpeg","type":"image\/jpeg"}],"author":"OndaUno","twitter_card":"summary_large_image","twitter_misc":{"Escrito por":"OndaUno","Tiempo de lectura":"2 minutos"},"schema":{"@context":"https:\/\/schema.org","@graph":[{"@type":"WebPage","@id":"https:\/\/ondauno.com.ar\/index.php\/2026\/03\/16\/gomez-hablo-de-la-fiesta-del-asado-la-gestion-y-la-ruptura-con-el-vecinalismo-chavense\/","url":"https:\/\/ondauno.com.ar\/index.php\/2026\/03\/16\/gomez-hablo-de-la-fiesta-del-asado-la-gestion-y-la-ruptura-con-el-vecinalismo-chavense\/","name":"G\u00f3mez habl\u00f3 de la Fiesta del Asado, la gesti\u00f3n y la ruptura con el vecinalismo chavense - 103.9 fm","isPartOf":{"@id":"https:\/\/ondauno.com.ar\/#website"},"primaryImageOfPage":{"@id":"https:\/\/ondauno.com.ar\/index.php\/2026\/03\/16\/gomez-hablo-de-la-fiesta-del-asado-la-gestion-y-la-ruptura-con-el-vecinalismo-chavense\/#primaryimage"},"image":{"@id":"https:\/\/ondauno.com.ar\/index.php\/2026\/03\/16\/gomez-hablo-de-la-fiesta-del-asado-la-gestion-y-la-ruptura-con-el-vecinalismo-chavense\/#primaryimage"},"thumbnailUrl":"https:\/\/ondauno.com.ar\/wp-content\/uploads\/2026\/03\/WhatsApp-Image-2026-03-16-at-12.41.19.jpeg","datePublished":"2026-03-16T16:03:40+00:00","dateModified":"2026-03-16T16:03:43+00:00","author":{"@id":"https:\/\/ondauno.com.ar\/#\/schema\/person\/7ec851ddeceb4133d7d7132dc645714e"},"breadcrumb":{"@id":"https:\/\/ondauno.com.ar\/index.php\/2026\/03\/16\/gomez-hablo-de-la-fiesta-del-asado-la-gestion-y-la-ruptura-con-el-vecinalismo-chavense\/#breadcrumb"},"inLanguage":"es-AR","potentialAction":[{"@type":"ReadAction","target":["https:\/\/ondauno.com.ar\/index.php\/2026\/03\/16\/gomez-hablo-de-la-fiesta-del-asado-la-gestion-y-la-ruptura-con-el-vecinalismo-chavense\/"]}]},{"@type":"ImageObject","inLanguage":"es-AR","@id":"https:\/\/ondauno.com.ar\/index.php\/2026\/03\/16\/gomez-hablo-de-la-fiesta-del-asado-la-gestion-y-la-ruptura-con-el-vecinalismo-chavense\/#primaryimage","url":"https:\/\/ondauno.com.ar\/wp-content\/uploads\/2026\/03\/WhatsApp-Image-2026-03-16-at-12.41.19.jpeg","contentUrl":"https:\/\/ondauno.com.ar\/wp-content\/uploads\/2026\/03\/WhatsApp-Image-2026-03-16-at-12.41.19.jpeg","width":1600,"height":1066},{"@type":"BreadcrumbList","@id":"https:\/\/ondauno.com.ar\/index.php\/2026\/03\/16\/gomez-hablo-de-la-fiesta-del-asado-la-gestion-y-la-ruptura-con-el-vecinalismo-chavense\/#breadcrumb","itemListElement":[{"@type":"ListItem","position":1,"name":"Inicio","item":"https:\/\/ondauno.com.ar\/"},{"@type":"ListItem","position":2,"name":"G\u00f3mez habl\u00f3 de la Fiesta del Asado, la gesti\u00f3n y la ruptura con el vecinalismo chavense"}]},{"@type":"WebSite","@id":"https:\/\/ondauno.com.ar\/#website","url":"https:\/\/ondauno.com.ar\/","name":"103.9 fm","description":"LA PRIMERA RADIO MULTIMEDIA DE TRES ARROYOS","potentialAction":[{"@type":"SearchAction","target":{"@type":"EntryPoint","urlTemplate":"https:\/\/ondauno.com.ar\/?s={search_term_string}"},"query-input":"required name=search_term_string"}],"inLanguage":"es-AR"},{"@type":"Person","@id":"https:\/\/ondauno.com.ar\/#\/schema\/person\/7ec851ddeceb4133d7d7132dc645714e","name":"OndaUno","image":{"@type":"ImageObject","inLanguage":"es-AR","@id":"https:\/\/ondauno.com.ar\/#\/schema\/person\/image\/","url":"https:\/\/secure.gravatar.com\/avatar\/93b8009f0de7021f1feb2bd5b32fb9e8?s=96&d=mm&r=g","contentUrl":"https:\/\/secure.gravatar.com\/avatar\/93b8009f0de7021f1feb2bd5b32fb9e8?s=96&d=mm&r=g","caption":"OndaUno"},"url":"https:\/\/ondauno.com.ar\/index.php\/author\/ondauno\/"}]}},"jetpack_publicize_connections":[],"jetpack_featured_media_url":"https:\/\/ondauno.com.ar\/wp-content\/uploads\/2026\/03\/WhatsApp-Image-2026-03-16-at-12.41.19.jpeg","jetpack_sharing_enabled":true,"_links":{"self":[{"href":"https:\/\/ondauno.com.ar\/index.php\/wp-json\/wp\/v2\/posts\/63599","targetHints":{"allow":["GET"]}}],"collection":[{"href":"https:\/\/ondauno.com.ar\/index.php\/wp-json\/wp\/v2\/posts"}],"about":[{"href":"https:\/\/ondauno.com.ar\/index.php\/wp-json\/wp\/v2\/types\/post"}],"author":[{"embeddable":true,"href":"https:\/\/ondauno.com.ar\/index.php\/wp-json\/wp\/v2\/users\/1"}],"replies":[{"embeddable":true,"href":"https:\/\/ondauno.com.ar\/index.php\/wp-json\/wp\/v2\/comments?post=63599"}],"version-history":[{"count":1,"href":"https:\/\/ondauno.com.ar\/index.php\/wp-json\/wp\/v2\/posts\/63599\/revisions"}],"predecessor-version":[{"id":63601,"href":"https:\/\/ondauno.com.ar\/index.php\/wp-json\/wp\/v2\/posts\/63599\/revisions\/63601"}],"wp:featuredmedia":[{"embeddable":true,"href":"https:\/\/ondauno.com.ar\/index.php\/wp-json\/wp\/v2\/media\/63600"}],"wp:attachment":[{"href":"https:\/\/ondauno.com.ar\/index.php\/wp-json\/wp\/v2\/media?parent=63599"}],"wp:term":[{"taxonomy":"category","embeddable":true,"href":"https:\/\/ondauno.com.ar\/index.php\/wp-json\/wp\/v2\/categories?post=63599"},{"taxonomy":"post_tag","embeddable":true,"href":"https:\/\/ondauno.com.ar\/index.php\/wp-json\/wp\/v2\/tags?post=63599"}],"curies":[{"name":"wp","href":"https:\/\/api.w.org\/{rel}","templated":true}]}}