{"id":63596,"date":"2026-03-16T12:57:51","date_gmt":"2026-03-16T15:57:51","guid":{"rendered":"https:\/\/ondauno.com.ar\/?p=63596"},"modified":"2026-03-16T12:58:05","modified_gmt":"2026-03-16T15:58:05","slug":"avila-explico-los-problemas-de-drenaje-en-claromeco-y-volvio-a-reclamar-la-obra-de-pluviales","status":"publish","type":"post","link":"https:\/\/ondauno.com.ar\/index.php\/2026\/03\/16\/avila-explico-los-problemas-de-drenaje-en-claromeco-y-volvio-a-reclamar-la-obra-de-pluviales\/","title":{"rendered":"Avila explic\u00f3 los problemas de drenaje en Claromec\u00f3 y volvi\u00f3 a reclamar la obra de pluviales"},"content":{"rendered":"<div class=\"ondau-before-content_3\" style=\"margin-top: -30px;\" id=\"ondau-1119699110\"><a href=\"https:\/\/www.lps.com.ar\/\" aria-label=\"la-perse2\"><img loading=\"lazy\" decoding=\"async\" src=\"https:\/\/ondauno.com.ar\/wp-content\/uploads\/2021\/10\/la-perse2.jpg\" alt=\"\"  srcset=\"https:\/\/ondauno.com.ar\/wp-content\/uploads\/2021\/10\/la-perse2.jpg 1353w, https:\/\/ondauno.com.ar\/wp-content\/uploads\/2021\/10\/la-perse2-300x43.jpg 300w, https:\/\/ondauno.com.ar\/wp-content\/uploads\/2021\/10\/la-perse2-1024x148.jpg 1024w, https:\/\/ondauno.com.ar\/wp-content\/uploads\/2021\/10\/la-perse2-768x111.jpg 768w, https:\/\/ondauno.com.ar\/wp-content\/uploads\/2021\/10\/la-perse2-696x100.jpg 696w, https:\/\/ondauno.com.ar\/wp-content\/uploads\/2021\/10\/la-perse2-1068x154.jpg 1068w\" sizes=\"(max-width: 1353px) 100vw, 1353px\" class=\"no-lazyload\" width=\"1353\" height=\"195\"  style=\"display: inline-block;\" \/><\/a><\/div>\n<p>El concejal de Nuevos Aires, Carlos Avila, habl\u00f3 enCosas que pasan sobre los inconvenientes que se registraron en Claromec\u00f3 tras las intensas lluvias del fin de semana y explic\u00f3 las limitaciones del sistema de desag\u00fces actual.<\/p>\n\n\n\n<p>Avila fue visto colaborando junto al delegado Nicol\u00e1s Felipe y vecinos en la liberaci\u00f3n de una boca de tormenta en una de las esquinas m\u00e1s cr\u00edticas de la localidad. \u201cEse lugar es uno de los m\u00e1s complejos. A esa boca de tormenta llega agua de distintos sectores del pueblo y cuando se tapa con pastos o residuos se ralentiza mucho el escurrimiento\u201d, explic\u00f3.<\/p>\n\n\n\n<p>En ese sentido, cont\u00f3 que en varias oportunidades debieron intervenir manualmente para permitir que el agua drene con mayor rapidez. \u201cCada vez que hay lluvias grandes tratamos de ir y levantar la tapa para que el agua escurra m\u00e1s r\u00e1pido. Siempre aparece gente a colaborar\u201d, se\u00f1al\u00f3.<\/p>\n\n\n\n<p>El concejal tambi\u00e9n detall\u00f3 c\u00f3mo funciona el sistema actual de desag\u00fces y por qu\u00e9 resulta insuficiente ante lluvias intensas. \u201cEl ca\u00f1o que sale de esa boca de tormenta tiene apenas 60 cent\u00edmetros de di\u00e1metro al principio y reci\u00e9n m\u00e1s adelante llega a un metro veinte. Es poco para semejante caudal de agua\u201d, afirm\u00f3.<\/p>\n\n\n\n<p>Adem\u00e1s indic\u00f3 que modificar ese sistema implicar\u00eda una obra muy costosa. \u201cCambiar esa ca\u00f1er\u00eda significa romper varias cuadras de asfalto y hacerlas de nuevo. Es una obra muy grande que el municipio no puede afrontar con recursos propios\u201d, explic\u00f3.<\/p>\n\n\n\n<p>Avila sostuvo que, ante esta situaci\u00f3n, las soluciones actuales solo pueden ser temporales. \u201cLo que se hace son paliativos, como colocar bombas o mejorar algunos tramos de ca\u00f1er\u00edas, pero la soluci\u00f3n definitiva es la obra de desag\u00fces pluviales\u201d, remarc\u00f3.<\/p>\n\n\n\n<p>Tambi\u00e9n se\u00f1al\u00f3 que la intensidad de la lluvia fue un factor clave en los problemas registrados. \u201cEn media hora cayeron m\u00e1s de 40 mil\u00edmetros y eso genera una acumulaci\u00f3n muy r\u00e1pida de agua. Cuando llueve esa cantidad en pocas horas el sistema no alcanza a responder\u201d, indic\u00f3.<\/p>\n\n\n\n<p>El concejal asegur\u00f3 que la obra de pluviales es una de las principales necesidades de la localidad. \u201cSi queremos un saneamiento h\u00eddrico real en Claromec\u00f3, la obra de pluviales es la m\u00e1s necesaria. Gas y cloacas tambi\u00e9n hacen falta, pero esta obra es clave para evitar estos problemas\u201d, concluy\u00f3.<\/p>\n\n\n\n<p>Pod\u00e9s escuchar la nota completa en el siguiente link:<\/p>\n\n\n\n<figure class=\"wp-block-embed is-type-video is-provider-youtube wp-block-embed-youtube wp-embed-aspect-16-9 wp-has-aspect-ratio\"><div class=\"wp-block-embed__wrapper\">\n<div class=\"youtube-embed\" data-video_id=\"Z-R0RvIF-YY\"><iframe loading=\"lazy\" title=\"Onda Uno 103.9 en vivo\" width=\"696\" height=\"392\" data-src=\"https:\/\/www.youtube.com\/embed\/Z-R0RvIF-YY?start=104&#038;feature=oembed\" frameborder=\"0\" allow=\"accelerometer; autoplay; clipboard-write; encrypted-media; gyroscope; picture-in-picture; web-share\" referrerpolicy=\"strict-origin-when-cross-origin\" allowfullscreen src=\"data:image\/gif;base64,R0lGODlhAQABAAAAACH5BAEKAAEALAAAAAABAAEAAAICTAEAOw==\" class=\"lazyload\" data-load-mode=\"1\"><\/iframe><\/div>\n<\/div><\/figure>\n","protected":false},"excerpt":{"rendered":"<p>El concejal de Nuevos Aires, Carlos Avila, habl\u00f3 enCosas que pasan sobre los inconvenientes que se registraron en Claromec\u00f3 tras las intensas lluvias del fin de semana y explic\u00f3 las limitaciones del sistema de desag\u00fces actual. Avila fue visto colaborando junto al delegado Nicol\u00e1s Felipe y vecinos en la liberaci\u00f3n de una boca de tormenta [&hellip;]<\/p>\n","protected":false},"author":1,"featured_media":63597,"comment_status":"open","ping_status":"open","sticky":false,"template":"","format":"standard","meta":{"tdm_status":"","tdm_grid_status":"","_jetpack_memberships_contains_paid_content":false,"footnotes":"","jetpack_publicize_message":"","jetpack_publicize_feature_enabled":true,"jetpack_social_post_already_shared":true,"jetpack_social_options":{"image_generator_settings":{"template":"highway","default_image_id":0,"font":"","enabled":false},"version":2}},"categories":[2],"tags":[],"class_list":{"0":"post-63596","1":"post","2":"type-post","3":"status-publish","4":"format-standard","5":"has-post-thumbnail","7":"category-locales"},"yoast_head":"<!-- This site is optimized with the Yoast SEO plugin v22.7 - https:\/\/yoast.com\/wordpress\/plugins\/seo\/ -->\n<title>Avila explic\u00f3 los problemas de drenaje en Claromec\u00f3 y volvi\u00f3 a reclamar la obra de pluviales - 103.9 fm<\/title>\n<meta name=\"robots\" content=\"index, follow, max-snippet:-1, max-image-preview:large, max-video-preview:-1\" \/>\n<link rel=\"canonical\" href=\"https:\/\/ondauno.com.ar\/index.php\/2026\/03\/16\/avila-explico-los-problemas-de-drenaje-en-claromeco-y-volvio-a-reclamar-la-obra-de-pluviales\/\" \/>\n<meta property=\"og:locale\" content=\"es_ES\" \/>\n<meta property=\"og:type\" content=\"article\" \/>\n<meta property=\"og:title\" content=\"Avila explic\u00f3 los problemas de drenaje en Claromec\u00f3 y volvi\u00f3 a reclamar la obra de pluviales - 103.9 fm\" \/>\n<meta property=\"og:description\" content=\"El concejal de Nuevos Aires, Carlos Avila, habl\u00f3 enCosas que pasan sobre los inconvenientes que se registraron en Claromec\u00f3 tras las intensas lluvias del fin de semana y explic\u00f3 las limitaciones del sistema de desag\u00fces actual. Avila fue visto colaborando junto al delegado Nicol\u00e1s Felipe y vecinos en la liberaci\u00f3n de una boca de tormenta [&hellip;]\" \/>\n<meta property=\"og:url\" content=\"https:\/\/ondauno.com.ar\/index.php\/2026\/03\/16\/avila-explico-los-problemas-de-drenaje-en-claromeco-y-volvio-a-reclamar-la-obra-de-pluviales\/\" \/>\n<meta property=\"og:site_name\" content=\"103.9 fm\" \/>\n<meta property=\"article:publisher\" content=\"https:\/\/www.facebook.com\/ondauno103.9\" \/>\n<meta property=\"article:published_time\" content=\"2026-03-16T15:57:51+00:00\" \/>\n<meta property=\"article:modified_time\" content=\"2026-03-16T15:58:05+00:00\" \/>\n<meta property=\"og:image\" content=\"http:\/\/ondauno.com.ar\/wp-content\/uploads\/2026\/03\/WhatsApp-Image-2026-03-16-at-12.44.44.jpeg\" \/>\n\t<meta property=\"og:image:width\" content=\"1296\" \/>\n\t<meta property=\"og:image:height\" content=\"864\" \/>\n\t<meta property=\"og:image:type\" content=\"image\/jpeg\" \/>\n<meta name=\"author\" content=\"OndaUno\" \/>\n<meta name=\"twitter:card\" content=\"summary_large_image\" \/>\n<meta name=\"twitter:label1\" content=\"Escrito por\" \/>\n\t<meta name=\"twitter:data1\" content=\"OndaUno\" \/>\n\t<meta name=\"twitter:label2\" content=\"Tiempo de lectura\" \/>\n\t<meta name=\"twitter:data2\" content=\"2 minutos\" \/>\n<script type=\"application\/ld+json\" class=\"yoast-schema-graph\">{\"@context\":\"https:\/\/schema.org\",\"@graph\":[{\"@type\":\"WebPage\",\"@id\":\"https:\/\/ondauno.com.ar\/index.php\/2026\/03\/16\/avila-explico-los-problemas-de-drenaje-en-claromeco-y-volvio-a-reclamar-la-obra-de-pluviales\/\",\"url\":\"https:\/\/ondauno.com.ar\/index.php\/2026\/03\/16\/avila-explico-los-problemas-de-drenaje-en-claromeco-y-volvio-a-reclamar-la-obra-de-pluviales\/\",\"name\":\"Avila explic\u00f3 los problemas de drenaje en Claromec\u00f3 y volvi\u00f3 a reclamar la obra de pluviales - 103.9 fm\",\"isPartOf\":{\"@id\":\"https:\/\/ondauno.com.ar\/#website\"},\"primaryImageOfPage\":{\"@id\":\"https:\/\/ondauno.com.ar\/index.php\/2026\/03\/16\/avila-explico-los-problemas-de-drenaje-en-claromeco-y-volvio-a-reclamar-la-obra-de-pluviales\/#primaryimage\"},\"image\":{\"@id\":\"https:\/\/ondauno.com.ar\/index.php\/2026\/03\/16\/avila-explico-los-problemas-de-drenaje-en-claromeco-y-volvio-a-reclamar-la-obra-de-pluviales\/#primaryimage\"},\"thumbnailUrl\":\"https:\/\/ondauno.com.ar\/wp-content\/uploads\/2026\/03\/WhatsApp-Image-2026-03-16-at-12.44.44.jpeg\",\"datePublished\":\"2026-03-16T15:57:51+00:00\",\"dateModified\":\"2026-03-16T15:58:05+00:00\",\"author\":{\"@id\":\"https:\/\/ondauno.com.ar\/#\/schema\/person\/7ec851ddeceb4133d7d7132dc645714e\"},\"breadcrumb\":{\"@id\":\"https:\/\/ondauno.com.ar\/index.php\/2026\/03\/16\/avila-explico-los-problemas-de-drenaje-en-claromeco-y-volvio-a-reclamar-la-obra-de-pluviales\/#breadcrumb\"},\"inLanguage\":\"es-AR\",\"potentialAction\":[{\"@type\":\"ReadAction\",\"target\":[\"https:\/\/ondauno.com.ar\/index.php\/2026\/03\/16\/avila-explico-los-problemas-de-drenaje-en-claromeco-y-volvio-a-reclamar-la-obra-de-pluviales\/\"]}]},{\"@type\":\"ImageObject\",\"inLanguage\":\"es-AR\",\"@id\":\"https:\/\/ondauno.com.ar\/index.php\/2026\/03\/16\/avila-explico-los-problemas-de-drenaje-en-claromeco-y-volvio-a-reclamar-la-obra-de-pluviales\/#primaryimage\",\"url\":\"https:\/\/ondauno.com.ar\/wp-content\/uploads\/2026\/03\/WhatsApp-Image-2026-03-16-at-12.44.44.jpeg\",\"contentUrl\":\"https:\/\/ondauno.com.ar\/wp-content\/uploads\/2026\/03\/WhatsApp-Image-2026-03-16-at-12.44.44.jpeg\",\"width\":1296,\"height\":864},{\"@type\":\"BreadcrumbList\",\"@id\":\"https:\/\/ondauno.com.ar\/index.php\/2026\/03\/16\/avila-explico-los-problemas-de-drenaje-en-claromeco-y-volvio-a-reclamar-la-obra-de-pluviales\/#breadcrumb\",\"itemListElement\":[{\"@type\":\"ListItem\",\"position\":1,\"name\":\"Inicio\",\"item\":\"https:\/\/ondauno.com.ar\/\"},{\"@type\":\"ListItem\",\"position\":2,\"name\":\"Avila explic\u00f3 los problemas de drenaje en Claromec\u00f3 y volvi\u00f3 a reclamar la obra de pluviales\"}]},{\"@type\":\"WebSite\",\"@id\":\"https:\/\/ondauno.com.ar\/#website\",\"url\":\"https:\/\/ondauno.com.ar\/\",\"name\":\"103.9 fm\",\"description\":\"LA PRIMERA RADIO MULTIMEDIA DE TRES ARROYOS\",\"potentialAction\":[{\"@type\":\"SearchAction\",\"target\":{\"@type\":\"EntryPoint\",\"urlTemplate\":\"https:\/\/ondauno.com.ar\/?s={search_term_string}\"},\"query-input\":\"required name=search_term_string\"}],\"inLanguage\":\"es-AR\"},{\"@type\":\"Person\",\"@id\":\"https:\/\/ondauno.com.ar\/#\/schema\/person\/7ec851ddeceb4133d7d7132dc645714e\",\"name\":\"OndaUno\",\"image\":{\"@type\":\"ImageObject\",\"inLanguage\":\"es-AR\",\"@id\":\"https:\/\/ondauno.com.ar\/#\/schema\/person\/image\/\",\"url\":\"https:\/\/secure.gravatar.com\/avatar\/93b8009f0de7021f1feb2bd5b32fb9e8?s=96&d=mm&r=g\",\"contentUrl\":\"https:\/\/secure.gravatar.com\/avatar\/93b8009f0de7021f1feb2bd5b32fb9e8?s=96&d=mm&r=g\",\"caption\":\"OndaUno\"},\"url\":\"https:\/\/ondauno.com.ar\/index.php\/author\/ondauno\/\"}]}<\/script>\n<!-- \/ Yoast SEO plugin. -->","yoast_head_json":{"title":"Avila explic\u00f3 los problemas de drenaje en Claromec\u00f3 y volvi\u00f3 a reclamar la obra de pluviales - 103.9 fm","robots":{"index":"index","follow":"follow","max-snippet":"max-snippet:-1","max-image-preview":"max-image-preview:large","max-video-preview":"max-video-preview:-1"},"canonical":"https:\/\/ondauno.com.ar\/index.php\/2026\/03\/16\/avila-explico-los-problemas-de-drenaje-en-claromeco-y-volvio-a-reclamar-la-obra-de-pluviales\/","og_locale":"es_ES","og_type":"article","og_title":"Avila explic\u00f3 los problemas de drenaje en Claromec\u00f3 y volvi\u00f3 a reclamar la obra de pluviales - 103.9 fm","og_description":"El concejal de Nuevos Aires, Carlos Avila, habl\u00f3 enCosas que pasan sobre los inconvenientes que se registraron en Claromec\u00f3 tras las intensas lluvias del fin de semana y explic\u00f3 las limitaciones del sistema de desag\u00fces actual. Avila fue visto colaborando junto al delegado Nicol\u00e1s Felipe y vecinos en la liberaci\u00f3n de una boca de tormenta [&hellip;]","og_url":"https:\/\/ondauno.com.ar\/index.php\/2026\/03\/16\/avila-explico-los-problemas-de-drenaje-en-claromeco-y-volvio-a-reclamar-la-obra-de-pluviales\/","og_site_name":"103.9 fm","article_publisher":"https:\/\/www.facebook.com\/ondauno103.9","article_published_time":"2026-03-16T15:57:51+00:00","article_modified_time":"2026-03-16T15:58:05+00:00","og_image":[{"width":1296,"height":864,"url":"http:\/\/ondauno.com.ar\/wp-content\/uploads\/2026\/03\/WhatsApp-Image-2026-03-16-at-12.44.44.jpeg","type":"image\/jpeg"}],"author":"OndaUno","twitter_card":"summary_large_image","twitter_misc":{"Escrito por":"OndaUno","Tiempo de lectura":"2 minutos"},"schema":{"@context":"https:\/\/schema.org","@graph":[{"@type":"WebPage","@id":"https:\/\/ondauno.com.ar\/index.php\/2026\/03\/16\/avila-explico-los-problemas-de-drenaje-en-claromeco-y-volvio-a-reclamar-la-obra-de-pluviales\/","url":"https:\/\/ondauno.com.ar\/index.php\/2026\/03\/16\/avila-explico-los-problemas-de-drenaje-en-claromeco-y-volvio-a-reclamar-la-obra-de-pluviales\/","name":"Avila explic\u00f3 los problemas de drenaje en Claromec\u00f3 y volvi\u00f3 a reclamar la obra de pluviales - 103.9 fm","isPartOf":{"@id":"https:\/\/ondauno.com.ar\/#website"},"primaryImageOfPage":{"@id":"https:\/\/ondauno.com.ar\/index.php\/2026\/03\/16\/avila-explico-los-problemas-de-drenaje-en-claromeco-y-volvio-a-reclamar-la-obra-de-pluviales\/#primaryimage"},"image":{"@id":"https:\/\/ondauno.com.ar\/index.php\/2026\/03\/16\/avila-explico-los-problemas-de-drenaje-en-claromeco-y-volvio-a-reclamar-la-obra-de-pluviales\/#primaryimage"},"thumbnailUrl":"https:\/\/ondauno.com.ar\/wp-content\/uploads\/2026\/03\/WhatsApp-Image-2026-03-16-at-12.44.44.jpeg","datePublished":"2026-03-16T15:57:51+00:00","dateModified":"2026-03-16T15:58:05+00:00","author":{"@id":"https:\/\/ondauno.com.ar\/#\/schema\/person\/7ec851ddeceb4133d7d7132dc645714e"},"breadcrumb":{"@id":"https:\/\/ondauno.com.ar\/index.php\/2026\/03\/16\/avila-explico-los-problemas-de-drenaje-en-claromeco-y-volvio-a-reclamar-la-obra-de-pluviales\/#breadcrumb"},"inLanguage":"es-AR","potentialAction":[{"@type":"ReadAction","target":["https:\/\/ondauno.com.ar\/index.php\/2026\/03\/16\/avila-explico-los-problemas-de-drenaje-en-claromeco-y-volvio-a-reclamar-la-obra-de-pluviales\/"]}]},{"@type":"ImageObject","inLanguage":"es-AR","@id":"https:\/\/ondauno.com.ar\/index.php\/2026\/03\/16\/avila-explico-los-problemas-de-drenaje-en-claromeco-y-volvio-a-reclamar-la-obra-de-pluviales\/#primaryimage","url":"https:\/\/ondauno.com.ar\/wp-content\/uploads\/2026\/03\/WhatsApp-Image-2026-03-16-at-12.44.44.jpeg","contentUrl":"https:\/\/ondauno.com.ar\/wp-content\/uploads\/2026\/03\/WhatsApp-Image-2026-03-16-at-12.44.44.jpeg","width":1296,"height":864},{"@type":"BreadcrumbList","@id":"https:\/\/ondauno.com.ar\/index.php\/2026\/03\/16\/avila-explico-los-problemas-de-drenaje-en-claromeco-y-volvio-a-reclamar-la-obra-de-pluviales\/#breadcrumb","itemListElement":[{"@type":"ListItem","position":1,"name":"Inicio","item":"https:\/\/ondauno.com.ar\/"},{"@type":"ListItem","position":2,"name":"Avila explic\u00f3 los problemas de drenaje en Claromec\u00f3 y volvi\u00f3 a reclamar la obra de pluviales"}]},{"@type":"WebSite","@id":"https:\/\/ondauno.com.ar\/#website","url":"https:\/\/ondauno.com.ar\/","name":"103.9 fm","description":"LA PRIMERA RADIO MULTIMEDIA DE TRES ARROYOS","potentialAction":[{"@type":"SearchAction","target":{"@type":"EntryPoint","urlTemplate":"https:\/\/ondauno.com.ar\/?s={search_term_string}"},"query-input":"required name=search_term_string"}],"inLanguage":"es-AR"},{"@type":"Person","@id":"https:\/\/ondauno.com.ar\/#\/schema\/person\/7ec851ddeceb4133d7d7132dc645714e","name":"OndaUno","image":{"@type":"ImageObject","inLanguage":"es-AR","@id":"https:\/\/ondauno.com.ar\/#\/schema\/person\/image\/","url":"https:\/\/secure.gravatar.com\/avatar\/93b8009f0de7021f1feb2bd5b32fb9e8?s=96&d=mm&r=g","contentUrl":"https:\/\/secure.gravatar.com\/avatar\/93b8009f0de7021f1feb2bd5b32fb9e8?s=96&d=mm&r=g","caption":"OndaUno"},"url":"https:\/\/ondauno.com.ar\/index.php\/author\/ondauno\/"}]}},"jetpack_publicize_connections":[],"jetpack_featured_media_url":"https:\/\/ondauno.com.ar\/wp-content\/uploads\/2026\/03\/WhatsApp-Image-2026-03-16-at-12.44.44.jpeg","jetpack_sharing_enabled":true,"_links":{"self":[{"href":"https:\/\/ondauno.com.ar\/index.php\/wp-json\/wp\/v2\/posts\/63596","targetHints":{"allow":["GET"]}}],"collection":[{"href":"https:\/\/ondauno.com.ar\/index.php\/wp-json\/wp\/v2\/posts"}],"about":[{"href":"https:\/\/ondauno.com.ar\/index.php\/wp-json\/wp\/v2\/types\/post"}],"author":[{"embeddable":true,"href":"https:\/\/ondauno.com.ar\/index.php\/wp-json\/wp\/v2\/users\/1"}],"replies":[{"embeddable":true,"href":"https:\/\/ondauno.com.ar\/index.php\/wp-json\/wp\/v2\/comments?post=63596"}],"version-history":[{"count":1,"href":"https:\/\/ondauno.com.ar\/index.php\/wp-json\/wp\/v2\/posts\/63596\/revisions"}],"predecessor-version":[{"id":63598,"href":"https:\/\/ondauno.com.ar\/index.php\/wp-json\/wp\/v2\/posts\/63596\/revisions\/63598"}],"wp:featuredmedia":[{"embeddable":true,"href":"https:\/\/ondauno.com.ar\/index.php\/wp-json\/wp\/v2\/media\/63597"}],"wp:attachment":[{"href":"https:\/\/ondauno.com.ar\/index.php\/wp-json\/wp\/v2\/media?parent=63596"}],"wp:term":[{"taxonomy":"category","embeddable":true,"href":"https:\/\/ondauno.com.ar\/index.php\/wp-json\/wp\/v2\/categories?post=63596"},{"taxonomy":"post_tag","embeddable":true,"href":"https:\/\/ondauno.com.ar\/index.php\/wp-json\/wp\/v2\/tags?post=63596"}],"curies":[{"name":"wp","href":"https:\/\/api.w.org\/{rel}","templated":true}]}}