{"id":63593,"date":"2026-03-16T12:54:31","date_gmt":"2026-03-16T15:54:31","guid":{"rendered":"https:\/\/ondauno.com.ar\/?p=63593"},"modified":"2026-03-16T12:54:38","modified_gmt":"2026-03-16T15:54:38","slug":"allanamiento-positivo-por-un-caso-de-abrepuertas-en-tres-arroyos","status":"publish","type":"post","link":"https:\/\/ondauno.com.ar\/index.php\/2026\/03\/16\/allanamiento-positivo-por-un-caso-de-abrepuertas-en-tres-arroyos\/","title":{"rendered":"Allanamiento positivo por un caso de \u201cabrepuertas\u201d en Tres Arroyos"},"content":{"rendered":"<div class=\"ondau-before-content_3\" style=\"margin-top: -30px;\" id=\"ondau-2867085367\"><a href=\"https:\/\/www.lps.com.ar\/\" aria-label=\"la-perse2\"><img loading=\"lazy\" decoding=\"async\" src=\"https:\/\/ondauno.com.ar\/wp-content\/uploads\/2021\/10\/la-perse2.jpg\" alt=\"\"  srcset=\"https:\/\/ondauno.com.ar\/wp-content\/uploads\/2021\/10\/la-perse2.jpg 1353w, https:\/\/ondauno.com.ar\/wp-content\/uploads\/2021\/10\/la-perse2-300x43.jpg 300w, https:\/\/ondauno.com.ar\/wp-content\/uploads\/2021\/10\/la-perse2-1024x148.jpg 1024w, https:\/\/ondauno.com.ar\/wp-content\/uploads\/2021\/10\/la-perse2-768x111.jpg 768w, https:\/\/ondauno.com.ar\/wp-content\/uploads\/2021\/10\/la-perse2-696x100.jpg 696w, https:\/\/ondauno.com.ar\/wp-content\/uploads\/2021\/10\/la-perse2-1068x154.jpg 1068w\" sizes=\"(max-width: 1353px) 100vw, 1353px\" class=\"no-lazyload\" width=\"1353\" height=\"195\"  style=\"display: inline-block;\" \/><\/a><\/div>\n<p>Personal del Grupo T\u00e1ctico Operativo (GTO) de la Estaci\u00f3n de Polic\u00eda de Seguridad Comunal de Tres Arroyos, Comisar\u00eda Primera, a cargo del comisario Cristian Daniel Tedini, llev\u00f3 adelante un allanamiento que permiti\u00f3 esclarecer un hecho delictivo bajo la modalidad conocida como \u201cabrepuertas\u201d.<\/p>\n\n\n\n<p>El procedimiento se realiz\u00f3 el s\u00e1bado 14 de marzo alrededor de las 17 horas en una vivienda ubicada en calle Derqui al 500 de nuestra ciudad, donde se concret\u00f3 una orden de registro domiciliario con resultados positivos.<\/p>\n\n\n\n<p>La investigaci\u00f3n se inici\u00f3 a partir de la denuncia de un joven de 19 a\u00f1os, quien inform\u00f3 que un sujeto ingres\u00f3 a su veh\u00edculo estacionado en avenida Belgrano al 600 y le sustrajo una billetera con dinero y documentaci\u00f3n personal. Tras el hecho, el autor se retir\u00f3 del lugar en un autom\u00f3vil Ford Fiesta color bordo.<\/p>\n\n\n\n<p>Seg\u00fan indicaron fuentes policiales, ese mismo veh\u00edculo hab\u00eda sido mencionado en otros puntos de la ciudad realizando maniobras similares, es decir, probando las puertas de autos estacionados para verificar si estaban sin seguro.<\/p>\n\n\n\n<p>A partir de esa informaci\u00f3n, el personal del GTO intensific\u00f3 la b\u00fasqueda y logr\u00f3 localizar el rodado en calle San Lorenzo al 200. All\u00ed se identific\u00f3 al presunto autor, un hombre de 26 a\u00f1os oriundo de la ciudad de Tandil.<\/p>\n\n\n\n<p>Posteriormente se solicit\u00f3 una orden de allanamiento al Juzgado de Garant\u00edas local, que permiti\u00f3 secuestrar las prendas de vestir utilizadas al momento de cometer el hecho denunciado, quedando de esta manera esclarecido el caso.<\/p>\n\n\n\n<p>En la causa se instruyen actuaciones por el delito de hurto, con intervenci\u00f3n de la UFIJ N\u00ba 16 del Departamento Judicial Bah\u00eda Blanca.<\/p>\n","protected":false},"excerpt":{"rendered":"<p>Personal del Grupo T\u00e1ctico Operativo (GTO) de la Estaci\u00f3n de Polic\u00eda de Seguridad Comunal de Tres Arroyos, Comisar\u00eda Primera, a cargo del comisario Cristian Daniel Tedini, llev\u00f3 adelante un allanamiento que permiti\u00f3 esclarecer un hecho delictivo bajo la modalidad conocida como \u201cabrepuertas\u201d. El procedimiento se realiz\u00f3 el s\u00e1bado 14 de marzo alrededor de las 17 [&hellip;]<\/p>\n","protected":false},"author":1,"featured_media":63594,"comment_status":"open","ping_status":"open","sticky":false,"template":"","format":"standard","meta":{"tdm_status":"","tdm_grid_status":"","_jetpack_memberships_contains_paid_content":false,"footnotes":"","jetpack_publicize_message":"","jetpack_publicize_feature_enabled":true,"jetpack_social_post_already_shared":true,"jetpack_social_options":{"image_generator_settings":{"template":"highway","default_image_id":0,"font":"","enabled":false},"version":2}},"categories":[29],"tags":[],"class_list":{"0":"post-63593","1":"post","2":"type-post","3":"status-publish","4":"format-standard","5":"has-post-thumbnail","7":"category-policiales"},"yoast_head":"<!-- This site is optimized with the Yoast SEO plugin v22.7 - https:\/\/yoast.com\/wordpress\/plugins\/seo\/ -->\n<title>Allanamiento positivo por un caso de \u201cabrepuertas\u201d en Tres Arroyos - 103.9 fm<\/title>\n<meta name=\"robots\" content=\"index, follow, max-snippet:-1, max-image-preview:large, max-video-preview:-1\" \/>\n<link rel=\"canonical\" href=\"https:\/\/ondauno.com.ar\/index.php\/2026\/03\/16\/allanamiento-positivo-por-un-caso-de-abrepuertas-en-tres-arroyos\/\" \/>\n<meta property=\"og:locale\" content=\"es_ES\" \/>\n<meta property=\"og:type\" content=\"article\" \/>\n<meta property=\"og:title\" content=\"Allanamiento positivo por un caso de \u201cabrepuertas\u201d en Tres Arroyos - 103.9 fm\" \/>\n<meta property=\"og:description\" content=\"Personal del Grupo T\u00e1ctico Operativo (GTO) de la Estaci\u00f3n de Polic\u00eda de Seguridad Comunal de Tres Arroyos, Comisar\u00eda Primera, a cargo del comisario Cristian Daniel Tedini, llev\u00f3 adelante un allanamiento que permiti\u00f3 esclarecer un hecho delictivo bajo la modalidad conocida como \u201cabrepuertas\u201d. El procedimiento se realiz\u00f3 el s\u00e1bado 14 de marzo alrededor de las 17 [&hellip;]\" \/>\n<meta property=\"og:url\" content=\"https:\/\/ondauno.com.ar\/index.php\/2026\/03\/16\/allanamiento-positivo-por-un-caso-de-abrepuertas-en-tres-arroyos\/\" \/>\n<meta property=\"og:site_name\" content=\"103.9 fm\" \/>\n<meta property=\"article:publisher\" content=\"https:\/\/www.facebook.com\/ondauno103.9\" \/>\n<meta property=\"article:published_time\" content=\"2026-03-16T15:54:31+00:00\" \/>\n<meta property=\"article:modified_time\" content=\"2026-03-16T15:54:38+00:00\" \/>\n<meta property=\"og:image\" content=\"http:\/\/ondauno.com.ar\/wp-content\/uploads\/2026\/03\/WhatsApp-Image-2026-03-16-at-11.15.22.jpeg\" \/>\n\t<meta property=\"og:image:width\" content=\"1600\" \/>\n\t<meta property=\"og:image:height\" content=\"1200\" \/>\n\t<meta property=\"og:image:type\" content=\"image\/jpeg\" \/>\n<meta name=\"author\" content=\"OndaUno\" \/>\n<meta name=\"twitter:card\" content=\"summary_large_image\" \/>\n<meta name=\"twitter:label1\" content=\"Escrito por\" \/>\n\t<meta name=\"twitter:data1\" content=\"OndaUno\" \/>\n\t<meta name=\"twitter:label2\" content=\"Tiempo de lectura\" \/>\n\t<meta name=\"twitter:data2\" content=\"2 minutos\" \/>\n<script type=\"application\/ld+json\" class=\"yoast-schema-graph\">{\"@context\":\"https:\/\/schema.org\",\"@graph\":[{\"@type\":\"WebPage\",\"@id\":\"https:\/\/ondauno.com.ar\/index.php\/2026\/03\/16\/allanamiento-positivo-por-un-caso-de-abrepuertas-en-tres-arroyos\/\",\"url\":\"https:\/\/ondauno.com.ar\/index.php\/2026\/03\/16\/allanamiento-positivo-por-un-caso-de-abrepuertas-en-tres-arroyos\/\",\"name\":\"Allanamiento positivo por un caso de \u201cabrepuertas\u201d en Tres Arroyos - 103.9 fm\",\"isPartOf\":{\"@id\":\"https:\/\/ondauno.com.ar\/#website\"},\"primaryImageOfPage\":{\"@id\":\"https:\/\/ondauno.com.ar\/index.php\/2026\/03\/16\/allanamiento-positivo-por-un-caso-de-abrepuertas-en-tres-arroyos\/#primaryimage\"},\"image\":{\"@id\":\"https:\/\/ondauno.com.ar\/index.php\/2026\/03\/16\/allanamiento-positivo-por-un-caso-de-abrepuertas-en-tres-arroyos\/#primaryimage\"},\"thumbnailUrl\":\"https:\/\/ondauno.com.ar\/wp-content\/uploads\/2026\/03\/WhatsApp-Image-2026-03-16-at-11.15.22.jpeg\",\"datePublished\":\"2026-03-16T15:54:31+00:00\",\"dateModified\":\"2026-03-16T15:54:38+00:00\",\"author\":{\"@id\":\"https:\/\/ondauno.com.ar\/#\/schema\/person\/7ec851ddeceb4133d7d7132dc645714e\"},\"breadcrumb\":{\"@id\":\"https:\/\/ondauno.com.ar\/index.php\/2026\/03\/16\/allanamiento-positivo-por-un-caso-de-abrepuertas-en-tres-arroyos\/#breadcrumb\"},\"inLanguage\":\"es-AR\",\"potentialAction\":[{\"@type\":\"ReadAction\",\"target\":[\"https:\/\/ondauno.com.ar\/index.php\/2026\/03\/16\/allanamiento-positivo-por-un-caso-de-abrepuertas-en-tres-arroyos\/\"]}]},{\"@type\":\"ImageObject\",\"inLanguage\":\"es-AR\",\"@id\":\"https:\/\/ondauno.com.ar\/index.php\/2026\/03\/16\/allanamiento-positivo-por-un-caso-de-abrepuertas-en-tres-arroyos\/#primaryimage\",\"url\":\"https:\/\/ondauno.com.ar\/wp-content\/uploads\/2026\/03\/WhatsApp-Image-2026-03-16-at-11.15.22.jpeg\",\"contentUrl\":\"https:\/\/ondauno.com.ar\/wp-content\/uploads\/2026\/03\/WhatsApp-Image-2026-03-16-at-11.15.22.jpeg\",\"width\":1600,\"height\":1200},{\"@type\":\"BreadcrumbList\",\"@id\":\"https:\/\/ondauno.com.ar\/index.php\/2026\/03\/16\/allanamiento-positivo-por-un-caso-de-abrepuertas-en-tres-arroyos\/#breadcrumb\",\"itemListElement\":[{\"@type\":\"ListItem\",\"position\":1,\"name\":\"Inicio\",\"item\":\"https:\/\/ondauno.com.ar\/\"},{\"@type\":\"ListItem\",\"position\":2,\"name\":\"Allanamiento positivo por un caso de \u201cabrepuertas\u201d en Tres Arroyos\"}]},{\"@type\":\"WebSite\",\"@id\":\"https:\/\/ondauno.com.ar\/#website\",\"url\":\"https:\/\/ondauno.com.ar\/\",\"name\":\"103.9 fm\",\"description\":\"LA PRIMERA RADIO MULTIMEDIA DE TRES ARROYOS\",\"potentialAction\":[{\"@type\":\"SearchAction\",\"target\":{\"@type\":\"EntryPoint\",\"urlTemplate\":\"https:\/\/ondauno.com.ar\/?s={search_term_string}\"},\"query-input\":\"required name=search_term_string\"}],\"inLanguage\":\"es-AR\"},{\"@type\":\"Person\",\"@id\":\"https:\/\/ondauno.com.ar\/#\/schema\/person\/7ec851ddeceb4133d7d7132dc645714e\",\"name\":\"OndaUno\",\"image\":{\"@type\":\"ImageObject\",\"inLanguage\":\"es-AR\",\"@id\":\"https:\/\/ondauno.com.ar\/#\/schema\/person\/image\/\",\"url\":\"https:\/\/secure.gravatar.com\/avatar\/93b8009f0de7021f1feb2bd5b32fb9e8?s=96&d=mm&r=g\",\"contentUrl\":\"https:\/\/secure.gravatar.com\/avatar\/93b8009f0de7021f1feb2bd5b32fb9e8?s=96&d=mm&r=g\",\"caption\":\"OndaUno\"},\"url\":\"https:\/\/ondauno.com.ar\/index.php\/author\/ondauno\/\"}]}<\/script>\n<!-- \/ Yoast SEO plugin. -->","yoast_head_json":{"title":"Allanamiento positivo por un caso de \u201cabrepuertas\u201d en Tres Arroyos - 103.9 fm","robots":{"index":"index","follow":"follow","max-snippet":"max-snippet:-1","max-image-preview":"max-image-preview:large","max-video-preview":"max-video-preview:-1"},"canonical":"https:\/\/ondauno.com.ar\/index.php\/2026\/03\/16\/allanamiento-positivo-por-un-caso-de-abrepuertas-en-tres-arroyos\/","og_locale":"es_ES","og_type":"article","og_title":"Allanamiento positivo por un caso de \u201cabrepuertas\u201d en Tres Arroyos - 103.9 fm","og_description":"Personal del Grupo T\u00e1ctico Operativo (GTO) de la Estaci\u00f3n de Polic\u00eda de Seguridad Comunal de Tres Arroyos, Comisar\u00eda Primera, a cargo del comisario Cristian Daniel Tedini, llev\u00f3 adelante un allanamiento que permiti\u00f3 esclarecer un hecho delictivo bajo la modalidad conocida como \u201cabrepuertas\u201d. El procedimiento se realiz\u00f3 el s\u00e1bado 14 de marzo alrededor de las 17 [&hellip;]","og_url":"https:\/\/ondauno.com.ar\/index.php\/2026\/03\/16\/allanamiento-positivo-por-un-caso-de-abrepuertas-en-tres-arroyos\/","og_site_name":"103.9 fm","article_publisher":"https:\/\/www.facebook.com\/ondauno103.9","article_published_time":"2026-03-16T15:54:31+00:00","article_modified_time":"2026-03-16T15:54:38+00:00","og_image":[{"width":1600,"height":1200,"url":"http:\/\/ondauno.com.ar\/wp-content\/uploads\/2026\/03\/WhatsApp-Image-2026-03-16-at-11.15.22.jpeg","type":"image\/jpeg"}],"author":"OndaUno","twitter_card":"summary_large_image","twitter_misc":{"Escrito por":"OndaUno","Tiempo de lectura":"2 minutos"},"schema":{"@context":"https:\/\/schema.org","@graph":[{"@type":"WebPage","@id":"https:\/\/ondauno.com.ar\/index.php\/2026\/03\/16\/allanamiento-positivo-por-un-caso-de-abrepuertas-en-tres-arroyos\/","url":"https:\/\/ondauno.com.ar\/index.php\/2026\/03\/16\/allanamiento-positivo-por-un-caso-de-abrepuertas-en-tres-arroyos\/","name":"Allanamiento positivo por un caso de \u201cabrepuertas\u201d en Tres Arroyos - 103.9 fm","isPartOf":{"@id":"https:\/\/ondauno.com.ar\/#website"},"primaryImageOfPage":{"@id":"https:\/\/ondauno.com.ar\/index.php\/2026\/03\/16\/allanamiento-positivo-por-un-caso-de-abrepuertas-en-tres-arroyos\/#primaryimage"},"image":{"@id":"https:\/\/ondauno.com.ar\/index.php\/2026\/03\/16\/allanamiento-positivo-por-un-caso-de-abrepuertas-en-tres-arroyos\/#primaryimage"},"thumbnailUrl":"https:\/\/ondauno.com.ar\/wp-content\/uploads\/2026\/03\/WhatsApp-Image-2026-03-16-at-11.15.22.jpeg","datePublished":"2026-03-16T15:54:31+00:00","dateModified":"2026-03-16T15:54:38+00:00","author":{"@id":"https:\/\/ondauno.com.ar\/#\/schema\/person\/7ec851ddeceb4133d7d7132dc645714e"},"breadcrumb":{"@id":"https:\/\/ondauno.com.ar\/index.php\/2026\/03\/16\/allanamiento-positivo-por-un-caso-de-abrepuertas-en-tres-arroyos\/#breadcrumb"},"inLanguage":"es-AR","potentialAction":[{"@type":"ReadAction","target":["https:\/\/ondauno.com.ar\/index.php\/2026\/03\/16\/allanamiento-positivo-por-un-caso-de-abrepuertas-en-tres-arroyos\/"]}]},{"@type":"ImageObject","inLanguage":"es-AR","@id":"https:\/\/ondauno.com.ar\/index.php\/2026\/03\/16\/allanamiento-positivo-por-un-caso-de-abrepuertas-en-tres-arroyos\/#primaryimage","url":"https:\/\/ondauno.com.ar\/wp-content\/uploads\/2026\/03\/WhatsApp-Image-2026-03-16-at-11.15.22.jpeg","contentUrl":"https:\/\/ondauno.com.ar\/wp-content\/uploads\/2026\/03\/WhatsApp-Image-2026-03-16-at-11.15.22.jpeg","width":1600,"height":1200},{"@type":"BreadcrumbList","@id":"https:\/\/ondauno.com.ar\/index.php\/2026\/03\/16\/allanamiento-positivo-por-un-caso-de-abrepuertas-en-tres-arroyos\/#breadcrumb","itemListElement":[{"@type":"ListItem","position":1,"name":"Inicio","item":"https:\/\/ondauno.com.ar\/"},{"@type":"ListItem","position":2,"name":"Allanamiento positivo por un caso de \u201cabrepuertas\u201d en Tres Arroyos"}]},{"@type":"WebSite","@id":"https:\/\/ondauno.com.ar\/#website","url":"https:\/\/ondauno.com.ar\/","name":"103.9 fm","description":"LA PRIMERA RADIO MULTIMEDIA DE TRES ARROYOS","potentialAction":[{"@type":"SearchAction","target":{"@type":"EntryPoint","urlTemplate":"https:\/\/ondauno.com.ar\/?s={search_term_string}"},"query-input":"required name=search_term_string"}],"inLanguage":"es-AR"},{"@type":"Person","@id":"https:\/\/ondauno.com.ar\/#\/schema\/person\/7ec851ddeceb4133d7d7132dc645714e","name":"OndaUno","image":{"@type":"ImageObject","inLanguage":"es-AR","@id":"https:\/\/ondauno.com.ar\/#\/schema\/person\/image\/","url":"https:\/\/secure.gravatar.com\/avatar\/93b8009f0de7021f1feb2bd5b32fb9e8?s=96&d=mm&r=g","contentUrl":"https:\/\/secure.gravatar.com\/avatar\/93b8009f0de7021f1feb2bd5b32fb9e8?s=96&d=mm&r=g","caption":"OndaUno"},"url":"https:\/\/ondauno.com.ar\/index.php\/author\/ondauno\/"}]}},"jetpack_publicize_connections":[],"jetpack_featured_media_url":"https:\/\/ondauno.com.ar\/wp-content\/uploads\/2026\/03\/WhatsApp-Image-2026-03-16-at-11.15.22.jpeg","jetpack_sharing_enabled":true,"_links":{"self":[{"href":"https:\/\/ondauno.com.ar\/index.php\/wp-json\/wp\/v2\/posts\/63593","targetHints":{"allow":["GET"]}}],"collection":[{"href":"https:\/\/ondauno.com.ar\/index.php\/wp-json\/wp\/v2\/posts"}],"about":[{"href":"https:\/\/ondauno.com.ar\/index.php\/wp-json\/wp\/v2\/types\/post"}],"author":[{"embeddable":true,"href":"https:\/\/ondauno.com.ar\/index.php\/wp-json\/wp\/v2\/users\/1"}],"replies":[{"embeddable":true,"href":"https:\/\/ondauno.com.ar\/index.php\/wp-json\/wp\/v2\/comments?post=63593"}],"version-history":[{"count":1,"href":"https:\/\/ondauno.com.ar\/index.php\/wp-json\/wp\/v2\/posts\/63593\/revisions"}],"predecessor-version":[{"id":63595,"href":"https:\/\/ondauno.com.ar\/index.php\/wp-json\/wp\/v2\/posts\/63593\/revisions\/63595"}],"wp:featuredmedia":[{"embeddable":true,"href":"https:\/\/ondauno.com.ar\/index.php\/wp-json\/wp\/v2\/media\/63594"}],"wp:attachment":[{"href":"https:\/\/ondauno.com.ar\/index.php\/wp-json\/wp\/v2\/media?parent=63593"}],"wp:term":[{"taxonomy":"category","embeddable":true,"href":"https:\/\/ondauno.com.ar\/index.php\/wp-json\/wp\/v2\/categories?post=63593"},{"taxonomy":"post_tag","embeddable":true,"href":"https:\/\/ondauno.com.ar\/index.php\/wp-json\/wp\/v2\/tags?post=63593"}],"curies":[{"name":"wp","href":"https:\/\/api.w.org\/{rel}","templated":true}]}}