{"id":63584,"date":"2026-03-16T12:29:24","date_gmt":"2026-03-16T15:29:24","guid":{"rendered":"https:\/\/ondauno.com.ar\/?p=63584"},"modified":"2026-03-16T12:29:31","modified_gmt":"2026-03-16T15:29:31","slug":"inauguraron-la-muestra-mil-veces-buenas-noches-de-mariana-fernunson-en-el-museo-mulazzi","status":"publish","type":"post","link":"https:\/\/ondauno.com.ar\/index.php\/2026\/03\/16\/inauguraron-la-muestra-mil-veces-buenas-noches-de-mariana-fernunson-en-el-museo-mulazzi\/","title":{"rendered":"Inauguraron la muestra \u201cMil veces buenas noches\u201d de Mariana Fernunson en el Museo Mulazzi"},"content":{"rendered":"<div class=\"ondau-before-content_3\" style=\"margin-top: -30px;\" id=\"ondau-974849087\"><a href=\"https:\/\/www.lps.com.ar\/\" aria-label=\"la-perse2\"><img loading=\"lazy\" decoding=\"async\" src=\"https:\/\/ondauno.com.ar\/wp-content\/uploads\/2021\/10\/la-perse2.jpg\" alt=\"\"  srcset=\"https:\/\/ondauno.com.ar\/wp-content\/uploads\/2021\/10\/la-perse2.jpg 1353w, https:\/\/ondauno.com.ar\/wp-content\/uploads\/2021\/10\/la-perse2-300x43.jpg 300w, https:\/\/ondauno.com.ar\/wp-content\/uploads\/2021\/10\/la-perse2-1024x148.jpg 1024w, https:\/\/ondauno.com.ar\/wp-content\/uploads\/2021\/10\/la-perse2-768x111.jpg 768w, https:\/\/ondauno.com.ar\/wp-content\/uploads\/2021\/10\/la-perse2-696x100.jpg 696w, https:\/\/ondauno.com.ar\/wp-content\/uploads\/2021\/10\/la-perse2-1068x154.jpg 1068w\" sizes=\"(max-width: 1353px) 100vw, 1353px\" class=\"no-lazyload\" width=\"1353\" height=\"195\"  style=\"display: inline-block;\" \/><\/a><\/div>\n<p>En la Sala Mayor del Museo Municipal Jos\u00e9 A. Mulazzi se llev\u00f3 a cabo la inauguraci\u00f3n de la muestra \u201cMil veces buenas noches\u201d, de la reconocida artista pl\u00e1stica local Mariana Fernunson.<\/p>\n\n\n\n<p>La exposici\u00f3n forma parte de las actividades organizadas en el marco del Mes Internacional de la Mujer y re\u00fane una selecci\u00f3n de obras que recorren distintos momentos de producci\u00f3n de la artista, configurando una mirada retrospectiva sobre un per\u00edodo de trabajo centrado en la exploraci\u00f3n del cuerpo y la figura humana como territorio emocional.<\/p>\n\n\n\n<p>Durante la apertura, el p\u00fablico acompa\u00f1\u00f3 activamente la propuesta y recorri\u00f3 las distintas obras exhibidas, que invitan a reflexionar sobre la identidad y las emociones.<\/p>\n\n\n\n<p>En ese contexto, la propia artista explic\u00f3 el sentido de su trabajo. \u201cLas figuras que puede observar quien visita la exposici\u00f3n no narran acciones concretas: habitan instantes suspendidos, donde la pintura se vuelve un espacio de reflexi\u00f3n sobre la identidad, la fragilidad y la fuerza\u201d, expres\u00f3.<\/p>\n\n\n\n<p>Cabe destacar que la muestra podr\u00e1 visitarse hasta el 13 de abril, de lunes a viernes de 7 a 14 horas, mientras que los horarios de la tarde se informan directamente en el museo.<\/p>\n","protected":false},"excerpt":{"rendered":"<p>En la Sala Mayor del Museo Municipal Jos\u00e9 A. Mulazzi se llev\u00f3 a cabo la inauguraci\u00f3n de la muestra \u201cMil veces buenas noches\u201d, de la reconocida artista pl\u00e1stica local Mariana Fernunson. La exposici\u00f3n forma parte de las actividades organizadas en el marco del Mes Internacional de la Mujer y re\u00fane una selecci\u00f3n de obras que [&hellip;]<\/p>\n","protected":false},"author":1,"featured_media":63585,"comment_status":"open","ping_status":"open","sticky":false,"template":"","format":"standard","meta":{"tdm_status":"","tdm_grid_status":"","_jetpack_memberships_contains_paid_content":false,"footnotes":"","jetpack_publicize_message":"","jetpack_publicize_feature_enabled":true,"jetpack_social_post_already_shared":true,"jetpack_social_options":{"image_generator_settings":{"template":"highway","default_image_id":0,"font":"","enabled":false},"version":2}},"categories":[28],"tags":[],"class_list":{"0":"post-63584","1":"post","2":"type-post","3":"status-publish","4":"format-standard","5":"has-post-thumbnail","7":"category-interes-general"},"yoast_head":"<!-- This site is optimized with the Yoast SEO plugin v22.7 - https:\/\/yoast.com\/wordpress\/plugins\/seo\/ -->\n<title>Inauguraron la muestra \u201cMil veces buenas noches\u201d de Mariana Fernunson en el Museo Mulazzi - 103.9 fm<\/title>\n<meta name=\"robots\" content=\"index, follow, max-snippet:-1, max-image-preview:large, max-video-preview:-1\" \/>\n<link rel=\"canonical\" href=\"https:\/\/ondauno.com.ar\/index.php\/2026\/03\/16\/inauguraron-la-muestra-mil-veces-buenas-noches-de-mariana-fernunson-en-el-museo-mulazzi\/\" \/>\n<meta property=\"og:locale\" content=\"es_ES\" \/>\n<meta property=\"og:type\" content=\"article\" \/>\n<meta property=\"og:title\" content=\"Inauguraron la muestra \u201cMil veces buenas noches\u201d de Mariana Fernunson en el Museo Mulazzi - 103.9 fm\" \/>\n<meta property=\"og:description\" content=\"En la Sala Mayor del Museo Municipal Jos\u00e9 A. Mulazzi se llev\u00f3 a cabo la inauguraci\u00f3n de la muestra \u201cMil veces buenas noches\u201d, de la reconocida artista pl\u00e1stica local Mariana Fernunson. La exposici\u00f3n forma parte de las actividades organizadas en el marco del Mes Internacional de la Mujer y re\u00fane una selecci\u00f3n de obras que [&hellip;]\" \/>\n<meta property=\"og:url\" content=\"https:\/\/ondauno.com.ar\/index.php\/2026\/03\/16\/inauguraron-la-muestra-mil-veces-buenas-noches-de-mariana-fernunson-en-el-museo-mulazzi\/\" \/>\n<meta property=\"og:site_name\" content=\"103.9 fm\" \/>\n<meta property=\"article:publisher\" content=\"https:\/\/www.facebook.com\/ondauno103.9\" \/>\n<meta property=\"article:published_time\" content=\"2026-03-16T15:29:24+00:00\" \/>\n<meta property=\"article:modified_time\" content=\"2026-03-16T15:29:31+00:00\" \/>\n<meta property=\"og:image\" content=\"http:\/\/ondauno.com.ar\/wp-content\/uploads\/2026\/03\/WhatsApp-Image-2026-03-16-at-11.19.16.jpeg\" \/>\n\t<meta property=\"og:image:width\" content=\"1280\" \/>\n\t<meta property=\"og:image:height\" content=\"960\" \/>\n\t<meta property=\"og:image:type\" content=\"image\/jpeg\" \/>\n<meta name=\"author\" content=\"OndaUno\" \/>\n<meta name=\"twitter:card\" content=\"summary_large_image\" \/>\n<meta name=\"twitter:label1\" content=\"Escrito por\" \/>\n\t<meta name=\"twitter:data1\" content=\"OndaUno\" \/>\n\t<meta name=\"twitter:label2\" content=\"Tiempo de lectura\" \/>\n\t<meta name=\"twitter:data2\" content=\"2 minutos\" \/>\n<script type=\"application\/ld+json\" class=\"yoast-schema-graph\">{\"@context\":\"https:\/\/schema.org\",\"@graph\":[{\"@type\":\"WebPage\",\"@id\":\"https:\/\/ondauno.com.ar\/index.php\/2026\/03\/16\/inauguraron-la-muestra-mil-veces-buenas-noches-de-mariana-fernunson-en-el-museo-mulazzi\/\",\"url\":\"https:\/\/ondauno.com.ar\/index.php\/2026\/03\/16\/inauguraron-la-muestra-mil-veces-buenas-noches-de-mariana-fernunson-en-el-museo-mulazzi\/\",\"name\":\"Inauguraron la muestra \u201cMil veces buenas noches\u201d de Mariana Fernunson en el Museo Mulazzi - 103.9 fm\",\"isPartOf\":{\"@id\":\"https:\/\/ondauno.com.ar\/#website\"},\"primaryImageOfPage\":{\"@id\":\"https:\/\/ondauno.com.ar\/index.php\/2026\/03\/16\/inauguraron-la-muestra-mil-veces-buenas-noches-de-mariana-fernunson-en-el-museo-mulazzi\/#primaryimage\"},\"image\":{\"@id\":\"https:\/\/ondauno.com.ar\/index.php\/2026\/03\/16\/inauguraron-la-muestra-mil-veces-buenas-noches-de-mariana-fernunson-en-el-museo-mulazzi\/#primaryimage\"},\"thumbnailUrl\":\"https:\/\/ondauno.com.ar\/wp-content\/uploads\/2026\/03\/WhatsApp-Image-2026-03-16-at-11.19.16.jpeg\",\"datePublished\":\"2026-03-16T15:29:24+00:00\",\"dateModified\":\"2026-03-16T15:29:31+00:00\",\"author\":{\"@id\":\"https:\/\/ondauno.com.ar\/#\/schema\/person\/7ec851ddeceb4133d7d7132dc645714e\"},\"breadcrumb\":{\"@id\":\"https:\/\/ondauno.com.ar\/index.php\/2026\/03\/16\/inauguraron-la-muestra-mil-veces-buenas-noches-de-mariana-fernunson-en-el-museo-mulazzi\/#breadcrumb\"},\"inLanguage\":\"es-AR\",\"potentialAction\":[{\"@type\":\"ReadAction\",\"target\":[\"https:\/\/ondauno.com.ar\/index.php\/2026\/03\/16\/inauguraron-la-muestra-mil-veces-buenas-noches-de-mariana-fernunson-en-el-museo-mulazzi\/\"]}]},{\"@type\":\"ImageObject\",\"inLanguage\":\"es-AR\",\"@id\":\"https:\/\/ondauno.com.ar\/index.php\/2026\/03\/16\/inauguraron-la-muestra-mil-veces-buenas-noches-de-mariana-fernunson-en-el-museo-mulazzi\/#primaryimage\",\"url\":\"https:\/\/ondauno.com.ar\/wp-content\/uploads\/2026\/03\/WhatsApp-Image-2026-03-16-at-11.19.16.jpeg\",\"contentUrl\":\"https:\/\/ondauno.com.ar\/wp-content\/uploads\/2026\/03\/WhatsApp-Image-2026-03-16-at-11.19.16.jpeg\",\"width\":1280,\"height\":960},{\"@type\":\"BreadcrumbList\",\"@id\":\"https:\/\/ondauno.com.ar\/index.php\/2026\/03\/16\/inauguraron-la-muestra-mil-veces-buenas-noches-de-mariana-fernunson-en-el-museo-mulazzi\/#breadcrumb\",\"itemListElement\":[{\"@type\":\"ListItem\",\"position\":1,\"name\":\"Inicio\",\"item\":\"https:\/\/ondauno.com.ar\/\"},{\"@type\":\"ListItem\",\"position\":2,\"name\":\"Inauguraron la muestra \u201cMil veces buenas noches\u201d de Mariana Fernunson en el Museo Mulazzi\"}]},{\"@type\":\"WebSite\",\"@id\":\"https:\/\/ondauno.com.ar\/#website\",\"url\":\"https:\/\/ondauno.com.ar\/\",\"name\":\"103.9 fm\",\"description\":\"LA PRIMERA RADIO MULTIMEDIA DE TRES ARROYOS\",\"potentialAction\":[{\"@type\":\"SearchAction\",\"target\":{\"@type\":\"EntryPoint\",\"urlTemplate\":\"https:\/\/ondauno.com.ar\/?s={search_term_string}\"},\"query-input\":\"required name=search_term_string\"}],\"inLanguage\":\"es-AR\"},{\"@type\":\"Person\",\"@id\":\"https:\/\/ondauno.com.ar\/#\/schema\/person\/7ec851ddeceb4133d7d7132dc645714e\",\"name\":\"OndaUno\",\"image\":{\"@type\":\"ImageObject\",\"inLanguage\":\"es-AR\",\"@id\":\"https:\/\/ondauno.com.ar\/#\/schema\/person\/image\/\",\"url\":\"https:\/\/secure.gravatar.com\/avatar\/93b8009f0de7021f1feb2bd5b32fb9e8?s=96&d=mm&r=g\",\"contentUrl\":\"https:\/\/secure.gravatar.com\/avatar\/93b8009f0de7021f1feb2bd5b32fb9e8?s=96&d=mm&r=g\",\"caption\":\"OndaUno\"},\"url\":\"https:\/\/ondauno.com.ar\/index.php\/author\/ondauno\/\"}]}<\/script>\n<!-- \/ Yoast SEO plugin. -->","yoast_head_json":{"title":"Inauguraron la muestra \u201cMil veces buenas noches\u201d de Mariana Fernunson en el Museo Mulazzi - 103.9 fm","robots":{"index":"index","follow":"follow","max-snippet":"max-snippet:-1","max-image-preview":"max-image-preview:large","max-video-preview":"max-video-preview:-1"},"canonical":"https:\/\/ondauno.com.ar\/index.php\/2026\/03\/16\/inauguraron-la-muestra-mil-veces-buenas-noches-de-mariana-fernunson-en-el-museo-mulazzi\/","og_locale":"es_ES","og_type":"article","og_title":"Inauguraron la muestra \u201cMil veces buenas noches\u201d de Mariana Fernunson en el Museo Mulazzi - 103.9 fm","og_description":"En la Sala Mayor del Museo Municipal Jos\u00e9 A. Mulazzi se llev\u00f3 a cabo la inauguraci\u00f3n de la muestra \u201cMil veces buenas noches\u201d, de la reconocida artista pl\u00e1stica local Mariana Fernunson. La exposici\u00f3n forma parte de las actividades organizadas en el marco del Mes Internacional de la Mujer y re\u00fane una selecci\u00f3n de obras que [&hellip;]","og_url":"https:\/\/ondauno.com.ar\/index.php\/2026\/03\/16\/inauguraron-la-muestra-mil-veces-buenas-noches-de-mariana-fernunson-en-el-museo-mulazzi\/","og_site_name":"103.9 fm","article_publisher":"https:\/\/www.facebook.com\/ondauno103.9","article_published_time":"2026-03-16T15:29:24+00:00","article_modified_time":"2026-03-16T15:29:31+00:00","og_image":[{"width":1280,"height":960,"url":"http:\/\/ondauno.com.ar\/wp-content\/uploads\/2026\/03\/WhatsApp-Image-2026-03-16-at-11.19.16.jpeg","type":"image\/jpeg"}],"author":"OndaUno","twitter_card":"summary_large_image","twitter_misc":{"Escrito por":"OndaUno","Tiempo de lectura":"2 minutos"},"schema":{"@context":"https:\/\/schema.org","@graph":[{"@type":"WebPage","@id":"https:\/\/ondauno.com.ar\/index.php\/2026\/03\/16\/inauguraron-la-muestra-mil-veces-buenas-noches-de-mariana-fernunson-en-el-museo-mulazzi\/","url":"https:\/\/ondauno.com.ar\/index.php\/2026\/03\/16\/inauguraron-la-muestra-mil-veces-buenas-noches-de-mariana-fernunson-en-el-museo-mulazzi\/","name":"Inauguraron la muestra \u201cMil veces buenas noches\u201d de Mariana Fernunson en el Museo Mulazzi - 103.9 fm","isPartOf":{"@id":"https:\/\/ondauno.com.ar\/#website"},"primaryImageOfPage":{"@id":"https:\/\/ondauno.com.ar\/index.php\/2026\/03\/16\/inauguraron-la-muestra-mil-veces-buenas-noches-de-mariana-fernunson-en-el-museo-mulazzi\/#primaryimage"},"image":{"@id":"https:\/\/ondauno.com.ar\/index.php\/2026\/03\/16\/inauguraron-la-muestra-mil-veces-buenas-noches-de-mariana-fernunson-en-el-museo-mulazzi\/#primaryimage"},"thumbnailUrl":"https:\/\/ondauno.com.ar\/wp-content\/uploads\/2026\/03\/WhatsApp-Image-2026-03-16-at-11.19.16.jpeg","datePublished":"2026-03-16T15:29:24+00:00","dateModified":"2026-03-16T15:29:31+00:00","author":{"@id":"https:\/\/ondauno.com.ar\/#\/schema\/person\/7ec851ddeceb4133d7d7132dc645714e"},"breadcrumb":{"@id":"https:\/\/ondauno.com.ar\/index.php\/2026\/03\/16\/inauguraron-la-muestra-mil-veces-buenas-noches-de-mariana-fernunson-en-el-museo-mulazzi\/#breadcrumb"},"inLanguage":"es-AR","potentialAction":[{"@type":"ReadAction","target":["https:\/\/ondauno.com.ar\/index.php\/2026\/03\/16\/inauguraron-la-muestra-mil-veces-buenas-noches-de-mariana-fernunson-en-el-museo-mulazzi\/"]}]},{"@type":"ImageObject","inLanguage":"es-AR","@id":"https:\/\/ondauno.com.ar\/index.php\/2026\/03\/16\/inauguraron-la-muestra-mil-veces-buenas-noches-de-mariana-fernunson-en-el-museo-mulazzi\/#primaryimage","url":"https:\/\/ondauno.com.ar\/wp-content\/uploads\/2026\/03\/WhatsApp-Image-2026-03-16-at-11.19.16.jpeg","contentUrl":"https:\/\/ondauno.com.ar\/wp-content\/uploads\/2026\/03\/WhatsApp-Image-2026-03-16-at-11.19.16.jpeg","width":1280,"height":960},{"@type":"BreadcrumbList","@id":"https:\/\/ondauno.com.ar\/index.php\/2026\/03\/16\/inauguraron-la-muestra-mil-veces-buenas-noches-de-mariana-fernunson-en-el-museo-mulazzi\/#breadcrumb","itemListElement":[{"@type":"ListItem","position":1,"name":"Inicio","item":"https:\/\/ondauno.com.ar\/"},{"@type":"ListItem","position":2,"name":"Inauguraron la muestra \u201cMil veces buenas noches\u201d de Mariana Fernunson en el Museo Mulazzi"}]},{"@type":"WebSite","@id":"https:\/\/ondauno.com.ar\/#website","url":"https:\/\/ondauno.com.ar\/","name":"103.9 fm","description":"LA PRIMERA RADIO MULTIMEDIA DE TRES ARROYOS","potentialAction":[{"@type":"SearchAction","target":{"@type":"EntryPoint","urlTemplate":"https:\/\/ondauno.com.ar\/?s={search_term_string}"},"query-input":"required name=search_term_string"}],"inLanguage":"es-AR"},{"@type":"Person","@id":"https:\/\/ondauno.com.ar\/#\/schema\/person\/7ec851ddeceb4133d7d7132dc645714e","name":"OndaUno","image":{"@type":"ImageObject","inLanguage":"es-AR","@id":"https:\/\/ondauno.com.ar\/#\/schema\/person\/image\/","url":"https:\/\/secure.gravatar.com\/avatar\/93b8009f0de7021f1feb2bd5b32fb9e8?s=96&d=mm&r=g","contentUrl":"https:\/\/secure.gravatar.com\/avatar\/93b8009f0de7021f1feb2bd5b32fb9e8?s=96&d=mm&r=g","caption":"OndaUno"},"url":"https:\/\/ondauno.com.ar\/index.php\/author\/ondauno\/"}]}},"jetpack_publicize_connections":[],"jetpack_featured_media_url":"https:\/\/ondauno.com.ar\/wp-content\/uploads\/2026\/03\/WhatsApp-Image-2026-03-16-at-11.19.16.jpeg","jetpack_sharing_enabled":true,"_links":{"self":[{"href":"https:\/\/ondauno.com.ar\/index.php\/wp-json\/wp\/v2\/posts\/63584","targetHints":{"allow":["GET"]}}],"collection":[{"href":"https:\/\/ondauno.com.ar\/index.php\/wp-json\/wp\/v2\/posts"}],"about":[{"href":"https:\/\/ondauno.com.ar\/index.php\/wp-json\/wp\/v2\/types\/post"}],"author":[{"embeddable":true,"href":"https:\/\/ondauno.com.ar\/index.php\/wp-json\/wp\/v2\/users\/1"}],"replies":[{"embeddable":true,"href":"https:\/\/ondauno.com.ar\/index.php\/wp-json\/wp\/v2\/comments?post=63584"}],"version-history":[{"count":1,"href":"https:\/\/ondauno.com.ar\/index.php\/wp-json\/wp\/v2\/posts\/63584\/revisions"}],"predecessor-version":[{"id":63586,"href":"https:\/\/ondauno.com.ar\/index.php\/wp-json\/wp\/v2\/posts\/63584\/revisions\/63586"}],"wp:featuredmedia":[{"embeddable":true,"href":"https:\/\/ondauno.com.ar\/index.php\/wp-json\/wp\/v2\/media\/63585"}],"wp:attachment":[{"href":"https:\/\/ondauno.com.ar\/index.php\/wp-json\/wp\/v2\/media?parent=63584"}],"wp:term":[{"taxonomy":"category","embeddable":true,"href":"https:\/\/ondauno.com.ar\/index.php\/wp-json\/wp\/v2\/categories?post=63584"},{"taxonomy":"post_tag","embeddable":true,"href":"https:\/\/ondauno.com.ar\/index.php\/wp-json\/wp\/v2\/tags?post=63584"}],"curies":[{"name":"wp","href":"https:\/\/api.w.org\/{rel}","templated":true}]}}