{"id":63567,"date":"2026-03-13T13:35:48","date_gmt":"2026-03-13T16:35:48","guid":{"rendered":"https:\/\/ondauno.com.ar\/?p=63567"},"modified":"2026-03-13T14:16:05","modified_gmt":"2026-03-13T17:16:05","slug":"una-obra-historica-garate-anuncio-el-inicio-del-recambio-de-la-red-de-agua","status":"publish","type":"post","link":"https:\/\/ondauno.com.ar\/index.php\/2026\/03\/13\/una-obra-historica-garate-anuncio-el-inicio-del-recambio-de-la-red-de-agua\/","title":{"rendered":"&#8220;Una obra hist\u00f3rica&#8221;: Garate anunci\u00f3 la licitaci\u00f3n del recambio de la red de agua"},"content":{"rendered":"<div class=\"ondau-before-content_3\" style=\"margin-top: -30px;\" id=\"ondau-733174218\"><a href=\"https:\/\/www.lps.com.ar\/\" aria-label=\"la-perse2\"><img loading=\"lazy\" decoding=\"async\" src=\"https:\/\/ondauno.com.ar\/wp-content\/uploads\/2021\/10\/la-perse2.jpg\" alt=\"\"  srcset=\"https:\/\/ondauno.com.ar\/wp-content\/uploads\/2021\/10\/la-perse2.jpg 1353w, https:\/\/ondauno.com.ar\/wp-content\/uploads\/2021\/10\/la-perse2-300x43.jpg 300w, https:\/\/ondauno.com.ar\/wp-content\/uploads\/2021\/10\/la-perse2-1024x148.jpg 1024w, https:\/\/ondauno.com.ar\/wp-content\/uploads\/2021\/10\/la-perse2-768x111.jpg 768w, https:\/\/ondauno.com.ar\/wp-content\/uploads\/2021\/10\/la-perse2-696x100.jpg 696w, https:\/\/ondauno.com.ar\/wp-content\/uploads\/2021\/10\/la-perse2-1068x154.jpg 1068w\" sizes=\"(max-width: 1353px) 100vw, 1353px\" class=\"no-lazyload\" width=\"1353\" height=\"195\"  style=\"display: inline-block;\" \/><\/a><\/div>\n<p>En Cosas que pasan el intendente <strong>Pablo Garate<\/strong> confirm\u00f3 que se ha dado un paso trascendental para resolver uno de los problemas estructurales m\u00e1s graves de la ciudad como lo es el recambio de las ca\u00f1er\u00edas de agua de red.<\/p>\n\n\n\n<p><strong>El 27 de abril<\/strong><\/p>\n\n\n\n<p>El cronograma ya est\u00e1 en marcha. Seg\u00fan explic\u00f3 el intendente, los d\u00edas <strong>26 y 27 de abril<\/strong> se realizar\u00e1 a la apertura de los sobres de la licitaci\u00f3n para adjudicar la obra a las empresas oferentes. Este proceso marca el inicio del primer 25% de un recambio total de ca\u00f1er\u00edas que el municipio planea instalar como una verdadera &#8220;pol\u00edtica de Estado&#8221;.<\/p>\n\n\n\n<p>&#8220;Lo que est\u00e1 claro ac\u00e1 es la decisi\u00f3n de la Provincia de Buenos Aires de acompa\u00f1ar una gesti\u00f3n y un reclamo de Tres Arroyos&#8221;, se\u00f1al\u00f3 Garate, destacando que la inversi\u00f3n supera los <strong>6.000 millones de pesos<\/strong>. El mandatario record\u00f3 que esta obra no estaba originalmente en el presupuesto provincial, pero fue incorporada tras intensas gestiones ante el gobernador Axel Kicillof y el ministro Gabriel Katopodis.<\/p>\n\n\n\n<p><strong>El fin de los ca\u00f1os de 1964<\/strong><\/p>\n\n\n\n<p>La magnitud del proyecto se entiende al observar la antig\u00fcedad de la infraestructura actual. Garate fue enf\u00e1tico al se\u00f1alar que se reemplazar\u00e1n ca\u00f1er\u00edas instaladas en <strong>1964<\/strong>, las cuales tienen m\u00e1s de <strong>60 a\u00f1os de antig\u00fcedad<\/strong> y son la causa principal de las constantes p\u00e9rdidas de presi\u00f3n y roturas en la v\u00eda p\u00fablica.<\/p>\n\n\n\n<p>Sin embargo aclaro sobre el impacto inmediato de los trabajos y dijo que <strong>&#8220;va a ser una obra inc\u00f3moda&#8221;<\/strong>. &#8220;Hay que romper para sacar la ca\u00f1er\u00eda vieja y poner la nueva, hay que cortar calles. Pero el objetivo es definitivo: tener una red de agua corriente como la gente&#8221;. Se estima que la ejecuci\u00f3n de esta primera etapa se extienda durante todo el a\u00f1o 2026.<\/p>\n\n\n\n<p><strong>Calidad y presi\u00f3n<\/strong><\/p>\n\n\n\n<p>Ante las consultas sobre la calidad del fluido y los mitos respecto a la presencia de ars\u00e9nico, Garate busc\u00f3 llevar tranquilidad a la poblaci\u00f3n. Aclar\u00f3 que, a diferencia de otras zonas de la provincia, Tres Arroyos no tiene un problema sist\u00e9mico de ars\u00e9nico y que los episodios ocasionales se deben a la sobreexigencia de los pozos.<\/p>\n\n\n\n<p>Para complementar el recambio de red, el municipio tambi\u00e9n est\u00e1 avanzando en la licitaci\u00f3n de un <strong>nuevo pozo de agua<\/strong> y la finalizaci\u00f3n de una <strong>cisterna<\/strong>. &#8220;Todo esto redunda en una mejor calidad. Cuando un pozo nuevo funciona, permite que otros descansen, mejorando la presi\u00f3n y el caudal&#8221;.<\/p>\n\n\n\n<p><strong>Un proyecto a futuro<\/strong><\/p>\n\n\n\n<p>Garate, quien record\u00f3 que desde sus tiempos como concejal ha reclamado por esta &#8220;obra madre&#8221;, subray\u00f3 que su gesti\u00f3n busca &#8220;animarse a m\u00e1s&#8221;. Adem\u00e1s de la obra p\u00fablica tradicional, mencion\u00f3 la planificaci\u00f3n de una <strong>SAPEM<\/strong> para trabajar en conjunto con el sector privado y mejorar los servicios p\u00fablicos.<\/p>\n\n\n\n<p>&#8220;Esta obra no la pod\u00eda hacer el municipio \u00fanicamente&#8221;, reconoci\u00f3 el intendente, agradeciendo el firme respaldo del gobierno provincial.<\/p>\n\n\n\n<figure class=\"wp-block-embed is-type-video is-provider-youtube wp-block-embed-youtube wp-embed-aspect-16-9 wp-has-aspect-ratio\"><div class=\"wp-block-embed__wrapper\">\n<div class=\"youtube-embed\" data-video_id=\"TioKlo57--A\"><iframe loading=\"lazy\" title=\"Onda Uno 103.9 en vivo\" width=\"696\" height=\"392\" data-src=\"https:\/\/www.youtube.com\/embed\/TioKlo57--A?start=139&#038;feature=oembed\" frameborder=\"0\" allow=\"accelerometer; autoplay; clipboard-write; encrypted-media; gyroscope; picture-in-picture; web-share\" referrerpolicy=\"strict-origin-when-cross-origin\" allowfullscreen src=\"data:image\/gif;base64,R0lGODlhAQABAAAAACH5BAEKAAEALAAAAAABAAEAAAICTAEAOw==\" class=\"lazyload\" data-load-mode=\"1\"><\/iframe><\/div>\n<\/div><\/figure>\n","protected":false},"excerpt":{"rendered":"<p>En Cosas que pasan el intendente Pablo Garate confirm\u00f3 que se ha dado un paso trascendental para resolver uno de los problemas estructurales m\u00e1s graves de la ciudad como lo es el recambio de las ca\u00f1er\u00edas de agua de red. El 27 de abril El cronograma ya est\u00e1 en marcha. Seg\u00fan explic\u00f3 el intendente, los [&hellip;]<\/p>\n","protected":false},"author":2,"featured_media":63568,"comment_status":"open","ping_status":"open","sticky":false,"template":"","format":"standard","meta":{"tdm_status":"","tdm_grid_status":"","_jetpack_memberships_contains_paid_content":false,"footnotes":"","jetpack_publicize_message":"","jetpack_publicize_feature_enabled":true,"jetpack_social_post_already_shared":true,"jetpack_social_options":{"image_generator_settings":{"template":"highway","default_image_id":0,"font":"","enabled":false},"version":2}},"categories":[1],"tags":[],"class_list":{"0":"post-63567","1":"post","2":"type-post","3":"status-publish","4":"format-standard","5":"has-post-thumbnail","7":"category-sin-categoria"},"yoast_head":"<!-- This site is optimized with the Yoast SEO plugin v22.7 - https:\/\/yoast.com\/wordpress\/plugins\/seo\/ -->\n<title>&quot;Una obra hist\u00f3rica&quot;: Garate anunci\u00f3 la licitaci\u00f3n del recambio de la red de agua - 103.9 fm<\/title>\n<meta name=\"robots\" content=\"index, follow, max-snippet:-1, max-image-preview:large, max-video-preview:-1\" \/>\n<link rel=\"canonical\" href=\"https:\/\/ondauno.com.ar\/index.php\/2026\/03\/13\/una-obra-historica-garate-anuncio-el-inicio-del-recambio-de-la-red-de-agua\/\" \/>\n<meta property=\"og:locale\" content=\"es_ES\" \/>\n<meta property=\"og:type\" content=\"article\" \/>\n<meta property=\"og:title\" content=\"&quot;Una obra hist\u00f3rica&quot;: Garate anunci\u00f3 la licitaci\u00f3n del recambio de la red de agua - 103.9 fm\" \/>\n<meta property=\"og:description\" content=\"En Cosas que pasan el intendente Pablo Garate confirm\u00f3 que se ha dado un paso trascendental para resolver uno de los problemas estructurales m\u00e1s graves de la ciudad como lo es el recambio de las ca\u00f1er\u00edas de agua de red. El 27 de abril El cronograma ya est\u00e1 en marcha. Seg\u00fan explic\u00f3 el intendente, los [&hellip;]\" \/>\n<meta property=\"og:url\" content=\"https:\/\/ondauno.com.ar\/index.php\/2026\/03\/13\/una-obra-historica-garate-anuncio-el-inicio-del-recambio-de-la-red-de-agua\/\" \/>\n<meta property=\"og:site_name\" content=\"103.9 fm\" \/>\n<meta property=\"article:publisher\" content=\"https:\/\/www.facebook.com\/ondauno103.9\" \/>\n<meta property=\"article:published_time\" content=\"2026-03-13T16:35:48+00:00\" \/>\n<meta property=\"article:modified_time\" content=\"2026-03-13T17:16:05+00:00\" \/>\n<meta property=\"og:image\" content=\"http:\/\/ondauno.com.ar\/wp-content\/uploads\/2026\/03\/garate.jpeg\" \/>\n\t<meta property=\"og:image:width\" content=\"731\" \/>\n\t<meta property=\"og:image:height\" content=\"545\" \/>\n\t<meta property=\"og:image:type\" content=\"image\/jpeg\" \/>\n<meta name=\"author\" content=\"fernando garcia\" \/>\n<meta name=\"twitter:card\" content=\"summary_large_image\" \/>\n<meta name=\"twitter:label1\" content=\"Escrito por\" \/>\n\t<meta name=\"twitter:data1\" content=\"fernando garcia\" \/>\n\t<meta name=\"twitter:label2\" content=\"Tiempo de lectura\" \/>\n\t<meta name=\"twitter:data2\" content=\"3 minutos\" \/>\n<script type=\"application\/ld+json\" class=\"yoast-schema-graph\">{\"@context\":\"https:\/\/schema.org\",\"@graph\":[{\"@type\":\"WebPage\",\"@id\":\"https:\/\/ondauno.com.ar\/index.php\/2026\/03\/13\/una-obra-historica-garate-anuncio-el-inicio-del-recambio-de-la-red-de-agua\/\",\"url\":\"https:\/\/ondauno.com.ar\/index.php\/2026\/03\/13\/una-obra-historica-garate-anuncio-el-inicio-del-recambio-de-la-red-de-agua\/\",\"name\":\"\\\"Una obra hist\u00f3rica\\\": Garate anunci\u00f3 la licitaci\u00f3n del recambio de la red de agua - 103.9 fm\",\"isPartOf\":{\"@id\":\"https:\/\/ondauno.com.ar\/#website\"},\"primaryImageOfPage\":{\"@id\":\"https:\/\/ondauno.com.ar\/index.php\/2026\/03\/13\/una-obra-historica-garate-anuncio-el-inicio-del-recambio-de-la-red-de-agua\/#primaryimage\"},\"image\":{\"@id\":\"https:\/\/ondauno.com.ar\/index.php\/2026\/03\/13\/una-obra-historica-garate-anuncio-el-inicio-del-recambio-de-la-red-de-agua\/#primaryimage\"},\"thumbnailUrl\":\"https:\/\/ondauno.com.ar\/wp-content\/uploads\/2026\/03\/garate.jpeg\",\"datePublished\":\"2026-03-13T16:35:48+00:00\",\"dateModified\":\"2026-03-13T17:16:05+00:00\",\"author\":{\"@id\":\"https:\/\/ondauno.com.ar\/#\/schema\/person\/201d1b68e6c75e0fd396fe5f8af5d139\"},\"breadcrumb\":{\"@id\":\"https:\/\/ondauno.com.ar\/index.php\/2026\/03\/13\/una-obra-historica-garate-anuncio-el-inicio-del-recambio-de-la-red-de-agua\/#breadcrumb\"},\"inLanguage\":\"es-AR\",\"potentialAction\":[{\"@type\":\"ReadAction\",\"target\":[\"https:\/\/ondauno.com.ar\/index.php\/2026\/03\/13\/una-obra-historica-garate-anuncio-el-inicio-del-recambio-de-la-red-de-agua\/\"]}]},{\"@type\":\"ImageObject\",\"inLanguage\":\"es-AR\",\"@id\":\"https:\/\/ondauno.com.ar\/index.php\/2026\/03\/13\/una-obra-historica-garate-anuncio-el-inicio-del-recambio-de-la-red-de-agua\/#primaryimage\",\"url\":\"https:\/\/ondauno.com.ar\/wp-content\/uploads\/2026\/03\/garate.jpeg\",\"contentUrl\":\"https:\/\/ondauno.com.ar\/wp-content\/uploads\/2026\/03\/garate.jpeg\",\"width\":731,\"height\":545},{\"@type\":\"BreadcrumbList\",\"@id\":\"https:\/\/ondauno.com.ar\/index.php\/2026\/03\/13\/una-obra-historica-garate-anuncio-el-inicio-del-recambio-de-la-red-de-agua\/#breadcrumb\",\"itemListElement\":[{\"@type\":\"ListItem\",\"position\":1,\"name\":\"Inicio\",\"item\":\"https:\/\/ondauno.com.ar\/\"},{\"@type\":\"ListItem\",\"position\":2,\"name\":\"&#8220;Una obra hist\u00f3rica&#8221;: Garate anunci\u00f3 la licitaci\u00f3n del recambio de la red de agua\"}]},{\"@type\":\"WebSite\",\"@id\":\"https:\/\/ondauno.com.ar\/#website\",\"url\":\"https:\/\/ondauno.com.ar\/\",\"name\":\"103.9 fm\",\"description\":\"LA PRIMERA RADIO MULTIMEDIA DE TRES ARROYOS\",\"potentialAction\":[{\"@type\":\"SearchAction\",\"target\":{\"@type\":\"EntryPoint\",\"urlTemplate\":\"https:\/\/ondauno.com.ar\/?s={search_term_string}\"},\"query-input\":\"required name=search_term_string\"}],\"inLanguage\":\"es-AR\"},{\"@type\":\"Person\",\"@id\":\"https:\/\/ondauno.com.ar\/#\/schema\/person\/201d1b68e6c75e0fd396fe5f8af5d139\",\"name\":\"fernando garcia\",\"image\":{\"@type\":\"ImageObject\",\"inLanguage\":\"es-AR\",\"@id\":\"https:\/\/ondauno.com.ar\/#\/schema\/person\/image\/\",\"url\":\"https:\/\/secure.gravatar.com\/avatar\/5f7254642ad81272e79a2e69653cfdfc?s=96&d=mm&r=g\",\"contentUrl\":\"https:\/\/secure.gravatar.com\/avatar\/5f7254642ad81272e79a2e69653cfdfc?s=96&d=mm&r=g\",\"caption\":\"fernando garcia\"},\"url\":\"https:\/\/ondauno.com.ar\/index.php\/author\/ondaunoeditor\/\"}]}<\/script>\n<!-- \/ Yoast SEO plugin. -->","yoast_head_json":{"title":"\"Una obra hist\u00f3rica\": Garate anunci\u00f3 la licitaci\u00f3n del recambio de la red de agua - 103.9 fm","robots":{"index":"index","follow":"follow","max-snippet":"max-snippet:-1","max-image-preview":"max-image-preview:large","max-video-preview":"max-video-preview:-1"},"canonical":"https:\/\/ondauno.com.ar\/index.php\/2026\/03\/13\/una-obra-historica-garate-anuncio-el-inicio-del-recambio-de-la-red-de-agua\/","og_locale":"es_ES","og_type":"article","og_title":"\"Una obra hist\u00f3rica\": Garate anunci\u00f3 la licitaci\u00f3n del recambio de la red de agua - 103.9 fm","og_description":"En Cosas que pasan el intendente Pablo Garate confirm\u00f3 que se ha dado un paso trascendental para resolver uno de los problemas estructurales m\u00e1s graves de la ciudad como lo es el recambio de las ca\u00f1er\u00edas de agua de red. El 27 de abril El cronograma ya est\u00e1 en marcha. Seg\u00fan explic\u00f3 el intendente, los [&hellip;]","og_url":"https:\/\/ondauno.com.ar\/index.php\/2026\/03\/13\/una-obra-historica-garate-anuncio-el-inicio-del-recambio-de-la-red-de-agua\/","og_site_name":"103.9 fm","article_publisher":"https:\/\/www.facebook.com\/ondauno103.9","article_published_time":"2026-03-13T16:35:48+00:00","article_modified_time":"2026-03-13T17:16:05+00:00","og_image":[{"width":731,"height":545,"url":"http:\/\/ondauno.com.ar\/wp-content\/uploads\/2026\/03\/garate.jpeg","type":"image\/jpeg"}],"author":"fernando garcia","twitter_card":"summary_large_image","twitter_misc":{"Escrito por":"fernando garcia","Tiempo de lectura":"3 minutos"},"schema":{"@context":"https:\/\/schema.org","@graph":[{"@type":"WebPage","@id":"https:\/\/ondauno.com.ar\/index.php\/2026\/03\/13\/una-obra-historica-garate-anuncio-el-inicio-del-recambio-de-la-red-de-agua\/","url":"https:\/\/ondauno.com.ar\/index.php\/2026\/03\/13\/una-obra-historica-garate-anuncio-el-inicio-del-recambio-de-la-red-de-agua\/","name":"\"Una obra hist\u00f3rica\": Garate anunci\u00f3 la licitaci\u00f3n del recambio de la red de agua - 103.9 fm","isPartOf":{"@id":"https:\/\/ondauno.com.ar\/#website"},"primaryImageOfPage":{"@id":"https:\/\/ondauno.com.ar\/index.php\/2026\/03\/13\/una-obra-historica-garate-anuncio-el-inicio-del-recambio-de-la-red-de-agua\/#primaryimage"},"image":{"@id":"https:\/\/ondauno.com.ar\/index.php\/2026\/03\/13\/una-obra-historica-garate-anuncio-el-inicio-del-recambio-de-la-red-de-agua\/#primaryimage"},"thumbnailUrl":"https:\/\/ondauno.com.ar\/wp-content\/uploads\/2026\/03\/garate.jpeg","datePublished":"2026-03-13T16:35:48+00:00","dateModified":"2026-03-13T17:16:05+00:00","author":{"@id":"https:\/\/ondauno.com.ar\/#\/schema\/person\/201d1b68e6c75e0fd396fe5f8af5d139"},"breadcrumb":{"@id":"https:\/\/ondauno.com.ar\/index.php\/2026\/03\/13\/una-obra-historica-garate-anuncio-el-inicio-del-recambio-de-la-red-de-agua\/#breadcrumb"},"inLanguage":"es-AR","potentialAction":[{"@type":"ReadAction","target":["https:\/\/ondauno.com.ar\/index.php\/2026\/03\/13\/una-obra-historica-garate-anuncio-el-inicio-del-recambio-de-la-red-de-agua\/"]}]},{"@type":"ImageObject","inLanguage":"es-AR","@id":"https:\/\/ondauno.com.ar\/index.php\/2026\/03\/13\/una-obra-historica-garate-anuncio-el-inicio-del-recambio-de-la-red-de-agua\/#primaryimage","url":"https:\/\/ondauno.com.ar\/wp-content\/uploads\/2026\/03\/garate.jpeg","contentUrl":"https:\/\/ondauno.com.ar\/wp-content\/uploads\/2026\/03\/garate.jpeg","width":731,"height":545},{"@type":"BreadcrumbList","@id":"https:\/\/ondauno.com.ar\/index.php\/2026\/03\/13\/una-obra-historica-garate-anuncio-el-inicio-del-recambio-de-la-red-de-agua\/#breadcrumb","itemListElement":[{"@type":"ListItem","position":1,"name":"Inicio","item":"https:\/\/ondauno.com.ar\/"},{"@type":"ListItem","position":2,"name":"&#8220;Una obra hist\u00f3rica&#8221;: Garate anunci\u00f3 la licitaci\u00f3n del recambio de la red de agua"}]},{"@type":"WebSite","@id":"https:\/\/ondauno.com.ar\/#website","url":"https:\/\/ondauno.com.ar\/","name":"103.9 fm","description":"LA PRIMERA RADIO MULTIMEDIA DE TRES ARROYOS","potentialAction":[{"@type":"SearchAction","target":{"@type":"EntryPoint","urlTemplate":"https:\/\/ondauno.com.ar\/?s={search_term_string}"},"query-input":"required name=search_term_string"}],"inLanguage":"es-AR"},{"@type":"Person","@id":"https:\/\/ondauno.com.ar\/#\/schema\/person\/201d1b68e6c75e0fd396fe5f8af5d139","name":"fernando garcia","image":{"@type":"ImageObject","inLanguage":"es-AR","@id":"https:\/\/ondauno.com.ar\/#\/schema\/person\/image\/","url":"https:\/\/secure.gravatar.com\/avatar\/5f7254642ad81272e79a2e69653cfdfc?s=96&d=mm&r=g","contentUrl":"https:\/\/secure.gravatar.com\/avatar\/5f7254642ad81272e79a2e69653cfdfc?s=96&d=mm&r=g","caption":"fernando garcia"},"url":"https:\/\/ondauno.com.ar\/index.php\/author\/ondaunoeditor\/"}]}},"jetpack_publicize_connections":[],"jetpack_featured_media_url":"https:\/\/ondauno.com.ar\/wp-content\/uploads\/2026\/03\/garate.jpeg","jetpack_sharing_enabled":true,"_links":{"self":[{"href":"https:\/\/ondauno.com.ar\/index.php\/wp-json\/wp\/v2\/posts\/63567","targetHints":{"allow":["GET"]}}],"collection":[{"href":"https:\/\/ondauno.com.ar\/index.php\/wp-json\/wp\/v2\/posts"}],"about":[{"href":"https:\/\/ondauno.com.ar\/index.php\/wp-json\/wp\/v2\/types\/post"}],"author":[{"embeddable":true,"href":"https:\/\/ondauno.com.ar\/index.php\/wp-json\/wp\/v2\/users\/2"}],"replies":[{"embeddable":true,"href":"https:\/\/ondauno.com.ar\/index.php\/wp-json\/wp\/v2\/comments?post=63567"}],"version-history":[{"count":3,"href":"https:\/\/ondauno.com.ar\/index.php\/wp-json\/wp\/v2\/posts\/63567\/revisions"}],"predecessor-version":[{"id":63580,"href":"https:\/\/ondauno.com.ar\/index.php\/wp-json\/wp\/v2\/posts\/63567\/revisions\/63580"}],"wp:featuredmedia":[{"embeddable":true,"href":"https:\/\/ondauno.com.ar\/index.php\/wp-json\/wp\/v2\/media\/63568"}],"wp:attachment":[{"href":"https:\/\/ondauno.com.ar\/index.php\/wp-json\/wp\/v2\/media?parent=63567"}],"wp:term":[{"taxonomy":"category","embeddable":true,"href":"https:\/\/ondauno.com.ar\/index.php\/wp-json\/wp\/v2\/categories?post=63567"},{"taxonomy":"post_tag","embeddable":true,"href":"https:\/\/ondauno.com.ar\/index.php\/wp-json\/wp\/v2\/tags?post=63567"}],"curies":[{"name":"wp","href":"https:\/\/api.w.org\/{rel}","templated":true}]}}