{"id":63564,"date":"2026-03-13T13:20:40","date_gmt":"2026-03-13T16:20:40","guid":{"rendered":"https:\/\/ondauno.com.ar\/?p=63564"},"modified":"2026-03-14T17:07:51","modified_gmt":"2026-03-14T20:07:51","slug":"la-pausa-un-refugio-de-sabor-y-tranquilidad-en-reta","status":"publish","type":"post","link":"https:\/\/ondauno.com.ar\/index.php\/2026\/03\/13\/la-pausa-un-refugio-de-sabor-y-tranquilidad-en-reta\/","title":{"rendered":"La Pausa: un refugio de sabor y tranquilidad en Reta"},"content":{"rendered":"<div class=\"ondau-before-content_3\" style=\"margin-top: -30px;\" id=\"ondau-4115814329\"><a href=\"https:\/\/www.lps.com.ar\/\" aria-label=\"la-perse2\"><img loading=\"lazy\" decoding=\"async\" src=\"https:\/\/ondauno.com.ar\/wp-content\/uploads\/2021\/10\/la-perse2.jpg\" alt=\"\"  srcset=\"https:\/\/ondauno.com.ar\/wp-content\/uploads\/2021\/10\/la-perse2.jpg 1353w, https:\/\/ondauno.com.ar\/wp-content\/uploads\/2021\/10\/la-perse2-300x43.jpg 300w, https:\/\/ondauno.com.ar\/wp-content\/uploads\/2021\/10\/la-perse2-1024x148.jpg 1024w, https:\/\/ondauno.com.ar\/wp-content\/uploads\/2021\/10\/la-perse2-768x111.jpg 768w, https:\/\/ondauno.com.ar\/wp-content\/uploads\/2021\/10\/la-perse2-696x100.jpg 696w, https:\/\/ondauno.com.ar\/wp-content\/uploads\/2021\/10\/la-perse2-1068x154.jpg 1068w\" sizes=\"(max-width: 1353px) 100vw, 1353px\" class=\"no-lazyload\" width=\"1353\" height=\"195\"  style=\"display: inline-block;\" \/><\/a><\/div>\n<p>En el parador <strong>La Pausa<\/strong>, la actividad no cesa. Su concesionario, Emmanuel Monforte, cuenta que el espacio ofrece lo que Monforte define como <strong>&#8220;la mejor vista de Reta&#8221;<\/strong>. Desde su terraza, este viernes al mediod\u00eda se observaba un &#8220;mar planchado&#8221;.<\/p>\n\n\n\n<p>Aunque la temporada alta qued\u00f3 atr\u00e1s, el parador mantiene su compromiso con la calidad. La oferta gastron\u00f3mica es variada: desde la cl\u00e1sica sandwicher\u00eda de verano -hamburguesas, lomitos y s\u00e1ndwiches primavera- hasta platos m\u00e1s elaborados que se sirven durante todo el a\u00f1o al mediod\u00eda. Entre las especialidades de la cocina, donde trabajan Yane y Agustina, destacan el <strong>lomo al Malbec con pur\u00e9<\/strong> y pescados de la zona como el <strong>gatuso o el pez gallo<\/strong>, que pueden pedirse con salsa de roquefort o al lim\u00f3n.<\/p>\n\n\n\n<p>&#8220;Reta invita a buscar tranquilidad, a conectarse con la naturaleza y a la buena gastronom\u00eda&#8221;, explica Emmanuel, subrayando que el servicio busca mejorar d\u00eda a d\u00eda bas\u00e1ndose en los comentarios de los visitantes. Para \u00e9l, la clave est\u00e1 en que la experiencia sea completa: que el lugar no sea solo &#8220;lindo&#8221;, sino tambi\u00e9n &#8220;rico&#8221;.<\/p>\n\n\n\n<p><strong>Marzo y el invierno<\/strong><\/p>\n\n\n\n<p>El mes de marzo comenz\u00f3 con buen movimiento, aunque ahora el flujo se concentra mayoritariamente en los fines de semana. Durante este mes y hasta <strong>Semana Santa<\/strong>, el parador abre de martes a domingo (los lunes son para el descanso del equipo), desde las 9:30 hasta aproximadamente las 20:30, dependiendo de la afluencia de p\u00fablico.<\/p>\n\n\n\n<figure class=\"wp-block-embed is-type-video is-provider-youtube wp-block-embed-youtube wp-embed-aspect-16-9 wp-has-aspect-ratio\"><div class=\"wp-block-embed__wrapper\">\n<div class=\"youtube-embed\" data-video_id=\"9CFFDeyuWIE\"><iframe loading=\"lazy\" title=\"Onda Uno 103.9 en vivo\" width=\"696\" height=\"392\" data-src=\"https:\/\/www.youtube.com\/embed\/9CFFDeyuWIE?start=85&#038;feature=oembed\" frameborder=\"0\" allow=\"accelerometer; autoplay; clipboard-write; encrypted-media; gyroscope; picture-in-picture; web-share\" referrerpolicy=\"strict-origin-when-cross-origin\" allowfullscreen src=\"data:image\/gif;base64,R0lGODlhAQABAAAAACH5BAEKAAEALAAAAAABAAEAAAICTAEAOw==\" class=\"lazyload\" data-load-mode=\"1\"><\/iframe><\/div>\n<\/div><\/figure>\n","protected":false},"excerpt":{"rendered":"<p>En el parador La Pausa, la actividad no cesa. Su concesionario, Emmanuel Monforte, cuenta que el espacio ofrece lo que Monforte define como &#8220;la mejor vista de Reta&#8221;. Desde su terraza, este viernes al mediod\u00eda se observaba un &#8220;mar planchado&#8221;. Aunque la temporada alta qued\u00f3 atr\u00e1s, el parador mantiene su compromiso con la calidad. La [&hellip;]<\/p>\n","protected":false},"author":2,"featured_media":63565,"comment_status":"open","ping_status":"open","sticky":false,"template":"","format":"standard","meta":{"tdm_status":"","tdm_grid_status":"","_jetpack_memberships_contains_paid_content":false,"footnotes":"","jetpack_publicize_message":"","jetpack_publicize_feature_enabled":true,"jetpack_social_post_already_shared":true,"jetpack_social_options":{"image_generator_settings":{"template":"highway","default_image_id":0,"font":"","enabled":false},"version":2}},"categories":[28],"tags":[],"class_list":{"0":"post-63564","1":"post","2":"type-post","3":"status-publish","4":"format-standard","5":"has-post-thumbnail","7":"category-interes-general"},"yoast_head":"<!-- This site is optimized with the Yoast SEO plugin v22.7 - https:\/\/yoast.com\/wordpress\/plugins\/seo\/ -->\n<title>La Pausa: un refugio de sabor y tranquilidad en Reta - 103.9 fm<\/title>\n<meta name=\"robots\" content=\"index, follow, max-snippet:-1, max-image-preview:large, max-video-preview:-1\" \/>\n<link rel=\"canonical\" href=\"https:\/\/ondauno.com.ar\/index.php\/2026\/03\/13\/la-pausa-un-refugio-de-sabor-y-tranquilidad-en-reta\/\" \/>\n<meta property=\"og:locale\" content=\"es_ES\" \/>\n<meta property=\"og:type\" content=\"article\" \/>\n<meta property=\"og:title\" content=\"La Pausa: un refugio de sabor y tranquilidad en Reta - 103.9 fm\" \/>\n<meta property=\"og:description\" content=\"En el parador La Pausa, la actividad no cesa. Su concesionario, Emmanuel Monforte, cuenta que el espacio ofrece lo que Monforte define como &#8220;la mejor vista de Reta&#8221;. Desde su terraza, este viernes al mediod\u00eda se observaba un &#8220;mar planchado&#8221;. Aunque la temporada alta qued\u00f3 atr\u00e1s, el parador mantiene su compromiso con la calidad. La [&hellip;]\" \/>\n<meta property=\"og:url\" content=\"https:\/\/ondauno.com.ar\/index.php\/2026\/03\/13\/la-pausa-un-refugio-de-sabor-y-tranquilidad-en-reta\/\" \/>\n<meta property=\"og:site_name\" content=\"103.9 fm\" \/>\n<meta property=\"article:publisher\" content=\"https:\/\/www.facebook.com\/ondauno103.9\" \/>\n<meta property=\"article:published_time\" content=\"2026-03-13T16:20:40+00:00\" \/>\n<meta property=\"article:modified_time\" content=\"2026-03-14T20:07:51+00:00\" \/>\n<meta property=\"og:image\" content=\"http:\/\/ondauno.com.ar\/wp-content\/uploads\/2026\/03\/pausa.webp\" \/>\n\t<meta property=\"og:image:width\" content=\"1360\" \/>\n\t<meta property=\"og:image:height\" content=\"1020\" \/>\n\t<meta property=\"og:image:type\" content=\"image\/webp\" \/>\n<meta name=\"author\" content=\"fernando garcia\" \/>\n<meta name=\"twitter:card\" content=\"summary_large_image\" \/>\n<meta name=\"twitter:label1\" content=\"Escrito por\" \/>\n\t<meta name=\"twitter:data1\" content=\"fernando garcia\" \/>\n\t<meta name=\"twitter:label2\" content=\"Tiempo de lectura\" \/>\n\t<meta name=\"twitter:data2\" content=\"2 minutos\" \/>\n<script type=\"application\/ld+json\" class=\"yoast-schema-graph\">{\"@context\":\"https:\/\/schema.org\",\"@graph\":[{\"@type\":\"WebPage\",\"@id\":\"https:\/\/ondauno.com.ar\/index.php\/2026\/03\/13\/la-pausa-un-refugio-de-sabor-y-tranquilidad-en-reta\/\",\"url\":\"https:\/\/ondauno.com.ar\/index.php\/2026\/03\/13\/la-pausa-un-refugio-de-sabor-y-tranquilidad-en-reta\/\",\"name\":\"La Pausa: un refugio de sabor y tranquilidad en Reta - 103.9 fm\",\"isPartOf\":{\"@id\":\"https:\/\/ondauno.com.ar\/#website\"},\"primaryImageOfPage\":{\"@id\":\"https:\/\/ondauno.com.ar\/index.php\/2026\/03\/13\/la-pausa-un-refugio-de-sabor-y-tranquilidad-en-reta\/#primaryimage\"},\"image\":{\"@id\":\"https:\/\/ondauno.com.ar\/index.php\/2026\/03\/13\/la-pausa-un-refugio-de-sabor-y-tranquilidad-en-reta\/#primaryimage\"},\"thumbnailUrl\":\"https:\/\/ondauno.com.ar\/wp-content\/uploads\/2026\/03\/pausa.webp\",\"datePublished\":\"2026-03-13T16:20:40+00:00\",\"dateModified\":\"2026-03-14T20:07:51+00:00\",\"author\":{\"@id\":\"https:\/\/ondauno.com.ar\/#\/schema\/person\/201d1b68e6c75e0fd396fe5f8af5d139\"},\"breadcrumb\":{\"@id\":\"https:\/\/ondauno.com.ar\/index.php\/2026\/03\/13\/la-pausa-un-refugio-de-sabor-y-tranquilidad-en-reta\/#breadcrumb\"},\"inLanguage\":\"es-AR\",\"potentialAction\":[{\"@type\":\"ReadAction\",\"target\":[\"https:\/\/ondauno.com.ar\/index.php\/2026\/03\/13\/la-pausa-un-refugio-de-sabor-y-tranquilidad-en-reta\/\"]}]},{\"@type\":\"ImageObject\",\"inLanguage\":\"es-AR\",\"@id\":\"https:\/\/ondauno.com.ar\/index.php\/2026\/03\/13\/la-pausa-un-refugio-de-sabor-y-tranquilidad-en-reta\/#primaryimage\",\"url\":\"https:\/\/ondauno.com.ar\/wp-content\/uploads\/2026\/03\/pausa.webp\",\"contentUrl\":\"https:\/\/ondauno.com.ar\/wp-content\/uploads\/2026\/03\/pausa.webp\",\"width\":1360,\"height\":1020},{\"@type\":\"BreadcrumbList\",\"@id\":\"https:\/\/ondauno.com.ar\/index.php\/2026\/03\/13\/la-pausa-un-refugio-de-sabor-y-tranquilidad-en-reta\/#breadcrumb\",\"itemListElement\":[{\"@type\":\"ListItem\",\"position\":1,\"name\":\"Inicio\",\"item\":\"https:\/\/ondauno.com.ar\/\"},{\"@type\":\"ListItem\",\"position\":2,\"name\":\"La Pausa: un refugio de sabor y tranquilidad en Reta\"}]},{\"@type\":\"WebSite\",\"@id\":\"https:\/\/ondauno.com.ar\/#website\",\"url\":\"https:\/\/ondauno.com.ar\/\",\"name\":\"103.9 fm\",\"description\":\"LA PRIMERA RADIO MULTIMEDIA DE TRES ARROYOS\",\"potentialAction\":[{\"@type\":\"SearchAction\",\"target\":{\"@type\":\"EntryPoint\",\"urlTemplate\":\"https:\/\/ondauno.com.ar\/?s={search_term_string}\"},\"query-input\":\"required name=search_term_string\"}],\"inLanguage\":\"es-AR\"},{\"@type\":\"Person\",\"@id\":\"https:\/\/ondauno.com.ar\/#\/schema\/person\/201d1b68e6c75e0fd396fe5f8af5d139\",\"name\":\"fernando garcia\",\"image\":{\"@type\":\"ImageObject\",\"inLanguage\":\"es-AR\",\"@id\":\"https:\/\/ondauno.com.ar\/#\/schema\/person\/image\/\",\"url\":\"https:\/\/secure.gravatar.com\/avatar\/5f7254642ad81272e79a2e69653cfdfc?s=96&d=mm&r=g\",\"contentUrl\":\"https:\/\/secure.gravatar.com\/avatar\/5f7254642ad81272e79a2e69653cfdfc?s=96&d=mm&r=g\",\"caption\":\"fernando garcia\"},\"url\":\"https:\/\/ondauno.com.ar\/index.php\/author\/ondaunoeditor\/\"}]}<\/script>\n<!-- \/ Yoast SEO plugin. -->","yoast_head_json":{"title":"La Pausa: un refugio de sabor y tranquilidad en Reta - 103.9 fm","robots":{"index":"index","follow":"follow","max-snippet":"max-snippet:-1","max-image-preview":"max-image-preview:large","max-video-preview":"max-video-preview:-1"},"canonical":"https:\/\/ondauno.com.ar\/index.php\/2026\/03\/13\/la-pausa-un-refugio-de-sabor-y-tranquilidad-en-reta\/","og_locale":"es_ES","og_type":"article","og_title":"La Pausa: un refugio de sabor y tranquilidad en Reta - 103.9 fm","og_description":"En el parador La Pausa, la actividad no cesa. Su concesionario, Emmanuel Monforte, cuenta que el espacio ofrece lo que Monforte define como &#8220;la mejor vista de Reta&#8221;. Desde su terraza, este viernes al mediod\u00eda se observaba un &#8220;mar planchado&#8221;. Aunque la temporada alta qued\u00f3 atr\u00e1s, el parador mantiene su compromiso con la calidad. La [&hellip;]","og_url":"https:\/\/ondauno.com.ar\/index.php\/2026\/03\/13\/la-pausa-un-refugio-de-sabor-y-tranquilidad-en-reta\/","og_site_name":"103.9 fm","article_publisher":"https:\/\/www.facebook.com\/ondauno103.9","article_published_time":"2026-03-13T16:20:40+00:00","article_modified_time":"2026-03-14T20:07:51+00:00","og_image":[{"width":1360,"height":1020,"url":"http:\/\/ondauno.com.ar\/wp-content\/uploads\/2026\/03\/pausa.webp","type":"image\/webp"}],"author":"fernando garcia","twitter_card":"summary_large_image","twitter_misc":{"Escrito por":"fernando garcia","Tiempo de lectura":"2 minutos"},"schema":{"@context":"https:\/\/schema.org","@graph":[{"@type":"WebPage","@id":"https:\/\/ondauno.com.ar\/index.php\/2026\/03\/13\/la-pausa-un-refugio-de-sabor-y-tranquilidad-en-reta\/","url":"https:\/\/ondauno.com.ar\/index.php\/2026\/03\/13\/la-pausa-un-refugio-de-sabor-y-tranquilidad-en-reta\/","name":"La Pausa: un refugio de sabor y tranquilidad en Reta - 103.9 fm","isPartOf":{"@id":"https:\/\/ondauno.com.ar\/#website"},"primaryImageOfPage":{"@id":"https:\/\/ondauno.com.ar\/index.php\/2026\/03\/13\/la-pausa-un-refugio-de-sabor-y-tranquilidad-en-reta\/#primaryimage"},"image":{"@id":"https:\/\/ondauno.com.ar\/index.php\/2026\/03\/13\/la-pausa-un-refugio-de-sabor-y-tranquilidad-en-reta\/#primaryimage"},"thumbnailUrl":"https:\/\/ondauno.com.ar\/wp-content\/uploads\/2026\/03\/pausa.webp","datePublished":"2026-03-13T16:20:40+00:00","dateModified":"2026-03-14T20:07:51+00:00","author":{"@id":"https:\/\/ondauno.com.ar\/#\/schema\/person\/201d1b68e6c75e0fd396fe5f8af5d139"},"breadcrumb":{"@id":"https:\/\/ondauno.com.ar\/index.php\/2026\/03\/13\/la-pausa-un-refugio-de-sabor-y-tranquilidad-en-reta\/#breadcrumb"},"inLanguage":"es-AR","potentialAction":[{"@type":"ReadAction","target":["https:\/\/ondauno.com.ar\/index.php\/2026\/03\/13\/la-pausa-un-refugio-de-sabor-y-tranquilidad-en-reta\/"]}]},{"@type":"ImageObject","inLanguage":"es-AR","@id":"https:\/\/ondauno.com.ar\/index.php\/2026\/03\/13\/la-pausa-un-refugio-de-sabor-y-tranquilidad-en-reta\/#primaryimage","url":"https:\/\/ondauno.com.ar\/wp-content\/uploads\/2026\/03\/pausa.webp","contentUrl":"https:\/\/ondauno.com.ar\/wp-content\/uploads\/2026\/03\/pausa.webp","width":1360,"height":1020},{"@type":"BreadcrumbList","@id":"https:\/\/ondauno.com.ar\/index.php\/2026\/03\/13\/la-pausa-un-refugio-de-sabor-y-tranquilidad-en-reta\/#breadcrumb","itemListElement":[{"@type":"ListItem","position":1,"name":"Inicio","item":"https:\/\/ondauno.com.ar\/"},{"@type":"ListItem","position":2,"name":"La Pausa: un refugio de sabor y tranquilidad en Reta"}]},{"@type":"WebSite","@id":"https:\/\/ondauno.com.ar\/#website","url":"https:\/\/ondauno.com.ar\/","name":"103.9 fm","description":"LA PRIMERA RADIO MULTIMEDIA DE TRES ARROYOS","potentialAction":[{"@type":"SearchAction","target":{"@type":"EntryPoint","urlTemplate":"https:\/\/ondauno.com.ar\/?s={search_term_string}"},"query-input":"required name=search_term_string"}],"inLanguage":"es-AR"},{"@type":"Person","@id":"https:\/\/ondauno.com.ar\/#\/schema\/person\/201d1b68e6c75e0fd396fe5f8af5d139","name":"fernando garcia","image":{"@type":"ImageObject","inLanguage":"es-AR","@id":"https:\/\/ondauno.com.ar\/#\/schema\/person\/image\/","url":"https:\/\/secure.gravatar.com\/avatar\/5f7254642ad81272e79a2e69653cfdfc?s=96&d=mm&r=g","contentUrl":"https:\/\/secure.gravatar.com\/avatar\/5f7254642ad81272e79a2e69653cfdfc?s=96&d=mm&r=g","caption":"fernando garcia"},"url":"https:\/\/ondauno.com.ar\/index.php\/author\/ondaunoeditor\/"}]}},"jetpack_publicize_connections":[],"jetpack_featured_media_url":"https:\/\/ondauno.com.ar\/wp-content\/uploads\/2026\/03\/pausa.webp","jetpack_sharing_enabled":true,"_links":{"self":[{"href":"https:\/\/ondauno.com.ar\/index.php\/wp-json\/wp\/v2\/posts\/63564","targetHints":{"allow":["GET"]}}],"collection":[{"href":"https:\/\/ondauno.com.ar\/index.php\/wp-json\/wp\/v2\/posts"}],"about":[{"href":"https:\/\/ondauno.com.ar\/index.php\/wp-json\/wp\/v2\/types\/post"}],"author":[{"embeddable":true,"href":"https:\/\/ondauno.com.ar\/index.php\/wp-json\/wp\/v2\/users\/2"}],"replies":[{"embeddable":true,"href":"https:\/\/ondauno.com.ar\/index.php\/wp-json\/wp\/v2\/comments?post=63564"}],"version-history":[{"count":2,"href":"https:\/\/ondauno.com.ar\/index.php\/wp-json\/wp\/v2\/posts\/63564\/revisions"}],"predecessor-version":[{"id":63579,"href":"https:\/\/ondauno.com.ar\/index.php\/wp-json\/wp\/v2\/posts\/63564\/revisions\/63579"}],"wp:featuredmedia":[{"embeddable":true,"href":"https:\/\/ondauno.com.ar\/index.php\/wp-json\/wp\/v2\/media\/63565"}],"wp:attachment":[{"href":"https:\/\/ondauno.com.ar\/index.php\/wp-json\/wp\/v2\/media?parent=63564"}],"wp:term":[{"taxonomy":"category","embeddable":true,"href":"https:\/\/ondauno.com.ar\/index.php\/wp-json\/wp\/v2\/categories?post=63564"},{"taxonomy":"post_tag","embeddable":true,"href":"https:\/\/ondauno.com.ar\/index.php\/wp-json\/wp\/v2\/tags?post=63564"}],"curies":[{"name":"wp","href":"https:\/\/api.w.org\/{rel}","templated":true}]}}