{"id":63559,"date":"2026-03-13T13:02:30","date_gmt":"2026-03-13T16:02:30","guid":{"rendered":"https:\/\/ondauno.com.ar\/?p=63559"},"modified":"2026-03-13T13:03:28","modified_gmt":"2026-03-13T16:03:28","slug":"los-motivos-detras-de-la-suspension-de-la-expo-apicola-en-tres-arroyos","status":"publish","type":"post","link":"https:\/\/ondauno.com.ar\/index.php\/2026\/03\/13\/los-motivos-detras-de-la-suspension-de-la-expo-apicola-en-tres-arroyos\/","title":{"rendered":"Los motivos detr\u00e1s de la suspensi\u00f3n de la Expo Ap\u00edcola en Tres Arroyos"},"content":{"rendered":"<div class=\"ondau-before-content_3\" style=\"margin-top: -30px;\" id=\"ondau-507804732\"><a href=\"https:\/\/www.lps.com.ar\/\" aria-label=\"la-perse2\"><img loading=\"lazy\" decoding=\"async\" src=\"https:\/\/ondauno.com.ar\/wp-content\/uploads\/2021\/10\/la-perse2.jpg\" alt=\"\"  srcset=\"https:\/\/ondauno.com.ar\/wp-content\/uploads\/2021\/10\/la-perse2.jpg 1353w, https:\/\/ondauno.com.ar\/wp-content\/uploads\/2021\/10\/la-perse2-300x43.jpg 300w, https:\/\/ondauno.com.ar\/wp-content\/uploads\/2021\/10\/la-perse2-1024x148.jpg 1024w, https:\/\/ondauno.com.ar\/wp-content\/uploads\/2021\/10\/la-perse2-768x111.jpg 768w, https:\/\/ondauno.com.ar\/wp-content\/uploads\/2021\/10\/la-perse2-696x100.jpg 696w, https:\/\/ondauno.com.ar\/wp-content\/uploads\/2021\/10\/la-perse2-1068x154.jpg 1068w\" sizes=\"(max-width: 1353px) 100vw, 1353px\" class=\"no-lazyload\" width=\"1353\" height=\"195\"  style=\"display: inline-block;\" \/><\/a><\/div>\n<p><strong>Desde<\/strong> la <strong>C\u00e1mara de Apicultores de Tres Arroyos<\/strong>, su presidente <strong>Susana Bruno<\/strong>, fue la encargada de poner voz a una decisi\u00f3n que calific\u00f3 como &#8220;amarga&#8221; y &#8220;muy consensuada&#8221; por la comisi\u00f3n directiva en su reuni\u00f3n del pasado 6 de marzo, que fue la de suspender la Expo Ap\u00edcola.<\/p>\n\n\n\n<p>La principal causa fue la <strong>falta de acompa\u00f1amiento del sector ap\u00edcola<\/strong>, tanto del partido como de su zona de influencia. &#8220;No es cuesti\u00f3n solamente de decir &#8216;vamos a hacer una expo&#8217;; hay que poner el hombro, hay que poner el tiempo, hay que poner las ganas&#8221;, se\u00f1al\u00f3 Bruno con firmeza, subrayando que en cualquier instituci\u00f3n el trabajo no debe recaer solo en la comisi\u00f3n, sino que los socios deben colaborar o, al menos, hacer acto de presencia.<\/p>\n\n\n\n<p>Esta falta de entusiasmo ya se ven\u00eda vislumbrando desde la cuarta edici\u00f3n, donde se not\u00f3 una menor afluencia de productores. Aunque la decisi\u00f3n de suspender la quinta muestra se ven\u00eda barajando desde el a\u00f1o pasado, factores externos como el delicado estado de salud del doctor Juli\u00e1n postergaron el anuncio oficial hasta estos d\u00edas.<\/p>\n\n\n\n<p><strong>Proveedores en suspenso<\/strong><\/p>\n\n\n\n<p>La p\u00e9rdida de este espacio no es menor. Seg\u00fan explic\u00f3 Bruno, el objetivo fundacional de la Expo Ap\u00edcola -impulsado desde los inicios de la C\u00e1mara por figuras como Rub\u00e9n Vaca- era <strong>facilitar el contacto directo entre el apicultor y los proveedores de insumos<\/strong>. Al traer la exposici\u00f3n a Tres Arroyos, se buscaba ahorrar a los productores locales los costos de traslado y el tiempo que implica viajar a otras muestras nacionales.<\/p>\n\n\n\n<p>A pesar de contar con las &#8220;instalaciones espl\u00e9ndidas&#8221; de la <strong>Sociedad Rural<\/strong>, con quienes mantienen una relaci\u00f3n firme y generosa, la falta de &#8220;chispa&#8221; en la base social termin\u00f3 por inclinar la balanza hacia la suspensi\u00f3n.<\/p>\n\n\n\n<p><strong>El camino hacia adelante<\/strong><\/p>\n\n\n\n<p>Pese al trago amargo, la C\u00e1mara no detiene su marcha. Bruno confirm\u00f3 que la instituci\u00f3n sigue trabajando en la fijaci\u00f3n de valores de cuotas sociales, an\u00e1lisis de miel y servicios de estampadora de cera. Adem\u00e1s, lanz\u00f3 una invitaci\u00f3n para mantener viva la llama de la capacitaci\u00f3n: <strong>la 22\u00aa Jornada T\u00e9cnica Regional de Apicultura sigue en pie<\/strong>.<\/p>\n\n\n\n<p>&#8220;La no realizaci\u00f3n de esta expo no implica que en un futuro no se vuelva a intentar o a adaptar a un cambio&#8221;, reflexion\u00f3 la dirigente. El pr\u00f3ximo paso ser\u00e1 la <strong>asamblea de renovaci\u00f3n de autoridades<\/strong>, prevista para antes de que culmine abril, donde se definir\u00e1 la nueva conducci\u00f3n y se pondr\u00e1 fecha a las jornadas t\u00e9cnicas, buscando recuperar el protagonismo de un sector que hoy atraviesa un momento de introspecci\u00f3n.<\/p>\n\n\n\n<figure class=\"wp-block-embed is-type-video is-provider-youtube wp-block-embed-youtube wp-embed-aspect-16-9 wp-has-aspect-ratio\"><div class=\"wp-block-embed__wrapper\">\n<div class=\"youtube-embed\" data-video_id=\"pSOaZguMkAY\"><iframe loading=\"lazy\" title=\"Onda Uno 103.9 en vivo\" width=\"696\" height=\"392\" data-src=\"https:\/\/www.youtube.com\/embed\/pSOaZguMkAY?feature=oembed&#038;enablejsapi=1\" frameborder=\"0\" allow=\"accelerometer; autoplay; clipboard-write; encrypted-media; gyroscope; picture-in-picture; web-share\" referrerpolicy=\"strict-origin-when-cross-origin\" allowfullscreen src=\"data:image\/gif;base64,R0lGODlhAQABAAAAACH5BAEKAAEALAAAAAABAAEAAAICTAEAOw==\" class=\"lazyload\" data-load-mode=\"1\"><\/iframe><\/div>\n<\/div><\/figure>\n","protected":false},"excerpt":{"rendered":"<p>Desde la C\u00e1mara de Apicultores de Tres Arroyos, su presidente Susana Bruno, fue la encargada de poner voz a una decisi\u00f3n que calific\u00f3 como &#8220;amarga&#8221; y &#8220;muy consensuada&#8221; por la comisi\u00f3n directiva en su reuni\u00f3n del pasado 6 de marzo, que fue la de suspender la Expo Ap\u00edcola. La principal causa fue la falta de [&hellip;]<\/p>\n","protected":false},"author":2,"featured_media":63560,"comment_status":"open","ping_status":"open","sticky":false,"template":"","format":"standard","meta":{"tdm_status":"","tdm_grid_status":"","_jetpack_memberships_contains_paid_content":false,"footnotes":"","jetpack_publicize_message":"","jetpack_publicize_feature_enabled":true,"jetpack_social_post_already_shared":true,"jetpack_social_options":{"image_generator_settings":{"template":"highway","default_image_id":0,"font":"","enabled":false},"version":2}},"categories":[1],"tags":[],"class_list":{"0":"post-63559","1":"post","2":"type-post","3":"status-publish","4":"format-standard","5":"has-post-thumbnail","7":"category-sin-categoria"},"yoast_head":"<!-- This site is optimized with the Yoast SEO plugin v22.7 - https:\/\/yoast.com\/wordpress\/plugins\/seo\/ -->\n<title>Los motivos detr\u00e1s de la suspensi\u00f3n de la Expo Ap\u00edcola en Tres Arroyos - 103.9 fm<\/title>\n<meta name=\"robots\" content=\"index, follow, max-snippet:-1, max-image-preview:large, max-video-preview:-1\" \/>\n<link rel=\"canonical\" href=\"https:\/\/ondauno.com.ar\/index.php\/2026\/03\/13\/los-motivos-detras-de-la-suspension-de-la-expo-apicola-en-tres-arroyos\/\" \/>\n<meta property=\"og:locale\" content=\"es_ES\" \/>\n<meta property=\"og:type\" content=\"article\" \/>\n<meta property=\"og:title\" content=\"Los motivos detr\u00e1s de la suspensi\u00f3n de la Expo Ap\u00edcola en Tres Arroyos - 103.9 fm\" \/>\n<meta property=\"og:description\" content=\"Desde la C\u00e1mara de Apicultores de Tres Arroyos, su presidente Susana Bruno, fue la encargada de poner voz a una decisi\u00f3n que calific\u00f3 como &#8220;amarga&#8221; y &#8220;muy consensuada&#8221; por la comisi\u00f3n directiva en su reuni\u00f3n del pasado 6 de marzo, que fue la de suspender la Expo Ap\u00edcola. La principal causa fue la falta de [&hellip;]\" \/>\n<meta property=\"og:url\" content=\"https:\/\/ondauno.com.ar\/index.php\/2026\/03\/13\/los-motivos-detras-de-la-suspension-de-la-expo-apicola-en-tres-arroyos\/\" \/>\n<meta property=\"og:site_name\" content=\"103.9 fm\" \/>\n<meta property=\"article:publisher\" content=\"https:\/\/www.facebook.com\/ondauno103.9\" \/>\n<meta property=\"article:published_time\" content=\"2026-03-13T16:02:30+00:00\" \/>\n<meta property=\"article:modified_time\" content=\"2026-03-13T16:03:28+00:00\" \/>\n<meta property=\"og:image\" content=\"http:\/\/ondauno.com.ar\/wp-content\/uploads\/2026\/03\/apicultor.jpg\" \/>\n\t<meta property=\"og:image:width\" content=\"1200\" \/>\n\t<meta property=\"og:image:height\" content=\"822\" \/>\n\t<meta property=\"og:image:type\" content=\"image\/jpeg\" \/>\n<meta name=\"author\" content=\"fernando garcia\" \/>\n<meta name=\"twitter:card\" content=\"summary_large_image\" \/>\n<meta name=\"twitter:label1\" content=\"Escrito por\" \/>\n\t<meta name=\"twitter:data1\" content=\"fernando garcia\" \/>\n\t<meta name=\"twitter:label2\" content=\"Tiempo de lectura\" \/>\n\t<meta name=\"twitter:data2\" content=\"3 minutos\" \/>\n<script type=\"application\/ld+json\" class=\"yoast-schema-graph\">{\"@context\":\"https:\/\/schema.org\",\"@graph\":[{\"@type\":\"WebPage\",\"@id\":\"https:\/\/ondauno.com.ar\/index.php\/2026\/03\/13\/los-motivos-detras-de-la-suspension-de-la-expo-apicola-en-tres-arroyos\/\",\"url\":\"https:\/\/ondauno.com.ar\/index.php\/2026\/03\/13\/los-motivos-detras-de-la-suspension-de-la-expo-apicola-en-tres-arroyos\/\",\"name\":\"Los motivos detr\u00e1s de la suspensi\u00f3n de la Expo Ap\u00edcola en Tres Arroyos - 103.9 fm\",\"isPartOf\":{\"@id\":\"https:\/\/ondauno.com.ar\/#website\"},\"primaryImageOfPage\":{\"@id\":\"https:\/\/ondauno.com.ar\/index.php\/2026\/03\/13\/los-motivos-detras-de-la-suspension-de-la-expo-apicola-en-tres-arroyos\/#primaryimage\"},\"image\":{\"@id\":\"https:\/\/ondauno.com.ar\/index.php\/2026\/03\/13\/los-motivos-detras-de-la-suspension-de-la-expo-apicola-en-tres-arroyos\/#primaryimage\"},\"thumbnailUrl\":\"https:\/\/ondauno.com.ar\/wp-content\/uploads\/2026\/03\/apicultor.jpg\",\"datePublished\":\"2026-03-13T16:02:30+00:00\",\"dateModified\":\"2026-03-13T16:03:28+00:00\",\"author\":{\"@id\":\"https:\/\/ondauno.com.ar\/#\/schema\/person\/201d1b68e6c75e0fd396fe5f8af5d139\"},\"breadcrumb\":{\"@id\":\"https:\/\/ondauno.com.ar\/index.php\/2026\/03\/13\/los-motivos-detras-de-la-suspension-de-la-expo-apicola-en-tres-arroyos\/#breadcrumb\"},\"inLanguage\":\"es-AR\",\"potentialAction\":[{\"@type\":\"ReadAction\",\"target\":[\"https:\/\/ondauno.com.ar\/index.php\/2026\/03\/13\/los-motivos-detras-de-la-suspension-de-la-expo-apicola-en-tres-arroyos\/\"]}]},{\"@type\":\"ImageObject\",\"inLanguage\":\"es-AR\",\"@id\":\"https:\/\/ondauno.com.ar\/index.php\/2026\/03\/13\/los-motivos-detras-de-la-suspension-de-la-expo-apicola-en-tres-arroyos\/#primaryimage\",\"url\":\"https:\/\/ondauno.com.ar\/wp-content\/uploads\/2026\/03\/apicultor.jpg\",\"contentUrl\":\"https:\/\/ondauno.com.ar\/wp-content\/uploads\/2026\/03\/apicultor.jpg\",\"width\":1200,\"height\":822},{\"@type\":\"BreadcrumbList\",\"@id\":\"https:\/\/ondauno.com.ar\/index.php\/2026\/03\/13\/los-motivos-detras-de-la-suspension-de-la-expo-apicola-en-tres-arroyos\/#breadcrumb\",\"itemListElement\":[{\"@type\":\"ListItem\",\"position\":1,\"name\":\"Inicio\",\"item\":\"https:\/\/ondauno.com.ar\/\"},{\"@type\":\"ListItem\",\"position\":2,\"name\":\"Los motivos detr\u00e1s de la suspensi\u00f3n de la Expo Ap\u00edcola en Tres Arroyos\"}]},{\"@type\":\"WebSite\",\"@id\":\"https:\/\/ondauno.com.ar\/#website\",\"url\":\"https:\/\/ondauno.com.ar\/\",\"name\":\"103.9 fm\",\"description\":\"LA PRIMERA RADIO MULTIMEDIA DE TRES ARROYOS\",\"potentialAction\":[{\"@type\":\"SearchAction\",\"target\":{\"@type\":\"EntryPoint\",\"urlTemplate\":\"https:\/\/ondauno.com.ar\/?s={search_term_string}\"},\"query-input\":\"required name=search_term_string\"}],\"inLanguage\":\"es-AR\"},{\"@type\":\"Person\",\"@id\":\"https:\/\/ondauno.com.ar\/#\/schema\/person\/201d1b68e6c75e0fd396fe5f8af5d139\",\"name\":\"fernando garcia\",\"image\":{\"@type\":\"ImageObject\",\"inLanguage\":\"es-AR\",\"@id\":\"https:\/\/ondauno.com.ar\/#\/schema\/person\/image\/\",\"url\":\"https:\/\/secure.gravatar.com\/avatar\/5f7254642ad81272e79a2e69653cfdfc?s=96&d=mm&r=g\",\"contentUrl\":\"https:\/\/secure.gravatar.com\/avatar\/5f7254642ad81272e79a2e69653cfdfc?s=96&d=mm&r=g\",\"caption\":\"fernando garcia\"},\"url\":\"https:\/\/ondauno.com.ar\/index.php\/author\/ondaunoeditor\/\"}]}<\/script>\n<!-- \/ Yoast SEO plugin. -->","yoast_head_json":{"title":"Los motivos detr\u00e1s de la suspensi\u00f3n de la Expo Ap\u00edcola en Tres Arroyos - 103.9 fm","robots":{"index":"index","follow":"follow","max-snippet":"max-snippet:-1","max-image-preview":"max-image-preview:large","max-video-preview":"max-video-preview:-1"},"canonical":"https:\/\/ondauno.com.ar\/index.php\/2026\/03\/13\/los-motivos-detras-de-la-suspension-de-la-expo-apicola-en-tres-arroyos\/","og_locale":"es_ES","og_type":"article","og_title":"Los motivos detr\u00e1s de la suspensi\u00f3n de la Expo Ap\u00edcola en Tres Arroyos - 103.9 fm","og_description":"Desde la C\u00e1mara de Apicultores de Tres Arroyos, su presidente Susana Bruno, fue la encargada de poner voz a una decisi\u00f3n que calific\u00f3 como &#8220;amarga&#8221; y &#8220;muy consensuada&#8221; por la comisi\u00f3n directiva en su reuni\u00f3n del pasado 6 de marzo, que fue la de suspender la Expo Ap\u00edcola. La principal causa fue la falta de [&hellip;]","og_url":"https:\/\/ondauno.com.ar\/index.php\/2026\/03\/13\/los-motivos-detras-de-la-suspension-de-la-expo-apicola-en-tres-arroyos\/","og_site_name":"103.9 fm","article_publisher":"https:\/\/www.facebook.com\/ondauno103.9","article_published_time":"2026-03-13T16:02:30+00:00","article_modified_time":"2026-03-13T16:03:28+00:00","og_image":[{"width":1200,"height":822,"url":"http:\/\/ondauno.com.ar\/wp-content\/uploads\/2026\/03\/apicultor.jpg","type":"image\/jpeg"}],"author":"fernando garcia","twitter_card":"summary_large_image","twitter_misc":{"Escrito por":"fernando garcia","Tiempo de lectura":"3 minutos"},"schema":{"@context":"https:\/\/schema.org","@graph":[{"@type":"WebPage","@id":"https:\/\/ondauno.com.ar\/index.php\/2026\/03\/13\/los-motivos-detras-de-la-suspension-de-la-expo-apicola-en-tres-arroyos\/","url":"https:\/\/ondauno.com.ar\/index.php\/2026\/03\/13\/los-motivos-detras-de-la-suspension-de-la-expo-apicola-en-tres-arroyos\/","name":"Los motivos detr\u00e1s de la suspensi\u00f3n de la Expo Ap\u00edcola en Tres Arroyos - 103.9 fm","isPartOf":{"@id":"https:\/\/ondauno.com.ar\/#website"},"primaryImageOfPage":{"@id":"https:\/\/ondauno.com.ar\/index.php\/2026\/03\/13\/los-motivos-detras-de-la-suspension-de-la-expo-apicola-en-tres-arroyos\/#primaryimage"},"image":{"@id":"https:\/\/ondauno.com.ar\/index.php\/2026\/03\/13\/los-motivos-detras-de-la-suspension-de-la-expo-apicola-en-tres-arroyos\/#primaryimage"},"thumbnailUrl":"https:\/\/ondauno.com.ar\/wp-content\/uploads\/2026\/03\/apicultor.jpg","datePublished":"2026-03-13T16:02:30+00:00","dateModified":"2026-03-13T16:03:28+00:00","author":{"@id":"https:\/\/ondauno.com.ar\/#\/schema\/person\/201d1b68e6c75e0fd396fe5f8af5d139"},"breadcrumb":{"@id":"https:\/\/ondauno.com.ar\/index.php\/2026\/03\/13\/los-motivos-detras-de-la-suspension-de-la-expo-apicola-en-tres-arroyos\/#breadcrumb"},"inLanguage":"es-AR","potentialAction":[{"@type":"ReadAction","target":["https:\/\/ondauno.com.ar\/index.php\/2026\/03\/13\/los-motivos-detras-de-la-suspension-de-la-expo-apicola-en-tres-arroyos\/"]}]},{"@type":"ImageObject","inLanguage":"es-AR","@id":"https:\/\/ondauno.com.ar\/index.php\/2026\/03\/13\/los-motivos-detras-de-la-suspension-de-la-expo-apicola-en-tres-arroyos\/#primaryimage","url":"https:\/\/ondauno.com.ar\/wp-content\/uploads\/2026\/03\/apicultor.jpg","contentUrl":"https:\/\/ondauno.com.ar\/wp-content\/uploads\/2026\/03\/apicultor.jpg","width":1200,"height":822},{"@type":"BreadcrumbList","@id":"https:\/\/ondauno.com.ar\/index.php\/2026\/03\/13\/los-motivos-detras-de-la-suspension-de-la-expo-apicola-en-tres-arroyos\/#breadcrumb","itemListElement":[{"@type":"ListItem","position":1,"name":"Inicio","item":"https:\/\/ondauno.com.ar\/"},{"@type":"ListItem","position":2,"name":"Los motivos detr\u00e1s de la suspensi\u00f3n de la Expo Ap\u00edcola en Tres Arroyos"}]},{"@type":"WebSite","@id":"https:\/\/ondauno.com.ar\/#website","url":"https:\/\/ondauno.com.ar\/","name":"103.9 fm","description":"LA PRIMERA RADIO MULTIMEDIA DE TRES ARROYOS","potentialAction":[{"@type":"SearchAction","target":{"@type":"EntryPoint","urlTemplate":"https:\/\/ondauno.com.ar\/?s={search_term_string}"},"query-input":"required name=search_term_string"}],"inLanguage":"es-AR"},{"@type":"Person","@id":"https:\/\/ondauno.com.ar\/#\/schema\/person\/201d1b68e6c75e0fd396fe5f8af5d139","name":"fernando garcia","image":{"@type":"ImageObject","inLanguage":"es-AR","@id":"https:\/\/ondauno.com.ar\/#\/schema\/person\/image\/","url":"https:\/\/secure.gravatar.com\/avatar\/5f7254642ad81272e79a2e69653cfdfc?s=96&d=mm&r=g","contentUrl":"https:\/\/secure.gravatar.com\/avatar\/5f7254642ad81272e79a2e69653cfdfc?s=96&d=mm&r=g","caption":"fernando garcia"},"url":"https:\/\/ondauno.com.ar\/index.php\/author\/ondaunoeditor\/"}]}},"jetpack_publicize_connections":[],"jetpack_featured_media_url":"https:\/\/ondauno.com.ar\/wp-content\/uploads\/2026\/03\/apicultor.jpg","jetpack_sharing_enabled":true,"_links":{"self":[{"href":"https:\/\/ondauno.com.ar\/index.php\/wp-json\/wp\/v2\/posts\/63559","targetHints":{"allow":["GET"]}}],"collection":[{"href":"https:\/\/ondauno.com.ar\/index.php\/wp-json\/wp\/v2\/posts"}],"about":[{"href":"https:\/\/ondauno.com.ar\/index.php\/wp-json\/wp\/v2\/types\/post"}],"author":[{"embeddable":true,"href":"https:\/\/ondauno.com.ar\/index.php\/wp-json\/wp\/v2\/users\/2"}],"replies":[{"embeddable":true,"href":"https:\/\/ondauno.com.ar\/index.php\/wp-json\/wp\/v2\/comments?post=63559"}],"version-history":[{"count":2,"href":"https:\/\/ondauno.com.ar\/index.php\/wp-json\/wp\/v2\/posts\/63559\/revisions"}],"predecessor-version":[{"id":63563,"href":"https:\/\/ondauno.com.ar\/index.php\/wp-json\/wp\/v2\/posts\/63559\/revisions\/63563"}],"wp:featuredmedia":[{"embeddable":true,"href":"https:\/\/ondauno.com.ar\/index.php\/wp-json\/wp\/v2\/media\/63560"}],"wp:attachment":[{"href":"https:\/\/ondauno.com.ar\/index.php\/wp-json\/wp\/v2\/media?parent=63559"}],"wp:term":[{"taxonomy":"category","embeddable":true,"href":"https:\/\/ondauno.com.ar\/index.php\/wp-json\/wp\/v2\/categories?post=63559"},{"taxonomy":"post_tag","embeddable":true,"href":"https:\/\/ondauno.com.ar\/index.php\/wp-json\/wp\/v2\/tags?post=63559"}],"curies":[{"name":"wp","href":"https:\/\/api.w.org\/{rel}","templated":true}]}}