{"id":63555,"date":"2026-03-13T08:31:15","date_gmt":"2026-03-13T11:31:15","guid":{"rendered":"https:\/\/ondauno.com.ar\/?p=63555"},"modified":"2026-03-13T08:31:17","modified_gmt":"2026-03-13T11:31:17","slug":"costos-de-la-imprudencia-al-volante-la-propuesta-de-pringles-bajo-la-mirada-de-roberto-fabiano","status":"publish","type":"post","link":"https:\/\/ondauno.com.ar\/index.php\/2026\/03\/13\/costos-de-la-imprudencia-al-volante-la-propuesta-de-pringles-bajo-la-mirada-de-roberto-fabiano\/","title":{"rendered":"Costos de la imprudencia al volante: la propuesta de Pringles bajo la mirada de Roberto Fabiano"},"content":{"rendered":"<div class=\"ondau-before-content_3\" style=\"margin-top: -30px;\" id=\"ondau-2861249497\"><a href=\"https:\/\/www.lps.com.ar\/\" aria-label=\"la-perse2\"><img loading=\"lazy\" decoding=\"async\" src=\"https:\/\/ondauno.com.ar\/wp-content\/uploads\/2021\/10\/la-perse2.jpg\" alt=\"\"  srcset=\"https:\/\/ondauno.com.ar\/wp-content\/uploads\/2021\/10\/la-perse2.jpg 1353w, https:\/\/ondauno.com.ar\/wp-content\/uploads\/2021\/10\/la-perse2-300x43.jpg 300w, https:\/\/ondauno.com.ar\/wp-content\/uploads\/2021\/10\/la-perse2-1024x148.jpg 1024w, https:\/\/ondauno.com.ar\/wp-content\/uploads\/2021\/10\/la-perse2-768x111.jpg 768w, https:\/\/ondauno.com.ar\/wp-content\/uploads\/2021\/10\/la-perse2-696x100.jpg 696w, https:\/\/ondauno.com.ar\/wp-content\/uploads\/2021\/10\/la-perse2-1068x154.jpg 1068w\" sizes=\"(max-width: 1353px) 100vw, 1353px\" class=\"no-lazyload\" width=\"1353\" height=\"195\"  style=\"display: inline-block;\" \/><\/a><\/div>\n<p>En un contexto donde la accidentolog\u00eda vial no solo representa una tragedia humana sino tambi\u00e9n una carga financiera asfixiante para el Estado, el municipio de <strong>Coronel Pringles<\/strong> ha puesto sobre la mesa un proyecto de ordenanza que busca un cambio de paradigma: que quienes provoquen accidentes por conductas temerarias se hagan cargo de los gastos m\u00e9dicos generados. Para analizar la viabilidad y el impacto de esta medida, conversamos con <strong>Roberto Fabiano<\/strong>, t\u00e9cnico en seguridad vial y exconcejal de Tres Arroyos, quien aport\u00f3 una visi\u00f3n t\u00e9cnica y pragm\u00e1tica sobre el asunto.<\/p>\n\n\n\n<p>La propuesta surge del propio gobierno municipal y tiene un doble objetivo: <strong>cuidar el gasto p\u00fablico y generar conciencia ciudadana<\/strong>. La normativa apunta a recuperar los costos de atenci\u00f3n hospitalaria en casos donde el responsable haya conducido alcoholizado, sin la documentaci\u00f3n reglamentaria o de manera imprudente.<\/p>\n\n\n\n<p><strong>Las cifras<\/strong><\/p>\n\n\n\n<p>Fabiano, que ha seguido de cerca las estad\u00edsticas de accidentolog\u00eda, no se muestra sorprendido por la iniciativa. Seg\u00fan relata, los n\u00fameros que maneja Pringles son contundentes: solo en cinco o seis siniestros ocurridos el a\u00f1o pasado, el municipio deveng\u00f3 <strong>150 millones de pesos<\/strong> en gastos de salud.<\/p>\n\n\n\n<p>&#8220;El promedio mundial de un siniestro grave ronda los <strong>30.000 d\u00f3lares<\/strong>&#8220;, explica Fabiano. El t\u00e9cnico aclara que este monto no solo incluye la atenci\u00f3n de urgencia y la ambulancia, sino tambi\u00e9n cirug\u00edas, traslados y, fundamentalmente, la p\u00e9rdida de ganancia de quien queda discapacitado o el costo de su atenci\u00f3n de por vida. <strong>\u201cEs mucho el dinero que se pone en juego\u201d<\/strong>, advierte el experto.<\/p>\n\n\n\n<p><strong>El desaf\u00edo<\/strong><\/p>\n\n\n\n<p>A pesar de ver con buenos ojos cualquier medida que contribuya a la seguridad vial, Fabiano plantea dudas razonables sobre la aplicaci\u00f3n efectiva de la norma. El principal obst\u00e1culo, seg\u00fan su visi\u00f3n, es la dificultad para probar la <strong>temeridad o responsabilidad<\/strong> en muchos de los siniestros, salvo en casos claros como una alcoholemia positiva.<\/p>\n\n\n\n<p>Adem\u00e1s, se\u00f1ala un problema cultural y pol\u00edtico: la reticencia del Estado a accionar legalmente contra sus propios ciudadanos. &#8220;Lo ves en las deudas de tasas; hay un 50% de la ciudadan\u00eda que no paga y el Estado no acciona&#8221;, compara Fabiano, sugiriendo que cobrar facturas hospitalarias millonarias a un vecino ser\u00e1 una tarea compleja para cualquier gesti\u00f3n municipal.<\/p>\n\n\n\n<p><strong>\u00bfDinero o servicio comunitario?<\/strong><\/p>\n\n\n\n<p>Uno de los puntos m\u00e1s innovadores del proyecto es que, si el responsable no cuenta con recursos, podr\u00eda compensar la deuda con <strong>horas de trabajo comunitario<\/strong> o la quita de beneficios municipales.<\/p>\n\n\n\n<p>Fabiano recuerda haber propuesto algo similar en Tres Arroyos para las multas de tr\u00e1nsito, inspirado en el exitoso modelo espa\u00f1ol. Seg\u00fan su experiencia, el trabajo comunitario genera una toma de conciencia mucho mayor que el simple pago de una multa. &#8220;En Espa\u00f1a se logr\u00f3 un resultado muy positivo porque esas horas ayudaban a la persona a involucrarse y entender la gravedad de sus actos&#8221;, destaca.<\/p>\n\n\n\n<p><strong>Responsabilidad<\/strong><\/p>\n\n\n\n<p>Aunque Fabiano reconoce que la justicia en el pa\u00eds es &#8220;compleja&#8221; y que la implementaci\u00f3n ser\u00e1 un reto, celebra que se asuman posturas firmes. La medida en Coronel Pringles, que cuenta con mayor\u00eda en el Concejo Deliberante, parece encaminada a convertirse en ordenanza.<\/p>\n\n\n\n<p>Para el t\u00e9cnico en seguridad vial, el mensaje es claro: conducir de manera irresponsable ya no puede ser gratuito para el infractor ni una carga infinita para el contribuyente.<\/p>\n\n\n\n<figure class=\"wp-block-embed is-type-video is-provider-youtube wp-block-embed-youtube wp-embed-aspect-16-9 wp-has-aspect-ratio\"><div class=\"wp-block-embed__wrapper\">\n<div class=\"youtube-embed\" data-video_id=\"fGFTlUsAdNQ\"><iframe loading=\"lazy\" title=\"Onda Uno 103.9 en vivo\" width=\"696\" height=\"392\" data-src=\"https:\/\/www.youtube.com\/embed\/fGFTlUsAdNQ?start=111&#038;feature=oembed\" frameborder=\"0\" allow=\"accelerometer; autoplay; clipboard-write; encrypted-media; gyroscope; picture-in-picture; web-share\" referrerpolicy=\"strict-origin-when-cross-origin\" allowfullscreen src=\"data:image\/gif;base64,R0lGODlhAQABAAAAACH5BAEKAAEALAAAAAABAAEAAAICTAEAOw==\" class=\"lazyload\" data-load-mode=\"1\"><\/iframe><\/div>\n<\/div><\/figure>\n","protected":false},"excerpt":{"rendered":"<p>En un contexto donde la accidentolog\u00eda vial no solo representa una tragedia humana sino tambi\u00e9n una carga financiera asfixiante para el Estado, el municipio de Coronel Pringles ha puesto sobre la mesa un proyecto de ordenanza que busca un cambio de paradigma: que quienes provoquen accidentes por conductas temerarias se hagan cargo de los gastos [&hellip;]<\/p>\n","protected":false},"author":2,"featured_media":63556,"comment_status":"open","ping_status":"open","sticky":false,"template":"","format":"standard","meta":{"tdm_status":"","tdm_grid_status":"","_jetpack_memberships_contains_paid_content":false,"footnotes":"","jetpack_publicize_message":"","jetpack_publicize_feature_enabled":true,"jetpack_social_post_already_shared":true,"jetpack_social_options":{"image_generator_settings":{"template":"highway","default_image_id":0,"font":"","enabled":false},"version":2}},"categories":[1],"tags":[],"class_list":{"0":"post-63555","1":"post","2":"type-post","3":"status-publish","4":"format-standard","5":"has-post-thumbnail","7":"category-sin-categoria"},"yoast_head":"<!-- This site is optimized with the Yoast SEO plugin v22.7 - https:\/\/yoast.com\/wordpress\/plugins\/seo\/ -->\n<title>Costos de la imprudencia al volante: la propuesta de Pringles bajo la mirada de Roberto Fabiano - 103.9 fm<\/title>\n<meta name=\"robots\" content=\"index, follow, max-snippet:-1, max-image-preview:large, max-video-preview:-1\" \/>\n<link rel=\"canonical\" href=\"https:\/\/ondauno.com.ar\/index.php\/2026\/03\/13\/costos-de-la-imprudencia-al-volante-la-propuesta-de-pringles-bajo-la-mirada-de-roberto-fabiano\/\" \/>\n<meta property=\"og:locale\" content=\"es_ES\" \/>\n<meta property=\"og:type\" content=\"article\" \/>\n<meta property=\"og:title\" content=\"Costos de la imprudencia al volante: la propuesta de Pringles bajo la mirada de Roberto Fabiano - 103.9 fm\" \/>\n<meta property=\"og:description\" content=\"En un contexto donde la accidentolog\u00eda vial no solo representa una tragedia humana sino tambi\u00e9n una carga financiera asfixiante para el Estado, el municipio de Coronel Pringles ha puesto sobre la mesa un proyecto de ordenanza que busca un cambio de paradigma: que quienes provoquen accidentes por conductas temerarias se hagan cargo de los gastos [&hellip;]\" \/>\n<meta property=\"og:url\" content=\"https:\/\/ondauno.com.ar\/index.php\/2026\/03\/13\/costos-de-la-imprudencia-al-volante-la-propuesta-de-pringles-bajo-la-mirada-de-roberto-fabiano\/\" \/>\n<meta property=\"og:site_name\" content=\"103.9 fm\" \/>\n<meta property=\"article:publisher\" content=\"https:\/\/www.facebook.com\/ondauno103.9\" \/>\n<meta property=\"article:published_time\" content=\"2026-03-13T11:31:15+00:00\" \/>\n<meta property=\"article:modified_time\" content=\"2026-03-13T11:31:17+00:00\" \/>\n<meta property=\"og:image\" content=\"http:\/\/ondauno.com.ar\/wp-content\/uploads\/2026\/03\/fabiano.jpg\" \/>\n\t<meta property=\"og:image:width\" content=\"756\" \/>\n\t<meta property=\"og:image:height\" content=\"576\" \/>\n\t<meta property=\"og:image:type\" content=\"image\/jpeg\" \/>\n<meta name=\"author\" content=\"fernando garcia\" \/>\n<meta name=\"twitter:card\" content=\"summary_large_image\" \/>\n<meta name=\"twitter:label1\" content=\"Escrito por\" \/>\n\t<meta name=\"twitter:data1\" content=\"fernando garcia\" \/>\n\t<meta name=\"twitter:label2\" content=\"Tiempo de lectura\" \/>\n\t<meta name=\"twitter:data2\" content=\"3 minutos\" \/>\n<script type=\"application\/ld+json\" class=\"yoast-schema-graph\">{\"@context\":\"https:\/\/schema.org\",\"@graph\":[{\"@type\":\"WebPage\",\"@id\":\"https:\/\/ondauno.com.ar\/index.php\/2026\/03\/13\/costos-de-la-imprudencia-al-volante-la-propuesta-de-pringles-bajo-la-mirada-de-roberto-fabiano\/\",\"url\":\"https:\/\/ondauno.com.ar\/index.php\/2026\/03\/13\/costos-de-la-imprudencia-al-volante-la-propuesta-de-pringles-bajo-la-mirada-de-roberto-fabiano\/\",\"name\":\"Costos de la imprudencia al volante: la propuesta de Pringles bajo la mirada de Roberto Fabiano - 103.9 fm\",\"isPartOf\":{\"@id\":\"https:\/\/ondauno.com.ar\/#website\"},\"primaryImageOfPage\":{\"@id\":\"https:\/\/ondauno.com.ar\/index.php\/2026\/03\/13\/costos-de-la-imprudencia-al-volante-la-propuesta-de-pringles-bajo-la-mirada-de-roberto-fabiano\/#primaryimage\"},\"image\":{\"@id\":\"https:\/\/ondauno.com.ar\/index.php\/2026\/03\/13\/costos-de-la-imprudencia-al-volante-la-propuesta-de-pringles-bajo-la-mirada-de-roberto-fabiano\/#primaryimage\"},\"thumbnailUrl\":\"https:\/\/ondauno.com.ar\/wp-content\/uploads\/2026\/03\/fabiano.jpg\",\"datePublished\":\"2026-03-13T11:31:15+00:00\",\"dateModified\":\"2026-03-13T11:31:17+00:00\",\"author\":{\"@id\":\"https:\/\/ondauno.com.ar\/#\/schema\/person\/201d1b68e6c75e0fd396fe5f8af5d139\"},\"breadcrumb\":{\"@id\":\"https:\/\/ondauno.com.ar\/index.php\/2026\/03\/13\/costos-de-la-imprudencia-al-volante-la-propuesta-de-pringles-bajo-la-mirada-de-roberto-fabiano\/#breadcrumb\"},\"inLanguage\":\"es-AR\",\"potentialAction\":[{\"@type\":\"ReadAction\",\"target\":[\"https:\/\/ondauno.com.ar\/index.php\/2026\/03\/13\/costos-de-la-imprudencia-al-volante-la-propuesta-de-pringles-bajo-la-mirada-de-roberto-fabiano\/\"]}]},{\"@type\":\"ImageObject\",\"inLanguage\":\"es-AR\",\"@id\":\"https:\/\/ondauno.com.ar\/index.php\/2026\/03\/13\/costos-de-la-imprudencia-al-volante-la-propuesta-de-pringles-bajo-la-mirada-de-roberto-fabiano\/#primaryimage\",\"url\":\"https:\/\/ondauno.com.ar\/wp-content\/uploads\/2026\/03\/fabiano.jpg\",\"contentUrl\":\"https:\/\/ondauno.com.ar\/wp-content\/uploads\/2026\/03\/fabiano.jpg\",\"width\":756,\"height\":576},{\"@type\":\"BreadcrumbList\",\"@id\":\"https:\/\/ondauno.com.ar\/index.php\/2026\/03\/13\/costos-de-la-imprudencia-al-volante-la-propuesta-de-pringles-bajo-la-mirada-de-roberto-fabiano\/#breadcrumb\",\"itemListElement\":[{\"@type\":\"ListItem\",\"position\":1,\"name\":\"Inicio\",\"item\":\"https:\/\/ondauno.com.ar\/\"},{\"@type\":\"ListItem\",\"position\":2,\"name\":\"Costos de la imprudencia al volante: la propuesta de Pringles bajo la mirada de Roberto Fabiano\"}]},{\"@type\":\"WebSite\",\"@id\":\"https:\/\/ondauno.com.ar\/#website\",\"url\":\"https:\/\/ondauno.com.ar\/\",\"name\":\"103.9 fm\",\"description\":\"LA PRIMERA RADIO MULTIMEDIA DE TRES ARROYOS\",\"potentialAction\":[{\"@type\":\"SearchAction\",\"target\":{\"@type\":\"EntryPoint\",\"urlTemplate\":\"https:\/\/ondauno.com.ar\/?s={search_term_string}\"},\"query-input\":\"required name=search_term_string\"}],\"inLanguage\":\"es-AR\"},{\"@type\":\"Person\",\"@id\":\"https:\/\/ondauno.com.ar\/#\/schema\/person\/201d1b68e6c75e0fd396fe5f8af5d139\",\"name\":\"fernando garcia\",\"image\":{\"@type\":\"ImageObject\",\"inLanguage\":\"es-AR\",\"@id\":\"https:\/\/ondauno.com.ar\/#\/schema\/person\/image\/\",\"url\":\"https:\/\/secure.gravatar.com\/avatar\/5f7254642ad81272e79a2e69653cfdfc?s=96&d=mm&r=g\",\"contentUrl\":\"https:\/\/secure.gravatar.com\/avatar\/5f7254642ad81272e79a2e69653cfdfc?s=96&d=mm&r=g\",\"caption\":\"fernando garcia\"},\"url\":\"https:\/\/ondauno.com.ar\/index.php\/author\/ondaunoeditor\/\"}]}<\/script>\n<!-- \/ Yoast SEO plugin. -->","yoast_head_json":{"title":"Costos de la imprudencia al volante: la propuesta de Pringles bajo la mirada de Roberto Fabiano - 103.9 fm","robots":{"index":"index","follow":"follow","max-snippet":"max-snippet:-1","max-image-preview":"max-image-preview:large","max-video-preview":"max-video-preview:-1"},"canonical":"https:\/\/ondauno.com.ar\/index.php\/2026\/03\/13\/costos-de-la-imprudencia-al-volante-la-propuesta-de-pringles-bajo-la-mirada-de-roberto-fabiano\/","og_locale":"es_ES","og_type":"article","og_title":"Costos de la imprudencia al volante: la propuesta de Pringles bajo la mirada de Roberto Fabiano - 103.9 fm","og_description":"En un contexto donde la accidentolog\u00eda vial no solo representa una tragedia humana sino tambi\u00e9n una carga financiera asfixiante para el Estado, el municipio de Coronel Pringles ha puesto sobre la mesa un proyecto de ordenanza que busca un cambio de paradigma: que quienes provoquen accidentes por conductas temerarias se hagan cargo de los gastos [&hellip;]","og_url":"https:\/\/ondauno.com.ar\/index.php\/2026\/03\/13\/costos-de-la-imprudencia-al-volante-la-propuesta-de-pringles-bajo-la-mirada-de-roberto-fabiano\/","og_site_name":"103.9 fm","article_publisher":"https:\/\/www.facebook.com\/ondauno103.9","article_published_time":"2026-03-13T11:31:15+00:00","article_modified_time":"2026-03-13T11:31:17+00:00","og_image":[{"width":756,"height":576,"url":"http:\/\/ondauno.com.ar\/wp-content\/uploads\/2026\/03\/fabiano.jpg","type":"image\/jpeg"}],"author":"fernando garcia","twitter_card":"summary_large_image","twitter_misc":{"Escrito por":"fernando garcia","Tiempo de lectura":"3 minutos"},"schema":{"@context":"https:\/\/schema.org","@graph":[{"@type":"WebPage","@id":"https:\/\/ondauno.com.ar\/index.php\/2026\/03\/13\/costos-de-la-imprudencia-al-volante-la-propuesta-de-pringles-bajo-la-mirada-de-roberto-fabiano\/","url":"https:\/\/ondauno.com.ar\/index.php\/2026\/03\/13\/costos-de-la-imprudencia-al-volante-la-propuesta-de-pringles-bajo-la-mirada-de-roberto-fabiano\/","name":"Costos de la imprudencia al volante: la propuesta de Pringles bajo la mirada de Roberto Fabiano - 103.9 fm","isPartOf":{"@id":"https:\/\/ondauno.com.ar\/#website"},"primaryImageOfPage":{"@id":"https:\/\/ondauno.com.ar\/index.php\/2026\/03\/13\/costos-de-la-imprudencia-al-volante-la-propuesta-de-pringles-bajo-la-mirada-de-roberto-fabiano\/#primaryimage"},"image":{"@id":"https:\/\/ondauno.com.ar\/index.php\/2026\/03\/13\/costos-de-la-imprudencia-al-volante-la-propuesta-de-pringles-bajo-la-mirada-de-roberto-fabiano\/#primaryimage"},"thumbnailUrl":"https:\/\/ondauno.com.ar\/wp-content\/uploads\/2026\/03\/fabiano.jpg","datePublished":"2026-03-13T11:31:15+00:00","dateModified":"2026-03-13T11:31:17+00:00","author":{"@id":"https:\/\/ondauno.com.ar\/#\/schema\/person\/201d1b68e6c75e0fd396fe5f8af5d139"},"breadcrumb":{"@id":"https:\/\/ondauno.com.ar\/index.php\/2026\/03\/13\/costos-de-la-imprudencia-al-volante-la-propuesta-de-pringles-bajo-la-mirada-de-roberto-fabiano\/#breadcrumb"},"inLanguage":"es-AR","potentialAction":[{"@type":"ReadAction","target":["https:\/\/ondauno.com.ar\/index.php\/2026\/03\/13\/costos-de-la-imprudencia-al-volante-la-propuesta-de-pringles-bajo-la-mirada-de-roberto-fabiano\/"]}]},{"@type":"ImageObject","inLanguage":"es-AR","@id":"https:\/\/ondauno.com.ar\/index.php\/2026\/03\/13\/costos-de-la-imprudencia-al-volante-la-propuesta-de-pringles-bajo-la-mirada-de-roberto-fabiano\/#primaryimage","url":"https:\/\/ondauno.com.ar\/wp-content\/uploads\/2026\/03\/fabiano.jpg","contentUrl":"https:\/\/ondauno.com.ar\/wp-content\/uploads\/2026\/03\/fabiano.jpg","width":756,"height":576},{"@type":"BreadcrumbList","@id":"https:\/\/ondauno.com.ar\/index.php\/2026\/03\/13\/costos-de-la-imprudencia-al-volante-la-propuesta-de-pringles-bajo-la-mirada-de-roberto-fabiano\/#breadcrumb","itemListElement":[{"@type":"ListItem","position":1,"name":"Inicio","item":"https:\/\/ondauno.com.ar\/"},{"@type":"ListItem","position":2,"name":"Costos de la imprudencia al volante: la propuesta de Pringles bajo la mirada de Roberto Fabiano"}]},{"@type":"WebSite","@id":"https:\/\/ondauno.com.ar\/#website","url":"https:\/\/ondauno.com.ar\/","name":"103.9 fm","description":"LA PRIMERA RADIO MULTIMEDIA DE TRES ARROYOS","potentialAction":[{"@type":"SearchAction","target":{"@type":"EntryPoint","urlTemplate":"https:\/\/ondauno.com.ar\/?s={search_term_string}"},"query-input":"required name=search_term_string"}],"inLanguage":"es-AR"},{"@type":"Person","@id":"https:\/\/ondauno.com.ar\/#\/schema\/person\/201d1b68e6c75e0fd396fe5f8af5d139","name":"fernando garcia","image":{"@type":"ImageObject","inLanguage":"es-AR","@id":"https:\/\/ondauno.com.ar\/#\/schema\/person\/image\/","url":"https:\/\/secure.gravatar.com\/avatar\/5f7254642ad81272e79a2e69653cfdfc?s=96&d=mm&r=g","contentUrl":"https:\/\/secure.gravatar.com\/avatar\/5f7254642ad81272e79a2e69653cfdfc?s=96&d=mm&r=g","caption":"fernando garcia"},"url":"https:\/\/ondauno.com.ar\/index.php\/author\/ondaunoeditor\/"}]}},"jetpack_publicize_connections":[],"jetpack_featured_media_url":"https:\/\/ondauno.com.ar\/wp-content\/uploads\/2026\/03\/fabiano.jpg","jetpack_sharing_enabled":true,"_links":{"self":[{"href":"https:\/\/ondauno.com.ar\/index.php\/wp-json\/wp\/v2\/posts\/63555","targetHints":{"allow":["GET"]}}],"collection":[{"href":"https:\/\/ondauno.com.ar\/index.php\/wp-json\/wp\/v2\/posts"}],"about":[{"href":"https:\/\/ondauno.com.ar\/index.php\/wp-json\/wp\/v2\/types\/post"}],"author":[{"embeddable":true,"href":"https:\/\/ondauno.com.ar\/index.php\/wp-json\/wp\/v2\/users\/2"}],"replies":[{"embeddable":true,"href":"https:\/\/ondauno.com.ar\/index.php\/wp-json\/wp\/v2\/comments?post=63555"}],"version-history":[{"count":1,"href":"https:\/\/ondauno.com.ar\/index.php\/wp-json\/wp\/v2\/posts\/63555\/revisions"}],"predecessor-version":[{"id":63557,"href":"https:\/\/ondauno.com.ar\/index.php\/wp-json\/wp\/v2\/posts\/63555\/revisions\/63557"}],"wp:featuredmedia":[{"embeddable":true,"href":"https:\/\/ondauno.com.ar\/index.php\/wp-json\/wp\/v2\/media\/63556"}],"wp:attachment":[{"href":"https:\/\/ondauno.com.ar\/index.php\/wp-json\/wp\/v2\/media?parent=63555"}],"wp:term":[{"taxonomy":"category","embeddable":true,"href":"https:\/\/ondauno.com.ar\/index.php\/wp-json\/wp\/v2\/categories?post=63555"},{"taxonomy":"post_tag","embeddable":true,"href":"https:\/\/ondauno.com.ar\/index.php\/wp-json\/wp\/v2\/tags?post=63555"}],"curies":[{"name":"wp","href":"https:\/\/api.w.org\/{rel}","templated":true}]}}