{"id":63551,"date":"2026-03-13T08:11:10","date_gmt":"2026-03-13T11:11:10","guid":{"rendered":"https:\/\/ondauno.com.ar\/?p=63551"},"modified":"2026-03-13T08:32:25","modified_gmt":"2026-03-13T11:32:25","slug":"el-credito-tracciona-la-confianza-de-los-productores-en-expoagro","status":"publish","type":"post","link":"https:\/\/ondauno.com.ar\/index.php\/2026\/03\/13\/el-credito-tracciona-la-confianza-de-los-productores-en-expoagro\/","title":{"rendered":"El cr\u00e9dito tracciona la confianza de los productores en ExpoAgro"},"content":{"rendered":"<div class=\"ondau-before-content_3\" style=\"margin-top: -30px;\" id=\"ondau-1617428509\"><a href=\"https:\/\/www.lps.com.ar\/\" aria-label=\"la-perse2\"><img loading=\"lazy\" decoding=\"async\" src=\"https:\/\/ondauno.com.ar\/wp-content\/uploads\/2021\/10\/la-perse2.jpg\" alt=\"\"  srcset=\"https:\/\/ondauno.com.ar\/wp-content\/uploads\/2021\/10\/la-perse2.jpg 1353w, https:\/\/ondauno.com.ar\/wp-content\/uploads\/2021\/10\/la-perse2-300x43.jpg 300w, https:\/\/ondauno.com.ar\/wp-content\/uploads\/2021\/10\/la-perse2-1024x148.jpg 1024w, https:\/\/ondauno.com.ar\/wp-content\/uploads\/2021\/10\/la-perse2-768x111.jpg 768w, https:\/\/ondauno.com.ar\/wp-content\/uploads\/2021\/10\/la-perse2-696x100.jpg 696w, https:\/\/ondauno.com.ar\/wp-content\/uploads\/2021\/10\/la-perse2-1068x154.jpg 1068w\" sizes=\"(max-width: 1353px) 100vw, 1353px\" class=\"no-lazyload\" width=\"1353\" height=\"195\"  style=\"display: inline-block;\" \/><\/a><\/div>\n<p><strong>Maximiliano Salas, responsable de ventas de Distribuidora Z<\/strong>, comparti\u00f3 en Cosas que pasan su mirada sobre el presente del sector de la comercializaci\u00f3n agr\u00edcola. La empresa tresarroyense vuelve a decir presente en la muestra.<\/p>\n\n\n\n<p><strong>El cr\u00e9dito como motor<\/strong><\/p>\n\n\n\n<p>Para Salas, la clave de este a\u00f1o no reside solo en el clima, sino en la reaparici\u00f3n de herramientas financieras. <strong>&#8220;Estamos muy contentos. Este a\u00f1o la muestra est\u00e1 bastante m\u00e1s linda (&#8230;) con bastante m\u00e1s \u00e1nimo de parte de los productores&#8221;<\/strong>, afirma el ejecutivo, se\u00f1alando que el Banco Naci\u00f3n ha salido con l\u00edneas de cr\u00e9dito atractivas tanto en d\u00f3lares como en pesos.<\/p>\n\n\n\n<p>Este &#8220;optimismo contenido&#8221; se fundamenta en que el cr\u00e9dito es el factor clave para reactivar un sector que viene de a\u00f1os dif\u00edciles debido a la coyuntura clim\u00e1tica y la falta de financiamiento. Sin embargo, Salas advierte que la realidad es heterog\u00e9nea: <strong>&#8220;El optimismo va cambiando de acuerdo a las condiciones que le toca vivir a cada uno&#8221;<\/strong>, refiri\u00e9ndose a que hay zonas a\u00fan afectadas clim\u00e1ticamente donde la cosecha definir\u00e1 el humor final del productor.<\/p>\n\n\n\n<p><strong>Frente a la importaci\u00f3n<\/strong><\/p>\n\n\n\n<p>Uno de los temas que sobrevuela los pasillos de la Expo es la apertura de importaciones y la llegada de productos, principalmente de origen asi\u00e1tico. No obstante, desde Distribuidora Z miran este fen\u00f3meno con calma. Salas asegura que, aunque han entrado muchos productos nuevos, especialmente en el segmento de tractores, la firma no se ha visto afectada directamente.<\/p>\n\n\n\n<p><strong>&#8220;La gente tampoco conf\u00eda tanto en todos los productos que vienen desde afuera&#8221;<\/strong>, explica, subrayando que existe un margen de fidelidad muy importante hacia las marcas que representan. Para el responsable de ventas, el productor valora la trayectoria y el respaldo, factores que los productos importados reci\u00e9n llegados a\u00fan deben demostrar.<\/p>\n\n\n\n<p><strong>Un buen a\u00f1o por delante<\/strong><\/p>\n\n\n\n<p>Mirando hacia adelante la mirada de Distribuidora Z es positiva. Salas define el resultado de esta muestra como el <strong>&#8220;term\u00f3metro del a\u00f1o&#8221;<\/strong>, ya que aqu\u00ed es donde se empiezan a concretar las operaciones que definir\u00e1n los pr\u00f3ximos meses.<\/p>\n\n\n\n<p><strong>&#8220;Somos optimistas en que va a ser un a\u00f1o&#8230; no creo que sea un a\u00f1o r\u00e9cord, pero s\u00ed va a ser un buen a\u00f1o&#8221;<\/strong>, concluy\u00f3 Salas.<\/p>\n\n\n\n<figure class=\"wp-block-gallery has-nested-images columns-default is-cropped wp-block-gallery-1 is-layout-flex wp-block-gallery-is-layout-flex\">\n<figure class=\"wp-block-image size-large\"><img loading=\"lazy\" decoding=\"async\" width=\"576\" height=\"1024\" data-id=\"63553\" data-src=\"https:\/\/ondauno.com.ar\/wp-content\/uploads\/2026\/03\/maximiliano-salas-576x1024.jpeg\" alt=\"\" class=\"wp-image-63553 lazyload\" data-srcset=\"https:\/\/ondauno.com.ar\/wp-content\/uploads\/2026\/03\/maximiliano-salas-576x1024.jpeg 576w, https:\/\/ondauno.com.ar\/wp-content\/uploads\/2026\/03\/maximiliano-salas-169x300.jpeg 169w, https:\/\/ondauno.com.ar\/wp-content\/uploads\/2026\/03\/maximiliano-salas-236x420.jpeg 236w, https:\/\/ondauno.com.ar\/wp-content\/uploads\/2026\/03\/maximiliano-salas-696x1237.jpeg 696w, https:\/\/ondauno.com.ar\/wp-content\/uploads\/2026\/03\/maximiliano-salas.jpeg 720w\" data-sizes=\"auto, (max-width: 576px) 100vw, 576px\" src=\"data:image\/gif;base64,R0lGODlhAQABAAAAACH5BAEKAAEALAAAAAABAAEAAAICTAEAOw==\" style=\"--smush-placeholder-width: 576px; --smush-placeholder-aspect-ratio: 576\/1024;\" \/><noscript><img loading=\"lazy\" decoding=\"async\" width=\"576\" height=\"1024\" data-id=\"63553\" src=\"https:\/\/ondauno.com.ar\/wp-content\/uploads\/2026\/03\/maximiliano-salas-576x1024.jpeg\" alt=\"\" class=\"wp-image-63553\" srcset=\"https:\/\/ondauno.com.ar\/wp-content\/uploads\/2026\/03\/maximiliano-salas-576x1024.jpeg 576w, https:\/\/ondauno.com.ar\/wp-content\/uploads\/2026\/03\/maximiliano-salas-169x300.jpeg 169w, https:\/\/ondauno.com.ar\/wp-content\/uploads\/2026\/03\/maximiliano-salas-236x420.jpeg 236w, https:\/\/ondauno.com.ar\/wp-content\/uploads\/2026\/03\/maximiliano-salas-696x1237.jpeg 696w, https:\/\/ondauno.com.ar\/wp-content\/uploads\/2026\/03\/maximiliano-salas.jpeg 720w\" sizes=\"auto, (max-width: 576px) 100vw, 576px\" \/><\/noscript><figcaption class=\"wp-element-caption\">Maximiliano Salas, responsable de ventas de Distribuidora Z<\/figcaption><\/figure>\n<\/figure>\n\n\n\n<figure class=\"wp-block-embed is-type-video is-provider-youtube wp-block-embed-youtube wp-embed-aspect-16-9 wp-has-aspect-ratio\"><div class=\"wp-block-embed__wrapper\">\n<div class=\"youtube-embed\" data-video_id=\"NVuPfkcP52M\"><iframe loading=\"lazy\" title=\"Onda Uno 103.9 en vivo\" width=\"696\" height=\"392\" data-src=\"https:\/\/www.youtube.com\/embed\/NVuPfkcP52M?start=43&#038;feature=oembed\" frameborder=\"0\" allow=\"accelerometer; autoplay; clipboard-write; encrypted-media; gyroscope; picture-in-picture; web-share\" referrerpolicy=\"strict-origin-when-cross-origin\" allowfullscreen src=\"data:image\/gif;base64,R0lGODlhAQABAAAAACH5BAEKAAEALAAAAAABAAEAAAICTAEAOw==\" class=\"lazyload\" data-load-mode=\"1\"><\/iframe><\/div>\n<\/div><\/figure>\n","protected":false},"excerpt":{"rendered":"<p>Maximiliano Salas, responsable de ventas de Distribuidora Z, comparti\u00f3 en Cosas que pasan su mirada sobre el presente del sector de la comercializaci\u00f3n agr\u00edcola. La empresa tresarroyense vuelve a decir presente en la muestra. El cr\u00e9dito como motor Para Salas, la clave de este a\u00f1o no reside solo en el clima, sino en la reaparici\u00f3n [&hellip;]<\/p>\n","protected":false},"author":2,"featured_media":63552,"comment_status":"open","ping_status":"open","sticky":false,"template":"","format":"standard","meta":{"tdm_status":"","tdm_grid_status":"","_jetpack_memberships_contains_paid_content":false,"footnotes":"","jetpack_publicize_message":"","jetpack_publicize_feature_enabled":true,"jetpack_social_post_already_shared":true,"jetpack_social_options":{"image_generator_settings":{"template":"highway","default_image_id":0,"font":"","enabled":false},"version":2}},"categories":[1],"tags":[],"class_list":{"0":"post-63551","1":"post","2":"type-post","3":"status-publish","4":"format-standard","5":"has-post-thumbnail","7":"category-sin-categoria"},"yoast_head":"<!-- This site is optimized with the Yoast SEO plugin v22.7 - https:\/\/yoast.com\/wordpress\/plugins\/seo\/ -->\n<title>El cr\u00e9dito tracciona la confianza de los productores en ExpoAgro - 103.9 fm<\/title>\n<meta name=\"robots\" content=\"index, follow, max-snippet:-1, max-image-preview:large, max-video-preview:-1\" \/>\n<link rel=\"canonical\" href=\"https:\/\/ondauno.com.ar\/index.php\/2026\/03\/13\/el-credito-tracciona-la-confianza-de-los-productores-en-expoagro\/\" \/>\n<meta property=\"og:locale\" content=\"es_ES\" \/>\n<meta property=\"og:type\" content=\"article\" \/>\n<meta property=\"og:title\" content=\"El cr\u00e9dito tracciona la confianza de los productores en ExpoAgro - 103.9 fm\" \/>\n<meta property=\"og:description\" content=\"Maximiliano Salas, responsable de ventas de Distribuidora Z, comparti\u00f3 en Cosas que pasan su mirada sobre el presente del sector de la comercializaci\u00f3n agr\u00edcola. La empresa tresarroyense vuelve a decir presente en la muestra. El cr\u00e9dito como motor Para Salas, la clave de este a\u00f1o no reside solo en el clima, sino en la reaparici\u00f3n [&hellip;]\" \/>\n<meta property=\"og:url\" content=\"https:\/\/ondauno.com.ar\/index.php\/2026\/03\/13\/el-credito-tracciona-la-confianza-de-los-productores-en-expoagro\/\" \/>\n<meta property=\"og:site_name\" content=\"103.9 fm\" \/>\n<meta property=\"article:publisher\" content=\"https:\/\/www.facebook.com\/ondauno103.9\" \/>\n<meta property=\"article:published_time\" content=\"2026-03-13T11:11:10+00:00\" \/>\n<meta property=\"article:modified_time\" content=\"2026-03-13T11:32:25+00:00\" \/>\n<meta property=\"og:image\" content=\"http:\/\/ondauno.com.ar\/wp-content\/uploads\/2026\/03\/distribuidora-z.jpeg\" \/>\n\t<meta property=\"og:image:width\" content=\"675\" \/>\n\t<meta property=\"og:image:height\" content=\"722\" \/>\n\t<meta property=\"og:image:type\" content=\"image\/jpeg\" \/>\n<meta name=\"author\" content=\"fernando garcia\" \/>\n<meta name=\"twitter:card\" content=\"summary_large_image\" \/>\n<meta name=\"twitter:label1\" content=\"Escrito por\" \/>\n\t<meta name=\"twitter:data1\" content=\"fernando garcia\" \/>\n\t<meta name=\"twitter:label2\" content=\"Tiempo de lectura\" \/>\n\t<meta name=\"twitter:data2\" content=\"3 minutos\" \/>\n<script type=\"application\/ld+json\" class=\"yoast-schema-graph\">{\"@context\":\"https:\/\/schema.org\",\"@graph\":[{\"@type\":\"WebPage\",\"@id\":\"https:\/\/ondauno.com.ar\/index.php\/2026\/03\/13\/el-credito-tracciona-la-confianza-de-los-productores-en-expoagro\/\",\"url\":\"https:\/\/ondauno.com.ar\/index.php\/2026\/03\/13\/el-credito-tracciona-la-confianza-de-los-productores-en-expoagro\/\",\"name\":\"El cr\u00e9dito tracciona la confianza de los productores en ExpoAgro - 103.9 fm\",\"isPartOf\":{\"@id\":\"https:\/\/ondauno.com.ar\/#website\"},\"primaryImageOfPage\":{\"@id\":\"https:\/\/ondauno.com.ar\/index.php\/2026\/03\/13\/el-credito-tracciona-la-confianza-de-los-productores-en-expoagro\/#primaryimage\"},\"image\":{\"@id\":\"https:\/\/ondauno.com.ar\/index.php\/2026\/03\/13\/el-credito-tracciona-la-confianza-de-los-productores-en-expoagro\/#primaryimage\"},\"thumbnailUrl\":\"https:\/\/ondauno.com.ar\/wp-content\/uploads\/2026\/03\/distribuidora-z.jpeg\",\"datePublished\":\"2026-03-13T11:11:10+00:00\",\"dateModified\":\"2026-03-13T11:32:25+00:00\",\"author\":{\"@id\":\"https:\/\/ondauno.com.ar\/#\/schema\/person\/201d1b68e6c75e0fd396fe5f8af5d139\"},\"breadcrumb\":{\"@id\":\"https:\/\/ondauno.com.ar\/index.php\/2026\/03\/13\/el-credito-tracciona-la-confianza-de-los-productores-en-expoagro\/#breadcrumb\"},\"inLanguage\":\"es-AR\",\"potentialAction\":[{\"@type\":\"ReadAction\",\"target\":[\"https:\/\/ondauno.com.ar\/index.php\/2026\/03\/13\/el-credito-tracciona-la-confianza-de-los-productores-en-expoagro\/\"]}]},{\"@type\":\"ImageObject\",\"inLanguage\":\"es-AR\",\"@id\":\"https:\/\/ondauno.com.ar\/index.php\/2026\/03\/13\/el-credito-tracciona-la-confianza-de-los-productores-en-expoagro\/#primaryimage\",\"url\":\"https:\/\/ondauno.com.ar\/wp-content\/uploads\/2026\/03\/distribuidora-z.jpeg\",\"contentUrl\":\"https:\/\/ondauno.com.ar\/wp-content\/uploads\/2026\/03\/distribuidora-z.jpeg\",\"width\":675,\"height\":722},{\"@type\":\"BreadcrumbList\",\"@id\":\"https:\/\/ondauno.com.ar\/index.php\/2026\/03\/13\/el-credito-tracciona-la-confianza-de-los-productores-en-expoagro\/#breadcrumb\",\"itemListElement\":[{\"@type\":\"ListItem\",\"position\":1,\"name\":\"Inicio\",\"item\":\"https:\/\/ondauno.com.ar\/\"},{\"@type\":\"ListItem\",\"position\":2,\"name\":\"El cr\u00e9dito tracciona la confianza de los productores en ExpoAgro\"}]},{\"@type\":\"WebSite\",\"@id\":\"https:\/\/ondauno.com.ar\/#website\",\"url\":\"https:\/\/ondauno.com.ar\/\",\"name\":\"103.9 fm\",\"description\":\"LA PRIMERA RADIO MULTIMEDIA DE TRES ARROYOS\",\"potentialAction\":[{\"@type\":\"SearchAction\",\"target\":{\"@type\":\"EntryPoint\",\"urlTemplate\":\"https:\/\/ondauno.com.ar\/?s={search_term_string}\"},\"query-input\":\"required name=search_term_string\"}],\"inLanguage\":\"es-AR\"},{\"@type\":\"Person\",\"@id\":\"https:\/\/ondauno.com.ar\/#\/schema\/person\/201d1b68e6c75e0fd396fe5f8af5d139\",\"name\":\"fernando garcia\",\"image\":{\"@type\":\"ImageObject\",\"inLanguage\":\"es-AR\",\"@id\":\"https:\/\/ondauno.com.ar\/#\/schema\/person\/image\/\",\"url\":\"https:\/\/secure.gravatar.com\/avatar\/5f7254642ad81272e79a2e69653cfdfc?s=96&d=mm&r=g\",\"contentUrl\":\"https:\/\/secure.gravatar.com\/avatar\/5f7254642ad81272e79a2e69653cfdfc?s=96&d=mm&r=g\",\"caption\":\"fernando garcia\"},\"url\":\"https:\/\/ondauno.com.ar\/index.php\/author\/ondaunoeditor\/\"}]}<\/script>\n<!-- \/ Yoast SEO plugin. -->","yoast_head_json":{"title":"El cr\u00e9dito tracciona la confianza de los productores en ExpoAgro - 103.9 fm","robots":{"index":"index","follow":"follow","max-snippet":"max-snippet:-1","max-image-preview":"max-image-preview:large","max-video-preview":"max-video-preview:-1"},"canonical":"https:\/\/ondauno.com.ar\/index.php\/2026\/03\/13\/el-credito-tracciona-la-confianza-de-los-productores-en-expoagro\/","og_locale":"es_ES","og_type":"article","og_title":"El cr\u00e9dito tracciona la confianza de los productores en ExpoAgro - 103.9 fm","og_description":"Maximiliano Salas, responsable de ventas de Distribuidora Z, comparti\u00f3 en Cosas que pasan su mirada sobre el presente del sector de la comercializaci\u00f3n agr\u00edcola. La empresa tresarroyense vuelve a decir presente en la muestra. El cr\u00e9dito como motor Para Salas, la clave de este a\u00f1o no reside solo en el clima, sino en la reaparici\u00f3n [&hellip;]","og_url":"https:\/\/ondauno.com.ar\/index.php\/2026\/03\/13\/el-credito-tracciona-la-confianza-de-los-productores-en-expoagro\/","og_site_name":"103.9 fm","article_publisher":"https:\/\/www.facebook.com\/ondauno103.9","article_published_time":"2026-03-13T11:11:10+00:00","article_modified_time":"2026-03-13T11:32:25+00:00","og_image":[{"width":675,"height":722,"url":"http:\/\/ondauno.com.ar\/wp-content\/uploads\/2026\/03\/distribuidora-z.jpeg","type":"image\/jpeg"}],"author":"fernando garcia","twitter_card":"summary_large_image","twitter_misc":{"Escrito por":"fernando garcia","Tiempo de lectura":"3 minutos"},"schema":{"@context":"https:\/\/schema.org","@graph":[{"@type":"WebPage","@id":"https:\/\/ondauno.com.ar\/index.php\/2026\/03\/13\/el-credito-tracciona-la-confianza-de-los-productores-en-expoagro\/","url":"https:\/\/ondauno.com.ar\/index.php\/2026\/03\/13\/el-credito-tracciona-la-confianza-de-los-productores-en-expoagro\/","name":"El cr\u00e9dito tracciona la confianza de los productores en ExpoAgro - 103.9 fm","isPartOf":{"@id":"https:\/\/ondauno.com.ar\/#website"},"primaryImageOfPage":{"@id":"https:\/\/ondauno.com.ar\/index.php\/2026\/03\/13\/el-credito-tracciona-la-confianza-de-los-productores-en-expoagro\/#primaryimage"},"image":{"@id":"https:\/\/ondauno.com.ar\/index.php\/2026\/03\/13\/el-credito-tracciona-la-confianza-de-los-productores-en-expoagro\/#primaryimage"},"thumbnailUrl":"https:\/\/ondauno.com.ar\/wp-content\/uploads\/2026\/03\/distribuidora-z.jpeg","datePublished":"2026-03-13T11:11:10+00:00","dateModified":"2026-03-13T11:32:25+00:00","author":{"@id":"https:\/\/ondauno.com.ar\/#\/schema\/person\/201d1b68e6c75e0fd396fe5f8af5d139"},"breadcrumb":{"@id":"https:\/\/ondauno.com.ar\/index.php\/2026\/03\/13\/el-credito-tracciona-la-confianza-de-los-productores-en-expoagro\/#breadcrumb"},"inLanguage":"es-AR","potentialAction":[{"@type":"ReadAction","target":["https:\/\/ondauno.com.ar\/index.php\/2026\/03\/13\/el-credito-tracciona-la-confianza-de-los-productores-en-expoagro\/"]}]},{"@type":"ImageObject","inLanguage":"es-AR","@id":"https:\/\/ondauno.com.ar\/index.php\/2026\/03\/13\/el-credito-tracciona-la-confianza-de-los-productores-en-expoagro\/#primaryimage","url":"https:\/\/ondauno.com.ar\/wp-content\/uploads\/2026\/03\/distribuidora-z.jpeg","contentUrl":"https:\/\/ondauno.com.ar\/wp-content\/uploads\/2026\/03\/distribuidora-z.jpeg","width":675,"height":722},{"@type":"BreadcrumbList","@id":"https:\/\/ondauno.com.ar\/index.php\/2026\/03\/13\/el-credito-tracciona-la-confianza-de-los-productores-en-expoagro\/#breadcrumb","itemListElement":[{"@type":"ListItem","position":1,"name":"Inicio","item":"https:\/\/ondauno.com.ar\/"},{"@type":"ListItem","position":2,"name":"El cr\u00e9dito tracciona la confianza de los productores en ExpoAgro"}]},{"@type":"WebSite","@id":"https:\/\/ondauno.com.ar\/#website","url":"https:\/\/ondauno.com.ar\/","name":"103.9 fm","description":"LA PRIMERA RADIO MULTIMEDIA DE TRES ARROYOS","potentialAction":[{"@type":"SearchAction","target":{"@type":"EntryPoint","urlTemplate":"https:\/\/ondauno.com.ar\/?s={search_term_string}"},"query-input":"required name=search_term_string"}],"inLanguage":"es-AR"},{"@type":"Person","@id":"https:\/\/ondauno.com.ar\/#\/schema\/person\/201d1b68e6c75e0fd396fe5f8af5d139","name":"fernando garcia","image":{"@type":"ImageObject","inLanguage":"es-AR","@id":"https:\/\/ondauno.com.ar\/#\/schema\/person\/image\/","url":"https:\/\/secure.gravatar.com\/avatar\/5f7254642ad81272e79a2e69653cfdfc?s=96&d=mm&r=g","contentUrl":"https:\/\/secure.gravatar.com\/avatar\/5f7254642ad81272e79a2e69653cfdfc?s=96&d=mm&r=g","caption":"fernando garcia"},"url":"https:\/\/ondauno.com.ar\/index.php\/author\/ondaunoeditor\/"}]}},"jetpack_publicize_connections":[],"jetpack_featured_media_url":"https:\/\/ondauno.com.ar\/wp-content\/uploads\/2026\/03\/distribuidora-z.jpeg","jetpack_sharing_enabled":true,"_links":{"self":[{"href":"https:\/\/ondauno.com.ar\/index.php\/wp-json\/wp\/v2\/posts\/63551","targetHints":{"allow":["GET"]}}],"collection":[{"href":"https:\/\/ondauno.com.ar\/index.php\/wp-json\/wp\/v2\/posts"}],"about":[{"href":"https:\/\/ondauno.com.ar\/index.php\/wp-json\/wp\/v2\/types\/post"}],"author":[{"embeddable":true,"href":"https:\/\/ondauno.com.ar\/index.php\/wp-json\/wp\/v2\/users\/2"}],"replies":[{"embeddable":true,"href":"https:\/\/ondauno.com.ar\/index.php\/wp-json\/wp\/v2\/comments?post=63551"}],"version-history":[{"count":2,"href":"https:\/\/ondauno.com.ar\/index.php\/wp-json\/wp\/v2\/posts\/63551\/revisions"}],"predecessor-version":[{"id":63558,"href":"https:\/\/ondauno.com.ar\/index.php\/wp-json\/wp\/v2\/posts\/63551\/revisions\/63558"}],"wp:featuredmedia":[{"embeddable":true,"href":"https:\/\/ondauno.com.ar\/index.php\/wp-json\/wp\/v2\/media\/63552"}],"wp:attachment":[{"href":"https:\/\/ondauno.com.ar\/index.php\/wp-json\/wp\/v2\/media?parent=63551"}],"wp:term":[{"taxonomy":"category","embeddable":true,"href":"https:\/\/ondauno.com.ar\/index.php\/wp-json\/wp\/v2\/categories?post=63551"},{"taxonomy":"post_tag","embeddable":true,"href":"https:\/\/ondauno.com.ar\/index.php\/wp-json\/wp\/v2\/tags?post=63551"}],"curies":[{"name":"wp","href":"https:\/\/api.w.org\/{rel}","templated":true}]}}