{"id":63538,"date":"2026-03-12T01:56:58","date_gmt":"2026-03-12T04:56:58","guid":{"rendered":"https:\/\/ondauno.com.ar\/?p=63538"},"modified":"2026-03-12T01:57:26","modified_gmt":"2026-03-12T04:57:26","slug":"red-de-agua-una-obra-invisible-saldara-una-deuda-historica-en-tres-arroyos","status":"publish","type":"post","link":"https:\/\/ondauno.com.ar\/index.php\/2026\/03\/12\/red-de-agua-una-obra-invisible-saldara-una-deuda-historica-en-tres-arroyos\/","title":{"rendered":"Red de agua: una obra &#8220;invisible&#8221; saldar\u00e1 una deuda hist\u00f3rica en Tres Arroyos"},"content":{"rendered":"<div class=\"ondau-before-content_3\" style=\"margin-top: -30px;\" id=\"ondau-25393394\"><a href=\"https:\/\/www.lps.com.ar\/\" aria-label=\"la-perse2\"><img loading=\"lazy\" decoding=\"async\" src=\"https:\/\/ondauno.com.ar\/wp-content\/uploads\/2021\/10\/la-perse2.jpg\" alt=\"\"  srcset=\"https:\/\/ondauno.com.ar\/wp-content\/uploads\/2021\/10\/la-perse2.jpg 1353w, https:\/\/ondauno.com.ar\/wp-content\/uploads\/2021\/10\/la-perse2-300x43.jpg 300w, https:\/\/ondauno.com.ar\/wp-content\/uploads\/2021\/10\/la-perse2-1024x148.jpg 1024w, https:\/\/ondauno.com.ar\/wp-content\/uploads\/2021\/10\/la-perse2-768x111.jpg 768w, https:\/\/ondauno.com.ar\/wp-content\/uploads\/2021\/10\/la-perse2-696x100.jpg 696w, https:\/\/ondauno.com.ar\/wp-content\/uploads\/2021\/10\/la-perse2-1068x154.jpg 1068w\" sizes=\"(max-width: 1353px) 100vw, 1353px\" class=\"no-lazyload\" width=\"1353\" height=\"195\"  style=\"display: inline-block;\" \/><\/a><\/div>\n<p><strong>En Cosas que pasan, la arquitecta Paola Salerno, Secretaria Municipal de Planeamiento Urbano, brind\u00f3 detalles sobre la obra que busca erradicar problemas de d\u00e9cadas bajo el suelo tresarroyense.<\/strong><\/p>\n\n\n\n<p>La noticia se dio a conocer tras un extenso proceso t\u00e9cnico de un a\u00f1o y medio de gestiones e intercambios entre el municipio y el gobierno de la provincia de Buenos Aires. La resoluci\u00f3n finalmente permite avanzar con el recambio de ca\u00f1er\u00edas en el <strong>cuadrante oeste<\/strong> de la ciudad, sobre el cuadrante de la Plaza del Arbol o Pellegrini.<\/p>\n\n\n\n<p>&#8220;Se hizo una modelaci\u00f3n de la red que da un mont\u00f3n de datos, como por ejemplo, d\u00f3nde se provoca la mayor cantidad de fugas o cu\u00e1l es la parte m\u00e1s estropeada&#8221;, explic\u00f3 Salerno, justificando la elecci\u00f3n de este sector para iniciar los trabajos.<\/p>\n\n\n\n<p>Uno de los puntos m\u00e1s cr\u00edticos de la obra es la antig\u00fcedad del sistema actual. Las ca\u00f1er\u00edas datan de <strong>1964<\/strong> y est\u00e1n fabricadas de <strong>asbesto cemento<\/strong>, un material hoy prohibido debido a la toxicidad de sus part\u00edculas en caso de movilizaci\u00f3n.<\/p>\n\n\n\n<p>Para minimizar el impacto ambiental, Salerno confirm\u00f3 que el <strong>90% de los ca\u00f1os viejos quedar\u00e1n enterrados<\/strong>, siguiendo las recomendaciones de las autoridades de Medio Ambiente.<\/p>\n\n\n\n<p>En su lugar se instalar\u00e1n <strong>27.000 metros de ca\u00f1er\u00eda de PVC con junta el\u00e1stica<\/strong>, un sistema moderno que permite absorber los cambios de presi\u00f3n sin provocar las roturas que hoy padece la red.<\/p>\n\n\n\n<p>N\u00fameros y log\u00edstica de una obra de largo aliento<\/p>\n\n\n\n<p>La magnitud del proyecto es significativa para este primer 25% de la obra total y comprende <strong>27.000 metros<\/strong> de ca\u00f1er\u00eda a reemplazar, <strong>5.000 metros<\/strong> de troncales, <strong>3.290 conexiones domiciliarias<\/strong> nuevas&nbsp; y &nbsp;casi <strong>200 v\u00e1lvulas<\/strong> (exclusas y de incendio).<\/p>\n\n\n\n<p>Aunque la licitaci\u00f3n es armada por la DIPAC (Direcci\u00f3n Provincial de Agua y Cloacas), el municipio tendr\u00e1 un rol activo en el control. &#8220;Nosotros vamos a tener una tarea como de inspectores y control de obra. Vamos a estar todos los d\u00edas conjuntamente para ir informando y controlando a la empresa ganadora&#8221;, se\u00f1al\u00f3 la Secretaria de Planeamiento.<\/p>\n\n\n\n<p>Se espera que los primeros d\u00edas de abril personal de la DIPAC visite la ciudad junto a los oferentes interesados para realizar la recorrida t\u00e9cnica obligatoria.<\/p>\n\n\n\n<p>Asimismo Salerno fue directa respecto a las molestias que causar\u00e1n los trabajos, que se estiman podr\u00edan durar unos <strong>36 meses<\/strong>. Al ser una obra que implica romper calles y alterar el tr\u00e1nsito, el impacto en la vida diaria del vecino ser\u00e1 inevitable. Adem\u00e1s, por su envergadura, la obra trascender\u00e1 la gesti\u00f3n actual.<\/p>\n\n\n\n<p>&#8220;Es una obra que ya se deber\u00eda haber hecho hace much\u00edsimos a\u00f1os&#8221;, enfatiz\u00f3 la arquitecta, se\u00f1alando que el estado actual de la red es insostenible. El beneficio final, aunque &#8220;no llene el ojo&#8221; por estar bajo tierra, se traducir\u00e1 en una <strong>mejora notable en la presi\u00f3n del agua, la eliminaci\u00f3n de fugas y una mayor calidad del fluido<\/strong>, especialmente en \u00e9pocas de alto consumo como el verano.<\/p>\n\n\n\n<figure class=\"wp-block-embed is-type-video is-provider-youtube wp-block-embed-youtube wp-embed-aspect-16-9 wp-has-aspect-ratio\"><div class=\"wp-block-embed__wrapper\">\n<div class=\"youtube-embed\" data-video_id=\"U3mKjIk0VzU\"><iframe loading=\"lazy\" title=\"Onda Uno 103.9 en vivo\" width=\"696\" height=\"392\" data-src=\"https:\/\/www.youtube.com\/embed\/U3mKjIk0VzU?feature=oembed&#038;enablejsapi=1\" frameborder=\"0\" allow=\"accelerometer; autoplay; clipboard-write; encrypted-media; gyroscope; picture-in-picture; web-share\" referrerpolicy=\"strict-origin-when-cross-origin\" allowfullscreen src=\"data:image\/gif;base64,R0lGODlhAQABAAAAACH5BAEKAAEALAAAAAABAAEAAAICTAEAOw==\" class=\"lazyload\" data-load-mode=\"1\"><\/iframe><\/div>\n<\/div><\/figure>\n","protected":false},"excerpt":{"rendered":"<p>El primer 25 por ciento de la obra se financiar\u00e1 con recursos provinciales por un valor de 6.800 millones de pesos<\/p>\n","protected":false},"author":2,"featured_media":63540,"comment_status":"open","ping_status":"open","sticky":false,"template":"","format":"standard","meta":{"tdm_status":"","tdm_grid_status":"","_jetpack_memberships_contains_paid_content":false,"footnotes":"","jetpack_publicize_message":"","jetpack_publicize_feature_enabled":true,"jetpack_social_post_already_shared":true,"jetpack_social_options":{"image_generator_settings":{"template":"highway","default_image_id":0,"font":"","enabled":false},"version":2}},"categories":[1],"tags":[],"class_list":{"0":"post-63538","1":"post","2":"type-post","3":"status-publish","4":"format-standard","5":"has-post-thumbnail","7":"category-sin-categoria"},"yoast_head":"<!-- This site is optimized with the Yoast SEO plugin v22.7 - https:\/\/yoast.com\/wordpress\/plugins\/seo\/ -->\n<title>Red de agua: una obra &quot;invisible&quot; saldar\u00e1 una deuda hist\u00f3rica en Tres Arroyos - 103.9 fm<\/title>\n<meta name=\"robots\" content=\"index, follow, max-snippet:-1, max-image-preview:large, max-video-preview:-1\" \/>\n<link rel=\"canonical\" href=\"https:\/\/ondauno.com.ar\/index.php\/2026\/03\/12\/red-de-agua-una-obra-invisible-saldara-una-deuda-historica-en-tres-arroyos\/\" \/>\n<meta property=\"og:locale\" content=\"es_ES\" \/>\n<meta property=\"og:type\" content=\"article\" \/>\n<meta property=\"og:title\" content=\"Red de agua: una obra &quot;invisible&quot; saldar\u00e1 una deuda hist\u00f3rica en Tres Arroyos - 103.9 fm\" \/>\n<meta property=\"og:description\" content=\"El primer 25 por ciento de la obra se financiar\u00e1 con recursos provinciales por un valor de 6.800 millones de pesos\" \/>\n<meta property=\"og:url\" content=\"https:\/\/ondauno.com.ar\/index.php\/2026\/03\/12\/red-de-agua-una-obra-invisible-saldara-una-deuda-historica-en-tres-arroyos\/\" \/>\n<meta property=\"og:site_name\" content=\"103.9 fm\" \/>\n<meta property=\"article:publisher\" content=\"https:\/\/www.facebook.com\/ondauno103.9\" \/>\n<meta property=\"article:published_time\" content=\"2026-03-12T04:56:58+00:00\" \/>\n<meta property=\"article:modified_time\" content=\"2026-03-12T04:57:26+00:00\" \/>\n<meta property=\"og:image\" content=\"http:\/\/ondauno.com.ar\/wp-content\/uploads\/2026\/03\/Recambio-de-Canerias.jpeg\" \/>\n\t<meta property=\"og:image:width\" content=\"700\" \/>\n\t<meta property=\"og:image:height\" content=\"394\" \/>\n\t<meta property=\"og:image:type\" content=\"image\/jpeg\" \/>\n<meta name=\"author\" content=\"fernando garcia\" \/>\n<meta name=\"twitter:card\" content=\"summary_large_image\" \/>\n<meta name=\"twitter:label1\" content=\"Escrito por\" \/>\n\t<meta name=\"twitter:data1\" content=\"fernando garcia\" \/>\n\t<meta name=\"twitter:label2\" content=\"Tiempo de lectura\" \/>\n\t<meta name=\"twitter:data2\" content=\"3 minutos\" \/>\n<script type=\"application\/ld+json\" class=\"yoast-schema-graph\">{\"@context\":\"https:\/\/schema.org\",\"@graph\":[{\"@type\":\"WebPage\",\"@id\":\"https:\/\/ondauno.com.ar\/index.php\/2026\/03\/12\/red-de-agua-una-obra-invisible-saldara-una-deuda-historica-en-tres-arroyos\/\",\"url\":\"https:\/\/ondauno.com.ar\/index.php\/2026\/03\/12\/red-de-agua-una-obra-invisible-saldara-una-deuda-historica-en-tres-arroyos\/\",\"name\":\"Red de agua: una obra \\\"invisible\\\" saldar\u00e1 una deuda hist\u00f3rica en Tres Arroyos - 103.9 fm\",\"isPartOf\":{\"@id\":\"https:\/\/ondauno.com.ar\/#website\"},\"primaryImageOfPage\":{\"@id\":\"https:\/\/ondauno.com.ar\/index.php\/2026\/03\/12\/red-de-agua-una-obra-invisible-saldara-una-deuda-historica-en-tres-arroyos\/#primaryimage\"},\"image\":{\"@id\":\"https:\/\/ondauno.com.ar\/index.php\/2026\/03\/12\/red-de-agua-una-obra-invisible-saldara-una-deuda-historica-en-tres-arroyos\/#primaryimage\"},\"thumbnailUrl\":\"https:\/\/ondauno.com.ar\/wp-content\/uploads\/2026\/03\/Recambio-de-Canerias.jpeg\",\"datePublished\":\"2026-03-12T04:56:58+00:00\",\"dateModified\":\"2026-03-12T04:57:26+00:00\",\"author\":{\"@id\":\"https:\/\/ondauno.com.ar\/#\/schema\/person\/201d1b68e6c75e0fd396fe5f8af5d139\"},\"breadcrumb\":{\"@id\":\"https:\/\/ondauno.com.ar\/index.php\/2026\/03\/12\/red-de-agua-una-obra-invisible-saldara-una-deuda-historica-en-tres-arroyos\/#breadcrumb\"},\"inLanguage\":\"es-AR\",\"potentialAction\":[{\"@type\":\"ReadAction\",\"target\":[\"https:\/\/ondauno.com.ar\/index.php\/2026\/03\/12\/red-de-agua-una-obra-invisible-saldara-una-deuda-historica-en-tres-arroyos\/\"]}]},{\"@type\":\"ImageObject\",\"inLanguage\":\"es-AR\",\"@id\":\"https:\/\/ondauno.com.ar\/index.php\/2026\/03\/12\/red-de-agua-una-obra-invisible-saldara-una-deuda-historica-en-tres-arroyos\/#primaryimage\",\"url\":\"https:\/\/ondauno.com.ar\/wp-content\/uploads\/2026\/03\/Recambio-de-Canerias.jpeg\",\"contentUrl\":\"https:\/\/ondauno.com.ar\/wp-content\/uploads\/2026\/03\/Recambio-de-Canerias.jpeg\",\"width\":700,\"height\":394},{\"@type\":\"BreadcrumbList\",\"@id\":\"https:\/\/ondauno.com.ar\/index.php\/2026\/03\/12\/red-de-agua-una-obra-invisible-saldara-una-deuda-historica-en-tres-arroyos\/#breadcrumb\",\"itemListElement\":[{\"@type\":\"ListItem\",\"position\":1,\"name\":\"Inicio\",\"item\":\"https:\/\/ondauno.com.ar\/\"},{\"@type\":\"ListItem\",\"position\":2,\"name\":\"Red de agua: una obra &#8220;invisible&#8221; saldar\u00e1 una deuda hist\u00f3rica en Tres Arroyos\"}]},{\"@type\":\"WebSite\",\"@id\":\"https:\/\/ondauno.com.ar\/#website\",\"url\":\"https:\/\/ondauno.com.ar\/\",\"name\":\"103.9 fm\",\"description\":\"LA PRIMERA RADIO MULTIMEDIA DE TRES ARROYOS\",\"potentialAction\":[{\"@type\":\"SearchAction\",\"target\":{\"@type\":\"EntryPoint\",\"urlTemplate\":\"https:\/\/ondauno.com.ar\/?s={search_term_string}\"},\"query-input\":\"required name=search_term_string\"}],\"inLanguage\":\"es-AR\"},{\"@type\":\"Person\",\"@id\":\"https:\/\/ondauno.com.ar\/#\/schema\/person\/201d1b68e6c75e0fd396fe5f8af5d139\",\"name\":\"fernando garcia\",\"image\":{\"@type\":\"ImageObject\",\"inLanguage\":\"es-AR\",\"@id\":\"https:\/\/ondauno.com.ar\/#\/schema\/person\/image\/\",\"url\":\"https:\/\/secure.gravatar.com\/avatar\/5f7254642ad81272e79a2e69653cfdfc?s=96&d=mm&r=g\",\"contentUrl\":\"https:\/\/secure.gravatar.com\/avatar\/5f7254642ad81272e79a2e69653cfdfc?s=96&d=mm&r=g\",\"caption\":\"fernando garcia\"},\"url\":\"https:\/\/ondauno.com.ar\/index.php\/author\/ondaunoeditor\/\"}]}<\/script>\n<!-- \/ Yoast SEO plugin. -->","yoast_head_json":{"title":"Red de agua: una obra \"invisible\" saldar\u00e1 una deuda hist\u00f3rica en Tres Arroyos - 103.9 fm","robots":{"index":"index","follow":"follow","max-snippet":"max-snippet:-1","max-image-preview":"max-image-preview:large","max-video-preview":"max-video-preview:-1"},"canonical":"https:\/\/ondauno.com.ar\/index.php\/2026\/03\/12\/red-de-agua-una-obra-invisible-saldara-una-deuda-historica-en-tres-arroyos\/","og_locale":"es_ES","og_type":"article","og_title":"Red de agua: una obra \"invisible\" saldar\u00e1 una deuda hist\u00f3rica en Tres Arroyos - 103.9 fm","og_description":"El primer 25 por ciento de la obra se financiar\u00e1 con recursos provinciales por un valor de 6.800 millones de pesos","og_url":"https:\/\/ondauno.com.ar\/index.php\/2026\/03\/12\/red-de-agua-una-obra-invisible-saldara-una-deuda-historica-en-tres-arroyos\/","og_site_name":"103.9 fm","article_publisher":"https:\/\/www.facebook.com\/ondauno103.9","article_published_time":"2026-03-12T04:56:58+00:00","article_modified_time":"2026-03-12T04:57:26+00:00","og_image":[{"width":700,"height":394,"url":"http:\/\/ondauno.com.ar\/wp-content\/uploads\/2026\/03\/Recambio-de-Canerias.jpeg","type":"image\/jpeg"}],"author":"fernando garcia","twitter_card":"summary_large_image","twitter_misc":{"Escrito por":"fernando garcia","Tiempo de lectura":"3 minutos"},"schema":{"@context":"https:\/\/schema.org","@graph":[{"@type":"WebPage","@id":"https:\/\/ondauno.com.ar\/index.php\/2026\/03\/12\/red-de-agua-una-obra-invisible-saldara-una-deuda-historica-en-tres-arroyos\/","url":"https:\/\/ondauno.com.ar\/index.php\/2026\/03\/12\/red-de-agua-una-obra-invisible-saldara-una-deuda-historica-en-tres-arroyos\/","name":"Red de agua: una obra \"invisible\" saldar\u00e1 una deuda hist\u00f3rica en Tres Arroyos - 103.9 fm","isPartOf":{"@id":"https:\/\/ondauno.com.ar\/#website"},"primaryImageOfPage":{"@id":"https:\/\/ondauno.com.ar\/index.php\/2026\/03\/12\/red-de-agua-una-obra-invisible-saldara-una-deuda-historica-en-tres-arroyos\/#primaryimage"},"image":{"@id":"https:\/\/ondauno.com.ar\/index.php\/2026\/03\/12\/red-de-agua-una-obra-invisible-saldara-una-deuda-historica-en-tres-arroyos\/#primaryimage"},"thumbnailUrl":"https:\/\/ondauno.com.ar\/wp-content\/uploads\/2026\/03\/Recambio-de-Canerias.jpeg","datePublished":"2026-03-12T04:56:58+00:00","dateModified":"2026-03-12T04:57:26+00:00","author":{"@id":"https:\/\/ondauno.com.ar\/#\/schema\/person\/201d1b68e6c75e0fd396fe5f8af5d139"},"breadcrumb":{"@id":"https:\/\/ondauno.com.ar\/index.php\/2026\/03\/12\/red-de-agua-una-obra-invisible-saldara-una-deuda-historica-en-tres-arroyos\/#breadcrumb"},"inLanguage":"es-AR","potentialAction":[{"@type":"ReadAction","target":["https:\/\/ondauno.com.ar\/index.php\/2026\/03\/12\/red-de-agua-una-obra-invisible-saldara-una-deuda-historica-en-tres-arroyos\/"]}]},{"@type":"ImageObject","inLanguage":"es-AR","@id":"https:\/\/ondauno.com.ar\/index.php\/2026\/03\/12\/red-de-agua-una-obra-invisible-saldara-una-deuda-historica-en-tres-arroyos\/#primaryimage","url":"https:\/\/ondauno.com.ar\/wp-content\/uploads\/2026\/03\/Recambio-de-Canerias.jpeg","contentUrl":"https:\/\/ondauno.com.ar\/wp-content\/uploads\/2026\/03\/Recambio-de-Canerias.jpeg","width":700,"height":394},{"@type":"BreadcrumbList","@id":"https:\/\/ondauno.com.ar\/index.php\/2026\/03\/12\/red-de-agua-una-obra-invisible-saldara-una-deuda-historica-en-tres-arroyos\/#breadcrumb","itemListElement":[{"@type":"ListItem","position":1,"name":"Inicio","item":"https:\/\/ondauno.com.ar\/"},{"@type":"ListItem","position":2,"name":"Red de agua: una obra &#8220;invisible&#8221; saldar\u00e1 una deuda hist\u00f3rica en Tres Arroyos"}]},{"@type":"WebSite","@id":"https:\/\/ondauno.com.ar\/#website","url":"https:\/\/ondauno.com.ar\/","name":"103.9 fm","description":"LA PRIMERA RADIO MULTIMEDIA DE TRES ARROYOS","potentialAction":[{"@type":"SearchAction","target":{"@type":"EntryPoint","urlTemplate":"https:\/\/ondauno.com.ar\/?s={search_term_string}"},"query-input":"required name=search_term_string"}],"inLanguage":"es-AR"},{"@type":"Person","@id":"https:\/\/ondauno.com.ar\/#\/schema\/person\/201d1b68e6c75e0fd396fe5f8af5d139","name":"fernando garcia","image":{"@type":"ImageObject","inLanguage":"es-AR","@id":"https:\/\/ondauno.com.ar\/#\/schema\/person\/image\/","url":"https:\/\/secure.gravatar.com\/avatar\/5f7254642ad81272e79a2e69653cfdfc?s=96&d=mm&r=g","contentUrl":"https:\/\/secure.gravatar.com\/avatar\/5f7254642ad81272e79a2e69653cfdfc?s=96&d=mm&r=g","caption":"fernando garcia"},"url":"https:\/\/ondauno.com.ar\/index.php\/author\/ondaunoeditor\/"}]}},"jetpack_publicize_connections":[],"jetpack_featured_media_url":"https:\/\/ondauno.com.ar\/wp-content\/uploads\/2026\/03\/Recambio-de-Canerias.jpeg","jetpack_sharing_enabled":true,"_links":{"self":[{"href":"https:\/\/ondauno.com.ar\/index.php\/wp-json\/wp\/v2\/posts\/63538","targetHints":{"allow":["GET"]}}],"collection":[{"href":"https:\/\/ondauno.com.ar\/index.php\/wp-json\/wp\/v2\/posts"}],"about":[{"href":"https:\/\/ondauno.com.ar\/index.php\/wp-json\/wp\/v2\/types\/post"}],"author":[{"embeddable":true,"href":"https:\/\/ondauno.com.ar\/index.php\/wp-json\/wp\/v2\/users\/2"}],"replies":[{"embeddable":true,"href":"https:\/\/ondauno.com.ar\/index.php\/wp-json\/wp\/v2\/comments?post=63538"}],"version-history":[{"count":2,"href":"https:\/\/ondauno.com.ar\/index.php\/wp-json\/wp\/v2\/posts\/63538\/revisions"}],"predecessor-version":[{"id":63542,"href":"https:\/\/ondauno.com.ar\/index.php\/wp-json\/wp\/v2\/posts\/63538\/revisions\/63542"}],"wp:featuredmedia":[{"embeddable":true,"href":"https:\/\/ondauno.com.ar\/index.php\/wp-json\/wp\/v2\/media\/63540"}],"wp:attachment":[{"href":"https:\/\/ondauno.com.ar\/index.php\/wp-json\/wp\/v2\/media?parent=63538"}],"wp:term":[{"taxonomy":"category","embeddable":true,"href":"https:\/\/ondauno.com.ar\/index.php\/wp-json\/wp\/v2\/categories?post=63538"},{"taxonomy":"post_tag","embeddable":true,"href":"https:\/\/ondauno.com.ar\/index.php\/wp-json\/wp\/v2\/tags?post=63538"}],"curies":[{"name":"wp","href":"https:\/\/api.w.org\/{rel}","templated":true}]}}