{"id":63532,"date":"2026-03-12T01:35:04","date_gmt":"2026-03-12T04:35:04","guid":{"rendered":"https:\/\/ondauno.com.ar\/?p=63532"},"modified":"2026-03-12T01:35:33","modified_gmt":"2026-03-12T04:35:33","slug":"adolescencia-una-mirada-desde-la-neurociencia","status":"publish","type":"post","link":"https:\/\/ondauno.com.ar\/index.php\/2026\/03\/12\/adolescencia-una-mirada-desde-la-neurociencia\/","title":{"rendered":"Adolescencia: una mirada desde la Neurociencia"},"content":{"rendered":"<div class=\"ondau-before-content_3\" style=\"margin-top: -30px;\" id=\"ondau-379591742\"><a href=\"https:\/\/www.lps.com.ar\/\" aria-label=\"la-perse2\"><img loading=\"lazy\" decoding=\"async\" src=\"https:\/\/ondauno.com.ar\/wp-content\/uploads\/2021\/10\/la-perse2.jpg\" alt=\"\"  srcset=\"https:\/\/ondauno.com.ar\/wp-content\/uploads\/2021\/10\/la-perse2.jpg 1353w, https:\/\/ondauno.com.ar\/wp-content\/uploads\/2021\/10\/la-perse2-300x43.jpg 300w, https:\/\/ondauno.com.ar\/wp-content\/uploads\/2021\/10\/la-perse2-1024x148.jpg 1024w, https:\/\/ondauno.com.ar\/wp-content\/uploads\/2021\/10\/la-perse2-768x111.jpg 768w, https:\/\/ondauno.com.ar\/wp-content\/uploads\/2021\/10\/la-perse2-696x100.jpg 696w, https:\/\/ondauno.com.ar\/wp-content\/uploads\/2021\/10\/la-perse2-1068x154.jpg 1068w\" sizes=\"(max-width: 1353px) 100vw, 1353px\" class=\"no-lazyload\" width=\"1353\" height=\"195\"  style=\"display: inline-block;\" \/><\/a><\/div>\n<p>En Cosas que pasan la licenciada en psicolog\u00eda <strong>Teresa Torralva<\/strong> present\u00f3 su m\u00e1s reciente trabajo editorial, invitando a padres y profesionales a transformar su percepci\u00f3n sobre una de las etapas m\u00e1s incomprendidas del ser humano. Con una trayectoria consolidada en la <strong>Fundaci\u00f3n INECO<\/strong> y la Universidad Favaloro, Torralva propone en su libro, <em>Adolescencia, una mirada desde la neurociencia<\/em>, alejarse de la visi\u00f3n &#8220;catastr\u00f3fica&#8221; y conflictiva que suele rodear este periodo.<\/p>\n\n\n\n<p>Para la especialista la clave reside en entender la <strong>plasticidad cerebral<\/strong>. Seg\u00fan explic\u00f3 existen dos momentos de m\u00e1xima receptividad en la vida: la primera infancia y la adolescencia. &#8220;Es un momento del desarrollo donde el cerebro est\u00e1 absolutamente pl\u00e1stico, listo y preparado para absorber nuevas experiencias&#8221;, afirm\u00f3 Torralva al subrayar que este conocimiento permite desmitificar la idea de que la adolescencia es puramente negativa.<\/p>\n\n\n\n<p>Uno de los puntos m\u00e1s reveladores de su testimonio es la <strong>extensi\u00f3n de este periodo<\/strong>. Seg\u00fan la autora, la adolescencia comienza biol\u00f3gicamente alrededor de los 12 a\u00f1os, pero su fin no est\u00e1 marcado por la biolog\u00eda, sino por hitos sociales de autonom\u00eda. En la actualidad, esta etapa se considera que termina cerca de los <strong>25 a\u00f1os<\/strong>, cuando el joven logra independencia laboral o acad\u00e9mica. &#8220;Saber m\u00e1s siempre ayuda a acompa\u00f1ar mejor&#8221;, sostiene, refiri\u00e9ndose a la necesidad de herramientas para transitar este largo camino que hoy se ve dilatado por factores econ\u00f3micos y sociales.<\/p>\n\n\n\n<p>El libro no se queda en la teor\u00eda cient\u00edfica; busca ser una gu\u00eda pr\u00e1ctica. Torralva combina su rigor como investigadora con su experiencia personal como <strong>madre de dos hijos<\/strong> que ya han atravesado esta etapa.<\/p>\n\n\n\n<p>En sus p\u00e1ginas adem\u00e1s ofrece &#8220;tips&#8221; sobre temas cr\u00edticos como el <strong>uso de la tecnolog\u00eda, el consumo de sustancias y la comunicaci\u00f3n familiar<\/strong>. Adem\u00e1s, resalta la importancia de fomentar factores protectores como el deporte, la creatividad y las relaciones cara a cara, elementos esenciales para generar las redes neuronales que perdurar\u00e1n toda la vida.<\/p>\n\n\n\n<figure class=\"wp-block-image size-full\"><img loading=\"lazy\" decoding=\"async\" width=\"800\" height=\"800\" data-src=\"https:\/\/ondauno.com.ar\/wp-content\/uploads\/2026\/03\/adolescencia.jpg\" alt=\"\" class=\"wp-image-63534 lazyload\" data-srcset=\"https:\/\/ondauno.com.ar\/wp-content\/uploads\/2026\/03\/adolescencia.jpg 800w, https:\/\/ondauno.com.ar\/wp-content\/uploads\/2026\/03\/adolescencia-300x300.jpg 300w, https:\/\/ondauno.com.ar\/wp-content\/uploads\/2026\/03\/adolescencia-150x150.jpg 150w, https:\/\/ondauno.com.ar\/wp-content\/uploads\/2026\/03\/adolescencia-768x768.jpg 768w, https:\/\/ondauno.com.ar\/wp-content\/uploads\/2026\/03\/adolescencia-420x420.jpg 420w, https:\/\/ondauno.com.ar\/wp-content\/uploads\/2026\/03\/adolescencia-696x696.jpg 696w\" data-sizes=\"auto, (max-width: 800px) 100vw, 800px\" src=\"data:image\/gif;base64,R0lGODlhAQABAAAAACH5BAEKAAEALAAAAAABAAEAAAICTAEAOw==\" style=\"--smush-placeholder-width: 800px; --smush-placeholder-aspect-ratio: 800\/800;\" \/><noscript><img loading=\"lazy\" decoding=\"async\" width=\"800\" height=\"800\" src=\"https:\/\/ondauno.com.ar\/wp-content\/uploads\/2026\/03\/adolescencia.jpg\" alt=\"\" class=\"wp-image-63534\" srcset=\"https:\/\/ondauno.com.ar\/wp-content\/uploads\/2026\/03\/adolescencia.jpg 800w, https:\/\/ondauno.com.ar\/wp-content\/uploads\/2026\/03\/adolescencia-300x300.jpg 300w, https:\/\/ondauno.com.ar\/wp-content\/uploads\/2026\/03\/adolescencia-150x150.jpg 150w, https:\/\/ondauno.com.ar\/wp-content\/uploads\/2026\/03\/adolescencia-768x768.jpg 768w, https:\/\/ondauno.com.ar\/wp-content\/uploads\/2026\/03\/adolescencia-420x420.jpg 420w, https:\/\/ondauno.com.ar\/wp-content\/uploads\/2026\/03\/adolescencia-696x696.jpg 696w\" sizes=\"auto, (max-width: 800px) 100vw, 800px\" \/><\/noscript><\/figure>\n\n\n\n<figure class=\"wp-block-embed is-type-video is-provider-youtube wp-block-embed-youtube wp-embed-aspect-16-9 wp-has-aspect-ratio\"><div class=\"wp-block-embed__wrapper\">\n<div class=\"youtube-embed\" data-video_id=\"yAT4J2r_o00\"><iframe loading=\"lazy\" title=\"Onda Uno 103.9 en vivo\" width=\"696\" height=\"392\" data-src=\"https:\/\/www.youtube.com\/embed\/yAT4J2r_o00?feature=oembed&#038;enablejsapi=1\" frameborder=\"0\" allow=\"accelerometer; autoplay; clipboard-write; encrypted-media; gyroscope; picture-in-picture; web-share\" referrerpolicy=\"strict-origin-when-cross-origin\" allowfullscreen src=\"data:image\/gif;base64,R0lGODlhAQABAAAAACH5BAEKAAEALAAAAAABAAEAAAICTAEAOw==\" class=\"lazyload\" data-load-mode=\"1\"><\/iframe><\/div>\n<\/div><\/figure>\n","protected":false},"excerpt":{"rendered":"<p>Teresa Torralva &#8211; Foto de ETER<\/p>\n","protected":false},"author":2,"featured_media":63533,"comment_status":"open","ping_status":"open","sticky":false,"template":"","format":"standard","meta":{"tdm_status":"","tdm_grid_status":"","_jetpack_memberships_contains_paid_content":false,"footnotes":"","jetpack_publicize_message":"","jetpack_publicize_feature_enabled":true,"jetpack_social_post_already_shared":true,"jetpack_social_options":{"image_generator_settings":{"template":"highway","default_image_id":0,"font":"","enabled":false},"version":2}},"categories":[1],"tags":[],"class_list":{"0":"post-63532","1":"post","2":"type-post","3":"status-publish","4":"format-standard","5":"has-post-thumbnail","7":"category-sin-categoria"},"yoast_head":"<!-- This site is optimized with the Yoast SEO plugin v22.7 - https:\/\/yoast.com\/wordpress\/plugins\/seo\/ -->\n<title>Adolescencia: una mirada desde la Neurociencia - 103.9 fm<\/title>\n<meta name=\"robots\" content=\"index, follow, max-snippet:-1, max-image-preview:large, max-video-preview:-1\" \/>\n<link rel=\"canonical\" href=\"https:\/\/ondauno.com.ar\/index.php\/2026\/03\/12\/adolescencia-una-mirada-desde-la-neurociencia\/\" \/>\n<meta property=\"og:locale\" content=\"es_ES\" \/>\n<meta property=\"og:type\" content=\"article\" \/>\n<meta property=\"og:title\" content=\"Adolescencia: una mirada desde la Neurociencia - 103.9 fm\" \/>\n<meta property=\"og:description\" content=\"Teresa Torralva - Foto de ETER\" \/>\n<meta property=\"og:url\" content=\"https:\/\/ondauno.com.ar\/index.php\/2026\/03\/12\/adolescencia-una-mirada-desde-la-neurociencia\/\" \/>\n<meta property=\"og:site_name\" content=\"103.9 fm\" \/>\n<meta property=\"article:publisher\" content=\"https:\/\/www.facebook.com\/ondauno103.9\" \/>\n<meta property=\"article:published_time\" content=\"2026-03-12T04:35:04+00:00\" \/>\n<meta property=\"article:modified_time\" content=\"2026-03-12T04:35:33+00:00\" \/>\n<meta property=\"og:image\" content=\"http:\/\/ondauno.com.ar\/wp-content\/uploads\/2026\/03\/teresa-torralva.jpg\" \/>\n\t<meta property=\"og:image:width\" content=\"2048\" \/>\n\t<meta property=\"og:image:height\" content=\"1364\" \/>\n\t<meta property=\"og:image:type\" content=\"image\/jpeg\" \/>\n<meta name=\"author\" content=\"fernando garcia\" \/>\n<meta name=\"twitter:card\" content=\"summary_large_image\" \/>\n<meta name=\"twitter:label1\" content=\"Escrito por\" \/>\n\t<meta name=\"twitter:data1\" content=\"fernando garcia\" \/>\n\t<meta name=\"twitter:label2\" content=\"Tiempo de lectura\" \/>\n\t<meta name=\"twitter:data2\" content=\"2 minutos\" \/>\n<script type=\"application\/ld+json\" class=\"yoast-schema-graph\">{\"@context\":\"https:\/\/schema.org\",\"@graph\":[{\"@type\":\"WebPage\",\"@id\":\"https:\/\/ondauno.com.ar\/index.php\/2026\/03\/12\/adolescencia-una-mirada-desde-la-neurociencia\/\",\"url\":\"https:\/\/ondauno.com.ar\/index.php\/2026\/03\/12\/adolescencia-una-mirada-desde-la-neurociencia\/\",\"name\":\"Adolescencia: una mirada desde la Neurociencia - 103.9 fm\",\"isPartOf\":{\"@id\":\"https:\/\/ondauno.com.ar\/#website\"},\"primaryImageOfPage\":{\"@id\":\"https:\/\/ondauno.com.ar\/index.php\/2026\/03\/12\/adolescencia-una-mirada-desde-la-neurociencia\/#primaryimage\"},\"image\":{\"@id\":\"https:\/\/ondauno.com.ar\/index.php\/2026\/03\/12\/adolescencia-una-mirada-desde-la-neurociencia\/#primaryimage\"},\"thumbnailUrl\":\"https:\/\/ondauno.com.ar\/wp-content\/uploads\/2026\/03\/teresa-torralva.jpg\",\"datePublished\":\"2026-03-12T04:35:04+00:00\",\"dateModified\":\"2026-03-12T04:35:33+00:00\",\"author\":{\"@id\":\"https:\/\/ondauno.com.ar\/#\/schema\/person\/201d1b68e6c75e0fd396fe5f8af5d139\"},\"breadcrumb\":{\"@id\":\"https:\/\/ondauno.com.ar\/index.php\/2026\/03\/12\/adolescencia-una-mirada-desde-la-neurociencia\/#breadcrumb\"},\"inLanguage\":\"es-AR\",\"potentialAction\":[{\"@type\":\"ReadAction\",\"target\":[\"https:\/\/ondauno.com.ar\/index.php\/2026\/03\/12\/adolescencia-una-mirada-desde-la-neurociencia\/\"]}]},{\"@type\":\"ImageObject\",\"inLanguage\":\"es-AR\",\"@id\":\"https:\/\/ondauno.com.ar\/index.php\/2026\/03\/12\/adolescencia-una-mirada-desde-la-neurociencia\/#primaryimage\",\"url\":\"https:\/\/ondauno.com.ar\/wp-content\/uploads\/2026\/03\/teresa-torralva.jpg\",\"contentUrl\":\"https:\/\/ondauno.com.ar\/wp-content\/uploads\/2026\/03\/teresa-torralva.jpg\",\"width\":2048,\"height\":1364},{\"@type\":\"BreadcrumbList\",\"@id\":\"https:\/\/ondauno.com.ar\/index.php\/2026\/03\/12\/adolescencia-una-mirada-desde-la-neurociencia\/#breadcrumb\",\"itemListElement\":[{\"@type\":\"ListItem\",\"position\":1,\"name\":\"Inicio\",\"item\":\"https:\/\/ondauno.com.ar\/\"},{\"@type\":\"ListItem\",\"position\":2,\"name\":\"Adolescencia: una mirada desde la Neurociencia\"}]},{\"@type\":\"WebSite\",\"@id\":\"https:\/\/ondauno.com.ar\/#website\",\"url\":\"https:\/\/ondauno.com.ar\/\",\"name\":\"103.9 fm\",\"description\":\"LA PRIMERA RADIO MULTIMEDIA DE TRES ARROYOS\",\"potentialAction\":[{\"@type\":\"SearchAction\",\"target\":{\"@type\":\"EntryPoint\",\"urlTemplate\":\"https:\/\/ondauno.com.ar\/?s={search_term_string}\"},\"query-input\":\"required name=search_term_string\"}],\"inLanguage\":\"es-AR\"},{\"@type\":\"Person\",\"@id\":\"https:\/\/ondauno.com.ar\/#\/schema\/person\/201d1b68e6c75e0fd396fe5f8af5d139\",\"name\":\"fernando garcia\",\"image\":{\"@type\":\"ImageObject\",\"inLanguage\":\"es-AR\",\"@id\":\"https:\/\/ondauno.com.ar\/#\/schema\/person\/image\/\",\"url\":\"https:\/\/secure.gravatar.com\/avatar\/5f7254642ad81272e79a2e69653cfdfc?s=96&d=mm&r=g\",\"contentUrl\":\"https:\/\/secure.gravatar.com\/avatar\/5f7254642ad81272e79a2e69653cfdfc?s=96&d=mm&r=g\",\"caption\":\"fernando garcia\"},\"url\":\"https:\/\/ondauno.com.ar\/index.php\/author\/ondaunoeditor\/\"}]}<\/script>\n<!-- \/ Yoast SEO plugin. -->","yoast_head_json":{"title":"Adolescencia: una mirada desde la Neurociencia - 103.9 fm","robots":{"index":"index","follow":"follow","max-snippet":"max-snippet:-1","max-image-preview":"max-image-preview:large","max-video-preview":"max-video-preview:-1"},"canonical":"https:\/\/ondauno.com.ar\/index.php\/2026\/03\/12\/adolescencia-una-mirada-desde-la-neurociencia\/","og_locale":"es_ES","og_type":"article","og_title":"Adolescencia: una mirada desde la Neurociencia - 103.9 fm","og_description":"Teresa Torralva - Foto de ETER","og_url":"https:\/\/ondauno.com.ar\/index.php\/2026\/03\/12\/adolescencia-una-mirada-desde-la-neurociencia\/","og_site_name":"103.9 fm","article_publisher":"https:\/\/www.facebook.com\/ondauno103.9","article_published_time":"2026-03-12T04:35:04+00:00","article_modified_time":"2026-03-12T04:35:33+00:00","og_image":[{"width":2048,"height":1364,"url":"http:\/\/ondauno.com.ar\/wp-content\/uploads\/2026\/03\/teresa-torralva.jpg","type":"image\/jpeg"}],"author":"fernando garcia","twitter_card":"summary_large_image","twitter_misc":{"Escrito por":"fernando garcia","Tiempo de lectura":"2 minutos"},"schema":{"@context":"https:\/\/schema.org","@graph":[{"@type":"WebPage","@id":"https:\/\/ondauno.com.ar\/index.php\/2026\/03\/12\/adolescencia-una-mirada-desde-la-neurociencia\/","url":"https:\/\/ondauno.com.ar\/index.php\/2026\/03\/12\/adolescencia-una-mirada-desde-la-neurociencia\/","name":"Adolescencia: una mirada desde la Neurociencia - 103.9 fm","isPartOf":{"@id":"https:\/\/ondauno.com.ar\/#website"},"primaryImageOfPage":{"@id":"https:\/\/ondauno.com.ar\/index.php\/2026\/03\/12\/adolescencia-una-mirada-desde-la-neurociencia\/#primaryimage"},"image":{"@id":"https:\/\/ondauno.com.ar\/index.php\/2026\/03\/12\/adolescencia-una-mirada-desde-la-neurociencia\/#primaryimage"},"thumbnailUrl":"https:\/\/ondauno.com.ar\/wp-content\/uploads\/2026\/03\/teresa-torralva.jpg","datePublished":"2026-03-12T04:35:04+00:00","dateModified":"2026-03-12T04:35:33+00:00","author":{"@id":"https:\/\/ondauno.com.ar\/#\/schema\/person\/201d1b68e6c75e0fd396fe5f8af5d139"},"breadcrumb":{"@id":"https:\/\/ondauno.com.ar\/index.php\/2026\/03\/12\/adolescencia-una-mirada-desde-la-neurociencia\/#breadcrumb"},"inLanguage":"es-AR","potentialAction":[{"@type":"ReadAction","target":["https:\/\/ondauno.com.ar\/index.php\/2026\/03\/12\/adolescencia-una-mirada-desde-la-neurociencia\/"]}]},{"@type":"ImageObject","inLanguage":"es-AR","@id":"https:\/\/ondauno.com.ar\/index.php\/2026\/03\/12\/adolescencia-una-mirada-desde-la-neurociencia\/#primaryimage","url":"https:\/\/ondauno.com.ar\/wp-content\/uploads\/2026\/03\/teresa-torralva.jpg","contentUrl":"https:\/\/ondauno.com.ar\/wp-content\/uploads\/2026\/03\/teresa-torralva.jpg","width":2048,"height":1364},{"@type":"BreadcrumbList","@id":"https:\/\/ondauno.com.ar\/index.php\/2026\/03\/12\/adolescencia-una-mirada-desde-la-neurociencia\/#breadcrumb","itemListElement":[{"@type":"ListItem","position":1,"name":"Inicio","item":"https:\/\/ondauno.com.ar\/"},{"@type":"ListItem","position":2,"name":"Adolescencia: una mirada desde la Neurociencia"}]},{"@type":"WebSite","@id":"https:\/\/ondauno.com.ar\/#website","url":"https:\/\/ondauno.com.ar\/","name":"103.9 fm","description":"LA PRIMERA RADIO MULTIMEDIA DE TRES ARROYOS","potentialAction":[{"@type":"SearchAction","target":{"@type":"EntryPoint","urlTemplate":"https:\/\/ondauno.com.ar\/?s={search_term_string}"},"query-input":"required name=search_term_string"}],"inLanguage":"es-AR"},{"@type":"Person","@id":"https:\/\/ondauno.com.ar\/#\/schema\/person\/201d1b68e6c75e0fd396fe5f8af5d139","name":"fernando garcia","image":{"@type":"ImageObject","inLanguage":"es-AR","@id":"https:\/\/ondauno.com.ar\/#\/schema\/person\/image\/","url":"https:\/\/secure.gravatar.com\/avatar\/5f7254642ad81272e79a2e69653cfdfc?s=96&d=mm&r=g","contentUrl":"https:\/\/secure.gravatar.com\/avatar\/5f7254642ad81272e79a2e69653cfdfc?s=96&d=mm&r=g","caption":"fernando garcia"},"url":"https:\/\/ondauno.com.ar\/index.php\/author\/ondaunoeditor\/"}]}},"jetpack_publicize_connections":[],"jetpack_featured_media_url":"https:\/\/ondauno.com.ar\/wp-content\/uploads\/2026\/03\/teresa-torralva.jpg","jetpack_sharing_enabled":true,"_links":{"self":[{"href":"https:\/\/ondauno.com.ar\/index.php\/wp-json\/wp\/v2\/posts\/63532","targetHints":{"allow":["GET"]}}],"collection":[{"href":"https:\/\/ondauno.com.ar\/index.php\/wp-json\/wp\/v2\/posts"}],"about":[{"href":"https:\/\/ondauno.com.ar\/index.php\/wp-json\/wp\/v2\/types\/post"}],"author":[{"embeddable":true,"href":"https:\/\/ondauno.com.ar\/index.php\/wp-json\/wp\/v2\/users\/2"}],"replies":[{"embeddable":true,"href":"https:\/\/ondauno.com.ar\/index.php\/wp-json\/wp\/v2\/comments?post=63532"}],"version-history":[{"count":2,"href":"https:\/\/ondauno.com.ar\/index.php\/wp-json\/wp\/v2\/posts\/63532\/revisions"}],"predecessor-version":[{"id":63537,"href":"https:\/\/ondauno.com.ar\/index.php\/wp-json\/wp\/v2\/posts\/63532\/revisions\/63537"}],"wp:featuredmedia":[{"embeddable":true,"href":"https:\/\/ondauno.com.ar\/index.php\/wp-json\/wp\/v2\/media\/63533"}],"wp:attachment":[{"href":"https:\/\/ondauno.com.ar\/index.php\/wp-json\/wp\/v2\/media?parent=63532"}],"wp:term":[{"taxonomy":"category","embeddable":true,"href":"https:\/\/ondauno.com.ar\/index.php\/wp-json\/wp\/v2\/categories?post=63532"},{"taxonomy":"post_tag","embeddable":true,"href":"https:\/\/ondauno.com.ar\/index.php\/wp-json\/wp\/v2\/tags?post=63532"}],"curies":[{"name":"wp","href":"https:\/\/api.w.org\/{rel}","templated":true}]}}