{"id":63523,"date":"2026-03-12T01:23:54","date_gmt":"2026-03-12T04:23:54","guid":{"rendered":"https:\/\/ondauno.com.ar\/?p=63523"},"modified":"2026-03-12T01:58:52","modified_gmt":"2026-03-12T04:58:52","slug":"en-tres-arroyos-hay-panaderos-que-ven-cambios-de-habito-no-caida-en-las-ventas","status":"publish","type":"post","link":"https:\/\/ondauno.com.ar\/index.php\/2026\/03\/12\/en-tres-arroyos-hay-panaderos-que-ven-cambios-de-habito-no-caida-en-las-ventas\/","title":{"rendered":"En Tres Arroyos hay panaderos que ven cambios de h\u00e1bito, no ca\u00edda en las ventas"},"content":{"rendered":"<div class=\"ondau-before-content_3\" style=\"margin-top: -30px;\" id=\"ondau-1282259748\"><a href=\"https:\/\/www.lps.com.ar\/\" aria-label=\"la-perse2\"><img loading=\"lazy\" decoding=\"async\" src=\"https:\/\/ondauno.com.ar\/wp-content\/uploads\/2021\/10\/la-perse2.jpg\" alt=\"\"  srcset=\"https:\/\/ondauno.com.ar\/wp-content\/uploads\/2021\/10\/la-perse2.jpg 1353w, https:\/\/ondauno.com.ar\/wp-content\/uploads\/2021\/10\/la-perse2-300x43.jpg 300w, https:\/\/ondauno.com.ar\/wp-content\/uploads\/2021\/10\/la-perse2-1024x148.jpg 1024w, https:\/\/ondauno.com.ar\/wp-content\/uploads\/2021\/10\/la-perse2-768x111.jpg 768w, https:\/\/ondauno.com.ar\/wp-content\/uploads\/2021\/10\/la-perse2-696x100.jpg 696w, https:\/\/ondauno.com.ar\/wp-content\/uploads\/2021\/10\/la-perse2-1068x154.jpg 1068w\" sizes=\"(max-width: 1353px) 100vw, 1353px\" class=\"no-lazyload\" width=\"1353\" height=\"195\"  style=\"display: inline-block;\" \/><\/a><\/div>\n<p>En los \u00faltimos d\u00edas un informe de <strong><a href=\"https:\/\/www.google.com\/search?q=C%C3%A1mara+de+Industriales+Panaderos+%28CIPAN%29&amp;sca_esv=c84071398b66a2e1&amp;aep=1&amp;biw=1536&amp;bih=695&amp;sxsrf=ANbL-n6KwcGoDwQcXCwB3jwlCR3whhJkDA%3A1773288037688&amp;ei=ZTqyaZrZKcOd5OUPm6TzyQ0&amp;ved=2ahUKEwiuhNPovJmTAxVEGLkGHTNcIp8QgK4QegQIARAC&amp;uact=5&amp;oq=qu%7Be+entidad+realiz%C3%B3+el+informe+que+asegura+que+cay%C3%B3+la+venta+de+pan+en+la+provincia&amp;gs_lp=Egxnd3Mtd2l6LXNlcnAiVnF1e2UgZW50aWRhZCByZWFsaXrDsyBlbCBpbmZvcm1lIHF1ZSBhc2VndXJhIHF1ZSBjYXnDsyBsYSB2ZW50YSBkZSBwYW4gZW4gbGEgcHJvdmluY2lhSMatAVAAWM-pAXABeACQAQCYAZgBoAGtQ6oBBTM5LjQ1uAEDyAEA-AEBmAI9oAK7MqgCFMICBxAjGCcY6gLCAg0QIxjwBRgnGOoCGJ4GwgINECMY8AUYJxjJAhjqAsICEBAAGAMYtAIY6gIYjwHYAQHCAhAQLhgDGLQCGOoCGI8B2AEBwgIKECMY8AUYJxieBsICBBAjGCfCAgsQABiABBixAxiDAcICCBAAGIAEGLEDwgIFEAAYgATCAhAQABiABBixAxhDGIMBGIoFwgINEAAYgAQYsQMYQxiKBcICBxAjGLECGCfCAgwQABiABBixAxgKGAvCAgsQLhiABBjHARivAcICBRAuGIAEwgIQEAAYgAQYsQMYgwEYigUYCsICCRAAGIAEGAoYC8ICDxAAGIAEGLEDGIMBGAoYC8ICBxAAGIAEGArCAgoQABiABBjJAxgKwgIHEC4YgAQYCsICCxAAGIAEGJIDGIoFwgIQEAAYgAQYsQMYgwEYigUYDcICChAAGIAEGLEDGA3CAgcQABiABBgNwgINEAAYgAQYsQMYgwEYDcICBxAuGIAEGA3CAhYQLhiABBgNGJcFGNwEGN4EGOAE2AEBwgIGEAAYFhgewgIIEAAYFhgKGB7CAgYQABgNGB7CAgUQABjvBcICCBAAGIAEGKIEwgIHECEYoAEYCpgDBfEFJ_WYbC3wa7q6BgYIARABGAqSBwUxNi40NaAHse8DsgcFMTUuNDW4B7YywgcHNS40My4xM8gHeoAIAA&amp;sclient=gws-wiz-serp&amp;mstk=AUtExfCXPUxEuWNxbIqDibUJvZw_p2LEik9PXUGTWNtd-1flUuVU6JpUhKt5tGEOkvTcVPRvaUnuEuOIC3JrhGVXL6mU7kvTGIRzKFsSXqC5PamdQBR7_YgBYFqfxSBBN6HnDGL9TM5AJgqG1s1MGDDDRhqU1FPHvyITVx4y28gS2eNxSIquTk-nDKxEZeUEeLS3J9DVFdBQBO2RzAvXqxUaYYwTmLcrUuxe19MeosV1DMX2qJqHMDo3YEO44h2lP0ov3dMMRuEmE-INHxkZP3tMsHjWC1d7sgcXh9rBgDPXEsiLBg&amp;csui=3\"><strong>C\u00e1mara de Industriales Panaderos (CIPAN)<\/strong><\/a><\/strong><strong> <\/strong>sostiene que <strong>el consumo de pan cay\u00f3 aproximadamente un 45%<\/strong>. Sin embargo en Cosas que pasan, <strong>Juan Moizzi propietario de Panader\u00eda San Mart\u00edn<\/strong>, mostr\u00f3 una percepci\u00f3n muy diferente.<\/p>\n\n\n\n<p>Para Moizzi, un referente con a\u00f1os de oficio, esa ca\u00edda no se refleja en su mostrador de la misma manera que en otros puntos de la provincia. <strong>\u201cEn nuestro caso no creo; si conserv\u00e1s la calidad, la venta se va manteniendo\u201d<\/strong>, afirm\u00f3 con seguridad. Seg\u00fan explic\u00f3 el fen\u00f3meno que observa no es necesariamente una falta de consumo por bajo poder adquisitivo, sino un <strong>marcado cambio en los h\u00e1bitos alimentarios<\/strong> de los clientes.<\/p>\n\n\n\n<p>El panadero se\u00f1ala que hoy la gente se cuida m\u00e1s y busca opciones que percibe como m\u00e1s saludables, como el <strong>pan integral o las &#8220;tablitas&#8221;<\/strong>, muchas veces por recomendaci\u00f3n m\u00e9dica. Esta diversificaci\u00f3n permite que el negocio se defienda frente a la crisis. Moizzi admite que lo que s\u00ed ha sufrido un declive, y no desde ahora sino desde hace varios a\u00f1os, es el rubro de la <strong>confiter\u00eda y la masa fina<\/strong>, productos que antes se vend\u00edan en cantidades mucho mayores.<\/p>\n\n\n\n<p>En tanto explic\u00f3 que la clave de la resistencia de la Panader\u00eda San Mart\u00edn se encuentra en su esencia artesanal: es la <strong>\u00fanica en la ciudad que conserva el horno a le\u00f1a<\/strong>. En este horno de piso se cocinan especialidades que generan una fidelidad inquebrantable, como la <strong>galleta grande<\/strong>, la trincha y el pan de horno de le\u00f1a. \u201cLa gente viene por ese pan; si no hay, te dicen \u2018vengo ma\u00f1ana\u2019\u201d, confi\u00f3 Moizzi al destacar que su clientela es selectiva y prefiere esperar por un producto de calidad antes que volcarse al &#8220;pan barato&#8221;.<\/p>\n\n\n\n<figure class=\"wp-block-gallery has-nested-images columns-default is-cropped wp-block-gallery-1 is-layout-flex wp-block-gallery-is-layout-flex\">\n<figure class=\"wp-block-image size-large\"><img loading=\"lazy\" decoding=\"async\" width=\"960\" height=\"576\" data-id=\"63530\" data-src=\"https:\/\/ondauno.com.ar\/wp-content\/uploads\/2026\/03\/moizzi4.jpeg\" alt=\"\" class=\"wp-image-63530 lazyload\" data-srcset=\"https:\/\/ondauno.com.ar\/wp-content\/uploads\/2026\/03\/moizzi4.jpeg 960w, https:\/\/ondauno.com.ar\/wp-content\/uploads\/2026\/03\/moizzi4-300x180.jpeg 300w, https:\/\/ondauno.com.ar\/wp-content\/uploads\/2026\/03\/moizzi4-768x461.jpeg 768w, https:\/\/ondauno.com.ar\/wp-content\/uploads\/2026\/03\/moizzi4-700x420.jpeg 700w, https:\/\/ondauno.com.ar\/wp-content\/uploads\/2026\/03\/moizzi4-696x418.jpeg 696w\" data-sizes=\"auto, (max-width: 960px) 100vw, 960px\" src=\"data:image\/gif;base64,R0lGODlhAQABAAAAACH5BAEKAAEALAAAAAABAAEAAAICTAEAOw==\" style=\"--smush-placeholder-width: 960px; --smush-placeholder-aspect-ratio: 960\/576;\" \/><noscript><img loading=\"lazy\" decoding=\"async\" width=\"960\" height=\"576\" data-id=\"63530\" src=\"https:\/\/ondauno.com.ar\/wp-content\/uploads\/2026\/03\/moizzi4.jpeg\" alt=\"\" class=\"wp-image-63530\" srcset=\"https:\/\/ondauno.com.ar\/wp-content\/uploads\/2026\/03\/moizzi4.jpeg 960w, https:\/\/ondauno.com.ar\/wp-content\/uploads\/2026\/03\/moizzi4-300x180.jpeg 300w, https:\/\/ondauno.com.ar\/wp-content\/uploads\/2026\/03\/moizzi4-768x461.jpeg 768w, https:\/\/ondauno.com.ar\/wp-content\/uploads\/2026\/03\/moizzi4-700x420.jpeg 700w, https:\/\/ondauno.com.ar\/wp-content\/uploads\/2026\/03\/moizzi4-696x418.jpeg 696w\" sizes=\"auto, (max-width: 960px) 100vw, 960px\" \/><\/noscript><\/figure>\n<\/figure>\n\n\n\n<figure class=\"wp-block-embed is-type-video is-provider-youtube wp-block-embed-youtube wp-embed-aspect-16-9 wp-has-aspect-ratio\"><div class=\"wp-block-embed__wrapper\">\n<div class=\"youtube-embed\" data-video_id=\"eEjZEcLvr00\"><iframe loading=\"lazy\" title=\"Onda Uno 103.9 en vivo\" width=\"696\" height=\"392\" data-src=\"https:\/\/www.youtube.com\/embed\/eEjZEcLvr00?start=43&#038;feature=oembed\" frameborder=\"0\" allow=\"accelerometer; autoplay; clipboard-write; encrypted-media; gyroscope; picture-in-picture; web-share\" referrerpolicy=\"strict-origin-when-cross-origin\" allowfullscreen src=\"data:image\/gif;base64,R0lGODlhAQABAAAAACH5BAEKAAEALAAAAAABAAEAAAICTAEAOw==\" class=\"lazyload\" data-load-mode=\"1\"><\/iframe><\/div>\n<\/div><\/figure>\n","protected":false},"excerpt":{"rendered":"<p>En los \u00faltimos d\u00edas un informe de C\u00e1mara de Industriales Panaderos (CIPAN) sostiene que el consumo de pan cay\u00f3 aproximadamente un 45%. Sin embargo en Cosas que pasan, Juan Moizzi propietario de Panader\u00eda San Mart\u00edn, mostr\u00f3 una percepci\u00f3n muy diferente. Para Moizzi, un referente con a\u00f1os de oficio, esa ca\u00edda no se refleja en su [&hellip;]<\/p>\n","protected":false},"author":2,"featured_media":63528,"comment_status":"open","ping_status":"open","sticky":false,"template":"","format":"standard","meta":{"tdm_status":"","tdm_grid_status":"","_jetpack_memberships_contains_paid_content":false,"footnotes":"","jetpack_publicize_message":"","jetpack_publicize_feature_enabled":true,"jetpack_social_post_already_shared":true,"jetpack_social_options":{"image_generator_settings":{"template":"highway","default_image_id":0,"font":"","enabled":false},"version":2}},"categories":[1],"tags":[],"class_list":{"0":"post-63523","1":"post","2":"type-post","3":"status-publish","4":"format-standard","5":"has-post-thumbnail","7":"category-sin-categoria"},"yoast_head":"<!-- This site is optimized with the Yoast SEO plugin v22.7 - https:\/\/yoast.com\/wordpress\/plugins\/seo\/ -->\n<title>En Tres Arroyos hay panaderos que ven cambios de h\u00e1bito, no ca\u00edda en las ventas - 103.9 fm<\/title>\n<meta name=\"robots\" content=\"index, follow, max-snippet:-1, max-image-preview:large, max-video-preview:-1\" \/>\n<link rel=\"canonical\" href=\"https:\/\/ondauno.com.ar\/index.php\/2026\/03\/12\/en-tres-arroyos-hay-panaderos-que-ven-cambios-de-habito-no-caida-en-las-ventas\/\" \/>\n<meta property=\"og:locale\" content=\"es_ES\" \/>\n<meta property=\"og:type\" content=\"article\" \/>\n<meta property=\"og:title\" content=\"En Tres Arroyos hay panaderos que ven cambios de h\u00e1bito, no ca\u00edda en las ventas - 103.9 fm\" \/>\n<meta property=\"og:description\" content=\"En los \u00faltimos d\u00edas un informe de C\u00e1mara de Industriales Panaderos (CIPAN) sostiene que el consumo de pan cay\u00f3 aproximadamente un 45%. Sin embargo en Cosas que pasan, Juan Moizzi propietario de Panader\u00eda San Mart\u00edn, mostr\u00f3 una percepci\u00f3n muy diferente. Para Moizzi, un referente con a\u00f1os de oficio, esa ca\u00edda no se refleja en su [&hellip;]\" \/>\n<meta property=\"og:url\" content=\"https:\/\/ondauno.com.ar\/index.php\/2026\/03\/12\/en-tres-arroyos-hay-panaderos-que-ven-cambios-de-habito-no-caida-en-las-ventas\/\" \/>\n<meta property=\"og:site_name\" content=\"103.9 fm\" \/>\n<meta property=\"article:publisher\" content=\"https:\/\/www.facebook.com\/ondauno103.9\" \/>\n<meta property=\"article:published_time\" content=\"2026-03-12T04:23:54+00:00\" \/>\n<meta property=\"article:modified_time\" content=\"2026-03-12T04:58:52+00:00\" \/>\n<meta property=\"og:image\" content=\"http:\/\/ondauno.com.ar\/wp-content\/uploads\/2026\/03\/moizzi-4.jpeg\" \/>\n\t<meta property=\"og:image:width\" content=\"1075\" \/>\n\t<meta property=\"og:image:height\" content=\"864\" \/>\n\t<meta property=\"og:image:type\" content=\"image\/jpeg\" \/>\n<meta name=\"author\" content=\"fernando garcia\" \/>\n<meta name=\"twitter:card\" content=\"summary_large_image\" \/>\n<meta name=\"twitter:label1\" content=\"Escrito por\" \/>\n\t<meta name=\"twitter:data1\" content=\"fernando garcia\" \/>\n\t<meta name=\"twitter:label2\" content=\"Tiempo de lectura\" \/>\n\t<meta name=\"twitter:data2\" content=\"2 minutos\" \/>\n<script type=\"application\/ld+json\" class=\"yoast-schema-graph\">{\"@context\":\"https:\/\/schema.org\",\"@graph\":[{\"@type\":\"WebPage\",\"@id\":\"https:\/\/ondauno.com.ar\/index.php\/2026\/03\/12\/en-tres-arroyos-hay-panaderos-que-ven-cambios-de-habito-no-caida-en-las-ventas\/\",\"url\":\"https:\/\/ondauno.com.ar\/index.php\/2026\/03\/12\/en-tres-arroyos-hay-panaderos-que-ven-cambios-de-habito-no-caida-en-las-ventas\/\",\"name\":\"En Tres Arroyos hay panaderos que ven cambios de h\u00e1bito, no ca\u00edda en las ventas - 103.9 fm\",\"isPartOf\":{\"@id\":\"https:\/\/ondauno.com.ar\/#website\"},\"primaryImageOfPage\":{\"@id\":\"https:\/\/ondauno.com.ar\/index.php\/2026\/03\/12\/en-tres-arroyos-hay-panaderos-que-ven-cambios-de-habito-no-caida-en-las-ventas\/#primaryimage\"},\"image\":{\"@id\":\"https:\/\/ondauno.com.ar\/index.php\/2026\/03\/12\/en-tres-arroyos-hay-panaderos-que-ven-cambios-de-habito-no-caida-en-las-ventas\/#primaryimage\"},\"thumbnailUrl\":\"https:\/\/ondauno.com.ar\/wp-content\/uploads\/2026\/03\/moizzi-4.jpeg\",\"datePublished\":\"2026-03-12T04:23:54+00:00\",\"dateModified\":\"2026-03-12T04:58:52+00:00\",\"author\":{\"@id\":\"https:\/\/ondauno.com.ar\/#\/schema\/person\/201d1b68e6c75e0fd396fe5f8af5d139\"},\"breadcrumb\":{\"@id\":\"https:\/\/ondauno.com.ar\/index.php\/2026\/03\/12\/en-tres-arroyos-hay-panaderos-que-ven-cambios-de-habito-no-caida-en-las-ventas\/#breadcrumb\"},\"inLanguage\":\"es-AR\",\"potentialAction\":[{\"@type\":\"ReadAction\",\"target\":[\"https:\/\/ondauno.com.ar\/index.php\/2026\/03\/12\/en-tres-arroyos-hay-panaderos-que-ven-cambios-de-habito-no-caida-en-las-ventas\/\"]}]},{\"@type\":\"ImageObject\",\"inLanguage\":\"es-AR\",\"@id\":\"https:\/\/ondauno.com.ar\/index.php\/2026\/03\/12\/en-tres-arroyos-hay-panaderos-que-ven-cambios-de-habito-no-caida-en-las-ventas\/#primaryimage\",\"url\":\"https:\/\/ondauno.com.ar\/wp-content\/uploads\/2026\/03\/moizzi-4.jpeg\",\"contentUrl\":\"https:\/\/ondauno.com.ar\/wp-content\/uploads\/2026\/03\/moizzi-4.jpeg\",\"width\":1075,\"height\":864},{\"@type\":\"BreadcrumbList\",\"@id\":\"https:\/\/ondauno.com.ar\/index.php\/2026\/03\/12\/en-tres-arroyos-hay-panaderos-que-ven-cambios-de-habito-no-caida-en-las-ventas\/#breadcrumb\",\"itemListElement\":[{\"@type\":\"ListItem\",\"position\":1,\"name\":\"Inicio\",\"item\":\"https:\/\/ondauno.com.ar\/\"},{\"@type\":\"ListItem\",\"position\":2,\"name\":\"En Tres Arroyos hay panaderos que ven cambios de h\u00e1bito, no ca\u00edda en las ventas\"}]},{\"@type\":\"WebSite\",\"@id\":\"https:\/\/ondauno.com.ar\/#website\",\"url\":\"https:\/\/ondauno.com.ar\/\",\"name\":\"103.9 fm\",\"description\":\"LA PRIMERA RADIO MULTIMEDIA DE TRES ARROYOS\",\"potentialAction\":[{\"@type\":\"SearchAction\",\"target\":{\"@type\":\"EntryPoint\",\"urlTemplate\":\"https:\/\/ondauno.com.ar\/?s={search_term_string}\"},\"query-input\":\"required name=search_term_string\"}],\"inLanguage\":\"es-AR\"},{\"@type\":\"Person\",\"@id\":\"https:\/\/ondauno.com.ar\/#\/schema\/person\/201d1b68e6c75e0fd396fe5f8af5d139\",\"name\":\"fernando garcia\",\"image\":{\"@type\":\"ImageObject\",\"inLanguage\":\"es-AR\",\"@id\":\"https:\/\/ondauno.com.ar\/#\/schema\/person\/image\/\",\"url\":\"https:\/\/secure.gravatar.com\/avatar\/5f7254642ad81272e79a2e69653cfdfc?s=96&d=mm&r=g\",\"contentUrl\":\"https:\/\/secure.gravatar.com\/avatar\/5f7254642ad81272e79a2e69653cfdfc?s=96&d=mm&r=g\",\"caption\":\"fernando garcia\"},\"url\":\"https:\/\/ondauno.com.ar\/index.php\/author\/ondaunoeditor\/\"}]}<\/script>\n<!-- \/ Yoast SEO plugin. -->","yoast_head_json":{"title":"En Tres Arroyos hay panaderos que ven cambios de h\u00e1bito, no ca\u00edda en las ventas - 103.9 fm","robots":{"index":"index","follow":"follow","max-snippet":"max-snippet:-1","max-image-preview":"max-image-preview:large","max-video-preview":"max-video-preview:-1"},"canonical":"https:\/\/ondauno.com.ar\/index.php\/2026\/03\/12\/en-tres-arroyos-hay-panaderos-que-ven-cambios-de-habito-no-caida-en-las-ventas\/","og_locale":"es_ES","og_type":"article","og_title":"En Tres Arroyos hay panaderos que ven cambios de h\u00e1bito, no ca\u00edda en las ventas - 103.9 fm","og_description":"En los \u00faltimos d\u00edas un informe de C\u00e1mara de Industriales Panaderos (CIPAN) sostiene que el consumo de pan cay\u00f3 aproximadamente un 45%. Sin embargo en Cosas que pasan, Juan Moizzi propietario de Panader\u00eda San Mart\u00edn, mostr\u00f3 una percepci\u00f3n muy diferente. Para Moizzi, un referente con a\u00f1os de oficio, esa ca\u00edda no se refleja en su [&hellip;]","og_url":"https:\/\/ondauno.com.ar\/index.php\/2026\/03\/12\/en-tres-arroyos-hay-panaderos-que-ven-cambios-de-habito-no-caida-en-las-ventas\/","og_site_name":"103.9 fm","article_publisher":"https:\/\/www.facebook.com\/ondauno103.9","article_published_time":"2026-03-12T04:23:54+00:00","article_modified_time":"2026-03-12T04:58:52+00:00","og_image":[{"width":1075,"height":864,"url":"http:\/\/ondauno.com.ar\/wp-content\/uploads\/2026\/03\/moizzi-4.jpeg","type":"image\/jpeg"}],"author":"fernando garcia","twitter_card":"summary_large_image","twitter_misc":{"Escrito por":"fernando garcia","Tiempo de lectura":"2 minutos"},"schema":{"@context":"https:\/\/schema.org","@graph":[{"@type":"WebPage","@id":"https:\/\/ondauno.com.ar\/index.php\/2026\/03\/12\/en-tres-arroyos-hay-panaderos-que-ven-cambios-de-habito-no-caida-en-las-ventas\/","url":"https:\/\/ondauno.com.ar\/index.php\/2026\/03\/12\/en-tres-arroyos-hay-panaderos-que-ven-cambios-de-habito-no-caida-en-las-ventas\/","name":"En Tres Arroyos hay panaderos que ven cambios de h\u00e1bito, no ca\u00edda en las ventas - 103.9 fm","isPartOf":{"@id":"https:\/\/ondauno.com.ar\/#website"},"primaryImageOfPage":{"@id":"https:\/\/ondauno.com.ar\/index.php\/2026\/03\/12\/en-tres-arroyos-hay-panaderos-que-ven-cambios-de-habito-no-caida-en-las-ventas\/#primaryimage"},"image":{"@id":"https:\/\/ondauno.com.ar\/index.php\/2026\/03\/12\/en-tres-arroyos-hay-panaderos-que-ven-cambios-de-habito-no-caida-en-las-ventas\/#primaryimage"},"thumbnailUrl":"https:\/\/ondauno.com.ar\/wp-content\/uploads\/2026\/03\/moizzi-4.jpeg","datePublished":"2026-03-12T04:23:54+00:00","dateModified":"2026-03-12T04:58:52+00:00","author":{"@id":"https:\/\/ondauno.com.ar\/#\/schema\/person\/201d1b68e6c75e0fd396fe5f8af5d139"},"breadcrumb":{"@id":"https:\/\/ondauno.com.ar\/index.php\/2026\/03\/12\/en-tres-arroyos-hay-panaderos-que-ven-cambios-de-habito-no-caida-en-las-ventas\/#breadcrumb"},"inLanguage":"es-AR","potentialAction":[{"@type":"ReadAction","target":["https:\/\/ondauno.com.ar\/index.php\/2026\/03\/12\/en-tres-arroyos-hay-panaderos-que-ven-cambios-de-habito-no-caida-en-las-ventas\/"]}]},{"@type":"ImageObject","inLanguage":"es-AR","@id":"https:\/\/ondauno.com.ar\/index.php\/2026\/03\/12\/en-tres-arroyos-hay-panaderos-que-ven-cambios-de-habito-no-caida-en-las-ventas\/#primaryimage","url":"https:\/\/ondauno.com.ar\/wp-content\/uploads\/2026\/03\/moizzi-4.jpeg","contentUrl":"https:\/\/ondauno.com.ar\/wp-content\/uploads\/2026\/03\/moizzi-4.jpeg","width":1075,"height":864},{"@type":"BreadcrumbList","@id":"https:\/\/ondauno.com.ar\/index.php\/2026\/03\/12\/en-tres-arroyos-hay-panaderos-que-ven-cambios-de-habito-no-caida-en-las-ventas\/#breadcrumb","itemListElement":[{"@type":"ListItem","position":1,"name":"Inicio","item":"https:\/\/ondauno.com.ar\/"},{"@type":"ListItem","position":2,"name":"En Tres Arroyos hay panaderos que ven cambios de h\u00e1bito, no ca\u00edda en las ventas"}]},{"@type":"WebSite","@id":"https:\/\/ondauno.com.ar\/#website","url":"https:\/\/ondauno.com.ar\/","name":"103.9 fm","description":"LA PRIMERA RADIO MULTIMEDIA DE TRES ARROYOS","potentialAction":[{"@type":"SearchAction","target":{"@type":"EntryPoint","urlTemplate":"https:\/\/ondauno.com.ar\/?s={search_term_string}"},"query-input":"required name=search_term_string"}],"inLanguage":"es-AR"},{"@type":"Person","@id":"https:\/\/ondauno.com.ar\/#\/schema\/person\/201d1b68e6c75e0fd396fe5f8af5d139","name":"fernando garcia","image":{"@type":"ImageObject","inLanguage":"es-AR","@id":"https:\/\/ondauno.com.ar\/#\/schema\/person\/image\/","url":"https:\/\/secure.gravatar.com\/avatar\/5f7254642ad81272e79a2e69653cfdfc?s=96&d=mm&r=g","contentUrl":"https:\/\/secure.gravatar.com\/avatar\/5f7254642ad81272e79a2e69653cfdfc?s=96&d=mm&r=g","caption":"fernando garcia"},"url":"https:\/\/ondauno.com.ar\/index.php\/author\/ondaunoeditor\/"}]}},"jetpack_publicize_connections":[],"jetpack_featured_media_url":"https:\/\/ondauno.com.ar\/wp-content\/uploads\/2026\/03\/moizzi-4.jpeg","jetpack_sharing_enabled":true,"_links":{"self":[{"href":"https:\/\/ondauno.com.ar\/index.php\/wp-json\/wp\/v2\/posts\/63523","targetHints":{"allow":["GET"]}}],"collection":[{"href":"https:\/\/ondauno.com.ar\/index.php\/wp-json\/wp\/v2\/posts"}],"about":[{"href":"https:\/\/ondauno.com.ar\/index.php\/wp-json\/wp\/v2\/types\/post"}],"author":[{"embeddable":true,"href":"https:\/\/ondauno.com.ar\/index.php\/wp-json\/wp\/v2\/users\/2"}],"replies":[{"embeddable":true,"href":"https:\/\/ondauno.com.ar\/index.php\/wp-json\/wp\/v2\/comments?post=63523"}],"version-history":[{"count":2,"href":"https:\/\/ondauno.com.ar\/index.php\/wp-json\/wp\/v2\/posts\/63523\/revisions"}],"predecessor-version":[{"id":63543,"href":"https:\/\/ondauno.com.ar\/index.php\/wp-json\/wp\/v2\/posts\/63523\/revisions\/63543"}],"wp:featuredmedia":[{"embeddable":true,"href":"https:\/\/ondauno.com.ar\/index.php\/wp-json\/wp\/v2\/media\/63528"}],"wp:attachment":[{"href":"https:\/\/ondauno.com.ar\/index.php\/wp-json\/wp\/v2\/media?parent=63523"}],"wp:term":[{"taxonomy":"category","embeddable":true,"href":"https:\/\/ondauno.com.ar\/index.php\/wp-json\/wp\/v2\/categories?post=63523"},{"taxonomy":"post_tag","embeddable":true,"href":"https:\/\/ondauno.com.ar\/index.php\/wp-json\/wp\/v2\/tags?post=63523"}],"curies":[{"name":"wp","href":"https:\/\/api.w.org\/{rel}","templated":true}]}}