{"id":63520,"date":"2026-03-12T00:54:28","date_gmt":"2026-03-12T03:54:28","guid":{"rendered":"https:\/\/ondauno.com.ar\/?p=63520"},"modified":"2026-03-12T01:59:43","modified_gmt":"2026-03-12T04:59:43","slug":"trafer-en-expoagro-el-valor-del-traje-a-medida-frente-al-desafio-de-las-importaciones","status":"publish","type":"post","link":"https:\/\/ondauno.com.ar\/index.php\/2026\/03\/12\/trafer-en-expoagro-el-valor-del-traje-a-medida-frente-al-desafio-de-las-importaciones\/","title":{"rendered":"Trafer en Expoagro: El valor del &#8220;traje a medida&#8221; frente al desaf\u00edo de las importaciones"},"content":{"rendered":"<div class=\"ondau-before-content_3\" style=\"margin-top: -30px;\" id=\"ondau-2948958719\"><a href=\"https:\/\/www.lps.com.ar\/\" aria-label=\"la-perse2\"><img loading=\"lazy\" decoding=\"async\" src=\"https:\/\/ondauno.com.ar\/wp-content\/uploads\/2021\/10\/la-perse2.jpg\" alt=\"\"  srcset=\"https:\/\/ondauno.com.ar\/wp-content\/uploads\/2021\/10\/la-perse2.jpg 1353w, https:\/\/ondauno.com.ar\/wp-content\/uploads\/2021\/10\/la-perse2-300x43.jpg 300w, https:\/\/ondauno.com.ar\/wp-content\/uploads\/2021\/10\/la-perse2-1024x148.jpg 1024w, https:\/\/ondauno.com.ar\/wp-content\/uploads\/2021\/10\/la-perse2-768x111.jpg 768w, https:\/\/ondauno.com.ar\/wp-content\/uploads\/2021\/10\/la-perse2-696x100.jpg 696w, https:\/\/ondauno.com.ar\/wp-content\/uploads\/2021\/10\/la-perse2-1068x154.jpg 1068w\" sizes=\"(max-width: 1353px) 100vw, 1353px\" class=\"no-lazyload\" width=\"1353\" height=\"195\"  style=\"display: inline-block;\" \/><\/a><\/div>\n<p>En el kil\u00f3metro 225 de la Ruta Nacional 9, donde el predio ferial de San Nicol\u00e1s se convierte en el epicentro de la agroindustria nacional, <strong>Trafer<\/strong> volvi\u00f3 a marcar presencia. La empresa del Parque Industrial de Tres Arroyos se present\u00f3 en una nueva edici\u00f3n de <strong>Expoagro<\/strong> para reafirmar su liderazgo en el sector de las plantas de silos, en un contexto marcado por la apertura de las importaciones y la b\u00fasqueda de competitividad.<\/p>\n\n\n\n<p><strong>Especializaci\u00f3n<\/strong><\/p>\n\n\n\n<p>Frente a la inquietud que genera en el sector industrial el ingreso de productos importados, <strong>Ariel Fern\u00e1ndez, gerente de Trafer<\/strong>, se mostr\u00f3 con una postura equilibrada y firme. Seg\u00fan explic\u00f3 en <strong>Cosas que pasan<\/strong>, si bien en la mesa inaugural de la muestra se discuti\u00f3 el impacto de estas medidas, la industria nacional de maquinaria cuenta con un desarrollo que le permite resistir el embate.<\/p>\n\n\n\n<p>Para Fern\u00e1ndez, la clave se apoya en la naturaleza del producto que ofrecen. Mientras que equipos como tractores o cosechadoras pueden considerarse productos &#8220;enlatados&#8221; o estandarizados, el rubro de las plantas de silos demanda una sofisticaci\u00f3n distinta. <strong>&#8220;Nosotros hacemos trajes a medida&#8221;<\/strong>, sentenci\u00f3 el gerente, destacando que cada proyecto integral debe dise\u00f1arse para optimizar las necesidades espec\u00edficas del cliente y contemplar futuras ampliaciones. Este <strong>valor agregado<\/strong>, basado en la experiencia y el dise\u00f1o personalizado, es lo que, seg\u00fan explic\u00f3, <strong>neutraliza el impacto de las importaciones<\/strong>.<\/p>\n\n\n\n<p><strong>Costos y calidad<\/strong><\/p>\n\n\n\n<p>La competitividad no solo se basa en el dise\u00f1o, sino tambi\u00e9n en una gesti\u00f3n de costos quir\u00fargica. Fern\u00e1ndez revel\u00f3 que la empresa cuenta con un equipo que analiza casi a diario los costos locales. <strong>\u201cCada vez que hay una disminuci\u00f3n en alg\u00fan tipo de subproducto, eso se traslada al costo\u201d<\/strong>, explic\u00f3, se\u00f1alando que bajas significativas en insumos clave, como la chapa, impactan directamente en la estructura del precio final.<\/p>\n\n\n\n<p><strong>Optimismo para 2026<\/strong><\/p>\n\n\n\n<p>Al ser consultado sobre las proyecciones para el futuro cercano, el optimismo de Fern\u00e1ndez fue contundente. Con una muestra concurrida y un \u00e1nimo positivo por parte de los productores, el gerente de Trafer observa un escenario ideal para la concreci\u00f3n de negocios.<\/p>\n\n\n\n<p><strong>\u201cLa expectativa es muy pero muy buena\u201d<\/strong>, afirm\u00f3 Fern\u00e1ndez, vinculando esta mirada positiva a la mejora en las tasas de inter\u00e9s y a un contexto general que est\u00e1 contribuyendo al cierre de operaciones que se ven\u00edan gestando previamente.<\/p>\n\n\n\n<figure class=\"wp-block-embed is-type-video is-provider-youtube wp-block-embed-youtube wp-embed-aspect-16-9 wp-has-aspect-ratio\"><div class=\"wp-block-embed__wrapper\">\n<div class=\"youtube-embed\" data-video_id=\"jOTl68Clp2U\"><iframe loading=\"lazy\" title=\"Onda Uno 103.9 en vivo\" width=\"696\" height=\"392\" data-src=\"https:\/\/www.youtube.com\/embed\/jOTl68Clp2U?start=2&#038;feature=oembed\" frameborder=\"0\" allow=\"accelerometer; autoplay; clipboard-write; encrypted-media; gyroscope; picture-in-picture; web-share\" referrerpolicy=\"strict-origin-when-cross-origin\" allowfullscreen src=\"data:image\/gif;base64,R0lGODlhAQABAAAAACH5BAEKAAEALAAAAAABAAEAAAICTAEAOw==\" class=\"lazyload\" data-load-mode=\"1\"><\/iframe><\/div>\n<\/div><\/figure>\n","protected":false},"excerpt":{"rendered":"<p>Reina el optimismo en el stand de Trafer, en ExpoAgro 2026<\/p>\n","protected":false},"author":2,"featured_media":63521,"comment_status":"open","ping_status":"open","sticky":false,"template":"","format":"standard","meta":{"tdm_status":"","tdm_grid_status":"","_jetpack_memberships_contains_paid_content":false,"footnotes":"","jetpack_publicize_message":"","jetpack_publicize_feature_enabled":true,"jetpack_social_post_already_shared":true,"jetpack_social_options":{"image_generator_settings":{"template":"highway","default_image_id":0,"font":"","enabled":false},"version":2}},"categories":[1],"tags":[],"class_list":{"0":"post-63520","1":"post","2":"type-post","3":"status-publish","4":"format-standard","5":"has-post-thumbnail","7":"category-sin-categoria"},"yoast_head":"<!-- This site is optimized with the Yoast SEO plugin v22.7 - https:\/\/yoast.com\/wordpress\/plugins\/seo\/ -->\n<title>Trafer en Expoagro: El valor del &quot;traje a medida&quot; frente al desaf\u00edo de las importaciones - 103.9 fm<\/title>\n<meta name=\"robots\" content=\"index, follow, max-snippet:-1, max-image-preview:large, max-video-preview:-1\" \/>\n<link rel=\"canonical\" href=\"https:\/\/ondauno.com.ar\/index.php\/2026\/03\/12\/trafer-en-expoagro-el-valor-del-traje-a-medida-frente-al-desafio-de-las-importaciones\/\" \/>\n<meta property=\"og:locale\" content=\"es_ES\" \/>\n<meta property=\"og:type\" content=\"article\" \/>\n<meta property=\"og:title\" content=\"Trafer en Expoagro: El valor del &quot;traje a medida&quot; frente al desaf\u00edo de las importaciones - 103.9 fm\" \/>\n<meta property=\"og:description\" content=\"Reina el optimismo en el stand de Trafer, en ExpoAgro 2026\" \/>\n<meta property=\"og:url\" content=\"https:\/\/ondauno.com.ar\/index.php\/2026\/03\/12\/trafer-en-expoagro-el-valor-del-traje-a-medida-frente-al-desafio-de-las-importaciones\/\" \/>\n<meta property=\"og:site_name\" content=\"103.9 fm\" \/>\n<meta property=\"article:publisher\" content=\"https:\/\/www.facebook.com\/ondauno103.9\" \/>\n<meta property=\"article:published_time\" content=\"2026-03-12T03:54:28+00:00\" \/>\n<meta property=\"article:modified_time\" content=\"2026-03-12T04:59:43+00:00\" \/>\n<meta property=\"og:image\" content=\"http:\/\/ondauno.com.ar\/wp-content\/uploads\/2026\/03\/trafer.jpeg\" \/>\n\t<meta property=\"og:image:width\" content=\"1035\" \/>\n\t<meta property=\"og:image:height\" content=\"1600\" \/>\n\t<meta property=\"og:image:type\" content=\"image\/jpeg\" \/>\n<meta name=\"author\" content=\"fernando garcia\" \/>\n<meta name=\"twitter:card\" content=\"summary_large_image\" \/>\n<meta name=\"twitter:label1\" content=\"Escrito por\" \/>\n\t<meta name=\"twitter:data1\" content=\"fernando garcia\" \/>\n\t<meta name=\"twitter:label2\" content=\"Tiempo de lectura\" \/>\n\t<meta name=\"twitter:data2\" content=\"2 minutos\" \/>\n<script type=\"application\/ld+json\" class=\"yoast-schema-graph\">{\"@context\":\"https:\/\/schema.org\",\"@graph\":[{\"@type\":\"WebPage\",\"@id\":\"https:\/\/ondauno.com.ar\/index.php\/2026\/03\/12\/trafer-en-expoagro-el-valor-del-traje-a-medida-frente-al-desafio-de-las-importaciones\/\",\"url\":\"https:\/\/ondauno.com.ar\/index.php\/2026\/03\/12\/trafer-en-expoagro-el-valor-del-traje-a-medida-frente-al-desafio-de-las-importaciones\/\",\"name\":\"Trafer en Expoagro: El valor del \\\"traje a medida\\\" frente al desaf\u00edo de las importaciones - 103.9 fm\",\"isPartOf\":{\"@id\":\"https:\/\/ondauno.com.ar\/#website\"},\"primaryImageOfPage\":{\"@id\":\"https:\/\/ondauno.com.ar\/index.php\/2026\/03\/12\/trafer-en-expoagro-el-valor-del-traje-a-medida-frente-al-desafio-de-las-importaciones\/#primaryimage\"},\"image\":{\"@id\":\"https:\/\/ondauno.com.ar\/index.php\/2026\/03\/12\/trafer-en-expoagro-el-valor-del-traje-a-medida-frente-al-desafio-de-las-importaciones\/#primaryimage\"},\"thumbnailUrl\":\"https:\/\/ondauno.com.ar\/wp-content\/uploads\/2026\/03\/trafer.jpeg\",\"datePublished\":\"2026-03-12T03:54:28+00:00\",\"dateModified\":\"2026-03-12T04:59:43+00:00\",\"author\":{\"@id\":\"https:\/\/ondauno.com.ar\/#\/schema\/person\/201d1b68e6c75e0fd396fe5f8af5d139\"},\"breadcrumb\":{\"@id\":\"https:\/\/ondauno.com.ar\/index.php\/2026\/03\/12\/trafer-en-expoagro-el-valor-del-traje-a-medida-frente-al-desafio-de-las-importaciones\/#breadcrumb\"},\"inLanguage\":\"es-AR\",\"potentialAction\":[{\"@type\":\"ReadAction\",\"target\":[\"https:\/\/ondauno.com.ar\/index.php\/2026\/03\/12\/trafer-en-expoagro-el-valor-del-traje-a-medida-frente-al-desafio-de-las-importaciones\/\"]}]},{\"@type\":\"ImageObject\",\"inLanguage\":\"es-AR\",\"@id\":\"https:\/\/ondauno.com.ar\/index.php\/2026\/03\/12\/trafer-en-expoagro-el-valor-del-traje-a-medida-frente-al-desafio-de-las-importaciones\/#primaryimage\",\"url\":\"https:\/\/ondauno.com.ar\/wp-content\/uploads\/2026\/03\/trafer.jpeg\",\"contentUrl\":\"https:\/\/ondauno.com.ar\/wp-content\/uploads\/2026\/03\/trafer.jpeg\",\"width\":1035,\"height\":1600},{\"@type\":\"BreadcrumbList\",\"@id\":\"https:\/\/ondauno.com.ar\/index.php\/2026\/03\/12\/trafer-en-expoagro-el-valor-del-traje-a-medida-frente-al-desafio-de-las-importaciones\/#breadcrumb\",\"itemListElement\":[{\"@type\":\"ListItem\",\"position\":1,\"name\":\"Inicio\",\"item\":\"https:\/\/ondauno.com.ar\/\"},{\"@type\":\"ListItem\",\"position\":2,\"name\":\"Trafer en Expoagro: El valor del &#8220;traje a medida&#8221; frente al desaf\u00edo de las importaciones\"}]},{\"@type\":\"WebSite\",\"@id\":\"https:\/\/ondauno.com.ar\/#website\",\"url\":\"https:\/\/ondauno.com.ar\/\",\"name\":\"103.9 fm\",\"description\":\"LA PRIMERA RADIO MULTIMEDIA DE TRES ARROYOS\",\"potentialAction\":[{\"@type\":\"SearchAction\",\"target\":{\"@type\":\"EntryPoint\",\"urlTemplate\":\"https:\/\/ondauno.com.ar\/?s={search_term_string}\"},\"query-input\":\"required name=search_term_string\"}],\"inLanguage\":\"es-AR\"},{\"@type\":\"Person\",\"@id\":\"https:\/\/ondauno.com.ar\/#\/schema\/person\/201d1b68e6c75e0fd396fe5f8af5d139\",\"name\":\"fernando garcia\",\"image\":{\"@type\":\"ImageObject\",\"inLanguage\":\"es-AR\",\"@id\":\"https:\/\/ondauno.com.ar\/#\/schema\/person\/image\/\",\"url\":\"https:\/\/secure.gravatar.com\/avatar\/5f7254642ad81272e79a2e69653cfdfc?s=96&d=mm&r=g\",\"contentUrl\":\"https:\/\/secure.gravatar.com\/avatar\/5f7254642ad81272e79a2e69653cfdfc?s=96&d=mm&r=g\",\"caption\":\"fernando garcia\"},\"url\":\"https:\/\/ondauno.com.ar\/index.php\/author\/ondaunoeditor\/\"}]}<\/script>\n<!-- \/ Yoast SEO plugin. -->","yoast_head_json":{"title":"Trafer en Expoagro: El valor del \"traje a medida\" frente al desaf\u00edo de las importaciones - 103.9 fm","robots":{"index":"index","follow":"follow","max-snippet":"max-snippet:-1","max-image-preview":"max-image-preview:large","max-video-preview":"max-video-preview:-1"},"canonical":"https:\/\/ondauno.com.ar\/index.php\/2026\/03\/12\/trafer-en-expoagro-el-valor-del-traje-a-medida-frente-al-desafio-de-las-importaciones\/","og_locale":"es_ES","og_type":"article","og_title":"Trafer en Expoagro: El valor del \"traje a medida\" frente al desaf\u00edo de las importaciones - 103.9 fm","og_description":"Reina el optimismo en el stand de Trafer, en ExpoAgro 2026","og_url":"https:\/\/ondauno.com.ar\/index.php\/2026\/03\/12\/trafer-en-expoagro-el-valor-del-traje-a-medida-frente-al-desafio-de-las-importaciones\/","og_site_name":"103.9 fm","article_publisher":"https:\/\/www.facebook.com\/ondauno103.9","article_published_time":"2026-03-12T03:54:28+00:00","article_modified_time":"2026-03-12T04:59:43+00:00","og_image":[{"width":1035,"height":1600,"url":"http:\/\/ondauno.com.ar\/wp-content\/uploads\/2026\/03\/trafer.jpeg","type":"image\/jpeg"}],"author":"fernando garcia","twitter_card":"summary_large_image","twitter_misc":{"Escrito por":"fernando garcia","Tiempo de lectura":"2 minutos"},"schema":{"@context":"https:\/\/schema.org","@graph":[{"@type":"WebPage","@id":"https:\/\/ondauno.com.ar\/index.php\/2026\/03\/12\/trafer-en-expoagro-el-valor-del-traje-a-medida-frente-al-desafio-de-las-importaciones\/","url":"https:\/\/ondauno.com.ar\/index.php\/2026\/03\/12\/trafer-en-expoagro-el-valor-del-traje-a-medida-frente-al-desafio-de-las-importaciones\/","name":"Trafer en Expoagro: El valor del \"traje a medida\" frente al desaf\u00edo de las importaciones - 103.9 fm","isPartOf":{"@id":"https:\/\/ondauno.com.ar\/#website"},"primaryImageOfPage":{"@id":"https:\/\/ondauno.com.ar\/index.php\/2026\/03\/12\/trafer-en-expoagro-el-valor-del-traje-a-medida-frente-al-desafio-de-las-importaciones\/#primaryimage"},"image":{"@id":"https:\/\/ondauno.com.ar\/index.php\/2026\/03\/12\/trafer-en-expoagro-el-valor-del-traje-a-medida-frente-al-desafio-de-las-importaciones\/#primaryimage"},"thumbnailUrl":"https:\/\/ondauno.com.ar\/wp-content\/uploads\/2026\/03\/trafer.jpeg","datePublished":"2026-03-12T03:54:28+00:00","dateModified":"2026-03-12T04:59:43+00:00","author":{"@id":"https:\/\/ondauno.com.ar\/#\/schema\/person\/201d1b68e6c75e0fd396fe5f8af5d139"},"breadcrumb":{"@id":"https:\/\/ondauno.com.ar\/index.php\/2026\/03\/12\/trafer-en-expoagro-el-valor-del-traje-a-medida-frente-al-desafio-de-las-importaciones\/#breadcrumb"},"inLanguage":"es-AR","potentialAction":[{"@type":"ReadAction","target":["https:\/\/ondauno.com.ar\/index.php\/2026\/03\/12\/trafer-en-expoagro-el-valor-del-traje-a-medida-frente-al-desafio-de-las-importaciones\/"]}]},{"@type":"ImageObject","inLanguage":"es-AR","@id":"https:\/\/ondauno.com.ar\/index.php\/2026\/03\/12\/trafer-en-expoagro-el-valor-del-traje-a-medida-frente-al-desafio-de-las-importaciones\/#primaryimage","url":"https:\/\/ondauno.com.ar\/wp-content\/uploads\/2026\/03\/trafer.jpeg","contentUrl":"https:\/\/ondauno.com.ar\/wp-content\/uploads\/2026\/03\/trafer.jpeg","width":1035,"height":1600},{"@type":"BreadcrumbList","@id":"https:\/\/ondauno.com.ar\/index.php\/2026\/03\/12\/trafer-en-expoagro-el-valor-del-traje-a-medida-frente-al-desafio-de-las-importaciones\/#breadcrumb","itemListElement":[{"@type":"ListItem","position":1,"name":"Inicio","item":"https:\/\/ondauno.com.ar\/"},{"@type":"ListItem","position":2,"name":"Trafer en Expoagro: El valor del &#8220;traje a medida&#8221; frente al desaf\u00edo de las importaciones"}]},{"@type":"WebSite","@id":"https:\/\/ondauno.com.ar\/#website","url":"https:\/\/ondauno.com.ar\/","name":"103.9 fm","description":"LA PRIMERA RADIO MULTIMEDIA DE TRES ARROYOS","potentialAction":[{"@type":"SearchAction","target":{"@type":"EntryPoint","urlTemplate":"https:\/\/ondauno.com.ar\/?s={search_term_string}"},"query-input":"required name=search_term_string"}],"inLanguage":"es-AR"},{"@type":"Person","@id":"https:\/\/ondauno.com.ar\/#\/schema\/person\/201d1b68e6c75e0fd396fe5f8af5d139","name":"fernando garcia","image":{"@type":"ImageObject","inLanguage":"es-AR","@id":"https:\/\/ondauno.com.ar\/#\/schema\/person\/image\/","url":"https:\/\/secure.gravatar.com\/avatar\/5f7254642ad81272e79a2e69653cfdfc?s=96&d=mm&r=g","contentUrl":"https:\/\/secure.gravatar.com\/avatar\/5f7254642ad81272e79a2e69653cfdfc?s=96&d=mm&r=g","caption":"fernando garcia"},"url":"https:\/\/ondauno.com.ar\/index.php\/author\/ondaunoeditor\/"}]}},"jetpack_publicize_connections":[],"jetpack_featured_media_url":"https:\/\/ondauno.com.ar\/wp-content\/uploads\/2026\/03\/trafer.jpeg","jetpack_sharing_enabled":true,"_links":{"self":[{"href":"https:\/\/ondauno.com.ar\/index.php\/wp-json\/wp\/v2\/posts\/63520","targetHints":{"allow":["GET"]}}],"collection":[{"href":"https:\/\/ondauno.com.ar\/index.php\/wp-json\/wp\/v2\/posts"}],"about":[{"href":"https:\/\/ondauno.com.ar\/index.php\/wp-json\/wp\/v2\/types\/post"}],"author":[{"embeddable":true,"href":"https:\/\/ondauno.com.ar\/index.php\/wp-json\/wp\/v2\/users\/2"}],"replies":[{"embeddable":true,"href":"https:\/\/ondauno.com.ar\/index.php\/wp-json\/wp\/v2\/comments?post=63520"}],"version-history":[{"count":2,"href":"https:\/\/ondauno.com.ar\/index.php\/wp-json\/wp\/v2\/posts\/63520\/revisions"}],"predecessor-version":[{"id":63544,"href":"https:\/\/ondauno.com.ar\/index.php\/wp-json\/wp\/v2\/posts\/63520\/revisions\/63544"}],"wp:featuredmedia":[{"embeddable":true,"href":"https:\/\/ondauno.com.ar\/index.php\/wp-json\/wp\/v2\/media\/63521"}],"wp:attachment":[{"href":"https:\/\/ondauno.com.ar\/index.php\/wp-json\/wp\/v2\/media?parent=63520"}],"wp:term":[{"taxonomy":"category","embeddable":true,"href":"https:\/\/ondauno.com.ar\/index.php\/wp-json\/wp\/v2\/categories?post=63520"},{"taxonomy":"post_tag","embeddable":true,"href":"https:\/\/ondauno.com.ar\/index.php\/wp-json\/wp\/v2\/tags?post=63520"}],"curies":[{"name":"wp","href":"https:\/\/api.w.org\/{rel}","templated":true}]}}