{"id":63517,"date":"2026-03-12T00:31:48","date_gmt":"2026-03-12T03:31:48","guid":{"rendered":"https:\/\/ondauno.com.ar\/?p=63517"},"modified":"2026-03-12T00:31:49","modified_gmt":"2026-03-12T03:31:49","slug":"a-50-anos-del-golpe-la-casona-prepara-una-vigilia-especial","status":"publish","type":"post","link":"https:\/\/ondauno.com.ar\/index.php\/2026\/03\/12\/a-50-anos-del-golpe-la-casona-prepara-una-vigilia-especial\/","title":{"rendered":"A 50 a\u00f1os del golpe, La Casona prepara una vigilia especial"},"content":{"rendered":"<div class=\"ondau-before-content_3\" style=\"margin-top: -30px;\" id=\"ondau-1425753751\"><a href=\"https:\/\/www.lps.com.ar\/\" aria-label=\"la-perse2\"><img loading=\"lazy\" decoding=\"async\" src=\"https:\/\/ondauno.com.ar\/wp-content\/uploads\/2021\/10\/la-perse2.jpg\" alt=\"\"  srcset=\"https:\/\/ondauno.com.ar\/wp-content\/uploads\/2021\/10\/la-perse2.jpg 1353w, https:\/\/ondauno.com.ar\/wp-content\/uploads\/2021\/10\/la-perse2-300x43.jpg 300w, https:\/\/ondauno.com.ar\/wp-content\/uploads\/2021\/10\/la-perse2-1024x148.jpg 1024w, https:\/\/ondauno.com.ar\/wp-content\/uploads\/2021\/10\/la-perse2-768x111.jpg 768w, https:\/\/ondauno.com.ar\/wp-content\/uploads\/2021\/10\/la-perse2-696x100.jpg 696w, https:\/\/ondauno.com.ar\/wp-content\/uploads\/2021\/10\/la-perse2-1068x154.jpg 1068w\" sizes=\"(max-width: 1353px) 100vw, 1353px\" class=\"no-lazyload\" width=\"1353\" height=\"195\"  style=\"display: inline-block;\" \/><\/a><\/div>\n<p>A medio siglo del inicio de la etapa m\u00e1s oscura de la historia argentina, la <strong>Biblioteca Popular Jos\u00e9 Ingenieros<\/strong> y el <strong>Centro Cultural La Casona<\/strong> se preparan para una nueva edici\u00f3n de su tradicional <strong>Vigilia del 23 de marzo<\/strong>. Bajo las consignas de <strong>Memoria, Verdad y Justicia<\/strong>, esta convocatoria busca no solo recordar los hechos de 1976, sino tambi\u00e9n reflexionar sobre su impacto en el presente a trav\u00e9s del encuentro comunitario.<\/p>\n\n\n\n<p>El camino hacia la vigilia comenzar\u00e1 antes de la noche principal. El <strong>mi\u00e9rcoles 18 de marzo, a las 16:00<\/strong>, se llevar\u00e1 a cabo el taller de bordado <strong>&#8220;La Memoria prendida en el Pecho&#8221;<\/strong>. Coordinado por Florencia Serra, este espacio invita a la confecci\u00f3n de pa\u00f1uelos que se transformar\u00e1n en prendedores, los cuales podr\u00e1n lucirse tanto en la vigilia como en la <strong>Marcha del 24 de marzo<\/strong>.<\/p>\n\n\n\n<p>La cita central ser\u00e1 el <strong>lunes 23 de marzo a partir de las 21:00<\/strong> en la sede del <strong>Centro Cultural La Casona, ubicada en Rivadavia 641<\/strong>. El eje de la noche ser\u00e1 la <strong>&#8220;Ronda de Testimonios&#8221;<\/strong>, un espacio donde referentes del trabajo, la educaci\u00f3n, el arte y la militancia compartir\u00e1n sus vivencias. El objetivo es propiciar un intercambio reflexivo que conecte las luchas del pasado con la realidad actual.<\/p>\n\n\n\n<p>La jornada estar\u00e1 acompa\u00f1ada por una nutrida propuesta art\u00edstica que incluye a m\u00fasicos y agrupaciones como <strong>Pancho Giglio, Berta Villanueva, Omar Valletti, el Grupo Vocal Nuevo Tempo, el Coro Especias, Gabriela Alici, Gabriel Del Giorgio, Alejandra Barrientos y el Chino Troiano<\/strong>. Mientras la m\u00fasica y las palabras fluyen, los asistentes podr\u00e1n compartir un <strong>guiso popular<\/strong>, reforzando el car\u00e1cter colectivo de la actividad.<\/p>\n\n\n\n<p>Esta convocatoria surge de instituciones con un largo recorrido en la defensa de los derechos humanos. La Biblioteca Jos\u00e9 Ingenieros ha sido cuna de organizaciones como la <strong>APDH<\/strong> y la <strong>Red por la Identidad<\/strong>, adem\u00e1s de haber colaborado activamente en la creaci\u00f3n de la <strong>Plaza de la Memoria<\/strong> y en el acompa\u00f1amiento a familiares de desaparecidos.<\/p>\n\n\n\n<p>Desde la organizaci\u00f3n se invita a toda la comunidad a participar de estas propuestas abiertas y gratuitas, que culminar\u00e1n con la convocatoria a sumarse a la marcha del d\u00eda siguiente, manteniendo viva la llama de la memoria a 50 a\u00f1os del golpe de Estado.<br><br><\/p>\n","protected":false},"excerpt":{"rendered":"<p>A medio siglo del inicio de la etapa m\u00e1s oscura de la historia argentina, la Biblioteca Popular Jos\u00e9 Ingenieros y el Centro Cultural La Casona se preparan para una nueva edici\u00f3n de su tradicional Vigilia del 23 de marzo. Bajo las consignas de Memoria, Verdad y Justicia, esta convocatoria busca no solo recordar los hechos [&hellip;]<\/p>\n","protected":false},"author":2,"featured_media":63518,"comment_status":"open","ping_status":"open","sticky":false,"template":"","format":"standard","meta":{"tdm_status":"","tdm_grid_status":"","_jetpack_memberships_contains_paid_content":false,"footnotes":"","jetpack_publicize_message":"","jetpack_publicize_feature_enabled":true,"jetpack_social_post_already_shared":true,"jetpack_social_options":{"image_generator_settings":{"template":"highway","default_image_id":0,"font":"","enabled":false},"version":2}},"categories":[1],"tags":[],"class_list":{"0":"post-63517","1":"post","2":"type-post","3":"status-publish","4":"format-standard","5":"has-post-thumbnail","7":"category-sin-categoria"},"yoast_head":"<!-- This site is optimized with the Yoast SEO plugin v22.7 - https:\/\/yoast.com\/wordpress\/plugins\/seo\/ -->\n<title>A 50 a\u00f1os del golpe, La Casona prepara una vigilia especial - 103.9 fm<\/title>\n<meta name=\"robots\" content=\"index, follow, max-snippet:-1, max-image-preview:large, max-video-preview:-1\" \/>\n<link rel=\"canonical\" href=\"https:\/\/ondauno.com.ar\/index.php\/2026\/03\/12\/a-50-anos-del-golpe-la-casona-prepara-una-vigilia-especial\/\" \/>\n<meta property=\"og:locale\" content=\"es_ES\" \/>\n<meta property=\"og:type\" content=\"article\" \/>\n<meta property=\"og:title\" content=\"A 50 a\u00f1os del golpe, La Casona prepara una vigilia especial - 103.9 fm\" \/>\n<meta property=\"og:description\" content=\"A medio siglo del inicio de la etapa m\u00e1s oscura de la historia argentina, la Biblioteca Popular Jos\u00e9 Ingenieros y el Centro Cultural La Casona se preparan para una nueva edici\u00f3n de su tradicional Vigilia del 23 de marzo. Bajo las consignas de Memoria, Verdad y Justicia, esta convocatoria busca no solo recordar los hechos [&hellip;]\" \/>\n<meta property=\"og:url\" content=\"https:\/\/ondauno.com.ar\/index.php\/2026\/03\/12\/a-50-anos-del-golpe-la-casona-prepara-una-vigilia-especial\/\" \/>\n<meta property=\"og:site_name\" content=\"103.9 fm\" \/>\n<meta property=\"article:publisher\" content=\"https:\/\/www.facebook.com\/ondauno103.9\" \/>\n<meta property=\"article:published_time\" content=\"2026-03-12T03:31:48+00:00\" \/>\n<meta property=\"article:modified_time\" content=\"2026-03-12T03:31:49+00:00\" \/>\n<meta property=\"og:image\" content=\"http:\/\/ondauno.com.ar\/wp-content\/uploads\/2026\/03\/casona.webp\" \/>\n\t<meta property=\"og:image:width\" content=\"521\" \/>\n\t<meta property=\"og:image:height\" content=\"356\" \/>\n\t<meta property=\"og:image:type\" content=\"image\/webp\" \/>\n<meta name=\"author\" content=\"fernando garcia\" \/>\n<meta name=\"twitter:card\" content=\"summary_large_image\" \/>\n<meta name=\"twitter:label1\" content=\"Escrito por\" \/>\n\t<meta name=\"twitter:data1\" content=\"fernando garcia\" \/>\n\t<meta name=\"twitter:label2\" content=\"Tiempo de lectura\" \/>\n\t<meta name=\"twitter:data2\" content=\"2 minutos\" \/>\n<script type=\"application\/ld+json\" class=\"yoast-schema-graph\">{\"@context\":\"https:\/\/schema.org\",\"@graph\":[{\"@type\":\"WebPage\",\"@id\":\"https:\/\/ondauno.com.ar\/index.php\/2026\/03\/12\/a-50-anos-del-golpe-la-casona-prepara-una-vigilia-especial\/\",\"url\":\"https:\/\/ondauno.com.ar\/index.php\/2026\/03\/12\/a-50-anos-del-golpe-la-casona-prepara-una-vigilia-especial\/\",\"name\":\"A 50 a\u00f1os del golpe, La Casona prepara una vigilia especial - 103.9 fm\",\"isPartOf\":{\"@id\":\"https:\/\/ondauno.com.ar\/#website\"},\"primaryImageOfPage\":{\"@id\":\"https:\/\/ondauno.com.ar\/index.php\/2026\/03\/12\/a-50-anos-del-golpe-la-casona-prepara-una-vigilia-especial\/#primaryimage\"},\"image\":{\"@id\":\"https:\/\/ondauno.com.ar\/index.php\/2026\/03\/12\/a-50-anos-del-golpe-la-casona-prepara-una-vigilia-especial\/#primaryimage\"},\"thumbnailUrl\":\"https:\/\/ondauno.com.ar\/wp-content\/uploads\/2026\/03\/casona.webp\",\"datePublished\":\"2026-03-12T03:31:48+00:00\",\"dateModified\":\"2026-03-12T03:31:49+00:00\",\"author\":{\"@id\":\"https:\/\/ondauno.com.ar\/#\/schema\/person\/201d1b68e6c75e0fd396fe5f8af5d139\"},\"breadcrumb\":{\"@id\":\"https:\/\/ondauno.com.ar\/index.php\/2026\/03\/12\/a-50-anos-del-golpe-la-casona-prepara-una-vigilia-especial\/#breadcrumb\"},\"inLanguage\":\"es-AR\",\"potentialAction\":[{\"@type\":\"ReadAction\",\"target\":[\"https:\/\/ondauno.com.ar\/index.php\/2026\/03\/12\/a-50-anos-del-golpe-la-casona-prepara-una-vigilia-especial\/\"]}]},{\"@type\":\"ImageObject\",\"inLanguage\":\"es-AR\",\"@id\":\"https:\/\/ondauno.com.ar\/index.php\/2026\/03\/12\/a-50-anos-del-golpe-la-casona-prepara-una-vigilia-especial\/#primaryimage\",\"url\":\"https:\/\/ondauno.com.ar\/wp-content\/uploads\/2026\/03\/casona.webp\",\"contentUrl\":\"https:\/\/ondauno.com.ar\/wp-content\/uploads\/2026\/03\/casona.webp\",\"width\":521,\"height\":356},{\"@type\":\"BreadcrumbList\",\"@id\":\"https:\/\/ondauno.com.ar\/index.php\/2026\/03\/12\/a-50-anos-del-golpe-la-casona-prepara-una-vigilia-especial\/#breadcrumb\",\"itemListElement\":[{\"@type\":\"ListItem\",\"position\":1,\"name\":\"Inicio\",\"item\":\"https:\/\/ondauno.com.ar\/\"},{\"@type\":\"ListItem\",\"position\":2,\"name\":\"A 50 a\u00f1os del golpe, La Casona prepara una vigilia especial\"}]},{\"@type\":\"WebSite\",\"@id\":\"https:\/\/ondauno.com.ar\/#website\",\"url\":\"https:\/\/ondauno.com.ar\/\",\"name\":\"103.9 fm\",\"description\":\"LA PRIMERA RADIO MULTIMEDIA DE TRES ARROYOS\",\"potentialAction\":[{\"@type\":\"SearchAction\",\"target\":{\"@type\":\"EntryPoint\",\"urlTemplate\":\"https:\/\/ondauno.com.ar\/?s={search_term_string}\"},\"query-input\":\"required name=search_term_string\"}],\"inLanguage\":\"es-AR\"},{\"@type\":\"Person\",\"@id\":\"https:\/\/ondauno.com.ar\/#\/schema\/person\/201d1b68e6c75e0fd396fe5f8af5d139\",\"name\":\"fernando garcia\",\"image\":{\"@type\":\"ImageObject\",\"inLanguage\":\"es-AR\",\"@id\":\"https:\/\/ondauno.com.ar\/#\/schema\/person\/image\/\",\"url\":\"https:\/\/secure.gravatar.com\/avatar\/5f7254642ad81272e79a2e69653cfdfc?s=96&d=mm&r=g\",\"contentUrl\":\"https:\/\/secure.gravatar.com\/avatar\/5f7254642ad81272e79a2e69653cfdfc?s=96&d=mm&r=g\",\"caption\":\"fernando garcia\"},\"url\":\"https:\/\/ondauno.com.ar\/index.php\/author\/ondaunoeditor\/\"}]}<\/script>\n<!-- \/ Yoast SEO plugin. -->","yoast_head_json":{"title":"A 50 a\u00f1os del golpe, La Casona prepara una vigilia especial - 103.9 fm","robots":{"index":"index","follow":"follow","max-snippet":"max-snippet:-1","max-image-preview":"max-image-preview:large","max-video-preview":"max-video-preview:-1"},"canonical":"https:\/\/ondauno.com.ar\/index.php\/2026\/03\/12\/a-50-anos-del-golpe-la-casona-prepara-una-vigilia-especial\/","og_locale":"es_ES","og_type":"article","og_title":"A 50 a\u00f1os del golpe, La Casona prepara una vigilia especial - 103.9 fm","og_description":"A medio siglo del inicio de la etapa m\u00e1s oscura de la historia argentina, la Biblioteca Popular Jos\u00e9 Ingenieros y el Centro Cultural La Casona se preparan para una nueva edici\u00f3n de su tradicional Vigilia del 23 de marzo. Bajo las consignas de Memoria, Verdad y Justicia, esta convocatoria busca no solo recordar los hechos [&hellip;]","og_url":"https:\/\/ondauno.com.ar\/index.php\/2026\/03\/12\/a-50-anos-del-golpe-la-casona-prepara-una-vigilia-especial\/","og_site_name":"103.9 fm","article_publisher":"https:\/\/www.facebook.com\/ondauno103.9","article_published_time":"2026-03-12T03:31:48+00:00","article_modified_time":"2026-03-12T03:31:49+00:00","og_image":[{"width":521,"height":356,"url":"http:\/\/ondauno.com.ar\/wp-content\/uploads\/2026\/03\/casona.webp","type":"image\/webp"}],"author":"fernando garcia","twitter_card":"summary_large_image","twitter_misc":{"Escrito por":"fernando garcia","Tiempo de lectura":"2 minutos"},"schema":{"@context":"https:\/\/schema.org","@graph":[{"@type":"WebPage","@id":"https:\/\/ondauno.com.ar\/index.php\/2026\/03\/12\/a-50-anos-del-golpe-la-casona-prepara-una-vigilia-especial\/","url":"https:\/\/ondauno.com.ar\/index.php\/2026\/03\/12\/a-50-anos-del-golpe-la-casona-prepara-una-vigilia-especial\/","name":"A 50 a\u00f1os del golpe, La Casona prepara una vigilia especial - 103.9 fm","isPartOf":{"@id":"https:\/\/ondauno.com.ar\/#website"},"primaryImageOfPage":{"@id":"https:\/\/ondauno.com.ar\/index.php\/2026\/03\/12\/a-50-anos-del-golpe-la-casona-prepara-una-vigilia-especial\/#primaryimage"},"image":{"@id":"https:\/\/ondauno.com.ar\/index.php\/2026\/03\/12\/a-50-anos-del-golpe-la-casona-prepara-una-vigilia-especial\/#primaryimage"},"thumbnailUrl":"https:\/\/ondauno.com.ar\/wp-content\/uploads\/2026\/03\/casona.webp","datePublished":"2026-03-12T03:31:48+00:00","dateModified":"2026-03-12T03:31:49+00:00","author":{"@id":"https:\/\/ondauno.com.ar\/#\/schema\/person\/201d1b68e6c75e0fd396fe5f8af5d139"},"breadcrumb":{"@id":"https:\/\/ondauno.com.ar\/index.php\/2026\/03\/12\/a-50-anos-del-golpe-la-casona-prepara-una-vigilia-especial\/#breadcrumb"},"inLanguage":"es-AR","potentialAction":[{"@type":"ReadAction","target":["https:\/\/ondauno.com.ar\/index.php\/2026\/03\/12\/a-50-anos-del-golpe-la-casona-prepara-una-vigilia-especial\/"]}]},{"@type":"ImageObject","inLanguage":"es-AR","@id":"https:\/\/ondauno.com.ar\/index.php\/2026\/03\/12\/a-50-anos-del-golpe-la-casona-prepara-una-vigilia-especial\/#primaryimage","url":"https:\/\/ondauno.com.ar\/wp-content\/uploads\/2026\/03\/casona.webp","contentUrl":"https:\/\/ondauno.com.ar\/wp-content\/uploads\/2026\/03\/casona.webp","width":521,"height":356},{"@type":"BreadcrumbList","@id":"https:\/\/ondauno.com.ar\/index.php\/2026\/03\/12\/a-50-anos-del-golpe-la-casona-prepara-una-vigilia-especial\/#breadcrumb","itemListElement":[{"@type":"ListItem","position":1,"name":"Inicio","item":"https:\/\/ondauno.com.ar\/"},{"@type":"ListItem","position":2,"name":"A 50 a\u00f1os del golpe, La Casona prepara una vigilia especial"}]},{"@type":"WebSite","@id":"https:\/\/ondauno.com.ar\/#website","url":"https:\/\/ondauno.com.ar\/","name":"103.9 fm","description":"LA PRIMERA RADIO MULTIMEDIA DE TRES ARROYOS","potentialAction":[{"@type":"SearchAction","target":{"@type":"EntryPoint","urlTemplate":"https:\/\/ondauno.com.ar\/?s={search_term_string}"},"query-input":"required name=search_term_string"}],"inLanguage":"es-AR"},{"@type":"Person","@id":"https:\/\/ondauno.com.ar\/#\/schema\/person\/201d1b68e6c75e0fd396fe5f8af5d139","name":"fernando garcia","image":{"@type":"ImageObject","inLanguage":"es-AR","@id":"https:\/\/ondauno.com.ar\/#\/schema\/person\/image\/","url":"https:\/\/secure.gravatar.com\/avatar\/5f7254642ad81272e79a2e69653cfdfc?s=96&d=mm&r=g","contentUrl":"https:\/\/secure.gravatar.com\/avatar\/5f7254642ad81272e79a2e69653cfdfc?s=96&d=mm&r=g","caption":"fernando garcia"},"url":"https:\/\/ondauno.com.ar\/index.php\/author\/ondaunoeditor\/"}]}},"jetpack_publicize_connections":[],"jetpack_featured_media_url":"https:\/\/ondauno.com.ar\/wp-content\/uploads\/2026\/03\/casona.webp","jetpack_sharing_enabled":true,"_links":{"self":[{"href":"https:\/\/ondauno.com.ar\/index.php\/wp-json\/wp\/v2\/posts\/63517","targetHints":{"allow":["GET"]}}],"collection":[{"href":"https:\/\/ondauno.com.ar\/index.php\/wp-json\/wp\/v2\/posts"}],"about":[{"href":"https:\/\/ondauno.com.ar\/index.php\/wp-json\/wp\/v2\/types\/post"}],"author":[{"embeddable":true,"href":"https:\/\/ondauno.com.ar\/index.php\/wp-json\/wp\/v2\/users\/2"}],"replies":[{"embeddable":true,"href":"https:\/\/ondauno.com.ar\/index.php\/wp-json\/wp\/v2\/comments?post=63517"}],"version-history":[{"count":1,"href":"https:\/\/ondauno.com.ar\/index.php\/wp-json\/wp\/v2\/posts\/63517\/revisions"}],"predecessor-version":[{"id":63519,"href":"https:\/\/ondauno.com.ar\/index.php\/wp-json\/wp\/v2\/posts\/63517\/revisions\/63519"}],"wp:featuredmedia":[{"embeddable":true,"href":"https:\/\/ondauno.com.ar\/index.php\/wp-json\/wp\/v2\/media\/63518"}],"wp:attachment":[{"href":"https:\/\/ondauno.com.ar\/index.php\/wp-json\/wp\/v2\/media?parent=63517"}],"wp:term":[{"taxonomy":"category","embeddable":true,"href":"https:\/\/ondauno.com.ar\/index.php\/wp-json\/wp\/v2\/categories?post=63517"},{"taxonomy":"post_tag","embeddable":true,"href":"https:\/\/ondauno.com.ar\/index.php\/wp-json\/wp\/v2\/tags?post=63517"}],"curies":[{"name":"wp","href":"https:\/\/api.w.org\/{rel}","templated":true}]}}