{"id":63495,"date":"2026-03-11T03:12:29","date_gmt":"2026-03-11T06:12:29","guid":{"rendered":"https:\/\/ondauno.com.ar\/?p=63495"},"modified":"2026-03-11T03:12:30","modified_gmt":"2026-03-11T06:12:30","slug":"un-llamado-a-la-solidaridad-por-el-hospital-pirovano","status":"publish","type":"post","link":"https:\/\/ondauno.com.ar\/index.php\/2026\/03\/11\/un-llamado-a-la-solidaridad-por-el-hospital-pirovano\/","title":{"rendered":"Un llamado a la solidaridad por el Hospital Pirovano"},"content":{"rendered":"<div class=\"ondau-before-content_3\" style=\"margin-top: -30px;\" id=\"ondau-905148146\"><a href=\"https:\/\/www.lps.com.ar\/\" aria-label=\"la-perse2\"><img loading=\"lazy\" decoding=\"async\" src=\"https:\/\/ondauno.com.ar\/wp-content\/uploads\/2021\/10\/la-perse2.jpg\" alt=\"\"  srcset=\"https:\/\/ondauno.com.ar\/wp-content\/uploads\/2021\/10\/la-perse2.jpg 1353w, https:\/\/ondauno.com.ar\/wp-content\/uploads\/2021\/10\/la-perse2-300x43.jpg 300w, https:\/\/ondauno.com.ar\/wp-content\/uploads\/2021\/10\/la-perse2-1024x148.jpg 1024w, https:\/\/ondauno.com.ar\/wp-content\/uploads\/2021\/10\/la-perse2-768x111.jpg 768w, https:\/\/ondauno.com.ar\/wp-content\/uploads\/2021\/10\/la-perse2-696x100.jpg 696w, https:\/\/ondauno.com.ar\/wp-content\/uploads\/2021\/10\/la-perse2-1068x154.jpg 1068w\" sizes=\"(max-width: 1353px) 100vw, 1353px\" class=\"no-lazyload\" width=\"1353\" height=\"195\"  style=\"display: inline-block;\" \/><\/a><\/div>\n<p>El presidente de la Comisi\u00f3n Amigos del Hospital Pirovano, <strong>Eugenio &#8220;Coco&#8221; Galilea<\/strong>, cont\u00f3 en Cosas que pasan la delicada situaci\u00f3n que atraviesa el principal centro de salud p\u00fablica del distrito.<\/p>\n\n\n\n<p>La reciente <strong>Fiesta del Trigo<\/strong> no fue solo una celebraci\u00f3n productiva; fue el escenario donde la Comisi\u00f3n, con autorizaci\u00f3n municipal, se present\u00f3 en la Mesa Redonda para hablarle directamente al sector agropecuario. El objetivo era claro, exponer las necesidades de un hospital que hoy es el refugio sanitario de todos. &#8220;Es una cosa natural porque al atender <strong>2.500 personas de promedio por d\u00eda<\/strong>, los gastos se han incrementado much\u00edsimo&#8221;, explic\u00f3 Galilea, evitando buscar culpables y centr\u00e1ndose en la cruda realidad de los n\u00fameros.<\/p>\n\n\n\n<p>Cadena de problemas y costos en d\u00f3lares<\/p>\n\n\n\n<p>La crisis no distingue entre lo b\u00e1sico y lo complejo. El hospital enfrenta un desgaste l\u00f3gico de su aparatolog\u00eda por el uso intensivo. Reparar el <strong>mam\u00f3grafo<\/strong>, una herramienta vital para la prevenci\u00f3n, cuesta hoy por encima de los <strong>35.000 d\u00f3lares<\/strong>. A esto se suma el arreglo del equipo de rayos de Claromec\u00f3 y la compra constante de insumos y remedios, rubro en el que la Comisi\u00f3n ya ha aportado m\u00e1s de <strong>20 millones de pesos<\/strong> en lo que va del a\u00f1o.<\/p>\n\n\n\n<p>El panorama financiero es adverso. Seg\u00fan Galilea, el presupuesto municipal no alcanza y la coparticipaci\u00f3n provincial sufri\u00f3 una ca\u00edda estrepitosa de casi <strong>4.000 millones de pesos<\/strong>, lo que genera una &#8220;cadena de problemas&#8221; dif\u00edcil de romper sin la ayuda externa.<\/p>\n\n\n\n<p>&#8220;El hospital te atrapa&#8221;<\/p>\n\n\n\n<p>Para &#8220;Coco&#8221;, esta tarea no es una carga, sino un compromiso vital. A pesar de sus responsabilidades laborales, ahora delegadas en su hijo, dedica gran parte de su d\u00eda a recorrer los pasillos del centro de salud. &#8220;El hospital te atrapa&#8221;, confes\u00f3 al destacar la labor del equipo que integra junto a figuras como el tesorero Sergio Garcimu\u00f1o.<\/p>\n\n\n\n<p>Galilea define a Tres Arroyos como la <strong>&#8220;capital de la solidaridad&#8221;<\/strong> y apela a esa identidad para paliar las carencias no solo del hospital central, sino de las 17 salas perif\u00e9ricas y las localidades de Orense, Cascallares y Copetonas.<\/p>\n\n\n\n<p>C\u00f3mo ayudar<\/p>\n\n\n\n<p>Para quienes deseen colaborar, la Comisi\u00f3n Amigos del Hospital Pirovano dispone de una cuenta cuyo <strong>Alias es: aula.obra.hospital<\/strong>. Como bien resumi\u00f3 Galilea antes de despedirse: &#8220;Ayudando al hospital, nos estamos ayudando cada uno de nosotros&#8221;.<\/p>\n\n\n\n<p><br><\/p>\n\n\n\n<figure class=\"wp-block-embed is-type-video is-provider-youtube wp-block-embed-youtube wp-embed-aspect-16-9 wp-has-aspect-ratio\"><div class=\"wp-block-embed__wrapper\">\n<div class=\"youtube-embed\" data-video_id=\"MlhwN_-7JVc\"><iframe loading=\"lazy\" title=\"Onda Uno 103.9 en vivo\" width=\"696\" height=\"392\" data-src=\"https:\/\/www.youtube.com\/embed\/MlhwN_-7JVc?start=2&#038;feature=oembed\" frameborder=\"0\" allow=\"accelerometer; autoplay; clipboard-write; encrypted-media; gyroscope; picture-in-picture; web-share\" referrerpolicy=\"strict-origin-when-cross-origin\" allowfullscreen src=\"data:image\/gif;base64,R0lGODlhAQABAAAAACH5BAEKAAEALAAAAAABAAEAAAICTAEAOw==\" class=\"lazyload\" data-load-mode=\"1\"><\/iframe><\/div>\n<\/div><\/figure>\n","protected":false},"excerpt":{"rendered":"<p>El presidente de la Comisi\u00f3n Amigos del Hospital Pirovano, Eugenio &#8220;Coco&#8221; Galilea, cont\u00f3 en Cosas que pasan la delicada situaci\u00f3n que atraviesa el principal centro de salud p\u00fablica del distrito. La reciente Fiesta del Trigo no fue solo una celebraci\u00f3n productiva; fue el escenario donde la Comisi\u00f3n, con autorizaci\u00f3n municipal, se present\u00f3 en la Mesa [&hellip;]<\/p>\n","protected":false},"author":2,"featured_media":63496,"comment_status":"open","ping_status":"open","sticky":false,"template":"","format":"standard","meta":{"tdm_status":"","tdm_grid_status":"","_jetpack_memberships_contains_paid_content":false,"footnotes":"","jetpack_publicize_message":"","jetpack_publicize_feature_enabled":true,"jetpack_social_post_already_shared":true,"jetpack_social_options":{"image_generator_settings":{"template":"highway","default_image_id":0,"font":"","enabled":false},"version":2}},"categories":[1],"tags":[],"class_list":{"0":"post-63495","1":"post","2":"type-post","3":"status-publish","4":"format-standard","5":"has-post-thumbnail","7":"category-sin-categoria"},"yoast_head":"<!-- This site is optimized with the Yoast SEO plugin v22.7 - https:\/\/yoast.com\/wordpress\/plugins\/seo\/ -->\n<title>Un llamado a la solidaridad por el Hospital Pirovano - 103.9 fm<\/title>\n<meta name=\"robots\" content=\"index, follow, max-snippet:-1, max-image-preview:large, max-video-preview:-1\" \/>\n<link rel=\"canonical\" href=\"https:\/\/ondauno.com.ar\/index.php\/2026\/03\/11\/un-llamado-a-la-solidaridad-por-el-hospital-pirovano\/\" \/>\n<meta property=\"og:locale\" content=\"es_ES\" \/>\n<meta property=\"og:type\" content=\"article\" \/>\n<meta property=\"og:title\" content=\"Un llamado a la solidaridad por el Hospital Pirovano - 103.9 fm\" \/>\n<meta property=\"og:description\" content=\"El presidente de la Comisi\u00f3n Amigos del Hospital Pirovano, Eugenio &#8220;Coco&#8221; Galilea, cont\u00f3 en Cosas que pasan la delicada situaci\u00f3n que atraviesa el principal centro de salud p\u00fablica del distrito. La reciente Fiesta del Trigo no fue solo una celebraci\u00f3n productiva; fue el escenario donde la Comisi\u00f3n, con autorizaci\u00f3n municipal, se present\u00f3 en la Mesa [&hellip;]\" \/>\n<meta property=\"og:url\" content=\"https:\/\/ondauno.com.ar\/index.php\/2026\/03\/11\/un-llamado-a-la-solidaridad-por-el-hospital-pirovano\/\" \/>\n<meta property=\"og:site_name\" content=\"103.9 fm\" \/>\n<meta property=\"article:publisher\" content=\"https:\/\/www.facebook.com\/ondauno103.9\" \/>\n<meta property=\"article:published_time\" content=\"2026-03-11T06:12:29+00:00\" \/>\n<meta property=\"article:modified_time\" content=\"2026-03-11T06:12:30+00:00\" \/>\n<meta property=\"og:image\" content=\"http:\/\/ondauno.com.ar\/wp-content\/uploads\/2026\/03\/hospital.jpg\" \/>\n\t<meta property=\"og:image:width\" content=\"1440\" \/>\n\t<meta property=\"og:image:height\" content=\"960\" \/>\n\t<meta property=\"og:image:type\" content=\"image\/jpeg\" \/>\n<meta name=\"author\" content=\"fernando garcia\" \/>\n<meta name=\"twitter:card\" content=\"summary_large_image\" \/>\n<meta name=\"twitter:label1\" content=\"Escrito por\" \/>\n\t<meta name=\"twitter:data1\" content=\"fernando garcia\" \/>\n\t<meta name=\"twitter:label2\" content=\"Tiempo de lectura\" \/>\n\t<meta name=\"twitter:data2\" content=\"2 minutos\" \/>\n<script type=\"application\/ld+json\" class=\"yoast-schema-graph\">{\"@context\":\"https:\/\/schema.org\",\"@graph\":[{\"@type\":\"WebPage\",\"@id\":\"https:\/\/ondauno.com.ar\/index.php\/2026\/03\/11\/un-llamado-a-la-solidaridad-por-el-hospital-pirovano\/\",\"url\":\"https:\/\/ondauno.com.ar\/index.php\/2026\/03\/11\/un-llamado-a-la-solidaridad-por-el-hospital-pirovano\/\",\"name\":\"Un llamado a la solidaridad por el Hospital Pirovano - 103.9 fm\",\"isPartOf\":{\"@id\":\"https:\/\/ondauno.com.ar\/#website\"},\"primaryImageOfPage\":{\"@id\":\"https:\/\/ondauno.com.ar\/index.php\/2026\/03\/11\/un-llamado-a-la-solidaridad-por-el-hospital-pirovano\/#primaryimage\"},\"image\":{\"@id\":\"https:\/\/ondauno.com.ar\/index.php\/2026\/03\/11\/un-llamado-a-la-solidaridad-por-el-hospital-pirovano\/#primaryimage\"},\"thumbnailUrl\":\"https:\/\/ondauno.com.ar\/wp-content\/uploads\/2026\/03\/hospital.jpg\",\"datePublished\":\"2026-03-11T06:12:29+00:00\",\"dateModified\":\"2026-03-11T06:12:30+00:00\",\"author\":{\"@id\":\"https:\/\/ondauno.com.ar\/#\/schema\/person\/201d1b68e6c75e0fd396fe5f8af5d139\"},\"breadcrumb\":{\"@id\":\"https:\/\/ondauno.com.ar\/index.php\/2026\/03\/11\/un-llamado-a-la-solidaridad-por-el-hospital-pirovano\/#breadcrumb\"},\"inLanguage\":\"es-AR\",\"potentialAction\":[{\"@type\":\"ReadAction\",\"target\":[\"https:\/\/ondauno.com.ar\/index.php\/2026\/03\/11\/un-llamado-a-la-solidaridad-por-el-hospital-pirovano\/\"]}]},{\"@type\":\"ImageObject\",\"inLanguage\":\"es-AR\",\"@id\":\"https:\/\/ondauno.com.ar\/index.php\/2026\/03\/11\/un-llamado-a-la-solidaridad-por-el-hospital-pirovano\/#primaryimage\",\"url\":\"https:\/\/ondauno.com.ar\/wp-content\/uploads\/2026\/03\/hospital.jpg\",\"contentUrl\":\"https:\/\/ondauno.com.ar\/wp-content\/uploads\/2026\/03\/hospital.jpg\",\"width\":1440,\"height\":960},{\"@type\":\"BreadcrumbList\",\"@id\":\"https:\/\/ondauno.com.ar\/index.php\/2026\/03\/11\/un-llamado-a-la-solidaridad-por-el-hospital-pirovano\/#breadcrumb\",\"itemListElement\":[{\"@type\":\"ListItem\",\"position\":1,\"name\":\"Inicio\",\"item\":\"https:\/\/ondauno.com.ar\/\"},{\"@type\":\"ListItem\",\"position\":2,\"name\":\"Un llamado a la solidaridad por el Hospital Pirovano\"}]},{\"@type\":\"WebSite\",\"@id\":\"https:\/\/ondauno.com.ar\/#website\",\"url\":\"https:\/\/ondauno.com.ar\/\",\"name\":\"103.9 fm\",\"description\":\"LA PRIMERA RADIO MULTIMEDIA DE TRES ARROYOS\",\"potentialAction\":[{\"@type\":\"SearchAction\",\"target\":{\"@type\":\"EntryPoint\",\"urlTemplate\":\"https:\/\/ondauno.com.ar\/?s={search_term_string}\"},\"query-input\":\"required name=search_term_string\"}],\"inLanguage\":\"es-AR\"},{\"@type\":\"Person\",\"@id\":\"https:\/\/ondauno.com.ar\/#\/schema\/person\/201d1b68e6c75e0fd396fe5f8af5d139\",\"name\":\"fernando garcia\",\"image\":{\"@type\":\"ImageObject\",\"inLanguage\":\"es-AR\",\"@id\":\"https:\/\/ondauno.com.ar\/#\/schema\/person\/image\/\",\"url\":\"https:\/\/secure.gravatar.com\/avatar\/5f7254642ad81272e79a2e69653cfdfc?s=96&d=mm&r=g\",\"contentUrl\":\"https:\/\/secure.gravatar.com\/avatar\/5f7254642ad81272e79a2e69653cfdfc?s=96&d=mm&r=g\",\"caption\":\"fernando garcia\"},\"url\":\"https:\/\/ondauno.com.ar\/index.php\/author\/ondaunoeditor\/\"}]}<\/script>\n<!-- \/ Yoast SEO plugin. -->","yoast_head_json":{"title":"Un llamado a la solidaridad por el Hospital Pirovano - 103.9 fm","robots":{"index":"index","follow":"follow","max-snippet":"max-snippet:-1","max-image-preview":"max-image-preview:large","max-video-preview":"max-video-preview:-1"},"canonical":"https:\/\/ondauno.com.ar\/index.php\/2026\/03\/11\/un-llamado-a-la-solidaridad-por-el-hospital-pirovano\/","og_locale":"es_ES","og_type":"article","og_title":"Un llamado a la solidaridad por el Hospital Pirovano - 103.9 fm","og_description":"El presidente de la Comisi\u00f3n Amigos del Hospital Pirovano, Eugenio &#8220;Coco&#8221; Galilea, cont\u00f3 en Cosas que pasan la delicada situaci\u00f3n que atraviesa el principal centro de salud p\u00fablica del distrito. La reciente Fiesta del Trigo no fue solo una celebraci\u00f3n productiva; fue el escenario donde la Comisi\u00f3n, con autorizaci\u00f3n municipal, se present\u00f3 en la Mesa [&hellip;]","og_url":"https:\/\/ondauno.com.ar\/index.php\/2026\/03\/11\/un-llamado-a-la-solidaridad-por-el-hospital-pirovano\/","og_site_name":"103.9 fm","article_publisher":"https:\/\/www.facebook.com\/ondauno103.9","article_published_time":"2026-03-11T06:12:29+00:00","article_modified_time":"2026-03-11T06:12:30+00:00","og_image":[{"width":1440,"height":960,"url":"http:\/\/ondauno.com.ar\/wp-content\/uploads\/2026\/03\/hospital.jpg","type":"image\/jpeg"}],"author":"fernando garcia","twitter_card":"summary_large_image","twitter_misc":{"Escrito por":"fernando garcia","Tiempo de lectura":"2 minutos"},"schema":{"@context":"https:\/\/schema.org","@graph":[{"@type":"WebPage","@id":"https:\/\/ondauno.com.ar\/index.php\/2026\/03\/11\/un-llamado-a-la-solidaridad-por-el-hospital-pirovano\/","url":"https:\/\/ondauno.com.ar\/index.php\/2026\/03\/11\/un-llamado-a-la-solidaridad-por-el-hospital-pirovano\/","name":"Un llamado a la solidaridad por el Hospital Pirovano - 103.9 fm","isPartOf":{"@id":"https:\/\/ondauno.com.ar\/#website"},"primaryImageOfPage":{"@id":"https:\/\/ondauno.com.ar\/index.php\/2026\/03\/11\/un-llamado-a-la-solidaridad-por-el-hospital-pirovano\/#primaryimage"},"image":{"@id":"https:\/\/ondauno.com.ar\/index.php\/2026\/03\/11\/un-llamado-a-la-solidaridad-por-el-hospital-pirovano\/#primaryimage"},"thumbnailUrl":"https:\/\/ondauno.com.ar\/wp-content\/uploads\/2026\/03\/hospital.jpg","datePublished":"2026-03-11T06:12:29+00:00","dateModified":"2026-03-11T06:12:30+00:00","author":{"@id":"https:\/\/ondauno.com.ar\/#\/schema\/person\/201d1b68e6c75e0fd396fe5f8af5d139"},"breadcrumb":{"@id":"https:\/\/ondauno.com.ar\/index.php\/2026\/03\/11\/un-llamado-a-la-solidaridad-por-el-hospital-pirovano\/#breadcrumb"},"inLanguage":"es-AR","potentialAction":[{"@type":"ReadAction","target":["https:\/\/ondauno.com.ar\/index.php\/2026\/03\/11\/un-llamado-a-la-solidaridad-por-el-hospital-pirovano\/"]}]},{"@type":"ImageObject","inLanguage":"es-AR","@id":"https:\/\/ondauno.com.ar\/index.php\/2026\/03\/11\/un-llamado-a-la-solidaridad-por-el-hospital-pirovano\/#primaryimage","url":"https:\/\/ondauno.com.ar\/wp-content\/uploads\/2026\/03\/hospital.jpg","contentUrl":"https:\/\/ondauno.com.ar\/wp-content\/uploads\/2026\/03\/hospital.jpg","width":1440,"height":960},{"@type":"BreadcrumbList","@id":"https:\/\/ondauno.com.ar\/index.php\/2026\/03\/11\/un-llamado-a-la-solidaridad-por-el-hospital-pirovano\/#breadcrumb","itemListElement":[{"@type":"ListItem","position":1,"name":"Inicio","item":"https:\/\/ondauno.com.ar\/"},{"@type":"ListItem","position":2,"name":"Un llamado a la solidaridad por el Hospital Pirovano"}]},{"@type":"WebSite","@id":"https:\/\/ondauno.com.ar\/#website","url":"https:\/\/ondauno.com.ar\/","name":"103.9 fm","description":"LA PRIMERA RADIO MULTIMEDIA DE TRES ARROYOS","potentialAction":[{"@type":"SearchAction","target":{"@type":"EntryPoint","urlTemplate":"https:\/\/ondauno.com.ar\/?s={search_term_string}"},"query-input":"required name=search_term_string"}],"inLanguage":"es-AR"},{"@type":"Person","@id":"https:\/\/ondauno.com.ar\/#\/schema\/person\/201d1b68e6c75e0fd396fe5f8af5d139","name":"fernando garcia","image":{"@type":"ImageObject","inLanguage":"es-AR","@id":"https:\/\/ondauno.com.ar\/#\/schema\/person\/image\/","url":"https:\/\/secure.gravatar.com\/avatar\/5f7254642ad81272e79a2e69653cfdfc?s=96&d=mm&r=g","contentUrl":"https:\/\/secure.gravatar.com\/avatar\/5f7254642ad81272e79a2e69653cfdfc?s=96&d=mm&r=g","caption":"fernando garcia"},"url":"https:\/\/ondauno.com.ar\/index.php\/author\/ondaunoeditor\/"}]}},"jetpack_publicize_connections":[],"jetpack_featured_media_url":"https:\/\/ondauno.com.ar\/wp-content\/uploads\/2026\/03\/hospital.jpg","jetpack_sharing_enabled":true,"_links":{"self":[{"href":"https:\/\/ondauno.com.ar\/index.php\/wp-json\/wp\/v2\/posts\/63495","targetHints":{"allow":["GET"]}}],"collection":[{"href":"https:\/\/ondauno.com.ar\/index.php\/wp-json\/wp\/v2\/posts"}],"about":[{"href":"https:\/\/ondauno.com.ar\/index.php\/wp-json\/wp\/v2\/types\/post"}],"author":[{"embeddable":true,"href":"https:\/\/ondauno.com.ar\/index.php\/wp-json\/wp\/v2\/users\/2"}],"replies":[{"embeddable":true,"href":"https:\/\/ondauno.com.ar\/index.php\/wp-json\/wp\/v2\/comments?post=63495"}],"version-history":[{"count":1,"href":"https:\/\/ondauno.com.ar\/index.php\/wp-json\/wp\/v2\/posts\/63495\/revisions"}],"predecessor-version":[{"id":63497,"href":"https:\/\/ondauno.com.ar\/index.php\/wp-json\/wp\/v2\/posts\/63495\/revisions\/63497"}],"wp:featuredmedia":[{"embeddable":true,"href":"https:\/\/ondauno.com.ar\/index.php\/wp-json\/wp\/v2\/media\/63496"}],"wp:attachment":[{"href":"https:\/\/ondauno.com.ar\/index.php\/wp-json\/wp\/v2\/media?parent=63495"}],"wp:term":[{"taxonomy":"category","embeddable":true,"href":"https:\/\/ondauno.com.ar\/index.php\/wp-json\/wp\/v2\/categories?post=63495"},{"taxonomy":"post_tag","embeddable":true,"href":"https:\/\/ondauno.com.ar\/index.php\/wp-json\/wp\/v2\/tags?post=63495"}],"curies":[{"name":"wp","href":"https:\/\/api.w.org\/{rel}","templated":true}]}}