{"id":63492,"date":"2026-03-11T02:55:52","date_gmt":"2026-03-11T05:55:52","guid":{"rendered":"https:\/\/ondauno.com.ar\/?p=63492"},"modified":"2026-03-11T03:13:36","modified_gmt":"2026-03-11T06:13:36","slug":"fin-de-un-ciclo-y-la-dura-tarea-de-soltar-tras-de-15-anos-de-servicio","status":"publish","type":"post","link":"https:\/\/ondauno.com.ar\/index.php\/2026\/03\/11\/fin-de-un-ciclo-y-la-dura-tarea-de-soltar-tras-de-15-anos-de-servicio\/","title":{"rendered":"Fin de un ciclo y la dura tarea de soltar la &#8216;Posta&#8217; tras de 15 a\u00f1os de servicio"},"content":{"rendered":"<div class=\"ondau-before-content_3\" style=\"margin-top: -30px;\" id=\"ondau-1935220774\"><a href=\"https:\/\/www.lps.com.ar\/\" aria-label=\"la-perse2\"><img loading=\"lazy\" decoding=\"async\" src=\"https:\/\/ondauno.com.ar\/wp-content\/uploads\/2021\/10\/la-perse2.jpg\" alt=\"\"  srcset=\"https:\/\/ondauno.com.ar\/wp-content\/uploads\/2021\/10\/la-perse2.jpg 1353w, https:\/\/ondauno.com.ar\/wp-content\/uploads\/2021\/10\/la-perse2-300x43.jpg 300w, https:\/\/ondauno.com.ar\/wp-content\/uploads\/2021\/10\/la-perse2-1024x148.jpg 1024w, https:\/\/ondauno.com.ar\/wp-content\/uploads\/2021\/10\/la-perse2-768x111.jpg 768w, https:\/\/ondauno.com.ar\/wp-content\/uploads\/2021\/10\/la-perse2-696x100.jpg 696w, https:\/\/ondauno.com.ar\/wp-content\/uploads\/2021\/10\/la-perse2-1068x154.jpg 1068w\" sizes=\"(max-width: 1353px) 100vw, 1353px\" class=\"no-lazyload\" width=\"1353\" height=\"195\"  style=\"display: inline-block;\" \/><\/a><\/div>\n<p>En marzo finaliza la actual concesi\u00f3n en el parador Posta del Faro de Claromec\u00f3. En una emotiva charla en Cosas que pasan, Agust\u00edn G\u00f3mez Ferrari, cont\u00f3 c\u00f3mo enfrena \u00e9sta etapa junto a su familia<\/p>\n\n\n\n<p>Despu\u00e9s de una d\u00e9cada y media al frente de uno de los puntos m\u00e1s emblem\u00e1ticos de la costa claromequense, <strong>Agust\u00edn G\u00f3mez Ferrari<\/strong> se prepara para despedirse de la concesi\u00f3n del parador <strong>Posta del Faro<\/strong>. Lo que comenz\u00f3 como un proyecto de vida junto a su esposa Catalina Urbieta, cuando apenas ten\u00edan 30 a\u00f1os, hoy se transforma en un &#8220;duelo sano&#8221; tras haber marcado de manera especial y comprometida una \u00e9poca de servicios de playa en Claromec\u00f3.<\/p>\n\n\n\n<p><strong>El comienzo<\/strong><\/p>\n\n\n\n<p>&nbsp;La historia de Agust\u00edn con el parador no fue planeada a largo plazo desde el inicio. \u00c9l, oriundo de Bol\u00edvar, y Cata, de La Plata, buscaban un lugar neutral para casarse y eligieron Claromec\u00f3. <strong>Llegaron a Claromec\u00f3 para casarse<\/strong> y, apenas dos o tres meses despu\u00e9s de la boda, surgi\u00f3 la licitaci\u00f3n del lugar. Decidieron arriesgarse y tomaron un parador que, en aquel entonces, se encontraba en condiciones de abandono y deterioro.<\/p>\n\n\n\n<p><strong>La transformaci\u00f3n<\/strong><\/p>\n\n\n\n<p>Desde la primera temporada, el cambio fue notorio. Siendo los dos arquitectos lograron darle un impulso y cambio notorio al espacio. No se limitaron a lo est\u00e9tico; <strong>apostaron a abrir m\u00e1s all\u00e1 de la temporada<\/strong>, apuntando a romper con la estacionalidad.<\/p>\n\n\n\n<p>&#8220;Fuimos nosotros los que apoyamos a la cuesti\u00f3n pol\u00edtica&#8230; nosotros seguimos estando y ellos son los que han ido cambiando&#8221;, reflexion\u00f3 Agust\u00edn sobre el paso de distintas gestiones municipales mientras el parador se manten\u00eda firme.<\/p>\n\n\n\n<p>Entre las mejoras m\u00e1s valoradas por los vecinos destacaron la creaci\u00f3n de accesos seguros, como las bajadas para personas mayores, un gesto de <strong>&#8220;bondad y respeto hacia el visitante&#8221;<\/strong> que defini\u00f3 el estilo del parador.<\/p>\n\n\n\n<p><strong>Dif\u00edcil proceso de soltar<\/strong><\/p>\n\n\n\n<p>Para Agust\u00edn, Posta del Faro es mucho m\u00e1s que un negocio; es un miembro m\u00e1s de la familia. <strong>&#8220;Fue mi primer hijo. Naci\u00f3 esto antes que Constantino y que Juana&#8221;<\/strong>, confes\u00f3 con emoci\u00f3n.<\/p>\n\n\n\n<p>Tras 15 a\u00f1os de trabajo y de defender el proyecto, reconoce que le est\u00e1 costando &#8220;soltar&#8221; el parador y la rutina diaria.<\/p>\n\n\n\n<p>A pesar de finalizar la concesi\u00f3n, la familia decidi\u00f3 <strong>quedarse a vivir en Claromec\u00f3<\/strong>, valorando la tranquilidad para criar a sus hijos y la conexi\u00f3n que han forjado con la comunidad. Agust\u00edn incluso planea seguir ligado a la <strong>gastronom\u00eda<\/strong>, una actividad que descubri\u00f3 y le apasion\u00f3 durante este tiempo.<\/p>\n\n\n\n<p><strong>Un cierre con identidad<\/strong><\/p>\n\n\n\n<p>Para cerrar este cap\u00edtulo sin ego\u00edsmos, organiz\u00f3 un evento especial para Semana Santa. Se trata de un <strong>remate p\u00fablico<\/strong> de todo el mobiliario y la decoraci\u00f3n del parador. La idea es que los clientes y amigos puedan llevarse &#8220;un cachito de Posta del Faro&#8221; a sus casas, compartiendo as\u00ed la identidad que construyeron durante estos a\u00f1os.<\/p>\n\n\n\n<p>Agust\u00edn se despide con la satisfacci\u00f3n del reconocimiento p\u00fablico, no solo por el servicio de playa, sino por la calidez humana. <strong>&#8220;Me voy a sentar el verano que viene a tomarme un caf\u00e9 y que me atiendan&#8221;<\/strong>, imagina, aunque admite que probablemente lo haga con el celo de quien deja atr\u00e1s una parte fundamental de su propia historia<\/p>\n\n\n\n<figure class=\"wp-block-embed is-type-video is-provider-youtube wp-block-embed-youtube wp-embed-aspect-16-9 wp-has-aspect-ratio\"><div class=\"wp-block-embed__wrapper\">\n<div class=\"youtube-embed\" data-video_id=\"ZgsV-TM8pAE\"><iframe loading=\"lazy\" title=\"Onda Uno 103.9 en vivo\" width=\"696\" height=\"392\" data-src=\"https:\/\/www.youtube.com\/embed\/ZgsV-TM8pAE?feature=oembed&#038;enablejsapi=1\" frameborder=\"0\" allow=\"accelerometer; autoplay; clipboard-write; encrypted-media; gyroscope; picture-in-picture; web-share\" referrerpolicy=\"strict-origin-when-cross-origin\" allowfullscreen src=\"data:image\/gif;base64,R0lGODlhAQABAAAAACH5BAEKAAEALAAAAAABAAEAAAICTAEAOw==\" class=\"lazyload\" data-load-mode=\"1\"><\/iframe><\/div>\n<\/div><\/figure>\n","protected":false},"excerpt":{"rendered":"<p>Catalina Urbieta, Agust\u00edn G\u00f3mez Ferrari y sus hijos Constantino y Juana<\/p>\n","protected":false},"author":2,"featured_media":63493,"comment_status":"open","ping_status":"open","sticky":false,"template":"","format":"standard","meta":{"tdm_status":"","tdm_grid_status":"","_jetpack_memberships_contains_paid_content":false,"footnotes":"","jetpack_publicize_message":"","jetpack_publicize_feature_enabled":true,"jetpack_social_post_already_shared":true,"jetpack_social_options":{"image_generator_settings":{"template":"highway","default_image_id":0,"font":"","enabled":false},"version":2}},"categories":[1],"tags":[],"class_list":{"0":"post-63492","1":"post","2":"type-post","3":"status-publish","4":"format-standard","5":"has-post-thumbnail","7":"category-sin-categoria"},"yoast_head":"<!-- This site is optimized with the Yoast SEO plugin v22.7 - https:\/\/yoast.com\/wordpress\/plugins\/seo\/ -->\n<title>Fin de un ciclo y la dura tarea de soltar la &#039;Posta&#039; tras de 15 a\u00f1os de servicio - 103.9 fm<\/title>\n<meta name=\"robots\" content=\"index, follow, max-snippet:-1, max-image-preview:large, max-video-preview:-1\" \/>\n<link rel=\"canonical\" href=\"https:\/\/ondauno.com.ar\/index.php\/2026\/03\/11\/fin-de-un-ciclo-y-la-dura-tarea-de-soltar-tras-de-15-anos-de-servicio\/\" \/>\n<meta property=\"og:locale\" content=\"es_ES\" \/>\n<meta property=\"og:type\" content=\"article\" \/>\n<meta property=\"og:title\" content=\"Fin de un ciclo y la dura tarea de soltar la &#039;Posta&#039; tras de 15 a\u00f1os de servicio - 103.9 fm\" \/>\n<meta property=\"og:description\" content=\"Catalina Urbieta, Agust\u00edn G\u00f3mez Ferrari y sus hijos Constantino y Juana\" \/>\n<meta property=\"og:url\" content=\"https:\/\/ondauno.com.ar\/index.php\/2026\/03\/11\/fin-de-un-ciclo-y-la-dura-tarea-de-soltar-tras-de-15-anos-de-servicio\/\" \/>\n<meta property=\"og:site_name\" content=\"103.9 fm\" \/>\n<meta property=\"article:publisher\" content=\"https:\/\/www.facebook.com\/ondauno103.9\" \/>\n<meta property=\"article:published_time\" content=\"2026-03-11T05:55:52+00:00\" \/>\n<meta property=\"article:modified_time\" content=\"2026-03-11T06:13:36+00:00\" \/>\n<meta property=\"og:image\" content=\"http:\/\/ondauno.com.ar\/wp-content\/uploads\/2026\/03\/posta.jpeg\" \/>\n\t<meta property=\"og:image:width\" content=\"1600\" \/>\n\t<meta property=\"og:image:height\" content=\"1200\" \/>\n\t<meta property=\"og:image:type\" content=\"image\/jpeg\" \/>\n<meta name=\"author\" content=\"fernando garcia\" \/>\n<meta name=\"twitter:card\" content=\"summary_large_image\" \/>\n<meta name=\"twitter:label1\" content=\"Escrito por\" \/>\n\t<meta name=\"twitter:data1\" content=\"fernando garcia\" \/>\n\t<meta name=\"twitter:label2\" content=\"Tiempo de lectura\" \/>\n\t<meta name=\"twitter:data2\" content=\"3 minutos\" \/>\n<script type=\"application\/ld+json\" class=\"yoast-schema-graph\">{\"@context\":\"https:\/\/schema.org\",\"@graph\":[{\"@type\":\"WebPage\",\"@id\":\"https:\/\/ondauno.com.ar\/index.php\/2026\/03\/11\/fin-de-un-ciclo-y-la-dura-tarea-de-soltar-tras-de-15-anos-de-servicio\/\",\"url\":\"https:\/\/ondauno.com.ar\/index.php\/2026\/03\/11\/fin-de-un-ciclo-y-la-dura-tarea-de-soltar-tras-de-15-anos-de-servicio\/\",\"name\":\"Fin de un ciclo y la dura tarea de soltar la 'Posta' tras de 15 a\u00f1os de servicio - 103.9 fm\",\"isPartOf\":{\"@id\":\"https:\/\/ondauno.com.ar\/#website\"},\"primaryImageOfPage\":{\"@id\":\"https:\/\/ondauno.com.ar\/index.php\/2026\/03\/11\/fin-de-un-ciclo-y-la-dura-tarea-de-soltar-tras-de-15-anos-de-servicio\/#primaryimage\"},\"image\":{\"@id\":\"https:\/\/ondauno.com.ar\/index.php\/2026\/03\/11\/fin-de-un-ciclo-y-la-dura-tarea-de-soltar-tras-de-15-anos-de-servicio\/#primaryimage\"},\"thumbnailUrl\":\"https:\/\/ondauno.com.ar\/wp-content\/uploads\/2026\/03\/posta.jpeg\",\"datePublished\":\"2026-03-11T05:55:52+00:00\",\"dateModified\":\"2026-03-11T06:13:36+00:00\",\"author\":{\"@id\":\"https:\/\/ondauno.com.ar\/#\/schema\/person\/201d1b68e6c75e0fd396fe5f8af5d139\"},\"breadcrumb\":{\"@id\":\"https:\/\/ondauno.com.ar\/index.php\/2026\/03\/11\/fin-de-un-ciclo-y-la-dura-tarea-de-soltar-tras-de-15-anos-de-servicio\/#breadcrumb\"},\"inLanguage\":\"es-AR\",\"potentialAction\":[{\"@type\":\"ReadAction\",\"target\":[\"https:\/\/ondauno.com.ar\/index.php\/2026\/03\/11\/fin-de-un-ciclo-y-la-dura-tarea-de-soltar-tras-de-15-anos-de-servicio\/\"]}]},{\"@type\":\"ImageObject\",\"inLanguage\":\"es-AR\",\"@id\":\"https:\/\/ondauno.com.ar\/index.php\/2026\/03\/11\/fin-de-un-ciclo-y-la-dura-tarea-de-soltar-tras-de-15-anos-de-servicio\/#primaryimage\",\"url\":\"https:\/\/ondauno.com.ar\/wp-content\/uploads\/2026\/03\/posta.jpeg\",\"contentUrl\":\"https:\/\/ondauno.com.ar\/wp-content\/uploads\/2026\/03\/posta.jpeg\",\"width\":1600,\"height\":1200},{\"@type\":\"BreadcrumbList\",\"@id\":\"https:\/\/ondauno.com.ar\/index.php\/2026\/03\/11\/fin-de-un-ciclo-y-la-dura-tarea-de-soltar-tras-de-15-anos-de-servicio\/#breadcrumb\",\"itemListElement\":[{\"@type\":\"ListItem\",\"position\":1,\"name\":\"Inicio\",\"item\":\"https:\/\/ondauno.com.ar\/\"},{\"@type\":\"ListItem\",\"position\":2,\"name\":\"Fin de un ciclo y la dura tarea de soltar la &#8216;Posta&#8217; tras de 15 a\u00f1os de servicio\"}]},{\"@type\":\"WebSite\",\"@id\":\"https:\/\/ondauno.com.ar\/#website\",\"url\":\"https:\/\/ondauno.com.ar\/\",\"name\":\"103.9 fm\",\"description\":\"LA PRIMERA RADIO MULTIMEDIA DE TRES ARROYOS\",\"potentialAction\":[{\"@type\":\"SearchAction\",\"target\":{\"@type\":\"EntryPoint\",\"urlTemplate\":\"https:\/\/ondauno.com.ar\/?s={search_term_string}\"},\"query-input\":\"required name=search_term_string\"}],\"inLanguage\":\"es-AR\"},{\"@type\":\"Person\",\"@id\":\"https:\/\/ondauno.com.ar\/#\/schema\/person\/201d1b68e6c75e0fd396fe5f8af5d139\",\"name\":\"fernando garcia\",\"image\":{\"@type\":\"ImageObject\",\"inLanguage\":\"es-AR\",\"@id\":\"https:\/\/ondauno.com.ar\/#\/schema\/person\/image\/\",\"url\":\"https:\/\/secure.gravatar.com\/avatar\/5f7254642ad81272e79a2e69653cfdfc?s=96&d=mm&r=g\",\"contentUrl\":\"https:\/\/secure.gravatar.com\/avatar\/5f7254642ad81272e79a2e69653cfdfc?s=96&d=mm&r=g\",\"caption\":\"fernando garcia\"},\"url\":\"https:\/\/ondauno.com.ar\/index.php\/author\/ondaunoeditor\/\"}]}<\/script>\n<!-- \/ Yoast SEO plugin. -->","yoast_head_json":{"title":"Fin de un ciclo y la dura tarea de soltar la 'Posta' tras de 15 a\u00f1os de servicio - 103.9 fm","robots":{"index":"index","follow":"follow","max-snippet":"max-snippet:-1","max-image-preview":"max-image-preview:large","max-video-preview":"max-video-preview:-1"},"canonical":"https:\/\/ondauno.com.ar\/index.php\/2026\/03\/11\/fin-de-un-ciclo-y-la-dura-tarea-de-soltar-tras-de-15-anos-de-servicio\/","og_locale":"es_ES","og_type":"article","og_title":"Fin de un ciclo y la dura tarea de soltar la 'Posta' tras de 15 a\u00f1os de servicio - 103.9 fm","og_description":"Catalina Urbieta, Agust\u00edn G\u00f3mez Ferrari y sus hijos Constantino y Juana","og_url":"https:\/\/ondauno.com.ar\/index.php\/2026\/03\/11\/fin-de-un-ciclo-y-la-dura-tarea-de-soltar-tras-de-15-anos-de-servicio\/","og_site_name":"103.9 fm","article_publisher":"https:\/\/www.facebook.com\/ondauno103.9","article_published_time":"2026-03-11T05:55:52+00:00","article_modified_time":"2026-03-11T06:13:36+00:00","og_image":[{"width":1600,"height":1200,"url":"http:\/\/ondauno.com.ar\/wp-content\/uploads\/2026\/03\/posta.jpeg","type":"image\/jpeg"}],"author":"fernando garcia","twitter_card":"summary_large_image","twitter_misc":{"Escrito por":"fernando garcia","Tiempo de lectura":"3 minutos"},"schema":{"@context":"https:\/\/schema.org","@graph":[{"@type":"WebPage","@id":"https:\/\/ondauno.com.ar\/index.php\/2026\/03\/11\/fin-de-un-ciclo-y-la-dura-tarea-de-soltar-tras-de-15-anos-de-servicio\/","url":"https:\/\/ondauno.com.ar\/index.php\/2026\/03\/11\/fin-de-un-ciclo-y-la-dura-tarea-de-soltar-tras-de-15-anos-de-servicio\/","name":"Fin de un ciclo y la dura tarea de soltar la 'Posta' tras de 15 a\u00f1os de servicio - 103.9 fm","isPartOf":{"@id":"https:\/\/ondauno.com.ar\/#website"},"primaryImageOfPage":{"@id":"https:\/\/ondauno.com.ar\/index.php\/2026\/03\/11\/fin-de-un-ciclo-y-la-dura-tarea-de-soltar-tras-de-15-anos-de-servicio\/#primaryimage"},"image":{"@id":"https:\/\/ondauno.com.ar\/index.php\/2026\/03\/11\/fin-de-un-ciclo-y-la-dura-tarea-de-soltar-tras-de-15-anos-de-servicio\/#primaryimage"},"thumbnailUrl":"https:\/\/ondauno.com.ar\/wp-content\/uploads\/2026\/03\/posta.jpeg","datePublished":"2026-03-11T05:55:52+00:00","dateModified":"2026-03-11T06:13:36+00:00","author":{"@id":"https:\/\/ondauno.com.ar\/#\/schema\/person\/201d1b68e6c75e0fd396fe5f8af5d139"},"breadcrumb":{"@id":"https:\/\/ondauno.com.ar\/index.php\/2026\/03\/11\/fin-de-un-ciclo-y-la-dura-tarea-de-soltar-tras-de-15-anos-de-servicio\/#breadcrumb"},"inLanguage":"es-AR","potentialAction":[{"@type":"ReadAction","target":["https:\/\/ondauno.com.ar\/index.php\/2026\/03\/11\/fin-de-un-ciclo-y-la-dura-tarea-de-soltar-tras-de-15-anos-de-servicio\/"]}]},{"@type":"ImageObject","inLanguage":"es-AR","@id":"https:\/\/ondauno.com.ar\/index.php\/2026\/03\/11\/fin-de-un-ciclo-y-la-dura-tarea-de-soltar-tras-de-15-anos-de-servicio\/#primaryimage","url":"https:\/\/ondauno.com.ar\/wp-content\/uploads\/2026\/03\/posta.jpeg","contentUrl":"https:\/\/ondauno.com.ar\/wp-content\/uploads\/2026\/03\/posta.jpeg","width":1600,"height":1200},{"@type":"BreadcrumbList","@id":"https:\/\/ondauno.com.ar\/index.php\/2026\/03\/11\/fin-de-un-ciclo-y-la-dura-tarea-de-soltar-tras-de-15-anos-de-servicio\/#breadcrumb","itemListElement":[{"@type":"ListItem","position":1,"name":"Inicio","item":"https:\/\/ondauno.com.ar\/"},{"@type":"ListItem","position":2,"name":"Fin de un ciclo y la dura tarea de soltar la &#8216;Posta&#8217; tras de 15 a\u00f1os de servicio"}]},{"@type":"WebSite","@id":"https:\/\/ondauno.com.ar\/#website","url":"https:\/\/ondauno.com.ar\/","name":"103.9 fm","description":"LA PRIMERA RADIO MULTIMEDIA DE TRES ARROYOS","potentialAction":[{"@type":"SearchAction","target":{"@type":"EntryPoint","urlTemplate":"https:\/\/ondauno.com.ar\/?s={search_term_string}"},"query-input":"required name=search_term_string"}],"inLanguage":"es-AR"},{"@type":"Person","@id":"https:\/\/ondauno.com.ar\/#\/schema\/person\/201d1b68e6c75e0fd396fe5f8af5d139","name":"fernando garcia","image":{"@type":"ImageObject","inLanguage":"es-AR","@id":"https:\/\/ondauno.com.ar\/#\/schema\/person\/image\/","url":"https:\/\/secure.gravatar.com\/avatar\/5f7254642ad81272e79a2e69653cfdfc?s=96&d=mm&r=g","contentUrl":"https:\/\/secure.gravatar.com\/avatar\/5f7254642ad81272e79a2e69653cfdfc?s=96&d=mm&r=g","caption":"fernando garcia"},"url":"https:\/\/ondauno.com.ar\/index.php\/author\/ondaunoeditor\/"}]}},"jetpack_publicize_connections":[],"jetpack_featured_media_url":"https:\/\/ondauno.com.ar\/wp-content\/uploads\/2026\/03\/posta.jpeg","jetpack_sharing_enabled":true,"_links":{"self":[{"href":"https:\/\/ondauno.com.ar\/index.php\/wp-json\/wp\/v2\/posts\/63492","targetHints":{"allow":["GET"]}}],"collection":[{"href":"https:\/\/ondauno.com.ar\/index.php\/wp-json\/wp\/v2\/posts"}],"about":[{"href":"https:\/\/ondauno.com.ar\/index.php\/wp-json\/wp\/v2\/types\/post"}],"author":[{"embeddable":true,"href":"https:\/\/ondauno.com.ar\/index.php\/wp-json\/wp\/v2\/users\/2"}],"replies":[{"embeddable":true,"href":"https:\/\/ondauno.com.ar\/index.php\/wp-json\/wp\/v2\/comments?post=63492"}],"version-history":[{"count":2,"href":"https:\/\/ondauno.com.ar\/index.php\/wp-json\/wp\/v2\/posts\/63492\/revisions"}],"predecessor-version":[{"id":63498,"href":"https:\/\/ondauno.com.ar\/index.php\/wp-json\/wp\/v2\/posts\/63492\/revisions\/63498"}],"wp:featuredmedia":[{"embeddable":true,"href":"https:\/\/ondauno.com.ar\/index.php\/wp-json\/wp\/v2\/media\/63493"}],"wp:attachment":[{"href":"https:\/\/ondauno.com.ar\/index.php\/wp-json\/wp\/v2\/media?parent=63492"}],"wp:term":[{"taxonomy":"category","embeddable":true,"href":"https:\/\/ondauno.com.ar\/index.php\/wp-json\/wp\/v2\/categories?post=63492"},{"taxonomy":"post_tag","embeddable":true,"href":"https:\/\/ondauno.com.ar\/index.php\/wp-json\/wp\/v2\/tags?post=63492"}],"curies":[{"name":"wp","href":"https:\/\/api.w.org\/{rel}","templated":true}]}}