{"id":63489,"date":"2026-03-11T02:29:04","date_gmt":"2026-03-11T05:29:04","guid":{"rendered":"https:\/\/ondauno.com.ar\/?p=63489"},"modified":"2026-03-11T03:38:45","modified_gmt":"2026-03-11T06:38:45","slug":"asi-se-vivio-el-ultimo-primer-dia-en-tres-arroyos","status":"publish","type":"post","link":"https:\/\/ondauno.com.ar\/index.php\/2026\/03\/11\/asi-se-vivio-el-ultimo-primer-dia-en-tres-arroyos\/","title":{"rendered":"As\u00ed se vivi\u00f3 el \u00daltimo Primer D\u00eda en Tres Arroyos"},"content":{"rendered":"<div class=\"ondau-before-content_3\" style=\"margin-top: -30px;\" id=\"ondau-1791709288\"><a href=\"https:\/\/www.lps.com.ar\/\" aria-label=\"la-perse2\"><img loading=\"lazy\" decoding=\"async\" src=\"https:\/\/ondauno.com.ar\/wp-content\/uploads\/2021\/10\/la-perse2.jpg\" alt=\"\"  srcset=\"https:\/\/ondauno.com.ar\/wp-content\/uploads\/2021\/10\/la-perse2.jpg 1353w, https:\/\/ondauno.com.ar\/wp-content\/uploads\/2021\/10\/la-perse2-300x43.jpg 300w, https:\/\/ondauno.com.ar\/wp-content\/uploads\/2021\/10\/la-perse2-1024x148.jpg 1024w, https:\/\/ondauno.com.ar\/wp-content\/uploads\/2021\/10\/la-perse2-768x111.jpg 768w, https:\/\/ondauno.com.ar\/wp-content\/uploads\/2021\/10\/la-perse2-696x100.jpg 696w, https:\/\/ondauno.com.ar\/wp-content\/uploads\/2021\/10\/la-perse2-1068x154.jpg 1068w\" sizes=\"(max-width: 1353px) 100vw, 1353px\" class=\"no-lazyload\" width=\"1353\" height=\"195\"  style=\"display: inline-block;\" \/><\/a><\/div>\n<p>Tres Arroyos transit\u00f3 una nueva edici\u00f3n del <strong>\u00daltimo Primer D\u00eda (UPD)<\/strong> que marca el inicio del fin de la etapa secundaria para cientos de j\u00f3venes.<\/p>\n\n\n\n<p>Todo transcurri\u00f3 bajo un <strong>dispositivo de seguridad y contenci\u00f3n<\/strong> para evitar incidentes.<\/p>\n\n\n\n<p><strong>Ang\u00e9lica Galv\u00e1n<\/strong>, jefa de inspectores de educaci\u00f3n a nivel distrital, brind\u00f3 detalles <strong>en Cosas que pasan<\/strong> sobre el operativo conjunto realizado entre la Secretar\u00eda de Seguridad, la Direcci\u00f3n de Juventudes y el sistema educativo. &#8220;Estuvimos unidos para anticiparnos y acompa\u00f1ar este festejo estudiantil que ya est\u00e1 instalado&#8221;, se\u00f1al\u00f3 Galv\u00e1n, definiendo al UPD como una <strong>&#8220;expresi\u00f3n de alegr\u00eda y de despedida que marca la identidad y la pertenencia en el cierre de una etapa&#8221;<\/strong>.<\/p>\n\n\n\n<p><strong>El despliegue en las calles<\/strong><\/p>\n\n\n\n<p>El operativo comenz\u00f3 en la madrugada. A las <strong>5:30<\/strong> se instal\u00f3 un puesto de <strong>hidrataci\u00f3n en la Plaza San Mart\u00edn<\/strong>, donde tambi\u00e9n se dispuso de una ambulancia y la presencia de personal de la Direcci\u00f3n de Juventudes para asistir a los estudiantes. Por su parte, el cuerpo de inspectores comenz\u00f3 su labor a las 7 de la ma\u00f1ana, recorriendo plazas e instituciones mientras los j\u00f3venes se desconcentraban.<\/p>\n\n\n\n<p>Galv\u00e1n destac\u00f3 que este trabajo mancomunado permiti\u00f3 que la jornada transcurriera con total normalidad: <strong>&#8220;Por suerte, estos dispositivos sirven porque no tuvimos ning\u00fan problema&#8221;<\/strong>.<\/p>\n\n\n\n<p><strong>El rol de las familias y la escuela<\/strong><\/p>\n\n\n\n<p>La funcionaria hizo hincapi\u00e9 en que, si bien la celebraci\u00f3n es una realidad instalada que no se busca prohibir, requiere del <strong>acompa\u00f1amiento de los adultos<\/strong>. Previamente la inspectora de nivel secundario, Paola Augusto, trabaj\u00f3 con directivos y familias para coordinar las pautas de ingreso a los establecimientos.<\/p>\n\n\n\n<p>En cuanto al ingreso a las aulas, Galv\u00e1n explic\u00f3 que, aunque hubo una baja adhesi\u00f3n al paro docente por el 8M y las escuelas estaban abiertas, cada instituci\u00f3n manej\u00f3 la situaci\u00f3n de manera particular.<\/p>\n\n\n\n<p>Algunas escuelas prepararon desayunos, mientras que en otros casos, por acuerdo previo con los padres, se decidi\u00f3 que <strong>los alumnos que no estuvieran en condiciones de permanecer en clase se retiraran con sus familias<\/strong>. &#8220;Entendemos que quieran festejar, pero para que esto suceda tenemos que brindar ese cuidado que tienen que tener los chicos&#8221;, concluy\u00f3 Galv\u00e1n.<\/p>\n\n\n\n<p><br><\/p>\n\n\n\n<figure class=\"wp-block-embed is-type-video is-provider-youtube wp-block-embed-youtube wp-embed-aspect-16-9 wp-has-aspect-ratio\"><div class=\"wp-block-embed__wrapper\">\n<div class=\"youtube-embed\" data-video_id=\"zCj2Bnpx7KM\"><iframe loading=\"lazy\" title=\"Onda Uno 103.9 en vivo\" width=\"696\" height=\"392\" data-src=\"https:\/\/www.youtube.com\/embed\/zCj2Bnpx7KM?start=25&#038;feature=oembed\" frameborder=\"0\" allow=\"accelerometer; autoplay; clipboard-write; encrypted-media; gyroscope; picture-in-picture; web-share\" referrerpolicy=\"strict-origin-when-cross-origin\" allowfullscreen src=\"data:image\/gif;base64,R0lGODlhAQABAAAAACH5BAEKAAEALAAAAAABAAEAAAICTAEAOw==\" class=\"lazyload\" data-load-mode=\"1\"><\/iframe><\/div>\n<\/div><\/figure>\n","protected":false},"excerpt":{"rendered":"<p>Ang\u00e9lica Galv\u00e1n habl\u00f3 en Cosas que pasan<\/p>\n","protected":false},"author":2,"featured_media":63490,"comment_status":"open","ping_status":"open","sticky":false,"template":"","format":"standard","meta":{"tdm_status":"","tdm_grid_status":"","_jetpack_memberships_contains_paid_content":false,"footnotes":"","jetpack_publicize_message":"","jetpack_publicize_feature_enabled":true,"jetpack_social_post_already_shared":true,"jetpack_social_options":{"image_generator_settings":{"template":"highway","default_image_id":0,"font":"","enabled":false},"version":2}},"categories":[1],"tags":[],"class_list":{"0":"post-63489","1":"post","2":"type-post","3":"status-publish","4":"format-standard","5":"has-post-thumbnail","7":"category-sin-categoria"},"yoast_head":"<!-- This site is optimized with the Yoast SEO plugin v22.7 - https:\/\/yoast.com\/wordpress\/plugins\/seo\/ -->\n<title>As\u00ed se vivi\u00f3 el \u00daltimo Primer D\u00eda en Tres Arroyos - 103.9 fm<\/title>\n<meta name=\"robots\" content=\"index, follow, max-snippet:-1, max-image-preview:large, max-video-preview:-1\" \/>\n<link rel=\"canonical\" href=\"https:\/\/ondauno.com.ar\/index.php\/2026\/03\/11\/asi-se-vivio-el-ultimo-primer-dia-en-tres-arroyos\/\" \/>\n<meta property=\"og:locale\" content=\"es_ES\" \/>\n<meta property=\"og:type\" content=\"article\" \/>\n<meta property=\"og:title\" content=\"As\u00ed se vivi\u00f3 el \u00daltimo Primer D\u00eda en Tres Arroyos - 103.9 fm\" \/>\n<meta property=\"og:description\" content=\"Ang\u00e9lica Galv\u00e1n habl\u00f3 en Cosas que pasan\" \/>\n<meta property=\"og:url\" content=\"https:\/\/ondauno.com.ar\/index.php\/2026\/03\/11\/asi-se-vivio-el-ultimo-primer-dia-en-tres-arroyos\/\" \/>\n<meta property=\"og:site_name\" content=\"103.9 fm\" \/>\n<meta property=\"article:publisher\" content=\"https:\/\/www.facebook.com\/ondauno103.9\" \/>\n<meta property=\"article:published_time\" content=\"2026-03-11T05:29:04+00:00\" \/>\n<meta property=\"article:modified_time\" content=\"2026-03-11T06:38:45+00:00\" \/>\n<meta property=\"og:image\" content=\"http:\/\/ondauno.com.ar\/wp-content\/uploads\/2026\/03\/galvan.jpeg\" \/>\n\t<meta property=\"og:image:width\" content=\"1204\" \/>\n\t<meta property=\"og:image:height\" content=\"1600\" \/>\n\t<meta property=\"og:image:type\" content=\"image\/jpeg\" \/>\n<meta name=\"author\" content=\"fernando garcia\" \/>\n<meta name=\"twitter:card\" content=\"summary_large_image\" \/>\n<meta name=\"twitter:label1\" content=\"Escrito por\" \/>\n\t<meta name=\"twitter:data1\" content=\"fernando garcia\" \/>\n\t<meta name=\"twitter:label2\" content=\"Tiempo de lectura\" \/>\n\t<meta name=\"twitter:data2\" content=\"2 minutos\" \/>\n<script type=\"application\/ld+json\" class=\"yoast-schema-graph\">{\"@context\":\"https:\/\/schema.org\",\"@graph\":[{\"@type\":\"WebPage\",\"@id\":\"https:\/\/ondauno.com.ar\/index.php\/2026\/03\/11\/asi-se-vivio-el-ultimo-primer-dia-en-tres-arroyos\/\",\"url\":\"https:\/\/ondauno.com.ar\/index.php\/2026\/03\/11\/asi-se-vivio-el-ultimo-primer-dia-en-tres-arroyos\/\",\"name\":\"As\u00ed se vivi\u00f3 el \u00daltimo Primer D\u00eda en Tres Arroyos - 103.9 fm\",\"isPartOf\":{\"@id\":\"https:\/\/ondauno.com.ar\/#website\"},\"primaryImageOfPage\":{\"@id\":\"https:\/\/ondauno.com.ar\/index.php\/2026\/03\/11\/asi-se-vivio-el-ultimo-primer-dia-en-tres-arroyos\/#primaryimage\"},\"image\":{\"@id\":\"https:\/\/ondauno.com.ar\/index.php\/2026\/03\/11\/asi-se-vivio-el-ultimo-primer-dia-en-tres-arroyos\/#primaryimage\"},\"thumbnailUrl\":\"https:\/\/ondauno.com.ar\/wp-content\/uploads\/2026\/03\/galvan.jpeg\",\"datePublished\":\"2026-03-11T05:29:04+00:00\",\"dateModified\":\"2026-03-11T06:38:45+00:00\",\"author\":{\"@id\":\"https:\/\/ondauno.com.ar\/#\/schema\/person\/201d1b68e6c75e0fd396fe5f8af5d139\"},\"breadcrumb\":{\"@id\":\"https:\/\/ondauno.com.ar\/index.php\/2026\/03\/11\/asi-se-vivio-el-ultimo-primer-dia-en-tres-arroyos\/#breadcrumb\"},\"inLanguage\":\"es-AR\",\"potentialAction\":[{\"@type\":\"ReadAction\",\"target\":[\"https:\/\/ondauno.com.ar\/index.php\/2026\/03\/11\/asi-se-vivio-el-ultimo-primer-dia-en-tres-arroyos\/\"]}]},{\"@type\":\"ImageObject\",\"inLanguage\":\"es-AR\",\"@id\":\"https:\/\/ondauno.com.ar\/index.php\/2026\/03\/11\/asi-se-vivio-el-ultimo-primer-dia-en-tres-arroyos\/#primaryimage\",\"url\":\"https:\/\/ondauno.com.ar\/wp-content\/uploads\/2026\/03\/galvan.jpeg\",\"contentUrl\":\"https:\/\/ondauno.com.ar\/wp-content\/uploads\/2026\/03\/galvan.jpeg\",\"width\":1204,\"height\":1600},{\"@type\":\"BreadcrumbList\",\"@id\":\"https:\/\/ondauno.com.ar\/index.php\/2026\/03\/11\/asi-se-vivio-el-ultimo-primer-dia-en-tres-arroyos\/#breadcrumb\",\"itemListElement\":[{\"@type\":\"ListItem\",\"position\":1,\"name\":\"Inicio\",\"item\":\"https:\/\/ondauno.com.ar\/\"},{\"@type\":\"ListItem\",\"position\":2,\"name\":\"As\u00ed se vivi\u00f3 el \u00daltimo Primer D\u00eda en Tres Arroyos\"}]},{\"@type\":\"WebSite\",\"@id\":\"https:\/\/ondauno.com.ar\/#website\",\"url\":\"https:\/\/ondauno.com.ar\/\",\"name\":\"103.9 fm\",\"description\":\"LA PRIMERA RADIO MULTIMEDIA DE TRES ARROYOS\",\"potentialAction\":[{\"@type\":\"SearchAction\",\"target\":{\"@type\":\"EntryPoint\",\"urlTemplate\":\"https:\/\/ondauno.com.ar\/?s={search_term_string}\"},\"query-input\":\"required name=search_term_string\"}],\"inLanguage\":\"es-AR\"},{\"@type\":\"Person\",\"@id\":\"https:\/\/ondauno.com.ar\/#\/schema\/person\/201d1b68e6c75e0fd396fe5f8af5d139\",\"name\":\"fernando garcia\",\"image\":{\"@type\":\"ImageObject\",\"inLanguage\":\"es-AR\",\"@id\":\"https:\/\/ondauno.com.ar\/#\/schema\/person\/image\/\",\"url\":\"https:\/\/secure.gravatar.com\/avatar\/5f7254642ad81272e79a2e69653cfdfc?s=96&d=mm&r=g\",\"contentUrl\":\"https:\/\/secure.gravatar.com\/avatar\/5f7254642ad81272e79a2e69653cfdfc?s=96&d=mm&r=g\",\"caption\":\"fernando garcia\"},\"url\":\"https:\/\/ondauno.com.ar\/index.php\/author\/ondaunoeditor\/\"}]}<\/script>\n<!-- \/ Yoast SEO plugin. -->","yoast_head_json":{"title":"As\u00ed se vivi\u00f3 el \u00daltimo Primer D\u00eda en Tres Arroyos - 103.9 fm","robots":{"index":"index","follow":"follow","max-snippet":"max-snippet:-1","max-image-preview":"max-image-preview:large","max-video-preview":"max-video-preview:-1"},"canonical":"https:\/\/ondauno.com.ar\/index.php\/2026\/03\/11\/asi-se-vivio-el-ultimo-primer-dia-en-tres-arroyos\/","og_locale":"es_ES","og_type":"article","og_title":"As\u00ed se vivi\u00f3 el \u00daltimo Primer D\u00eda en Tres Arroyos - 103.9 fm","og_description":"Ang\u00e9lica Galv\u00e1n habl\u00f3 en Cosas que pasan","og_url":"https:\/\/ondauno.com.ar\/index.php\/2026\/03\/11\/asi-se-vivio-el-ultimo-primer-dia-en-tres-arroyos\/","og_site_name":"103.9 fm","article_publisher":"https:\/\/www.facebook.com\/ondauno103.9","article_published_time":"2026-03-11T05:29:04+00:00","article_modified_time":"2026-03-11T06:38:45+00:00","og_image":[{"width":1204,"height":1600,"url":"http:\/\/ondauno.com.ar\/wp-content\/uploads\/2026\/03\/galvan.jpeg","type":"image\/jpeg"}],"author":"fernando garcia","twitter_card":"summary_large_image","twitter_misc":{"Escrito por":"fernando garcia","Tiempo de lectura":"2 minutos"},"schema":{"@context":"https:\/\/schema.org","@graph":[{"@type":"WebPage","@id":"https:\/\/ondauno.com.ar\/index.php\/2026\/03\/11\/asi-se-vivio-el-ultimo-primer-dia-en-tres-arroyos\/","url":"https:\/\/ondauno.com.ar\/index.php\/2026\/03\/11\/asi-se-vivio-el-ultimo-primer-dia-en-tres-arroyos\/","name":"As\u00ed se vivi\u00f3 el \u00daltimo Primer D\u00eda en Tres Arroyos - 103.9 fm","isPartOf":{"@id":"https:\/\/ondauno.com.ar\/#website"},"primaryImageOfPage":{"@id":"https:\/\/ondauno.com.ar\/index.php\/2026\/03\/11\/asi-se-vivio-el-ultimo-primer-dia-en-tres-arroyos\/#primaryimage"},"image":{"@id":"https:\/\/ondauno.com.ar\/index.php\/2026\/03\/11\/asi-se-vivio-el-ultimo-primer-dia-en-tres-arroyos\/#primaryimage"},"thumbnailUrl":"https:\/\/ondauno.com.ar\/wp-content\/uploads\/2026\/03\/galvan.jpeg","datePublished":"2026-03-11T05:29:04+00:00","dateModified":"2026-03-11T06:38:45+00:00","author":{"@id":"https:\/\/ondauno.com.ar\/#\/schema\/person\/201d1b68e6c75e0fd396fe5f8af5d139"},"breadcrumb":{"@id":"https:\/\/ondauno.com.ar\/index.php\/2026\/03\/11\/asi-se-vivio-el-ultimo-primer-dia-en-tres-arroyos\/#breadcrumb"},"inLanguage":"es-AR","potentialAction":[{"@type":"ReadAction","target":["https:\/\/ondauno.com.ar\/index.php\/2026\/03\/11\/asi-se-vivio-el-ultimo-primer-dia-en-tres-arroyos\/"]}]},{"@type":"ImageObject","inLanguage":"es-AR","@id":"https:\/\/ondauno.com.ar\/index.php\/2026\/03\/11\/asi-se-vivio-el-ultimo-primer-dia-en-tres-arroyos\/#primaryimage","url":"https:\/\/ondauno.com.ar\/wp-content\/uploads\/2026\/03\/galvan.jpeg","contentUrl":"https:\/\/ondauno.com.ar\/wp-content\/uploads\/2026\/03\/galvan.jpeg","width":1204,"height":1600},{"@type":"BreadcrumbList","@id":"https:\/\/ondauno.com.ar\/index.php\/2026\/03\/11\/asi-se-vivio-el-ultimo-primer-dia-en-tres-arroyos\/#breadcrumb","itemListElement":[{"@type":"ListItem","position":1,"name":"Inicio","item":"https:\/\/ondauno.com.ar\/"},{"@type":"ListItem","position":2,"name":"As\u00ed se vivi\u00f3 el \u00daltimo Primer D\u00eda en Tres Arroyos"}]},{"@type":"WebSite","@id":"https:\/\/ondauno.com.ar\/#website","url":"https:\/\/ondauno.com.ar\/","name":"103.9 fm","description":"LA PRIMERA RADIO MULTIMEDIA DE TRES ARROYOS","potentialAction":[{"@type":"SearchAction","target":{"@type":"EntryPoint","urlTemplate":"https:\/\/ondauno.com.ar\/?s={search_term_string}"},"query-input":"required name=search_term_string"}],"inLanguage":"es-AR"},{"@type":"Person","@id":"https:\/\/ondauno.com.ar\/#\/schema\/person\/201d1b68e6c75e0fd396fe5f8af5d139","name":"fernando garcia","image":{"@type":"ImageObject","inLanguage":"es-AR","@id":"https:\/\/ondauno.com.ar\/#\/schema\/person\/image\/","url":"https:\/\/secure.gravatar.com\/avatar\/5f7254642ad81272e79a2e69653cfdfc?s=96&d=mm&r=g","contentUrl":"https:\/\/secure.gravatar.com\/avatar\/5f7254642ad81272e79a2e69653cfdfc?s=96&d=mm&r=g","caption":"fernando garcia"},"url":"https:\/\/ondauno.com.ar\/index.php\/author\/ondaunoeditor\/"}]}},"jetpack_publicize_connections":[],"jetpack_featured_media_url":"https:\/\/ondauno.com.ar\/wp-content\/uploads\/2026\/03\/galvan.jpeg","jetpack_sharing_enabled":true,"_links":{"self":[{"href":"https:\/\/ondauno.com.ar\/index.php\/wp-json\/wp\/v2\/posts\/63489","targetHints":{"allow":["GET"]}}],"collection":[{"href":"https:\/\/ondauno.com.ar\/index.php\/wp-json\/wp\/v2\/posts"}],"about":[{"href":"https:\/\/ondauno.com.ar\/index.php\/wp-json\/wp\/v2\/types\/post"}],"author":[{"embeddable":true,"href":"https:\/\/ondauno.com.ar\/index.php\/wp-json\/wp\/v2\/users\/2"}],"replies":[{"embeddable":true,"href":"https:\/\/ondauno.com.ar\/index.php\/wp-json\/wp\/v2\/comments?post=63489"}],"version-history":[{"count":2,"href":"https:\/\/ondauno.com.ar\/index.php\/wp-json\/wp\/v2\/posts\/63489\/revisions"}],"predecessor-version":[{"id":63505,"href":"https:\/\/ondauno.com.ar\/index.php\/wp-json\/wp\/v2\/posts\/63489\/revisions\/63505"}],"wp:featuredmedia":[{"embeddable":true,"href":"https:\/\/ondauno.com.ar\/index.php\/wp-json\/wp\/v2\/media\/63490"}],"wp:attachment":[{"href":"https:\/\/ondauno.com.ar\/index.php\/wp-json\/wp\/v2\/media?parent=63489"}],"wp:term":[{"taxonomy":"category","embeddable":true,"href":"https:\/\/ondauno.com.ar\/index.php\/wp-json\/wp\/v2\/categories?post=63489"},{"taxonomy":"post_tag","embeddable":true,"href":"https:\/\/ondauno.com.ar\/index.php\/wp-json\/wp\/v2\/tags?post=63489"}],"curies":[{"name":"wp","href":"https:\/\/api.w.org\/{rel}","templated":true}]}}