{"id":63486,"date":"2026-03-11T02:13:38","date_gmt":"2026-03-11T05:13:38","guid":{"rendered":"https:\/\/ondauno.com.ar\/?p=63486"},"modified":"2026-03-11T03:37:36","modified_gmt":"2026-03-11T06:37:36","slug":"termina-la-concesion-posta-del-faro-y-se-discute-su-destino","status":"publish","type":"post","link":"https:\/\/ondauno.com.ar\/index.php\/2026\/03\/11\/termina-la-concesion-posta-del-faro-y-se-discute-su-destino\/","title":{"rendered":"Termina la concesi\u00f3n Posta del Faro y se discute su destino"},"content":{"rendered":"<div class=\"ondau-before-content_3\" style=\"margin-top: -30px;\" id=\"ondau-715711428\"><a href=\"https:\/\/www.lps.com.ar\/\" aria-label=\"la-perse2\"><img loading=\"lazy\" decoding=\"async\" src=\"https:\/\/ondauno.com.ar\/wp-content\/uploads\/2021\/10\/la-perse2.jpg\" alt=\"\"  srcset=\"https:\/\/ondauno.com.ar\/wp-content\/uploads\/2021\/10\/la-perse2.jpg 1353w, https:\/\/ondauno.com.ar\/wp-content\/uploads\/2021\/10\/la-perse2-300x43.jpg 300w, https:\/\/ondauno.com.ar\/wp-content\/uploads\/2021\/10\/la-perse2-1024x148.jpg 1024w, https:\/\/ondauno.com.ar\/wp-content\/uploads\/2021\/10\/la-perse2-768x111.jpg 768w, https:\/\/ondauno.com.ar\/wp-content\/uploads\/2021\/10\/la-perse2-696x100.jpg 696w, https:\/\/ondauno.com.ar\/wp-content\/uploads\/2021\/10\/la-perse2-1068x154.jpg 1068w\" sizes=\"(max-width: 1353px) 100vw, 1353px\" class=\"no-lazyload\" width=\"1353\" height=\"195\"  style=\"display: inline-block;\" \/><\/a><\/div>\n<p><strong>La directora de Turismo de Tres Arroyos, Carolina Goicoechea, brind\u00f3 en Cosas que pasan detalles sobre el fin de la actual concesi\u00f3n del parador Posta del Faro en Claromec\u00f3 y los pasos a seguir para su renovaci\u00f3n bajo criterios de sustentabilidad<\/strong><\/p>\n\n\n\n<p>El mes de marzo marca el fin de la actual concesi\u00f3n del parador Posta del Faro, en manos del arquitecto de la ciudad de Bol\u00edvar -radicado en Claromec\u00f3 hace 15 a\u00f1os- Agust\u00edn G\u00f3mez Ferrari.<\/p>\n\n\n\n<p>Las autoridades municipales de Tres Arroyos ya tienen en la agenda resolver la <strong>nueva concesi\u00f3n de ese balneario<\/strong>.<\/p>\n\n\n\n<p>Este parador posee una particularidad que lo distingue en la costa local: es, hasta el momento, el \u00fanico que permanece construido en cemento, aunque se eleva sobre pilotes. Sin embargo, el contrato vigente tiene los d\u00edas contados. Seg\u00fan confirm\u00f3 a <strong>Cosas que pasan<\/strong> \u00f1a directora de Turismo, Carolina Goicoechea, <strong>la concesi\u00f3n actual finaliza formalmente el 31 de marzo<\/strong>.<\/p>\n\n\n\n<p>Una transici\u00f3n t\u00e9cnica y administrativa<\/p>\n\n\n\n<p>El proceso de cambio no ser\u00e1 inmediato, pero s\u00ed se deber\u00e1 cumplir con los tiempos. Goicoechea explic\u00f3 que, una vez concluido el contrato, el concesionario dispone de <strong>15 d\u00edas en el mes de abril para realizar la devoluci\u00f3n del inmueble<\/strong>.<\/p>\n\n\n\n<p>Ser\u00e1 en ese momento cuando la Secretar\u00eda de Planeamiento Urbano tome posesi\u00f3n del lugar para realizar una evaluaci\u00f3n t\u00e9cnica exhaustiva. &#8220;Una vez que tengamos la posesi\u00f3n del parador, tenemos que evaluar en qu\u00e9 condiciones est\u00e1 todo eso para definir si directamente se solicita la demolici\u00f3n o si se sugiere una adaptaci\u00f3n&#8221;, se\u00f1al\u00f3 la funcionaria. El objetivo es determinar si la estructura actual puede adaptarse a las normativas vigentes o si debe ser reemplazada por una construcci\u00f3n nueva.<\/p>\n\n\n\n<p>Sustentabilidad<\/p>\n\n\n\n<p>La futura licitaci\u00f3n de Posta del Faro no es un hecho aislado, sino que responde a una pol\u00edtica que el municipio viene implementando hace a\u00f1os. La ordenanza actual establece que los paradores de playa deben ser <strong>construcciones sustentables, amigables con el ambiente y edificadas sobre pilotes de madera<\/strong>.<\/p>\n\n\n\n<p>&#8220;Lo que se ha decidido desde el municipio es tener paradores de playa con condiciones edilicias sustentables&#8230; que no sean nocivas&#8221;, enfatiz\u00f3 Goicoechea, recordando que ya se han demolido otras estructuras tradicionales sobre la arena en favor de este modelo.<\/p>\n\n\n\n<p>Prioridad para la pr\u00f3xima temporada<\/p>\n\n\n\n<p>A pesar de que los pliegos definitivos no pueden elevarse hasta que se complete el informe t\u00e9cnico tras la entrega de las llaves, la directora de Turismo asegur\u00f3 que los procesos administrativos previos ya est\u00e1n en marcha. &#8220;Es una de nuestras prioridades para la temporada que viene&#8221;, afirm\u00f3, destacando que el trabajo de planificaci\u00f3n se realiz\u00f3 durante todo este verano para <strong>llegar en tiempo y forma con la nueva licitaci\u00f3n<\/strong>.<\/p>\n\n\n\n<figure class=\"wp-block-embed is-type-video is-provider-youtube wp-block-embed-youtube wp-embed-aspect-16-9 wp-has-aspect-ratio\"><div class=\"wp-block-embed__wrapper\">\n<div class=\"youtube-embed\" data-video_id=\"vSus_Nd7tuU\"><iframe loading=\"lazy\" title=\"Onda Uno 103.9 en vivo\" width=\"696\" height=\"392\" data-src=\"https:\/\/www.youtube.com\/embed\/vSus_Nd7tuU?start=154&#038;feature=oembed\" frameborder=\"0\" allow=\"accelerometer; autoplay; clipboard-write; encrypted-media; gyroscope; picture-in-picture; web-share\" referrerpolicy=\"strict-origin-when-cross-origin\" allowfullscreen src=\"data:image\/gif;base64,R0lGODlhAQABAAAAACH5BAEKAAEALAAAAAABAAEAAAICTAEAOw==\" class=\"lazyload\" data-load-mode=\"1\"><\/iframe><\/div>\n<\/div><\/figure>\n","protected":false},"excerpt":{"rendered":"<p>La directora de Turismo de Tres Arroyos, Carolina Goicoechea, en Cosas que pasan<\/p>\n","protected":false},"author":2,"featured_media":63487,"comment_status":"open","ping_status":"open","sticky":false,"template":"","format":"standard","meta":{"tdm_status":"","tdm_grid_status":"","_jetpack_memberships_contains_paid_content":false,"footnotes":"","jetpack_publicize_message":"","jetpack_publicize_feature_enabled":true,"jetpack_social_post_already_shared":true,"jetpack_social_options":{"image_generator_settings":{"template":"highway","default_image_id":0,"font":"","enabled":false},"version":2}},"categories":[1],"tags":[],"class_list":{"0":"post-63486","1":"post","2":"type-post","3":"status-publish","4":"format-standard","5":"has-post-thumbnail","7":"category-sin-categoria"},"yoast_head":"<!-- This site is optimized with the Yoast SEO plugin v22.7 - https:\/\/yoast.com\/wordpress\/plugins\/seo\/ -->\n<title>Termina la concesi\u00f3n Posta del Faro y se discute su destino - 103.9 fm<\/title>\n<meta name=\"robots\" content=\"index, follow, max-snippet:-1, max-image-preview:large, max-video-preview:-1\" \/>\n<link rel=\"canonical\" href=\"https:\/\/ondauno.com.ar\/index.php\/2026\/03\/11\/termina-la-concesion-posta-del-faro-y-se-discute-su-destino\/\" \/>\n<meta property=\"og:locale\" content=\"es_ES\" \/>\n<meta property=\"og:type\" content=\"article\" \/>\n<meta property=\"og:title\" content=\"Termina la concesi\u00f3n Posta del Faro y se discute su destino - 103.9 fm\" \/>\n<meta property=\"og:description\" content=\"La directora de Turismo de Tres Arroyos, Carolina Goicoechea, en Cosas que pasan\" \/>\n<meta property=\"og:url\" content=\"https:\/\/ondauno.com.ar\/index.php\/2026\/03\/11\/termina-la-concesion-posta-del-faro-y-se-discute-su-destino\/\" \/>\n<meta property=\"og:site_name\" content=\"103.9 fm\" \/>\n<meta property=\"article:publisher\" content=\"https:\/\/www.facebook.com\/ondauno103.9\" \/>\n<meta property=\"article:published_time\" content=\"2026-03-11T05:13:38+00:00\" \/>\n<meta property=\"article:modified_time\" content=\"2026-03-11T06:37:36+00:00\" \/>\n<meta property=\"og:image\" content=\"http:\/\/ondauno.com.ar\/wp-content\/uploads\/2026\/03\/goicoechea.jpg\" \/>\n\t<meta property=\"og:image:width\" content=\"1080\" \/>\n\t<meta property=\"og:image:height\" content=\"813\" \/>\n\t<meta property=\"og:image:type\" content=\"image\/jpeg\" \/>\n<meta name=\"author\" content=\"fernando garcia\" \/>\n<meta name=\"twitter:card\" content=\"summary_large_image\" \/>\n<meta name=\"twitter:label1\" content=\"Escrito por\" \/>\n\t<meta name=\"twitter:data1\" content=\"fernando garcia\" \/>\n\t<meta name=\"twitter:label2\" content=\"Tiempo de lectura\" \/>\n\t<meta name=\"twitter:data2\" content=\"3 minutos\" \/>\n<script type=\"application\/ld+json\" class=\"yoast-schema-graph\">{\"@context\":\"https:\/\/schema.org\",\"@graph\":[{\"@type\":\"WebPage\",\"@id\":\"https:\/\/ondauno.com.ar\/index.php\/2026\/03\/11\/termina-la-concesion-posta-del-faro-y-se-discute-su-destino\/\",\"url\":\"https:\/\/ondauno.com.ar\/index.php\/2026\/03\/11\/termina-la-concesion-posta-del-faro-y-se-discute-su-destino\/\",\"name\":\"Termina la concesi\u00f3n Posta del Faro y se discute su destino - 103.9 fm\",\"isPartOf\":{\"@id\":\"https:\/\/ondauno.com.ar\/#website\"},\"primaryImageOfPage\":{\"@id\":\"https:\/\/ondauno.com.ar\/index.php\/2026\/03\/11\/termina-la-concesion-posta-del-faro-y-se-discute-su-destino\/#primaryimage\"},\"image\":{\"@id\":\"https:\/\/ondauno.com.ar\/index.php\/2026\/03\/11\/termina-la-concesion-posta-del-faro-y-se-discute-su-destino\/#primaryimage\"},\"thumbnailUrl\":\"https:\/\/ondauno.com.ar\/wp-content\/uploads\/2026\/03\/goicoechea.jpg\",\"datePublished\":\"2026-03-11T05:13:38+00:00\",\"dateModified\":\"2026-03-11T06:37:36+00:00\",\"author\":{\"@id\":\"https:\/\/ondauno.com.ar\/#\/schema\/person\/201d1b68e6c75e0fd396fe5f8af5d139\"},\"breadcrumb\":{\"@id\":\"https:\/\/ondauno.com.ar\/index.php\/2026\/03\/11\/termina-la-concesion-posta-del-faro-y-se-discute-su-destino\/#breadcrumb\"},\"inLanguage\":\"es-AR\",\"potentialAction\":[{\"@type\":\"ReadAction\",\"target\":[\"https:\/\/ondauno.com.ar\/index.php\/2026\/03\/11\/termina-la-concesion-posta-del-faro-y-se-discute-su-destino\/\"]}]},{\"@type\":\"ImageObject\",\"inLanguage\":\"es-AR\",\"@id\":\"https:\/\/ondauno.com.ar\/index.php\/2026\/03\/11\/termina-la-concesion-posta-del-faro-y-se-discute-su-destino\/#primaryimage\",\"url\":\"https:\/\/ondauno.com.ar\/wp-content\/uploads\/2026\/03\/goicoechea.jpg\",\"contentUrl\":\"https:\/\/ondauno.com.ar\/wp-content\/uploads\/2026\/03\/goicoechea.jpg\",\"width\":1080,\"height\":813},{\"@type\":\"BreadcrumbList\",\"@id\":\"https:\/\/ondauno.com.ar\/index.php\/2026\/03\/11\/termina-la-concesion-posta-del-faro-y-se-discute-su-destino\/#breadcrumb\",\"itemListElement\":[{\"@type\":\"ListItem\",\"position\":1,\"name\":\"Inicio\",\"item\":\"https:\/\/ondauno.com.ar\/\"},{\"@type\":\"ListItem\",\"position\":2,\"name\":\"Termina la concesi\u00f3n Posta del Faro y se discute su destino\"}]},{\"@type\":\"WebSite\",\"@id\":\"https:\/\/ondauno.com.ar\/#website\",\"url\":\"https:\/\/ondauno.com.ar\/\",\"name\":\"103.9 fm\",\"description\":\"LA PRIMERA RADIO MULTIMEDIA DE TRES ARROYOS\",\"potentialAction\":[{\"@type\":\"SearchAction\",\"target\":{\"@type\":\"EntryPoint\",\"urlTemplate\":\"https:\/\/ondauno.com.ar\/?s={search_term_string}\"},\"query-input\":\"required name=search_term_string\"}],\"inLanguage\":\"es-AR\"},{\"@type\":\"Person\",\"@id\":\"https:\/\/ondauno.com.ar\/#\/schema\/person\/201d1b68e6c75e0fd396fe5f8af5d139\",\"name\":\"fernando garcia\",\"image\":{\"@type\":\"ImageObject\",\"inLanguage\":\"es-AR\",\"@id\":\"https:\/\/ondauno.com.ar\/#\/schema\/person\/image\/\",\"url\":\"https:\/\/secure.gravatar.com\/avatar\/5f7254642ad81272e79a2e69653cfdfc?s=96&d=mm&r=g\",\"contentUrl\":\"https:\/\/secure.gravatar.com\/avatar\/5f7254642ad81272e79a2e69653cfdfc?s=96&d=mm&r=g\",\"caption\":\"fernando garcia\"},\"url\":\"https:\/\/ondauno.com.ar\/index.php\/author\/ondaunoeditor\/\"}]}<\/script>\n<!-- \/ Yoast SEO plugin. -->","yoast_head_json":{"title":"Termina la concesi\u00f3n Posta del Faro y se discute su destino - 103.9 fm","robots":{"index":"index","follow":"follow","max-snippet":"max-snippet:-1","max-image-preview":"max-image-preview:large","max-video-preview":"max-video-preview:-1"},"canonical":"https:\/\/ondauno.com.ar\/index.php\/2026\/03\/11\/termina-la-concesion-posta-del-faro-y-se-discute-su-destino\/","og_locale":"es_ES","og_type":"article","og_title":"Termina la concesi\u00f3n Posta del Faro y se discute su destino - 103.9 fm","og_description":"La directora de Turismo de Tres Arroyos, Carolina Goicoechea, en Cosas que pasan","og_url":"https:\/\/ondauno.com.ar\/index.php\/2026\/03\/11\/termina-la-concesion-posta-del-faro-y-se-discute-su-destino\/","og_site_name":"103.9 fm","article_publisher":"https:\/\/www.facebook.com\/ondauno103.9","article_published_time":"2026-03-11T05:13:38+00:00","article_modified_time":"2026-03-11T06:37:36+00:00","og_image":[{"width":1080,"height":813,"url":"http:\/\/ondauno.com.ar\/wp-content\/uploads\/2026\/03\/goicoechea.jpg","type":"image\/jpeg"}],"author":"fernando garcia","twitter_card":"summary_large_image","twitter_misc":{"Escrito por":"fernando garcia","Tiempo de lectura":"3 minutos"},"schema":{"@context":"https:\/\/schema.org","@graph":[{"@type":"WebPage","@id":"https:\/\/ondauno.com.ar\/index.php\/2026\/03\/11\/termina-la-concesion-posta-del-faro-y-se-discute-su-destino\/","url":"https:\/\/ondauno.com.ar\/index.php\/2026\/03\/11\/termina-la-concesion-posta-del-faro-y-se-discute-su-destino\/","name":"Termina la concesi\u00f3n Posta del Faro y se discute su destino - 103.9 fm","isPartOf":{"@id":"https:\/\/ondauno.com.ar\/#website"},"primaryImageOfPage":{"@id":"https:\/\/ondauno.com.ar\/index.php\/2026\/03\/11\/termina-la-concesion-posta-del-faro-y-se-discute-su-destino\/#primaryimage"},"image":{"@id":"https:\/\/ondauno.com.ar\/index.php\/2026\/03\/11\/termina-la-concesion-posta-del-faro-y-se-discute-su-destino\/#primaryimage"},"thumbnailUrl":"https:\/\/ondauno.com.ar\/wp-content\/uploads\/2026\/03\/goicoechea.jpg","datePublished":"2026-03-11T05:13:38+00:00","dateModified":"2026-03-11T06:37:36+00:00","author":{"@id":"https:\/\/ondauno.com.ar\/#\/schema\/person\/201d1b68e6c75e0fd396fe5f8af5d139"},"breadcrumb":{"@id":"https:\/\/ondauno.com.ar\/index.php\/2026\/03\/11\/termina-la-concesion-posta-del-faro-y-se-discute-su-destino\/#breadcrumb"},"inLanguage":"es-AR","potentialAction":[{"@type":"ReadAction","target":["https:\/\/ondauno.com.ar\/index.php\/2026\/03\/11\/termina-la-concesion-posta-del-faro-y-se-discute-su-destino\/"]}]},{"@type":"ImageObject","inLanguage":"es-AR","@id":"https:\/\/ondauno.com.ar\/index.php\/2026\/03\/11\/termina-la-concesion-posta-del-faro-y-se-discute-su-destino\/#primaryimage","url":"https:\/\/ondauno.com.ar\/wp-content\/uploads\/2026\/03\/goicoechea.jpg","contentUrl":"https:\/\/ondauno.com.ar\/wp-content\/uploads\/2026\/03\/goicoechea.jpg","width":1080,"height":813},{"@type":"BreadcrumbList","@id":"https:\/\/ondauno.com.ar\/index.php\/2026\/03\/11\/termina-la-concesion-posta-del-faro-y-se-discute-su-destino\/#breadcrumb","itemListElement":[{"@type":"ListItem","position":1,"name":"Inicio","item":"https:\/\/ondauno.com.ar\/"},{"@type":"ListItem","position":2,"name":"Termina la concesi\u00f3n Posta del Faro y se discute su destino"}]},{"@type":"WebSite","@id":"https:\/\/ondauno.com.ar\/#website","url":"https:\/\/ondauno.com.ar\/","name":"103.9 fm","description":"LA PRIMERA RADIO MULTIMEDIA DE TRES ARROYOS","potentialAction":[{"@type":"SearchAction","target":{"@type":"EntryPoint","urlTemplate":"https:\/\/ondauno.com.ar\/?s={search_term_string}"},"query-input":"required name=search_term_string"}],"inLanguage":"es-AR"},{"@type":"Person","@id":"https:\/\/ondauno.com.ar\/#\/schema\/person\/201d1b68e6c75e0fd396fe5f8af5d139","name":"fernando garcia","image":{"@type":"ImageObject","inLanguage":"es-AR","@id":"https:\/\/ondauno.com.ar\/#\/schema\/person\/image\/","url":"https:\/\/secure.gravatar.com\/avatar\/5f7254642ad81272e79a2e69653cfdfc?s=96&d=mm&r=g","contentUrl":"https:\/\/secure.gravatar.com\/avatar\/5f7254642ad81272e79a2e69653cfdfc?s=96&d=mm&r=g","caption":"fernando garcia"},"url":"https:\/\/ondauno.com.ar\/index.php\/author\/ondaunoeditor\/"}]}},"jetpack_publicize_connections":[],"jetpack_featured_media_url":"https:\/\/ondauno.com.ar\/wp-content\/uploads\/2026\/03\/goicoechea.jpg","jetpack_sharing_enabled":true,"_links":{"self":[{"href":"https:\/\/ondauno.com.ar\/index.php\/wp-json\/wp\/v2\/posts\/63486","targetHints":{"allow":["GET"]}}],"collection":[{"href":"https:\/\/ondauno.com.ar\/index.php\/wp-json\/wp\/v2\/posts"}],"about":[{"href":"https:\/\/ondauno.com.ar\/index.php\/wp-json\/wp\/v2\/types\/post"}],"author":[{"embeddable":true,"href":"https:\/\/ondauno.com.ar\/index.php\/wp-json\/wp\/v2\/users\/2"}],"replies":[{"embeddable":true,"href":"https:\/\/ondauno.com.ar\/index.php\/wp-json\/wp\/v2\/comments?post=63486"}],"version-history":[{"count":2,"href":"https:\/\/ondauno.com.ar\/index.php\/wp-json\/wp\/v2\/posts\/63486\/revisions"}],"predecessor-version":[{"id":63504,"href":"https:\/\/ondauno.com.ar\/index.php\/wp-json\/wp\/v2\/posts\/63486\/revisions\/63504"}],"wp:featuredmedia":[{"embeddable":true,"href":"https:\/\/ondauno.com.ar\/index.php\/wp-json\/wp\/v2\/media\/63487"}],"wp:attachment":[{"href":"https:\/\/ondauno.com.ar\/index.php\/wp-json\/wp\/v2\/media?parent=63486"}],"wp:term":[{"taxonomy":"category","embeddable":true,"href":"https:\/\/ondauno.com.ar\/index.php\/wp-json\/wp\/v2\/categories?post=63486"},{"taxonomy":"post_tag","embeddable":true,"href":"https:\/\/ondauno.com.ar\/index.php\/wp-json\/wp\/v2\/tags?post=63486"}],"curies":[{"name":"wp","href":"https:\/\/api.w.org\/{rel}","templated":true}]}}